{"id":27562,"date":"2025-06-26T17:38:41","date_gmt":"2025-06-26T17:38:41","guid":{"rendered":"https:\/\/www.pulse-z.eu\/editorial-article-2-new-formats-new-voices-and-a-new-phase-of-engagement\/"},"modified":"2025-06-26T18:58:29","modified_gmt":"2025-06-26T18:58:29","slug":"artykul-redakcyjny-nr-2-nowe-formaty-nowe-glosy-i-nowa-faza-zaangazowania","status":"publish","type":"post","link":"https:\/\/www.pulse-z.eu\/pl\/artykul-redakcyjny-nr-2-nowe-formaty-nowe-glosy-i-nowa-faza-zaangazowania\/","title":{"rendered":"Artyku\u0142 redakcyjny nr 2 \u2013 Nowe formaty, nowe g\u0142osy i nowa faza zaanga\u017cowania"},"content":{"rendered":"\n<div id=\"attachment_27599\" style=\"width: 1180px\" class=\"wp-caption alignleft\"><img aria-describedby=\"caption-attachment-27599\" loading=\"lazy\" decoding=\"async\" class=\"size-full wp-image-27599\" src=\"https:\/\/www.pulse-z.eu\/wp-content\/uploads\/2025\/06\/IMG_9490.jpg\" alt=\"\" width=\"1170\" height=\"811\" srcset=\"https:\/\/www.pulse-z.eu\/wp-content\/uploads\/2025\/06\/IMG_9490.jpg 1170w, https:\/\/www.pulse-z.eu\/wp-content\/uploads\/2025\/06\/IMG_9490-768x532.jpg 768w\" sizes=\"auto, (max-width: 1170px) 100vw, 1170px\" \/><\/p>\n<p id=\"caption-attachment-27599\" class=\"wp-caption-text\"> Sel\u00e7uk Demirel \u2013 Szachy<\/p>\n<\/div>\n<p> <span style=\"font-weight: 400;\">Drodzy Czytelnicy,<\/span><\/p>\n<p> <span style=\"font-weight: 400;\">Europa znajduje si\u0119 w samym \u015brodku kolejnego kryzysu, zanim poprzedni zosta\u0142 rozwi\u0105zany. Podczas gdy inwazja Rosji na Ukrain\u0119 trwa, a nadzieje na pok\u00f3j bledn\u0105 w niepewno\u015bci, masowe ataki mi\u0119dzy Izraelem a Iranem jeszcze bardziej destabilizuj\u0105 region, a wraz z nim Europ\u0119. W dzisiejszym po\u0142\u0105czonym \u015bwiecie i ewoluuj\u0105cym krajobrazie geopolitycznym odosobnione kryzysy sta\u0142y si\u0119 rzadko\u015bci\u0105. Zamiast tego teraz stajemy w obliczu kaskadowych wydarze\u0144, w kt\u00f3rych jeden konflikt wywo\u0142uje kolejny. W rezultacie Europa nie mo\u017ce ju\u017c pozwoli\u0107 sobie na utrzymanie swojej energii skierowanej do wewn\u0105trz.<\/span><\/p>\n<p> <span style=\"font-weight: 400;\">W \u017cegludze w tych burzliwych czasach kluczowe jest, aby nie postrzega\u0107 wydarze\u0144 w kategoriach czarno-bia\u0142ych. Przyj\u0119cie szarych obszar\u00f3w pozwala nam dostrzec z\u0142o\u017cono\u015b\u0107 i niuanse. W PulseZ jeste\u015bmy zobowi\u0105zani do wzmacniania tego pluralizmu, podkre\u015blaj\u0105c r\u00f3\u017cnorodne g\u0142osy, perspektywy i energie Europy poprzez \u015bwie\u017ce i innowacyjne formaty.<\/span><\/p>\n<p> <span style=\"font-weight: 400;\">Od tego miesi\u0105ca rozszerzamy nasz\u0105 ofert\u0119 multimedi\u00f3w. Mo\u017cesz spodziewa\u0107 si\u0119 wi\u0119kszej ilo\u015bci film\u00f3w, podcast\u00f3w i tre\u015bci z elementami gry.<\/span><\/p>\n<p> <span style=\"font-weight: 400;\">Inkluzywno\u015b\u0107 by\u0142a jedn\u0105 z naszych podstawowych zasad od pierwszego dnia. Ale co to oznacza w praktyce? Oznacza to stworzenie przestrzeni dla tych, kt\u00f3rzy mog\u0105 nie czu\u0107 si\u0119 komfortowo, wyra\u017caj\u0105c si\u0119 po angielsku, ale nadal maj\u0105 wa\u017cne historie. Teraz ka\u017cdy mo\u017ce czyta\u0107 i dodawa\u0107 oryginalne tre\u015bci w wielu j\u0119zykach, dzi\u0119ki czemu PulseZ jest jeszcze bli\u017cej ludzi, kt\u00f3rym ma s\u0142u\u017cy\u0107. Dzi\u0119ki ogromnym wysi\u0142kom naszego zespo\u0142u platforma #PulseZ jest teraz dost\u0119pna w siedmiu dodatkowych j\u0119zykach: rumu\u0144skim, francuskim, holenderskim, s\u0142owackim, w\u0142oskim, polskim i niemieckim, opr\u00f3cz angielskiego.<\/span><\/p>\n<p> <span style=\"font-weight: 400;\">Kolejnym kluczowym krokiem naprz\u00f3d jest nasze zobowi\u0105zanie do anga\u017cowania m\u0142odych ludzi poprzez dzia\u0142ania terenowe. Organizujemy lokalne wydarzenia w Portugalii, Francji, Belgii i Grecji oraz innych krajach, maj\u0105c na celu nawi\u0105zanie bezpo\u015bredniego kontaktu z m\u0142odzie\u017c\u0105 i us\u0142yszenie jej g\u0142osu z bliska.<\/span><\/p>\n<p> <span style=\"font-weight: 400;\">Aby wesprze\u0107 ten cel, pod przewodnictwem JA Europe i YMCA, uruchomili\u015bmy PulseZ Third-Party Support \u2013 Call for Proposals. Ta inicjatywa umo\u017cliwia organizowanie w\u0142asnych lokalnych wydarze\u0144 z mo\u017cliwo\u015bci\u0105 otrzymania wsparcia finansowego. Naszym celem jest zaanga\u017cowanie ponad 3000 m\u0142odych ludzi z ponad 20 kraj\u00f3w UE jako autor\u00f3w tre\u015bci i dotarcie do ponad 500 000 os\u00f3b za po\u015brednictwem naszych dzia\u0142a\u0144 komunikacyjnych. Wi\u0119cej informacji i szczeg\u00f3\u0142\u00f3w dotycz\u0105cych aplikacji mo\u017cna znale\u017a\u0107 pod<\/span> <a href=\"https:\/\/jaeurope.org\/tenders\/pulse-z-third-party-support-call-for-proposals\/\" target=\"_blank\" rel=\"noopener\"><span style=\"font-weight: 400;\">tym linkiem<\/span><\/a> <span style=\"font-weight: 400;\">.<\/span><\/p>\n<p> <span style=\"font-weight: 400;\">Po pomy\u015blnym zako\u0144czeniu pierwszych sze\u015bciu miesi\u0119cy, PulseZ wkracza teraz w now\u0105 i krytyczn\u0105 faz\u0119. Nasz zesp\u00f3\u0142 si\u0119 rozrasta, nasz p\u0119d ro\u015bnie, a nasza wizja jest ja\u015bniejsza ni\u017c kiedykolwiek. W nadchodz\u0105cych miesi\u0105cach mo\u017cesz spodziewa\u0107 si\u0119 wi\u0119kszej liczby warsztat\u00f3w, webinari\u00f3w, wci\u0105gaj\u0105cych historii i tre\u015bci na wy\u017cszym poziomie. Dzi\u0119ki Twojej energii i zaanga\u017cowaniu podnosimy nasz g\u0142os, a jako redaktor naczelny, z rado\u015bci\u0105 dzielimy si\u0119 z Tob\u0105 wi\u0119ksz\u0105 ilo\u015bci\u0105 naszych w\u0142asnych tekst\u00f3w i tre\u015bci.<\/span><\/p>\n<p> <span style=\"font-weight: 400;\">Zosta\u0144 z nami. B\u0119dzie jeszcze wiele do odkrycia.<\/span><\/p>\n","protected":false},"excerpt":{"rendered":"<p>Sel\u00e7uk Demirel \u2013 Szachy Drodzy Czytelnicy, Europa znajduje si\u0119 w samym \u015brodku kolejnego kryzysu, zanim poprzedni zosta\u0142 rozwi\u0105zany. Podczas gdy inwazja Rosji na Ukrain\u0119 trwa, a nadzieje na pok\u00f3j bledn\u0105 w niepewno\u015bci, masowe ataki mi\u0119dzy [&hellip;]<\/p>\n","protected":false},"author":78,"featured_media":27604,"comment_status":"closed","ping_status":"closed","sticky":false,"template":"","format":"standard","meta":{"_acf_changed":false,"footnotes":""},"categories":[711,569,704],"tags":[],"post_formats":[655],"coauthors":[],"class_list":["post-27562","post","type-post","status-publish","format-standard","has-post-thumbnail","hentry","category-mlodziez","category-ogolne","category-swietowanie-roznorodnosci","post_formats-artykuly"],"acf":[],"_links":{"self":[{"href":"https:\/\/www.pulse-z.eu\/pl\/wp-json\/wp\/v2\/posts\/27562","targetHints":{"allow":["GET"]}}],"collection":[{"href":"https:\/\/www.pulse-z.eu\/pl\/wp-json\/wp\/v2\/posts"}],"about":[{"href":"https:\/\/www.pulse-z.eu\/pl\/wp-json\/wp\/v2\/types\/post"}],"author":[{"embeddable":true,"href":"https:\/\/www.pulse-z.eu\/pl\/wp-json\/wp\/v2\/users\/78"}],"replies":[{"embeddable":true,"href":"https:\/\/www.pulse-z.eu\/pl\/wp-json\/wp\/v2\/comments?post=27562"}],"version-history":[{"count":15,"href":"https:\/\/www.pulse-z.eu\/pl\/wp-json\/wp\/v2\/posts\/27562\/revisions"}],"predecessor-version":[{"id":27656,"href":"https:\/\/www.pulse-z.eu\/pl\/wp-json\/wp\/v2\/posts\/27562\/revisions\/27656"}],"wp:featuredmedia":[{"embeddable":true,"href":"https:\/\/www.pulse-z.eu\/pl\/wp-json\/wp\/v2\/media\/27604"}],"wp:attachment":[{"href":"https:\/\/www.pulse-z.eu\/pl\/wp-json\/wp\/v2\/media?parent=27562"}],"wp:term":[{"taxonomy":"category","embeddable":true,"href":"https:\/\/www.pulse-z.eu\/pl\/wp-json\/wp\/v2\/categories?post=27562"},{"taxonomy":"post_tag","embeddable":true,"href":"https:\/\/www.pulse-z.eu\/pl\/wp-json\/wp\/v2\/tags?post=27562"},{"taxonomy":"post_formats","embeddable":true,"href":"https:\/\/www.pulse-z.eu\/pl\/wp-json\/wp\/v2\/post_formats?post=27562"},{"taxonomy":"author","embeddable":true,"href":"https:\/\/www.pulse-z.eu\/pl\/wp-json\/wp\/v2\/coauthors?post=27562"}],"curies":[{"name":"wp","href":"https:\/\/api.w.org\/{rel}","templated":true}]}}