{"id":27207,"date":"2025-06-18T15:57:13","date_gmt":"2025-06-18T15:57:13","guid":{"rendered":"https:\/\/www.pulse-z.eu\/hot-words-weak-action-g20-off-track-on-climate-goals\/"},"modified":"2025-06-25T08:01:08","modified_gmt":"2025-06-25T08:01:08","slug":"gorace-slowa-slabe-dzialania-g20-zboczylo-z-kursu-w-sprawie-celow-klimatycznych","status":"publish","type":"post","link":"https:\/\/www.pulse-z.eu\/pl\/gorace-slowa-slabe-dzialania-g20-zboczylo-z-kursu-w-sprawie-celow-klimatycznych\/","title":{"rendered":"Gor\u0105ce s\u0142owa, s\u0142abe dzia\u0142ania: G20 zboczy\u0142o z kursu w sprawie cel\u00f3w klimatycznych"},"content":{"rendered":"<br \/>\n<h3><b>Sygna\u0142 ostrzegawczy z raportu GECO 2024<\/b><\/h3>\n<p> <span style=\"font-weight: 400;\">Najnowsze<\/span> <a href=\"https:\/\/www.teraz-srodowisko.pl\/media\/pdf\/aktualnosci\/16188-jrc-raport-2025.pdf\" target=\"_blank\" rel=\"noopener\"><i><span style=\"font-weight: 400;\">sprawozdanie Global Climate and Energy Outlook (GECO) 2024<\/span><\/i><\/a> <span style=\"font-weight: 400;\">zawiera jasn\u0105 wiadomo\u015b\u0107: kraje G20, kt\u00f3re odpowiadaj\u0105 za zdecydowan\u0105 wi\u0119kszo\u015b\u0107 globalnych emisji gaz\u00f3w cieplarnianych, nie wdra\u017caj\u0105 wystarczaj\u0105co zdecydowanych polityk, aby utrzyma\u0107 wzrost temperatury poni\u017cej 2\u00b0C do ko\u0144ca stulecia.<\/span><\/p>\n<p> <span style=\"font-weight: 400;\">Rz\u0105dy musz\u0105 zmieni\u0107 kurs, aby unikn\u0105\u0107 wzrostu temperatury o 2,6\u00b0C do 2100 r., co stanowi\u0142oby znaczne przekroczenie celu 1,5\u00b0C okre\u015blonego w Porozumieniu paryskim, kt\u00f3rego celem jest zapobieganie ekstremalnym suszom, falom upa\u0142\u00f3w i kl\u0119skom \u017cywio\u0142owym.<\/span><\/p>\n<p><img loading=\"lazy\" decoding=\"async\" class=\"alignnone wp-image-3834\" src=\"https:\/\/www.pulse-z.eu\/wp-content\/uploads\/2025\/06\/projections.png\" alt=\"\" width=\"279\" height=\"220\" srcset=\"https:\/\/www.pulse-z.eu\/wp-content\/uploads\/2025\/06\/projections.png 1221w, https:\/\/www.pulse-z.eu\/wp-content\/uploads\/2025\/06\/projections-768x606.png 768w\" sizes=\"auto, (max-width: 279px) 100vw, 279px\" \/><\/p>\n<p> Emisje wci\u0105\u017c rosn\u0105 \u2013 a czasu jest coraz mniej <\/p>\n<p><span style=\"font-weight: 400;\">Wed\u0142ug raportu GECO 2024 globalne emisje gaz\u00f3w cieplarnianych maj\u0105 osi\u0105gn\u0105\u0107 szczyt w tej dekadzie \u2014 jednak samo osi\u0105gni\u0119cie szczytu nie wystarczy.<\/span><\/p>\n<ul>\n<li style=\"font-weight: 400;\" aria-level=\"1\"> <span style=\"font-weight: 400;\">Je\u015bli obecna polityka b\u0119dzie kontynuowana, jeste\u015bmy na dobrej drodze do ocieplenia o +2,6\u00b0C.<\/span><\/li>\n<li style=\"font-weight: 400;\" aria-level=\"1\"> <span style=\"font-weight: 400;\">Nawet gdyby kraje zrealizowa\u0142y wszystkie swoje obecne zobowi\u0105zania klimatyczne, temperatura na \u015bwiecie i tak wzros\u0142aby o +2,3\u00b0C.<\/span><\/li>\n<\/ul>\n<p> <span style=\"font-weight: 400;\">Tylko w najbardziej optymistycznym scenariuszu \u2013 zak\u0142adaj\u0105cym dalsz\u0105, szybsz\u0105 dekarbonizacj\u0119 \u2013 mo\u017cemy osi\u0105gn\u0105\u0107 +1,8\u00b0C.<\/span><span style=\"font-weight: 400;\"><br \/><\/span><\/p>\n<p><img loading=\"lazy\" decoding=\"async\" class=\"alignnone wp-image-3835\" src=\"https:\/\/www.pulse-z.eu\/wp-content\/uploads\/2025\/06\/warming.png\" alt=\"\" width=\"373\" height=\"234\" srcset=\"https:\/\/www.pulse-z.eu\/wp-content\/uploads\/2025\/06\/warming.png 1221w, https:\/\/www.pulse-z.eu\/wp-content\/uploads\/2025\/06\/warming-768x482.png 768w\" sizes=\"auto, (max-width: 373px) 100vw, 373px\" \/><\/p>\n<p><span style=\"font-weight: 400;\">Ale nawet to wykracza poza cel Porozumienia paryskiego.<\/span><\/p>\n<p> <span style=\"font-weight: 400;\">Aby utrzyma\u0107 si\u0119 w granicach 1,5\u00b0C, emisje globalne musz\u0105 spa\u015b\u0107 o:<\/span><\/p>\n<ul>\n<li style=\"font-weight: 400;\" aria-level=\"1\"> <span style=\"font-weight: 400;\">56% do roku 2035 w por\u00f3wnaniu z poziomami z roku 2022,<\/span><\/li>\n<li style=\"font-weight: 400;\" aria-level=\"1\"> <span style=\"font-weight: 400;\">i 90% do roku 2050.<\/span><\/li>\n<\/ul>\n<p> <span style=\"font-weight: 400;\">Wymaga to znacznie ambitniejszych krajowych plan\u00f3w klimatycznych \u2013 znanych r\u00f3wnie\u017c jako<\/span> <i><span style=\"font-weight: 400;\">Krajowo Ustalone Wk\u0142ady (NDC)<\/span><\/i> <span style=\"font-weight: 400;\">\u2013 ni\u017c te, kt\u00f3re mamy obecnie.<\/span><\/p>\n<p> 2024: Najgor\u0119tszy rok w historii pomiar\u00f3w <\/p>\n<p><span style=\"font-weight: 400;\">Pilno\u015b\u0107 nie mog\u0142aby by\u0107 bardziej oczywista. Dane z<\/span> <a href=\"https:\/\/climate.copernicus.eu\/global-climate-highlights-2024\" target=\"_blank\" rel=\"noopener\"><i><span style=\"font-weight: 400;\">Copernicus Climate Change Service<\/span><\/i><\/a> <span style=\"font-weight: 400;\">pokazuj\u0105, \u017ce rok 2024 by\u0142 najcieplejszym rokiem w historii \u2014 si\u0119gaj\u0105cym 1850 r. By\u0142 to r\u00f3wnie\u017c pierwszy rok, w kt\u00f3rym \u015brednia globalna temperatura osi\u0105gn\u0119\u0142a 1,6\u00b0C powy\u017cej poziomu sprzed epoki przemys\u0142owej.<\/span><\/p>\n<p> <span style=\"font-weight: 400;\">Ka\u017cdy rok od 2015 do 2024 r. plasuje si\u0119 w\u015br\u00f3d najgor\u0119tszych, jakie kiedykolwiek odnotowano. Konsekwencje ju\u017c s\u0105, w tym niszczycielskie po\u017cary las\u00f3w w Kalifornii, rekordowe powodzie w Hiszpanii i ca\u0142ej Europie \u015arodkowej i Wschodniej oraz rosn\u0105cy niepok\u00f3j o \u017cywno\u015b\u0107 i wod\u0119 na ca\u0142ym \u015bwiecie.<\/span><\/p>\n<p><img loading=\"lazy\" decoding=\"async\" class=\"alignnone wp-image-3837\" src=\"https:\/\/www.pulse-z.eu\/wp-content\/uploads\/2025\/06\/Impacts.png\" alt=\"\" width=\"248\" height=\"242\" srcset=\"https:\/\/www.pulse-z.eu\/wp-content\/uploads\/2025\/06\/Impacts.png 1221w, https:\/\/www.pulse-z.eu\/wp-content\/uploads\/2025\/06\/Impacts-768x748.png 768w\" sizes=\"auto, (max-width: 248px) 100vw, 248px\" \/><\/p>\n<p> Co musi si\u0119 wydarzy\u0107 do 2035 r. <\/p>\n<p><span style=\"font-weight: 400;\">Raport GECO 2024 przedstawia pe\u0142en nadziei, ale wymagaj\u0105cy scenariusz:<\/span> nadal mo\u017cliwe <i><span style=\"font-weight: 400;\">jest<\/span><\/i> <span style=\"font-weight: 400;\">ograniczenie globalnego ocieplenia do 1,5\u00b0C \u2014 ale tylko je\u015bli grupa G20 podejmie teraz radykalne dzia\u0142ania.<\/span><\/p>\n<p> <span style=\"font-weight: 400;\">Do roku 2035 ka\u017cdy kraj G20 musi:<\/span><\/p>\n<ul>\n<li style=\"font-weight: 400;\" aria-level=\"1\"> <span style=\"font-weight: 400;\">wytwarza\u0107 co najmniej 50% energii elektrycznej ze \u017ar\u00f3de\u0142 odnawialnych,<\/span><span style=\"font-weight: 400;\"><br \/><\/span><\/li>\n<li style=\"font-weight: 400;\" aria-level=\"1\"> <span style=\"font-weight: 400;\">zwi\u0119kszy\u0107 udzia\u0142 energii elektrycznej w ca\u0142kowitym zu\u017cyciu energii do 35%,<\/span><span style=\"font-weight: 400;\"><br \/><\/span><\/li>\n<li style=\"font-weight: 400;\" aria-level=\"1\"> <span style=\"font-weight: 400;\">wdro\u017cy\u0107 technologi\u0119 wychwytywania i sk\u0142adowania dwutlenku w\u0119gla (CCS) w celu ograniczenia 5\u201320% emisji przemys\u0142owych<\/span> oraz zwi\u0119kszy\u0107 poch\u0142anianie CO\u2082 poprzez lepsze zarz\u0105dzanie gruntami i lasami.<\/li>\n<\/ul>\n<p> Porozumienie paryskie: jak dzia\u0142a <\/p>\n<p><span style=\"font-weight: 400;\">Porozumienie paryskie opiera si\u0119 na pi\u0119cioletnich cyklach przegl\u0105du. Oczekuje si\u0119, \u017ce ka\u017cdy kraj z czasem zaktualizuje swoje cele klimatyczne, wprowadzaj\u0105c bardziej ambitne cele.<\/span><\/p>\n<p> <span style=\"font-weight: 400;\">Podczas COP27 kraje zgodzi\u0142y si\u0119 na ponown\u0105 ocen\u0119 swoich cel\u00f3w na rok 2030 do ko\u0144ca 2023 r., maj\u0105c na celu dostosowanie ich do celu 1,5\u00b0C. Jednak jak dot\u0105d wiele kraj\u00f3w<\/span> <i><span style=\"font-weight: 400;\">nie zbli\u017cy\u0142o si\u0119 do<\/span><\/i> <span style=\"font-weight: 400;\">tego poziomu ambicji.<\/span><\/p>\n<p> Globalna wsp\u00f3\u0142praca jest kluczem <\/p>\n<p><span style=\"font-weight: 400;\">Osi\u0105gni\u0119cie cel\u00f3w Porozumienia Paryskiego wymaga silnej wsp\u00f3\u0142pracy mi\u0119dzynarodowej. Obejmuje to:<\/span><\/p>\n<ul>\n<li style=\"font-weight: 400;\" aria-level=\"1\"> <span style=\"font-weight: 400;\">Finansowanie klimatu: kraje rozwini\u0119te wspieraj\u0105ce kraje biedniejsze,<\/span><\/li>\n<li style=\"font-weight: 400;\" aria-level=\"1\"> <span style=\"font-weight: 400;\">Dzielenie si\u0119 technologi\u0105: zwi\u0119kszanie dost\u0119pno\u015bci czystej technologii,<\/span><\/li>\n<\/ul>\n<p> <span style=\"font-weight: 400;\">Budowanie potencja\u0142u: pomoc nara\u017conym krajom w dostosowaniu si\u0119 i budowaniu odporno\u015bci.<\/span><span style=\"font-weight: 400;\"><br \/><\/span><\/p>\n<p> Czy technologia zeroemisyjna uratuje przysz\u0142o\u015b\u0107? <\/p>\n<p><span style=\"font-weight: 400;\">Post\u0119p w dziedzinie energii odnawialnej i pojazd\u00f3w elektrycznych jest realny \u2014 ale niewystarczaj\u0105cy. Sektory takie jak przemys\u0142 ci\u0119\u017cki i transport nadal s\u0105 g\u0142\u00f3wnymi emitentami i musz\u0105 zosta\u0107 przekszta\u0142cone.<\/span><\/p>\n<p> <span style=\"font-weight: 400;\">Dobra wiadomo\u015b\u0107? Do 2030 r. technologie zeroemisyjne mog\u0105 by\u0107 konkurencyjne cenowo w sektorach odpowiedzialnych za 70% globalnych emisji. Je\u015bli G20 podejmie zdecydowane dzia\u0142ania, nadal mamy szans\u0119 unikn\u0105\u0107 najgorszego.<\/span><\/p>\n<p> <span style=\"font-weight: 400;\">Ale pozostaje wielkie pytanie \u2014 czy najpot\u0119\u017cniejsze gospodarki \u015bwiata s\u0105 naprawd\u0119 gotowe na odwa\u017cne, historyczne dzia\u0142ania? Czy te\u017c b\u0119d\u0105 czeka\u0107, a\u017c b\u0119dzie za p\u00f3\u017ano?<\/span><\/p>\n","protected":false},"excerpt":{"rendered":"<p>Sygna\u0142 ostrzegawczy z raportu GECO 2024 Najnowsze sprawozdanie Global Climate and Energy Outlook (GECO) 2024 zawiera jasn\u0105 wiadomo\u015b\u0107: kraje G20, kt\u00f3re odpowiadaj\u0105 za zdecydowan\u0105 wi\u0119kszo\u015b\u0107 globalnych emisji gaz\u00f3w cieplarnianych, nie wdra\u017caj\u0105 wystarczaj\u0105co zdecydowanych polityk, aby [&hellip;]<\/p>\n","protected":false},"author":158,"featured_media":7714,"comment_status":"closed","ping_status":"closed","sticky":false,"template":"","format":"standard","meta":{"_acf_changed":false,"footnotes":""},"categories":[711],"tags":[3506,1373,3507,3508,3509,3510,3511,3512,1374,3513,3514,3515,1471,3516,3517,3518,3519,3520],"post_formats":[655],"coauthors":[],"class_list":["post-27207","post","type-post","status-publish","format-standard","has-post-thumbnail","hentry","category-mlodziez","tag-carbon-capture-pl","tag-carbon-neutrality-pl","tag-climate-action-pl","tag-climate-change-pl","tag-climate-crisis-pl","tag-climate-policy-pl","tag-emissions-reduction-pl","tag-environmental-policy-pl","tag-eu-climate-strategy-pl","tag-g20-pl","tag-global-climate-goals-pl","tag-global-warming-pl","tag-international-cooperation-pl","tag-paris-agreement-pl","tag-renewable-energy-pl","tag-sustainability-pl","tag-youth-and-climate-pl","tag-zero-emission-technologies-pl","post_formats-artykuly"],"acf":[],"_links":{"self":[{"href":"https:\/\/www.pulse-z.eu\/pl\/wp-json\/wp\/v2\/posts\/27207","targetHints":{"allow":["GET"]}}],"collection":[{"href":"https:\/\/www.pulse-z.eu\/pl\/wp-json\/wp\/v2\/posts"}],"about":[{"href":"https:\/\/www.pulse-z.eu\/pl\/wp-json\/wp\/v2\/types\/post"}],"author":[{"embeddable":true,"href":"https:\/\/www.pulse-z.eu\/pl\/wp-json\/wp\/v2\/users\/158"}],"replies":[{"embeddable":true,"href":"https:\/\/www.pulse-z.eu\/pl\/wp-json\/wp\/v2\/comments?post=27207"}],"version-history":[{"count":13,"href":"https:\/\/www.pulse-z.eu\/pl\/wp-json\/wp\/v2\/posts\/27207\/revisions"}],"predecessor-version":[{"id":27260,"href":"https:\/\/www.pulse-z.eu\/pl\/wp-json\/wp\/v2\/posts\/27207\/revisions\/27260"}],"wp:featuredmedia":[{"embeddable":true,"href":"https:\/\/www.pulse-z.eu\/pl\/wp-json\/wp\/v2\/media\/7714"}],"wp:attachment":[{"href":"https:\/\/www.pulse-z.eu\/pl\/wp-json\/wp\/v2\/media?parent=27207"}],"wp:term":[{"taxonomy":"category","embeddable":true,"href":"https:\/\/www.pulse-z.eu\/pl\/wp-json\/wp\/v2\/categories?post=27207"},{"taxonomy":"post_tag","embeddable":true,"href":"https:\/\/www.pulse-z.eu\/pl\/wp-json\/wp\/v2\/tags?post=27207"},{"taxonomy":"post_formats","embeddable":true,"href":"https:\/\/www.pulse-z.eu\/pl\/wp-json\/wp\/v2\/post_formats?post=27207"},{"taxonomy":"author","embeddable":true,"href":"https:\/\/www.pulse-z.eu\/pl\/wp-json\/wp\/v2\/coauthors?post=27207"}],"curies":[{"name":"wp","href":"https:\/\/api.w.org\/{rel}","templated":true}]}}