{"id":26653,"date":"2025-06-20T15:54:59","date_gmt":"2025-06-20T15:54:59","guid":{"rendered":"https:\/\/www.pulse-z.eu\/polands-youth-crown-conservative-in-surprise-presidential-election-twist\/"},"modified":"2025-06-25T06:58:58","modified_gmt":"2025-06-25T06:58:58","slug":"mlodziez-polski-koronuje-konserwatystow-w-zaskakujacym-zwrocie-akcji-w-wyborach-prezydenckich","status":"publish","type":"post","link":"https:\/\/www.pulse-z.eu\/pl\/mlodziez-polski-koronuje-konserwatystow-w-zaskakujacym-zwrocie-akcji-w-wyborach-prezydenckich\/","title":{"rendered":"M\u0142odzie\u017c Polski koronuje konserwatyst\u00f3w w zaskakuj\u0105cym zwrocie akcji w wyborach prezydenckich"},"content":{"rendered":"\n<p><span style=\"font-weight: 400;\">Wybory prezydenckie w Polsce w 2025 r. ujawni\u0142y g\u0142\u0119boko podzielony nar\u00f3d. Ten podzia\u0142 przekroczy\u0142 prost\u0105 geografi\u0119, oddzielaj\u0105c o\u015brodki miejskie od obszar\u00f3w wiejskich, i rozci\u0105gn\u0105\u0142 si\u0119 na podzia\u0142y pokoleniowe, emocjonalne, a nawet rodzinne. Ostatecznie to bezprecedensowa frekwencja m\u0142odych wyborc\u00f3w okaza\u0142a si\u0119 decyduj\u0105ca. Ich g\u0142os jednak przeczy\u0142 oczekiwaniom i zadecydowa\u0142 o wyniku wybor\u00f3w.<\/span><\/p>\n<p> Podzielony kraj: najw\u0119\u017csze marginesy <\/p>\n<p><span style=\"font-weight: 400;\">W drugiej turze wybor\u00f3w Karol Nawrocki, popierany przez najwi\u0119ksz\u0105 opozycyjn\u0105 nacjonalistyczn\u0105 parti\u0119 Prawo i Sprawiedliwo\u015b\u0107 (PiS), wygra\u0142, zdobywaj\u0105c 50,89% g\u0142os\u00f3w, pokonuj\u0105c nieznacznie Rafa\u0142a Trzaskowskiego z Platformy Obywatelskiej (PO) premiera Donalda Tuska, kt\u00f3ry uzyska\u0142 49,11% g\u0142os\u00f3w, wed\u0142ug oficjalnych danych Pa\u0144stwowej<\/span> <a href=\"https:\/\/pkw.gov.pl\/aktualnosci\/informacje\/obwieszczenie-panstwowej-komisji-wyborczej-z-dnia-2-czerwca-2025-r-o-wynikach-ponownego-glosowania-i\" target=\"_blank\" rel=\"noopener\"><span style=\"font-weight: 400;\">Komisji Wyborczej<\/span><\/a> <span style=\"font-weight: 400;\">.<\/span><\/p>\n<p> <span style=\"font-weight: 400;\">Wybory przynios\u0142y niezwykle wyr\u00f3wnany wynik, podkre\u015blaj\u0105c g\u0142\u0119boki podzia\u0142 polityczny kraju i niepewn\u0105 r\u00f3wnowag\u0119. Jakiekolwiek niewielkie wahania w zaanga\u017cowaniu, motywacji lub pogl\u0105dach w\u015br\u00f3d kt\u00f3rejkolwiek grupy mog\u0142yby radykalnie zmieni\u0107 wyniki.<\/span><\/p>\n<p> <span style=\"font-weight: 400;\">W tym roku m\u0142odzi wyborcy okazali si\u0119 zdecydowani. Wbrew trendom apatii i niezdecydowania, 76,3% 18-29-latk\u00f3w odda\u0142o g\u0142osy \u2013 niezwyk\u0142a frekwencja, rzadko spotykana w niedawnej historii Polski. Zaj\u0119li centralne miejsce, wbrew oczekiwaniom wycofania.<\/span><\/p>\n<p> <span style=\"font-weight: 400;\">Jednak ich wzorce g\u0142osowania nie dawa\u0142y si\u0119 \u0142atwo sklasyfikowa\u0107. Podczas gdy wielu spodziewa\u0142o si\u0119 silnego przechy\u0142u w stron\u0119 opcji liberalnych lub post\u0119powych, rzeczywiste wyniki ujawni\u0142y o wiele bardziej niuansowy obraz.<\/span><\/p>\n<p> Lewicowcy i libera\u0142owie wspierali konserwatyst\u0119 <\/p>\n<p><span style=\"font-weight: 400;\">W pierwszej turze S\u0142awomir Mentzen, skrajnie prawicowy libertarianin, zdominowa\u0142 g\u0142osy poni\u017cej 30. roku \u017cycia, zdobywaj\u0105c 34,9%. Na kolejnym miejscu znalaz\u0142 si\u0119 Adrian Zandberg, post\u0119powy lewicowiec z 19,8% g\u0142os\u00f3w, nast\u0119pnie Trzaskowski (12,7%) i Nawrocki (10,7%).<\/span><\/p>\n<p> <span style=\"font-weight: 400;\">Jednak druga tura wybor\u00f3w przynios\u0142a znacz\u0105c\u0105 zmian\u0119. Sonda\u017ce exit poll wskaza\u0142y, \u017ce Nawrocki zdoby\u0142 53,2% g\u0142os\u00f3w m\u0142odych wyborc\u00f3w, podczas gdy Trzaskowski uzyska\u0142 46,8%.<\/span><\/p>\n<p> <span style=\"font-weight: 400;\">W rezultacie kandydat popierany przez PiS zdoby\u0142 niemal ca\u0142e poparcie Mentzena i, co zaskakuj\u0105ce, cz\u0119\u015b\u0107 wyborc\u00f3w Zandberga. Pocz\u0105tkowe preferencje m\u0142odzie\u017cy dla Mentzena zosta\u0142y w ten spos\u00f3b odrzucone na korzy\u015b\u0107 Nawrockiego w ostatecznym g\u0142osowaniu.<\/span><\/p>\n<p> <span style=\"font-weight: 400;\">W liczbach: 87% m\u0142odych zwolennik\u00f3w Mentzena g\u0142osowa\u0142o na Nawrockiego w drugiej turze. Oko\u0142o 17% zwolennik\u00f3w Zandberga zrobi\u0142o to samo.<\/span><\/p>\n<p> <span style=\"font-weight: 400;\">Mo\u017ce to wydawa\u0107 si\u0119 paradoksalne \u2014 przej\u015bcie od skrajnej lewicy do konserwatyzmu \u2014 ale nie chodzi\u0142o o ideologi\u0119. Chodzi\u0142o o emocje.<\/span><\/p>\n<p> Antysystem ponad ideologi\u0105 <\/p>\n<p><span style=\"font-weight: 400;\">M\u0142odzi wyborcy szukali alternatywy dla ustalonego porz\u0105dku politycznego, postrzegaj\u0105c postaci takie jak Mentzen i Zandberg jako g\u0142osy protestu przeciwko partiom PiS i PO, kt\u00f3re dominowa\u0142y na polskiej scenie politycznej przez ostatnie 20 lat.<\/span><\/p>\n<p> <span style=\"font-weight: 400;\">W kolejnej turze wybor\u00f3w Nawrocki sta\u0142 si\u0119 kolejnym niekonwencjonalnym wyborem, nawet dla tych, kt\u00f3rzy wcze\u015bniej odrzucili jego parti\u0119.<\/span><\/p>\n<p> <span style=\"font-weight: 400;\">Atrakcyjno\u015b\u0107 Nawrockiego wynika\u0142a cz\u0119\u015bciowo z jego postrzeganego dystansu do typowych postaci PiS; jego bardziej neutralny wizerunek odr\u00f3\u017cnia\u0142 go od uznanych lider\u00f3w partyjnych.<\/span><\/p>\n<p> <span style=\"font-weight: 400;\">Pozycjonuj\u0105c si\u0119 w tej mniej konwencjonalnej przestrzeni politycznej, Nawrocki kreowa\u0142 si\u0119 na kandydata opowiadaj\u0105cego si\u0119 za zmian\u0105, mimo \u017ce szczeg\u00f3\u0142y tej zmiany pozostawa\u0142y niejasne.<\/span><\/p>\n<p> Pokolenie Z: rozczarowani czy po prostu zbuntowani? <\/p>\n<p><span style=\"font-weight: 400;\">Zachowania wyborcze m\u0142odych Polak\u00f3w mo\u017cna rozpatrywa\u0107 z r\u00f3\u017cnych punkt\u00f3w widzenia. Wida\u0107 wyra\u017any wzrost ich zaanga\u017cowania obywatelskiego; jednak ich wybory wydaj\u0105 si\u0119 by\u0107 bardziej motywowane reakcjami emocjonalnymi i potrzeb\u0105 natychmiastowej zmiany ni\u017c strategicznym, d\u0142ugoterminowym planowaniem.<\/span><\/p>\n<p> <span style=\"font-weight: 400;\">To pokolenie sk\u0142ania si\u0119 ku mocnej, bezpo\u015bredniej i bojowej retoryce. Ich zmieniaj\u0105ce si\u0119 poparcie \u2014 najpierw dla Mentzena, potem dla Zandberga, a nast\u0119pnie dla Nawrockiego \u2014 sugeruje eksploracyjne poszukiwanie nowo\u015bci, a nie sp\u00f3jn\u0105 ideologi\u0119 polityczn\u0105.<\/span><\/p>\n<p> <span style=\"font-weight: 400;\">G\u0142osowanie pokolenia Z jest w du\u017cej mierze reaktywne; g\u0142osuj\u0105 przeciwko istniej\u0105cym w\u0142adzom, zamiast proaktywnie wspiera\u0107 konkretne programy. Kiedy Platforma Obywatelska jest postrzegana jako status quo, popieraj\u0105 Prawo i Sprawiedliwo\u015b\u0107. I odwrotnie, kiedy PiS jest uznawany za establishment, zwracaj\u0105 si\u0119 ku skrajnej lewicy lub radykalnej prawicy.<\/span><\/p>\n<p> <span style=\"font-weight: 400;\">D\u0142ugofalowe skutki ich decyzji zdaj\u0105 si\u0119 by\u0107 dla nich kwesti\u0105 drugorz\u0119dn\u0105.<\/span><\/p>\n<p> Dwie p\u0142cie, dwie m\u0142ode Polski <\/p>\n<p><span style=\"font-weight: 400;\">Chocia\u017c g\u0142osowanie m\u0142odzie\u017cy okaza\u0142o si\u0119 kluczowe, nie by\u0142o monolityczne. Wyra\u017any podzia\u0142 p\u0142ci charakteryzowa\u0142 ich wybory.<\/span><\/p>\n<p> <span style=\"font-weight: 400;\">Postacie post\u0119powe, takie jak Zandberg i Trzaskowski, zyska\u0142y poparcie m\u0142odych kobiet. Z kolei m\u0142odzi m\u0119\u017cczy\u017ani faworyzowali Mentzena, a nast\u0119pnie Nawrockiego.<\/span><\/p>\n<p> <span style=\"font-weight: 400;\">Przyjrzyjmy si\u0119 liczbom:<\/span><\/p>\n<ul>\n<li style=\"font-weight: 400;\" aria-level=\"1\"> <span style=\"font-weight: 400;\">W pierwszej turze Mentzen uzyska\u0142 48% poparcia w\u015br\u00f3d m\u0142odych m\u0119\u017cczyzn, ale tylko 21% w\u015br\u00f3d m\u0142odych kobiet.<\/span><span style=\"font-weight: 400;\"><br \/><\/span><\/li>\n<li style=\"font-weight: 400;\" aria-level=\"1\"> <span style=\"font-weight: 400;\">Zandberg odwr\u00f3ci\u0142 sytuacj\u0119: 25% w\u015br\u00f3d kobiet, 13% w\u015br\u00f3d m\u0119\u017cczyzn.<\/span><span style=\"font-weight: 400;\"><br \/><\/span><\/li>\n<li style=\"font-weight: 400;\" aria-level=\"1\"> <span style=\"font-weight: 400;\">W drugiej turze: Trzaskowski zdoby\u0142 54% g\u0142os\u00f3w m\u0142odych kobiet, Nawrocki zdoby\u0142 54% g\u0142os\u00f3w m\u0142odych m\u0119\u017cczyzn.<\/span><span style=\"font-weight: 400;\"><br \/><\/span><\/li>\n<\/ul>\n<p> <span style=\"font-weight: 400;\">Podzia\u0142y w Polsce nie s\u0105 wi\u0119c wy\u0142\u0105cznie ideologiczne lub pokoleniowe, ale tak\u017ce g\u0142\u0119boko uwarunkowane p\u0142ci\u0105. M\u0142odzi Polacy, bardzo aktywni politycznie, opieraj\u0105 swoje decyzje wyborcze na osobistych do\u015bwiadczeniach, na kt\u00f3re znacz\u0105co wp\u0142ywaj\u0105 role p\u0142ciowe. W rezultacie kobiety sk\u0142aniaj\u0105 si\u0119 ku post\u0119powym, lewicowym platformom, podczas gdy m\u0119\u017cczy\u017ani s\u0105 bardziej zainteresowani pogl\u0105dami libertaria\u0144skimi lub antyliberalnymi.<\/span><\/p>\n<p> G\u0142osowanie przeciw, nie za <\/p>\n<p><span style=\"font-weight: 400;\">Sukces Karola Nawrockiego w\u015br\u00f3d m\u0142odych wyborc\u00f3w nie jest odrodzeniem ultrakonserwatywnego Prawa i Sprawiedliwo\u015bci w\u015br\u00f3d m\u0142odzie\u017cy. Raczej oznacza trend, w kt\u00f3rym m\u0142odzi ludzie sprzeciwiaj\u0105 si\u0119 status quo, niekoniecznie popieraj\u0105 konkretn\u0105 parti\u0119 lub platform\u0119.<\/span><\/p>\n<p> <span style=\"font-weight: 400;\">Zwyci\u0119stwo Nawrockiego nie by\u0142o wynikiem triumfu jego ideologii, ale sprzeciwu wobec Rafa\u0142a Trzaskowskiego, postrzeganego przez wielu jako symbol liberalnej elity, od kt\u00f3rej czuli si\u0119 odizolowani.<\/span><\/p>\n<p> <span style=\"font-weight: 400;\">Cho\u0107 m\u0142odzi wyborcy odegrali kluczow\u0105 rol\u0119 w zwyci\u0119stwie demokratycznej opozycji w wyborach parlamentarnych w 2023 r., niekt\u00f3rzy z nich zmienili zdanie w 2025 r. Zmiana ta mo\u017ce wynika\u0107 z rozczarowania tempem zmian lub znu\u017cenia ci\u0105g\u0142\u0105 retoryk\u0105 o \u201ezagro\u017ceniach demokratycznych\u201d.<\/span><\/p>\n<p> <span style=\"font-weight: 400;\">Ostatecznie Nawrocki przedstawi\u0142 alternatyw\u0119, albo przynajmniej jej postrzeganie, i to okaza\u0142o si\u0119 wystarczaj\u0105ce, aby przekona\u0107 wyborc\u00f3w.<\/span><\/p>\n","protected":false},"excerpt":{"rendered":"<p>Wybory prezydenckie w Polsce w 2025 r. ujawni\u0142y g\u0142\u0119boko podzielony nar\u00f3d. Ten podzia\u0142 przekroczy\u0142 prost\u0105 geografi\u0119, oddzielaj\u0105c o\u015brodki miejskie od obszar\u00f3w wiejskich, i rozci\u0105gn\u0105\u0142 si\u0119 na podzia\u0142y pokoleniowe, emocjonalne, a nawet rodzinne. Ostatecznie to bezprecedensowa [&hellip;]<\/p>\n","protected":false},"author":158,"featured_media":7672,"comment_status":"closed","ping_status":"closed","sticky":false,"template":"","format":"standard","meta":{"_acf_changed":false,"footnotes":""},"categories":[706],"tags":[3027,3028,3029,3030,3031,3032,3033,3034,3035,3036,3037,3038,3039,3040,3041,3042,3043,3044,3045,3046,3047],"post_formats":[757],"coauthors":[],"class_list":["post-26653","post","type-post","status-publish","format-standard","has-post-thumbnail","hentry","category-sprawy-biezace","tag-anti-establishment-pl","tag-democratic-participation-pl","tag-electoral-shift-pl","tag-emotions-in-politics-pl","tag-eu-youth-pl","tag-gender-divide-pl","tag-generation-z-pl","tag-mentzen-pl","tag-nawrocki-pl","tag-poland-elections-pl","tag-polish-politics-pl","tag-political-engagement-pl","tag-political-polarization-pl","tag-political-trends-pl","tag-presidential-elections-2025-pl","tag-trzaskowski-pl","tag-voting-behavior-pl","tag-young-voters-pl","tag-youth-activism-pl","tag-youth-turnout-pl","tag-zandberg-pl","post_formats-seria-artykulow"],"acf":[],"_links":{"self":[{"href":"https:\/\/www.pulse-z.eu\/pl\/wp-json\/wp\/v2\/posts\/26653","targetHints":{"allow":["GET"]}}],"collection":[{"href":"https:\/\/www.pulse-z.eu\/pl\/wp-json\/wp\/v2\/posts"}],"about":[{"href":"https:\/\/www.pulse-z.eu\/pl\/wp-json\/wp\/v2\/types\/post"}],"author":[{"embeddable":true,"href":"https:\/\/www.pulse-z.eu\/pl\/wp-json\/wp\/v2\/users\/158"}],"replies":[{"embeddable":true,"href":"https:\/\/www.pulse-z.eu\/pl\/wp-json\/wp\/v2\/comments?post=26653"}],"version-history":[{"count":3,"href":"https:\/\/www.pulse-z.eu\/pl\/wp-json\/wp\/v2\/posts\/26653\/revisions"}],"predecessor-version":[{"id":26666,"href":"https:\/\/www.pulse-z.eu\/pl\/wp-json\/wp\/v2\/posts\/26653\/revisions\/26666"}],"wp:featuredmedia":[{"embeddable":true,"href":"https:\/\/www.pulse-z.eu\/pl\/wp-json\/wp\/v2\/media\/7672"}],"wp:attachment":[{"href":"https:\/\/www.pulse-z.eu\/pl\/wp-json\/wp\/v2\/media?parent=26653"}],"wp:term":[{"taxonomy":"category","embeddable":true,"href":"https:\/\/www.pulse-z.eu\/pl\/wp-json\/wp\/v2\/categories?post=26653"},{"taxonomy":"post_tag","embeddable":true,"href":"https:\/\/www.pulse-z.eu\/pl\/wp-json\/wp\/v2\/tags?post=26653"},{"taxonomy":"post_formats","embeddable":true,"href":"https:\/\/www.pulse-z.eu\/pl\/wp-json\/wp\/v2\/post_formats?post=26653"},{"taxonomy":"author","embeddable":true,"href":"https:\/\/www.pulse-z.eu\/pl\/wp-json\/wp\/v2\/coauthors?post=26653"}],"curies":[{"name":"wp","href":"https:\/\/api.w.org\/{rel}","templated":true}]}}