{"id":19585,"date":"2025-06-16T11:43:32","date_gmt":"2025-06-16T11:43:32","guid":{"rendered":"https:\/\/www.pulse-z.eu\/?p=19585"},"modified":"2025-06-18T07:50:09","modified_gmt":"2025-06-18T07:50:09","slug":"nowa-era-dla-europy-rekordowe-poparcie-dla-ue","status":"publish","type":"post","link":"https:\/\/www.pulse-z.eu\/pl\/nowa-era-dla-europy-rekordowe-poparcie-dla-ue\/","title":{"rendered":"Nowa era dla Europy? Rekordowe poparcie dla UE"},"content":{"rendered":"<br \/>\n<h3>Rosn\u0105ce zaufanie do UE<\/h3>\n<p> <span style=\"font-weight: 400;\">Zaufanie do UE w\u015br\u00f3d obywateli pa\u0144stw cz\u0142onkowskich osi\u0105gn\u0119\u0142o najwy\u017cszy poziom od prawie dw\u00f3ch dekad. Wed\u0142ug najnowszego<\/span> <a href=\"https:\/\/europa.eu\/eurobarometer\/surveys\/detail\/3372\" target=\"_blank\" rel=\"noopener\"><span style=\"font-weight: 400;\">Eurobarometru<\/span><\/a> <span style=\"font-weight: 400;\">a\u017c 52% Europejczyk\u00f3w wyra\u017ca zaufanie do UE \u2013 najwy\u017cszy poziom od 2007 r. Szczeg\u00f3lnie godna uwagi jest postawa m\u0142odszego pokolenia (15\u201324 lata), gdzie a\u017c 59% wyrazi\u0142o poparcie dla instytucji europejskich. Badanie zosta\u0142o przeprowadzone we wszystkich 27 pa\u0144stwach cz\u0142onkowskich i obejmowa\u0142o ponad 26 tysi\u0119cy wywiad\u00f3w bezpo\u015brednich. Zjawisko to pojawia si\u0119 w kontek\u015bcie rosn\u0105cej niepewno\u015bci geopolitycznej i gospodarczej, sk\u0142aniaj\u0105c do refleksji nad przyczynami wzrostu poparcia dla projektu europejskiego.<\/span><\/p>\n<p> <span style=\"font-weight: 400;\">Wzrost zaufania do UE nast\u0119puje w czasie, gdy porz\u0105dek mi\u0119dzynarodowy staje si\u0119 coraz bardziej niestabilny. Agresywna polityka Rosji, napi\u0119cia w stosunkach z Chinami i nieprzewidywalno\u015b\u0107 polityki USA \u2013 zw\u0142aszcza pod rz\u0105dami<\/span> Donalda Trumpa <span style=\"font-weight: 400;\">\u2013 sk\u0142aniaj\u0105 Europejczyk\u00f3w do postrzegania UE jako stabilnej przeciwwagi dla zagro\u017ce\u0144 zewn\u0119trznych. M\u0142odsze pokolenie, wychowane w epoce globalizacji i europejskich warto\u015bci, postrzega UE nie tylko jako projekt gospodarczy, ale tak\u017ce jako gwaranta bezpiecze\u0144stwa i stabilno\u015bci w obliczu globalnych kryzys\u00f3w.<\/span><\/p>\n<p> <span style=\"font-weight: 400;\">Rekordowe poparcie odnotowano r\u00f3wnie\u017c dla europejskiej unii gospodarczej i walutowej \u2013 a\u017c 74% mieszka\u0144c\u00f3w UE i 83% mieszka\u0144c\u00f3w strefy euro popiera wsp\u00f3ln\u0105 walut\u0119 europejsk\u0105. Jest to najwy\u017cszy poziom od czasu wprowadzenia euro. Podczas gdy oceny obecnej sytuacji gospodarczej w Europie s\u0105 podzielone (44% pozytywnych, 48% negatywnych), a\u017c 43% respondent\u00f3w przewiduje stabilizacj\u0119 w nadchodz\u0105cym roku. Euro jest coraz cz\u0119\u015bciej postrzegane jako symbol stabilno\u015bci i ochrony przed kryzysami zewn\u0119trznymi \u2013 od wojen handlowych i zak\u0142\u00f3conych globalnych \u0142a\u0144cuch\u00f3w dostaw po inflacj\u0119.<\/span><\/p>\n<p> Europa buduje tarcz\u0119 <\/p>\n<p><span style=\"font-weight: 400;\">A\u017c 81% Europejczyk\u00f3w popiera ide\u0119 wsp\u00f3lnej polityki obronnej \u2013 najwy\u017cszy poziom od 2004 r. Unia Europejska podj\u0119\u0142a konkretne kroki, tworz\u0105c fundusz obronny o warto\u015bci 150 mld euro w odpowiedzi na rosn\u0105ce zagro\u017cenia ze strony Rosji i niepewno\u015b\u0107 co do zaanga\u017cowania USA w obron\u0119 Europy. Pe\u0142nowymiarowa inwazja Rosji na Ukrain\u0119 w 2022 r. zmieni\u0142a postrzeganie zagro\u017ce\u0144 na kontynencie, sk\u0142aniaj\u0105c pa\u0144stwa cz\u0142onkowskie do budowania bardziej autonomicznej polityki obronnej i zwi\u0119kszenia inwestycji w bezpiecze\u0144stwo. Ograniczone zaufanie do NATO, szczeg\u00f3lnie wa\u017cne dla kraj\u00f3w takich jak Polska, motywuje UE do poszukiwania nowych sojuszy i skuteczniejszych mechanizm\u00f3w ochronnych.<\/span><\/p>\n<p> Rosn\u0105ce poparcie dla wsp\u00f3lnej polityki obronnej <\/p>\n<p><span style=\"font-weight: 400;\">77% respondent\u00f3w uwa\u017ca agresj\u0119 Rosji za powa\u017cne zagro\u017cenie dla bezpiecze\u0144stwa Europy, a 72% popiera sankcje ekonomiczne wobec Moskwy. Wojna na Ukrainie nie tylko zwi\u0119kszy\u0142a poczucie zagro\u017cenia, ale tak\u017ce zwi\u0119kszy\u0142a solidarno\u015b\u0107 w UE, wzmacniaj\u0105c jej pozycj\u0119 jako kluczowego aktora na arenie mi\u0119dzynarodowej. Konflikt ten podkre\u015bli\u0142 potrzeb\u0119 wsp\u00f3lnej polityki bezpiecze\u0144stwa i obrony oraz skutecznych mechanizm\u00f3w reagowania na agresj\u0119.<\/span><\/p>\n<h3><b>Unia Europejska pod presj\u0105: rekordowe poparcie i rosn\u0105cy eurosceptycyzm<\/b><\/h3>\n<p> <span style=\"font-weight: 400;\">Eurobarometr wskazuje r\u00f3wnie\u017c na rosn\u0105cy optymizm co do przysz\u0142o\u015bci UE \u2013 62% Europejczyk\u00f3w patrzy w przysz\u0142o\u015b\u0107 z nadziej\u0105, a a\u017c 88% popiera zasady oparte na wsp\u00f3\u0142pracy mi\u0119dzynarodowej. Pomimo wyzwa\u0144, takich jak wojny, kryzysy gospodarcze i zmiany klimatu, a\u017c 43% respondent\u00f3w postrzega UE pozytywnie, a tylko 18% ma opini\u0119 negatywn\u0105. Wsp\u00f3\u0142praca, demokracja i rz\u0105dy prawa s\u0105 postrzegane jako kamienie w\u0119gielne stabilno\u015bci w zglobalizowanym \u015bwiecie.<\/span><\/p>\n<p> <span style=\"font-weight: 400;\">Jednak rekordowe poziomy zaufania do UE kontrastuj\u0105 ze wzrastaj\u0105cym eurosceptycyzmem i rosn\u0105cym wp\u0142ywem si\u0142 konserwatywnych w wielu pa\u0144stwach cz\u0142onkowskich. Partie takie jak w\u0119gierski Fidesz, polskie Prawo i Sprawiedliwo\u015b\u0107 (PiS), w\u0142oska Liga P\u00f3\u0142nocna czy Bracia W\u0142oscy (FdI) krytykuj\u0105 obecny kszta\u0142t UE, jej polityk\u0119 migracyjn\u0105 i gospodarcz\u0105 oraz rol\u0119 instytucji UE. W Parlamencie Europejskim liczba miejsc zajmowanych przez grupy eurosceptyczne, takie jak Europejscy Konserwaty\u015bci i Reformatorzy (ECR) oraz To\u017csamo\u015b\u0107 i Demokracja (ID), ro\u015bnie. Podczas gdy ich wp\u0142ywy s\u0105 r\u00f3wnowa\u017cone przez dominuj\u0105ce grupy polityczne (Europejska Partia Ludowa, socjali\u015bci, libera\u0142owie), zmieniaj\u0105 one ton debaty na temat przysz\u0142o\u015bci UE.<\/span><\/p>\n<p> <span style=\"font-weight: 400;\">Bardzo wysoki poziom zaufania do UE mo\u017cna interpretowa\u0107 na r\u00f3\u017cne sposoby \u2013 od rosn\u0105cej solidarno\u015bci w\u015br\u00f3d obywateli pa\u0144stw cz\u0142onkowskich (w tym m\u0142odszego pokolenia) w obliczu globalnych wyzwa\u0144, po rosn\u0105c\u0105 polaryzacj\u0119 spo\u0142ecze\u0144stw. Mo\u017cna zauwa\u017cy\u0107, \u017ce spo\u0142ecze\u0144stwo zaczyna dzieli\u0107 si\u0119 na m\u0142odsze pokolenie, kt\u00f3re w du\u017cej mierze ufa instytucjom europejskim i d\u0105\u017cy do g\u0142\u0119bszej integracji, wierz\u0105c, \u017ce razem jeste\u015bmy silniejsi, oraz starsze pokolenie, kt\u00f3re coraz bardziej wyra\u017ca nieufno\u015b\u0107 wobec obecnej formy UE i jej polityk.<\/span><\/p>\n<p> <span style=\"font-weight: 400;\">Wzrost zaufania do UE i jej instytucji wskazuje na wzmocnienie projektu europejskiego w obliczu globalnych wyzwa\u0144. Poparcie dla euro, wsp\u00f3lnej polityki obronnej i warto\u015bci opartych na wsp\u00f3\u0142pracy wskazuj\u0105 na rosn\u0105c\u0105 dojrza\u0142o\u015b\u0107 polityczn\u0105 spo\u0142ecze\u0144stw europejskich. Jednak zjawisko to nie jest jednolite \u2013 w wielu krajach ro\u015bnie sceptycyzm wobec kierunku integracji. Przysz\u0142o\u015b\u0107 UE b\u0119dzie zale\u017ce\u0107 od jej zdolno\u015bci do utrzymania sp\u00f3jno\u015bci wewn\u0119trznej i skutecznego reagowania na wyzwania zar\u00f3wno zewn\u0119trzne, jak i wewn\u0119trzne.<\/span><\/p>\n","protected":false},"excerpt":{"rendered":"<p>Rosn\u0105ce zaufanie do UE Zaufanie do UE w\u015br\u00f3d obywateli pa\u0144stw cz\u0142onkowskich osi\u0105gn\u0119\u0142o najwy\u017cszy poziom od prawie dw\u00f3ch dekad. Wed\u0142ug najnowszego Eurobarometru a\u017c 52% Europejczyk\u00f3w wyra\u017ca zaufanie do UE \u2013 najwy\u017cszy poziom od 2007 r. Szczeg\u00f3lnie [&hellip;]<\/p>\n","protected":false},"author":227,"featured_media":7294,"comment_status":"closed","ping_status":"closed","sticky":false,"template":"","format":"standard","meta":{"_acf_changed":false,"footnotes":""},"categories":[711],"tags":[923,883,1792,1793,1794,1172,1795,925,927,1757],"post_formats":[655],"coauthors":[],"class_list":["post-19585","post","type-post","status-publish","format-standard","has-post-thumbnail","hentry","category-mlodziez","tag-donald-trump-pl","tag-eu-pl","tag-eu-citizens-pl","tag-eu-trust-pl","tag-european-commission-pl","tag-european-union-pl","tag-euroscepticism-pl","tag-russia-pl","tag-usa-pl","tag-youth-pl","post_formats-artykuly"],"acf":[],"_links":{"self":[{"href":"https:\/\/www.pulse-z.eu\/pl\/wp-json\/wp\/v2\/posts\/19585","targetHints":{"allow":["GET"]}}],"collection":[{"href":"https:\/\/www.pulse-z.eu\/pl\/wp-json\/wp\/v2\/posts"}],"about":[{"href":"https:\/\/www.pulse-z.eu\/pl\/wp-json\/wp\/v2\/types\/post"}],"author":[{"embeddable":true,"href":"https:\/\/www.pulse-z.eu\/pl\/wp-json\/wp\/v2\/users\/227"}],"replies":[{"embeddable":true,"href":"https:\/\/www.pulse-z.eu\/pl\/wp-json\/wp\/v2\/comments?post=19585"}],"version-history":[{"count":3,"href":"https:\/\/www.pulse-z.eu\/pl\/wp-json\/wp\/v2\/posts\/19585\/revisions"}],"predecessor-version":[{"id":19598,"href":"https:\/\/www.pulse-z.eu\/pl\/wp-json\/wp\/v2\/posts\/19585\/revisions\/19598"}],"wp:featuredmedia":[{"embeddable":true,"href":"https:\/\/www.pulse-z.eu\/pl\/wp-json\/wp\/v2\/media\/7294"}],"wp:attachment":[{"href":"https:\/\/www.pulse-z.eu\/pl\/wp-json\/wp\/v2\/media?parent=19585"}],"wp:term":[{"taxonomy":"category","embeddable":true,"href":"https:\/\/www.pulse-z.eu\/pl\/wp-json\/wp\/v2\/categories?post=19585"},{"taxonomy":"post_tag","embeddable":true,"href":"https:\/\/www.pulse-z.eu\/pl\/wp-json\/wp\/v2\/tags?post=19585"},{"taxonomy":"post_formats","embeddable":true,"href":"https:\/\/www.pulse-z.eu\/pl\/wp-json\/wp\/v2\/post_formats?post=19585"},{"taxonomy":"author","embeddable":true,"href":"https:\/\/www.pulse-z.eu\/pl\/wp-json\/wp\/v2\/coauthors?post=19585"}],"curies":[{"name":"wp","href":"https:\/\/api.w.org\/{rel}","templated":true}]}}