{"id":17441,"date":"2025-06-26T10:42:04","date_gmt":"2025-06-26T10:42:04","guid":{"rendered":"https:\/\/www.pulse-z.eu\/?p=17441"},"modified":"2025-06-26T10:42:37","modified_gmt":"2025-06-26T10:42:37","slug":"nie-umrzemy-w-milczeniu-bosnia-i-hercegowina-przyjmie-ustawe-o-zabojstwie-kobiet","status":"publish","type":"post","link":"https:\/\/www.pulse-z.eu\/pl\/nie-umrzemy-w-milczeniu-bosnia-i-hercegowina-przyjmie-ustawe-o-zabojstwie-kobiet\/","title":{"rendered":"Nie umrzemy w milczeniu: Bo\u015bnia i Hercegowina przyjmie ustaw\u0119 o zab\u00f3jstwie kobiet"},"content":{"rendered":"\n<p><span style=\"font-weight: 400\">Wed\u0142ug<\/span> <a href=\"https:\/\/www.aa.com.tr\/ba\/balkan\/bih-sedam-%C5%BEena-ubijeno-u-prvih-%C5%A1est-mjeseci-ove-godine\/3282130#:~:text=Prema%20dostupnim%20podacima%2C%20u%20Bosni,slu%C5%BEbene%20evidencije%20femicida%20u%20BiH\" target=\"_blank\" rel=\"noopener\"><span style=\"font-weight: 400\">danych agencji Anadolu<\/span><\/a> <span style=\"font-weight: 400\">, w okresie od 2013 do 2023 r. w Bo\u015bni i Hercegowinie zamordowano ponad 70 kobiet. W 2024 r. 13 kobiet zosta\u0142o zamordowanych przez swoich m\u0119skich krewnych lub partner\u00f3w. W tak ma\u0142ym kraju statystyki te s\u0105 ciosem w brzuch. Zw\u0142aszcza \u017ce nie ma jednego \u017ar\u00f3d\u0142a tych statystyk, wi\u0119c niekt\u00f3re z tych brutalnych przest\u0119pstw mog\u0142y pozosta\u0107 niezauwa\u017cone przez media.<\/span><\/p>\n<p> <span style=\"font-weight: 400\">Szczeg\u00f3lnie brutalne morderstwo w 2023 r., w kt\u00f3rym morderca Nermin Sulejmanovi\u0107 zabi\u0142 swoj\u0105 \u017con\u0119 Nizam\u0119 He\u0107imovi\u0107 podczas transmisji na \u017cywo, wywo\u0142a\u0142o og\u00f3lnokrajowe oburzenie. Wszystko to zmotywowa\u0142o \u201eGlas \u017dene\u201d (G\u0142os kobiety), organizacj\u0119 po\u015bwi\u0119con\u0105 pomaganiu kobietom, wraz z ich organizacjami partnerskimi, w petycji o prawo dotycz\u0105ce femicydu. Tak rozpocz\u0119\u0142a si\u0119 ich kampania \u201eNie umrzemy w milczeniu\u201d.<\/span><\/p>\n<p> <span style=\"font-weight: 400\">Wreszcie 28 maja 2025 r. jedna z izb Zgromadzenia Parlamentarnego Bo\u015bni i Hercegowiny \u2013 Izba Reprezentant\u00f3w w ramach Federacji Bo\u015bni \u2013 zmieni\u0142a kodeks karny, aby uzna\u0107 morderstwo ze wzgl\u0119du na p\u0142e\u0107 za konkretne, odr\u0119bne przest\u0119pstwo w tej jednostce. Na mocy tego nowego prawa zab\u00f3jstwo kobiety jest uwa\u017cane za morderstwo kwalifikowane, karane kar\u0105 co najmniej 10 lat wi\u0119zienia, a w sytuacjach, w kt\u00f3rych ofiara by\u0142a wcze\u015bniej wykorzystywana, kary s\u0105 jeszcze surowsze.<\/span><\/p>\n<p> <span style=\"font-weight: 400\">16 czerwca 2025 r. Izba Ludowa, druga izba, przyj\u0119\u0142a t\u0119 poprawk\u0119 45 g\u0142osami.<\/span><\/p>\n<p> <span style=\"font-weight: 400\">Poniewa\u017c Bo\u015bnia i Hercegowina ma jeden z najbardziej z\u0142o\u017conych system\u00f3w politycznych, poprawk\u0119 t\u0119 b\u0119dzie trzeba ostatecznie uzgodni\u0107 na Zgromadzeniu Parlamentarnym, w kt\u00f3rym b\u0119d\u0105 obecni przedstawiciele obu izb.<\/span> <\/p>\n<div id=\"attachment_17395\" class=\"wp-caption aligncenter\" style=\"width: 703px\">\n<p><img loading=\"lazy\" decoding=\"async\" class=\"wp-image-17395\" src=\"https:\/\/www.pulse-z.eu\/wp-content\/uploads\/2025\/06\/tingey-injury-law-firm-DZpc4UY8ZtY-unsplash-scaled.jpg\" alt=\"\" width=\"693\" height=\"462\" aria-describedby=\"caption-attachment-17395\" srcset=\"https:\/\/www.pulse-z.eu\/wp-content\/uploads\/2025\/06\/tingey-injury-law-firm-DZpc4UY8ZtY-unsplash-scaled.jpg 2560w, https:\/\/www.pulse-z.eu\/wp-content\/uploads\/2025\/06\/tingey-injury-law-firm-DZpc4UY8ZtY-unsplash-768x512.jpg 768w, https:\/\/www.pulse-z.eu\/wp-content\/uploads\/2025\/06\/tingey-injury-law-firm-DZpc4UY8ZtY-unsplash-1536x1024.jpg 1536w, https:\/\/www.pulse-z.eu\/wp-content\/uploads\/2025\/06\/tingey-injury-law-firm-DZpc4UY8ZtY-unsplash-2048x1365.jpg 2048w\" sizes=\"auto, (max-width: 693px) 100vw, 693px\" \/><\/p>\n<p id=\"caption-attachment-17395\" class=\"wp-caption-text\"> poprzez Unsplash<\/p>\n<\/div>\n<p> <span style=\"font-weight: 400\">Mimo \u017ce Bo\u015bnia i Hercegowina ratyfikowa\u0142a Konwencj\u0119 Stambulsk\u0105, traktat o prawach cz\u0142owieka sprzeciwiaj\u0105cy si\u0119 przemocy wobec kobiet, w 2013 r. nie uzna\u0142a morderstwa ze wzgl\u0119du na p\u0142e\u0107 za osobne przest\u0119pstwo. Wcze\u015bniej traktowano je jako morderstwo, karane do 20 lat wi\u0119zienia, lub jako \u201emorderstwo kwalifikowane\u201d z wyrokami od 20 do 45 lat.<\/span><\/p>\n<p> <span style=\"font-weight: 400\">Jednak rzeczywisto\u015b\u0107 tych kar by\u0142a zupe\u0142nie inna. Wyroki te by\u0142y cz\u0119sto znacznie kr\u00f3tsze, co nie odstrasza\u0142o sprawc\u00f3w od pope\u0142niania takich akt\u00f3w przemocy.<\/span><\/p>\n<h2>Jak wypada na tym tle prawo UE?<\/h2>\n<p> Jak zatem rozwi\u0105zuje si\u0119 problem przemocy domowej w UE? 14 maja 2024 r. Parlament Europejski i Rada Unii Europejskiej <a href=\"https:\/\/eur-lex.europa.eu\/eli\/dir\/2024\/1385\/oj\/eng\" target=\"_blank\" rel=\"noopener\">uchwali\u0142y dyrektyw\u0119<\/a> w sprawie zwalczania przemocy wobec kobiet.<\/p>\n<p> Celem tej dyrektywy jest zapewnienie kobietom w ca\u0142ej Unii odpowiedniego poziomu ochrony, gdy\u017c kryminalizuje ona okaleczanie \u017ce\u0144skich narz\u0105d\u00f3w p\u0142ciowych i przymusowe ma\u0142\u017ce\u0144stwa, a tak\u017ce cyberprzemoc, tak\u0105 jak n\u0119kanie, udost\u0119pnianie drastycznych zdj\u0119\u0107 ofiary bez jej zgody i inne.<br \/> Dyrektywa koncentruje si\u0119 r\u00f3wnie\u017c na zapobieganiu przemocy wobec kobiet i ochronie kobiet, maj\u0105c na celu zapewnienie im dost\u0119pu do us\u0142ug wsparcia i wymiaru sprawiedliwo\u015bci.<\/p>\n<p> Oczekuje si\u0119, \u017ce wszyscy cz\u0142onkowie Zwi\u0105zku przyjm\u0105 t\u0119 dyrektyw\u0119 do czerwca 2027 r.<br \/> Wa\u017cne jest, aby zauwa\u017cy\u0107, \u017ce 27 kraj\u00f3w UE nie ma definicji femicydu w kontek\u015bcie prawnym. Jednak morderstwo ze wzgl\u0119du na p\u0142e\u0107 jest klasyfikowane na kilka sposob\u00f3w, w tym jako umy\u015blne zab\u00f3jstwo, nieumy\u015blne zab\u00f3jstwo i zab\u00f3jstwo.<\/p>\n<h2><strong>Zjednoczenie dla sprawiedliwo\u015bci<\/strong><\/h2>\n<p> <span style=\"font-weight: 400\">Ta kampania Glas \u017dene jest inspiruj\u0105cym przyk\u0142adem udanego ruchu oddolnego. Kobiety, rozdra\u017cnione normalizacj\u0105 przemocy domowej w swoim kraju, postanowi\u0142y rozpocz\u0105\u0107 kampani\u0119 prawie rok temu w swoich lokalnych spo\u0142eczno\u015bciach. Wszystko zacz\u0119\u0142o si\u0119 na poziomie lokalnym od celu 10 000 podpis\u00f3w, a nast\u0119pnie s\u0142usznie zyska\u0142o uznanie krajowe.<\/span><\/p>\n<p> <span style=\"font-weight: 400\">W oczekiwaniu na to, \u017ce parlament oficjalnie uzna zab\u00f3jstwo kobiet w Federacji, obywatele Bo\u015bni i Hercegowiny b\u0119d\u0105 mogli doceni\u0107, co mo\u017ce zdzia\u0142a\u0107 grupa ludzi, kt\u00f3rym zale\u017cy na wprowadzeniu istotnych zmian.<\/span><\/p>\n","protected":false},"excerpt":{"rendered":"<p>Wed\u0142ug danych agencji Anadolu , w okresie od 2013 do 2023 r. w Bo\u015bni i Hercegowinie zamordowano ponad 70 kobiet. W 2024 r. 13 kobiet zosta\u0142o zamordowanych przez swoich m\u0119skich krewnych lub partner\u00f3w. W tak [&hellip;]<\/p>\n","protected":false},"author":359,"featured_media":19247,"comment_status":"closed","ping_status":"closed","sticky":false,"template":"","format":"standard","meta":{"_acf_changed":false,"footnotes":""},"categories":[647,706],"tags":[],"post_formats":[655],"coauthors":[],"class_list":["post-17441","post","type-post","status-publish","format-standard","has-post-thumbnail","hentry","category-laczac-kropki","category-sprawy-biezace","post_formats-artykuly"],"acf":[],"_links":{"self":[{"href":"https:\/\/www.pulse-z.eu\/pl\/wp-json\/wp\/v2\/posts\/17441","targetHints":{"allow":["GET"]}}],"collection":[{"href":"https:\/\/www.pulse-z.eu\/pl\/wp-json\/wp\/v2\/posts"}],"about":[{"href":"https:\/\/www.pulse-z.eu\/pl\/wp-json\/wp\/v2\/types\/post"}],"author":[{"embeddable":true,"href":"https:\/\/www.pulse-z.eu\/pl\/wp-json\/wp\/v2\/users\/359"}],"replies":[{"embeddable":true,"href":"https:\/\/www.pulse-z.eu\/pl\/wp-json\/wp\/v2\/comments?post=17441"}],"version-history":[{"count":86,"href":"https:\/\/www.pulse-z.eu\/pl\/wp-json\/wp\/v2\/posts\/17441\/revisions"}],"predecessor-version":[{"id":27496,"href":"https:\/\/www.pulse-z.eu\/pl\/wp-json\/wp\/v2\/posts\/17441\/revisions\/27496"}],"wp:featuredmedia":[{"embeddable":true,"href":"https:\/\/www.pulse-z.eu\/pl\/wp-json\/wp\/v2\/media\/19247"}],"wp:attachment":[{"href":"https:\/\/www.pulse-z.eu\/pl\/wp-json\/wp\/v2\/media?parent=17441"}],"wp:term":[{"taxonomy":"category","embeddable":true,"href":"https:\/\/www.pulse-z.eu\/pl\/wp-json\/wp\/v2\/categories?post=17441"},{"taxonomy":"post_tag","embeddable":true,"href":"https:\/\/www.pulse-z.eu\/pl\/wp-json\/wp\/v2\/tags?post=17441"},{"taxonomy":"post_formats","embeddable":true,"href":"https:\/\/www.pulse-z.eu\/pl\/wp-json\/wp\/v2\/post_formats?post=17441"},{"taxonomy":"author","embeddable":true,"href":"https:\/\/www.pulse-z.eu\/pl\/wp-json\/wp\/v2\/coauthors?post=17441"}],"curies":[{"name":"wp","href":"https:\/\/api.w.org\/{rel}","templated":true}]}}