{"id":16903,"date":"2025-06-22T11:55:55","date_gmt":"2025-06-22T11:55:55","guid":{"rendered":"https:\/\/www.pulse-z.eu\/?p=16903"},"modified":"2025-06-22T11:57:26","modified_gmt":"2025-06-22T11:57:26","slug":"od-ryzyka-do-odpornosci-miedzynarodowe-spotkanie-na-temat-bezpieczenstwa-dziennikarzy-w-salonikach-zorganizowane-przez-icsj","status":"publish","type":"post","link":"https:\/\/www.pulse-z.eu\/pl\/od-ryzyka-do-odpornosci-miedzynarodowe-spotkanie-na-temat-bezpieczenstwa-dziennikarzy-w-salonikach-zorganizowane-przez-icsj\/","title":{"rendered":"Od ryzyka do odporno\u015bci: Mi\u0119dzynarodowe spotkanie na temat bezpiecze\u0144stwa dziennikarzy w Salonikach zorganizowane przez ICSJ"},"content":{"rendered":"\n<div id=\"attachment_16817\" class=\"wp-caption aligncenter\" style=\"width: 792px;\">\n<p><img loading=\"lazy\" decoding=\"async\" class=\" wp-image-16817\" src=\"https:\/\/www.pulse-z.eu\/wp-content\/uploads\/2025\/06\/icsj-conference-2025-14-15-06.jpg\" sizes=\"auto, (max-width: 782px) 100vw, 782px\" srcset=\"https:\/\/www.pulse-z.eu\/wp-content\/uploads\/2025\/06\/icsj-conference-2025-14-15-06.jpg 1920w, https:\/\/www.pulse-z.eu\/wp-content\/uploads\/2025\/06\/icsj-conference-2025-14-15-06-768x432.jpg 768w, https:\/\/www.pulse-z.eu\/wp-content\/uploads\/2025\/06\/icsj-conference-2025-14-15-06-1536x864.jpg 1536w\" alt=\"\" width=\"782\" height=\"440\" aria-describedby=\"caption-attachment-16817\" \/><\/p>\n<h6 id=\"caption-attachment-16817\" class=\"wp-caption-text\"> \u00a9ICSJ<\/h6>\n<\/div>\n<h1> <b>Stawka wolno\u015bci prasy w 2025 r.<\/b><\/h1>\n<p> <span style=\"font-weight: 400;\">Faktem jest, \u017ce wolno\u015b\u0107 prasy jest testowana na wiele sposob\u00f3w na arenie mi\u0119dzynarodowej, od fizycznych atak\u00f3w na dziennikarzy na ulicy po SLAPPS (Strategic Lawsuits Against Public Participation) i cyfrowy nadz\u00f3r. Bezpiecze\u0144stwo dziennikarzy nie jest ju\u017c tylko wymogiem zawodowym. Staje si\u0119 filarem demokratycznej konsolidacji i publicznej odpowiedzialno\u015bci. Wieloaspektowy charakter tych zagro\u017ce\u0144 wymaga z\u0142o\u017conych reakcji, na poziomie instytucjonalnym lub poprzez zapewnienie wsparcia psychologicznego i prawnego, mi\u0119dzy innymi.<\/span><\/p>\n<p> <span style=\"font-weight: 400;\">Ta potrzeba da\u0142a pocz\u0105tek tegorocznemu mi\u0119dzynarodowemu spotkaniu w Salonikach (14\u201315 czerwca 2025 r.), zorganizowanemu przez Mi\u0119dzynarodowe Centrum Bezpiecze\u0144stwa Dziennikarzy (ICSJ) we wsp\u00f3\u0142pracy z Laboratorium Dziennikarstwa Pokoju Uniwersytetu Arystotelesa w Salonikach, Sekretariatem Generalnym ds. Informacji i Komunikacji, Zwi\u0105zkiem Redaktor\u00f3w Macedonii i Tracji, ERT itp., przy wsp\u00f3\u0142pracy i wsparciu Przedstawiciela OBWE ds. Wolno\u015bci Medi\u00f3w i UNESCO. Celem, jak podkre\u015blono na otwarciu, jest przej\u015bcie \u201eod ryzyka do odporno\u015bci\u201d, nie tylko jako abstrakcyjna retoryka, ale jako strategia operacyjna oparta na wsp\u00f3\u0142pracy mi\u0119dzysektorowej, edukacyjnym wzmocnieniu i instytucjonalnej czujno\u015bci.<\/span><\/p>\n<p> <span style=\"font-weight: 400;\">Wydaje si\u0119, \u017ce konferencja ta sta\u0142a si\u0119 forum skoordynowanych dzia\u0142a\u0144, na kt\u00f3rym badacze, dziennikarze, zwi\u0105zki zawodowe, prawnicy i urz\u0119dnicy pa\u0144stwowi spotkali si\u0119, aby zbudowa\u0107 bardziej odporny ekosystem dziennikarski.<\/span><\/p>\n<\/p>\n<h2> <b>ICSJ jako centrum odporno\u015bci: od bada\u0144 do dzia\u0142a\u0144<\/b><\/h2>\n<p> <span style=\"font-weight: 400;\">Konferencja w Salonikach by\u0142a kluczowym momentem w procesie transformacji ICSJ w mi\u0119dzynarodowy organ o wielu dzia\u0142aniach. Jak stwierdzi\u0142 profesor Nikos Panagiotou, szef Centrum, podczas konferencji:<\/span><\/p>\n<p> <span style=\"font-weight: 400;\">\u201eTo spotkanie oznacza dla ICSJ przej\u015bcie od centrum wiedzy do platformy namacalnego wsparcia. \u0141\u0105cz\u0105c badania z mi\u0119dzysektorow\u0105 wsp\u00f3\u0142prac\u0105 i narz\u0119dziami edukacyjnymi, zapewniamy praktyczne wsparcie dziennikarzom pracuj\u0105cym pod presj\u0105\u201d (Panagiotou, komunikacja osobista, 15 czerwca 2025 r.).<\/span><\/p>\n<p> <span style=\"font-weight: 400;\">R\u00f3\u017cnorodno\u015b\u0107 poruszanych temat\u00f3w, od cyberbezpiecze\u0144stwa po skutki psychologiczne i gwarancje instytucjonalne, odzwierciedla rozszerzenie misji Centrum, w kt\u00f3rej, zdaniem pana Panagiotou, potrzeba uznania dziennikarzy za dobro publiczne jest obecnie wa\u017cniejsza ni\u017c kiedykolwiek:<\/span><\/p>\n<p> <span style=\"font-weight: 400;\">\u201eDost\u0119p do wiarygodnych informacji musi by\u0107 uznany za dobro publiczne. To kamie\u0144 w\u0119gielny ka\u017cdego wielkiego przedsi\u0119wzi\u0119cia demokratycznego\u201d (Panagiotou, komunikacja osobista, 15 czerwca 2025 r.).<\/span> <\/p>\n<div id=\"attachment_16825\" class=\"wp-caption aligncenter\" style=\"width: 806px;\">\n<p><img loading=\"lazy\" decoding=\"async\" class=\" wp-image-16825\" src=\"https:\/\/www.pulse-z.eu\/wp-content\/uploads\/2025\/06\/ICSJ_2025_21-scaled.jpg\" sizes=\"auto, (max-width: 796px) 100vw, 796px\" srcset=\"https:\/\/www.pulse-z.eu\/wp-content\/uploads\/2025\/06\/ICSJ_2025_21-scaled.jpg 2560w, https:\/\/www.pulse-z.eu\/wp-content\/uploads\/2025\/06\/ICSJ_2025_21-768x432.jpg 768w, https:\/\/www.pulse-z.eu\/wp-content\/uploads\/2025\/06\/ICSJ_2025_21-1536x864.jpg 1536w, https:\/\/www.pulse-z.eu\/wp-content\/uploads\/2025\/06\/ICSJ_2025_21-2048x1152.jpg 2048w\" alt=\"\" width=\"796\" height=\"448\" aria-describedby=\"caption-attachment-16825\" \/><\/p>\n<h6 id=\"caption-attachment-16825\" class=\"wp-caption-text\"> Szef ICSJ, prof. Nikos Panagiotou<br \/> \u00a9ICSJ<\/h6>\n<\/div>\n<p> <span style=\"font-weight: 400;\">Konferencja podkre\u015bli\u0142a kluczowe inicjatywy, kt\u00f3re rozszerzaj\u0105 mi\u0119dzynarodow\u0105 rol\u0119 ICSJ i wzmacniaj\u0105 jego mi\u0119dzysektorow\u0105 misj\u0119. Z jednej strony organizowane jest specjalistyczne mi\u0119dzynarodowe spotkanie po\u015bwi\u0119cone dziennikarstwu traumy, kt\u00f3rego celem jest wsp\u00f3lne rozwijanie praktyk wsparcia psychologicznego. Inicjatywa ta ma na celu zgromadzenie przy wsp\u00f3lnym stole wyspecjalizowanych psycholog\u00f3w, korespondent\u00f3w wojennych i redaktor\u00f3w, k\u0142ad\u0105c podwaliny pod praktyki wsparcia skoncentrowane na traumie.<\/span><\/p>\n<p> <span style=\"font-weight: 400;\">W tym samym czasie, jak zauwa\u017cy\u0142 prof. Panagiotou, szef ICSJ,<\/span> <span style=\"font-weight: 400;\">\u201enawi\u0105zano nowe wsp\u00f3\u0142prace ze zwi\u0105zkami zawodowymi dziennikarzy, instytucjami akademickimi i organizacjami spo\u0142ecze\u0144stwa obywatelskiego w celu wsp\u00f3\u0142tworzenia program\u00f3w szkoleniowych, protoko\u0142\u00f3w bezpiecze\u0144stwa i sieci wsparcia prawnego\u201d.<\/span> <span style=\"font-weight: 400;\">Partnerstwa s\u0105 kluczowe w ochronie dziennikarstwa za pomoc\u0105 praktycznych \u015brodk\u00f3w i gwarancji instytucjonalnych zar\u00f3wno na szczeblu krajowym, jak i mi\u0119dzynarodowym.<\/span><\/p>\n<p> <span style=\"font-weight: 400;\">Ponadto szczeg\u00f3lny nacisk po\u0142o\u017cono na udzia\u0142 nowego pokolenia dziennikarzy, poprzez interaktywne warsztaty po\u015bwi\u0119cone rozwi\u0105zywaniu problem\u00f3w i tworzeniu strategii, przy czym kreatywno\u015b\u0107 i kompetencje cyfrowe m\u0142odszych profesjonalist\u00f3w stanowi\u0105 podstaw\u0119 opracowywania zr\u00f3wnowa\u017conych strategii bezpiecze\u0144stwa.<\/span> <\/p>\n<div id=\"attachment_16833\" class=\"wp-caption aligncenter\" style=\"width: 741px;\">\n<p><img loading=\"lazy\" decoding=\"async\" class=\"wp-image-16833 \" src=\"https:\/\/www.pulse-z.eu\/wp-content\/uploads\/2025\/06\/ICSJ_2025_10-scaled.jpg\" sizes=\"auto, (max-width: 731px) 100vw, 731px\" srcset=\"https:\/\/www.pulse-z.eu\/wp-content\/uploads\/2025\/06\/ICSJ_2025_10-scaled.jpg 2560w, https:\/\/www.pulse-z.eu\/wp-content\/uploads\/2025\/06\/ICSJ_2025_10-768x512.jpg 768w, https:\/\/www.pulse-z.eu\/wp-content\/uploads\/2025\/06\/ICSJ_2025_10-1536x1024.jpg 1536w, https:\/\/www.pulse-z.eu\/wp-content\/uploads\/2025\/06\/ICSJ_2025_10-2048x1365.jpg 2048w\" alt=\"\" width=\"731\" height=\"487\" aria-describedby=\"caption-attachment-16833\" \/><\/p>\n<h6 id=\"caption-attachment-16833\" class=\"wp-caption-text\"> Panel 1: Poprawa bezpiecze\u0144stwa dziennikarzy: Polityka krajowa, dzia\u0142ania legislacyjne i wsp\u00f3\u0142praca mi\u0119dzynarodowa Moderator: Yannis Kotsifos, dyrektor, Zwi\u0105zek Dziennikarzy Macedonii i Tracji. Prelegenci: Nikolaos Panagiotou, szef, ICSJ, profesor, Katedra Dziennikarstwa i Komunikacji, Uniwersytet Arystotelesa. Guildo Keel, starszy doradca w Biurze RfoM OBWE. Aikaterini Polyzou, szefowa Departamentu Medi\u00f3w Audiowizualnych i Internetu, Sekretariat Generalny ds. Komunikacji i Medi\u00f3w. Nedjeljko Rudovic, dyrektor generalny Dyrekcji ds. Medi\u00f3w Rz\u0105d Czarnog\u00f3ry. \u00a9ICSJ<\/h6>\n<\/div>\n<p> <span style=\"font-weight: 400;\">Podniesienie rangi misji ICSJ jest przypiecz\u0119towane jego instytucjonalnym uznaniem na szczeblu mi\u0119dzynarodowym. Jego w\u0142\u0105czenie do Globalnego Repozytorium Narodowych Mechanizm\u00f3w Bezpiecze\u0144stwa UNESCO i jego rola jako krajowego punktu kontaktowego w kampanii Journalist Matters Rady Europy s\u0105 krokami wskazuj\u0105cymi na jego strategiczn\u0105 pozycj\u0119 jako krajowego i mi\u0119dzynarodowego partnera w ochronie dziennikarzy i wzmacnianiu wolno\u015bci prasy <a href=\"https:\/\/www.amna.gr\/mobile\/article\/910906\/Thessaloniki-Apo-ton-kinduno-stin-Anthektikotita\u2014I-asfaleia-ton-dimosiografon-sto-epikentro-diethnous-sunedriou\" target=\"_blank\" rel=\"noopener\">(1)<\/a> .<\/span><\/p>\n<h2> <b>Wymiar mi\u0119dzynarodowy: UNESCO, OBWE, wola polityczna<\/b><\/h2>\n<p> <span style=\"font-weight: 400;\">Kluczow\u0105 cech\u0105 konferencji by\u0142o to, \u017ce nie by\u0142a ona produktem pojedynczej inicjatywy krajowej, ale tak\u017ce punktem zbie\u017cno\u015bci dla globalnych g\u0142os\u00f3w instytucjonalnych w kwestii bezpiecze\u0144stwa dziennikarzy, gdzie silna obecno\u015b\u0107 mi\u0119dzynarodowa na poziomie instytucjonalnym i retorycznym podkre\u015bli\u0142a potrzeb\u0119 zapewnienia wolno\u015bci prasy i bezpiecze\u0144stwa dziennikarzy \u2014 dw\u00f3ch rzeczy, kt\u00f3rych nie mo\u017cna ju\u017c postrzega\u0107 jako oddzielnych. Wr\u0119cz przeciwnie, stanowi\u0105 one fundamenty sp\u00f3jno\u015bci demokratycznej i odpowiedzialno\u015bci politycznej.<\/span><\/p>\n<p> <span style=\"font-weight: 400;\">Tawfik Jelassi, zast\u0119pca dyrektora generalnego UNESCO ds. komunikacji i informacji, po\u0142o\u017cy\u0142 szczeg\u00f3lny nacisk na potr\u00f3jne podej\u015bcie \u201ePrewencja \u2013 Ochrona \u2013 \u015aciganie\u201d, kt\u00f3re stanowi podstaw\u0119 Planu dzia\u0142a\u0144 ONZ w sprawie bezpiecze\u0144stwa dziennikarzy i kwestii bezkarno\u015bci. Z ostr\u0105 i dobrze udokumentowan\u0105 retoryk\u0105 przedstawi\u0142 najnowsze raporty Organizacji:<\/span><\/p>\n<p> <span style=\"font-weight: 400;\">\u201eW latach 2022\u20132023 na ca\u0142ym \u015bwiecie zgin\u0119\u0142o 162 dziennikarzy i pracownik\u00f3w medi\u00f3w. To wzrost o 38% w por\u00f3wnaniu z poprzednim dwuleciem. Co jeszcze bardziej alarmuj\u0105ce: 86% tych przest\u0119pstw pozostaje nierozwi\u0105zanych\u201d.<\/span><\/p>\n<p> <span style=\"font-weight: 400;\">Wed\u0142ug Jelassiego najpilniejsz\u0105 kwesti\u0105 jest obecnie przyj\u0119cie \u201einstytucjonalnych mechanizm\u00f3w ochrony, kt\u00f3re nie ograniczaj\u0105 si\u0119 do okazjonalnych szkole\u0144, ale s\u0105 zintegrowane z krajowymi kulturami politycznymi\u201d. Jednocze\u015bnie pochwali\u0142 decyzj\u0119 Grecji o organizacji program\u00f3w instytucjonalnych i edukacyjnych, takich jak ICSJ, dodaj\u0105c:<\/span><\/p>\n<p> <span style=\"font-weight: 400;\">\u201eChwalimy ICSJ za przyw\u00f3dztwo w tej dziedzinie. Jego w\u0142\u0105czenie do UNESCO Global Repository of National Safety Mechanisms odzwierciedla silne zaanga\u017cowanie w krajowe i mi\u0119dzynarodowe standardy bezpiecze\u0144stwa dziennikarzy\u201d.<\/span><\/p>\n<p> <span style=\"font-weight: 400;\">W imieniu Organizacji Bezpiecze\u0144stwa i Wsp\u00f3\u0142pracy w Europie Jan Braathu, szef Misji na rzecz Wolno\u015bci Medi\u00f3w, wys\u0142a\u0142 jasny komunikat na rzecz zwi\u0119kszenia \u015bwiadomo\u015bci politycznej, dostrzegaj\u0105c narastaj\u0105ce zagro\u017cenia, z jakimi mierz\u0105 si\u0119 dziennikarze w pa\u0144stwach cz\u0142onkowskich OBWE:<\/span><\/p>\n<p> <span style=\"font-weight: 400;\">\u201eW ca\u0142ym regionie OBWE dziennikarze nadal spotykaj\u0105 si\u0119 z szeregiem zagro\u017ce\u0144: od atak\u00f3w i napa\u015bci podczas relacjonowania demonstracji po \u015brodki nadzoru i poni\u017caj\u0105ce kampanie maj\u0105ce na celu zdyskredytowanie ich roli\u201d.<\/span><\/p>\n<p> <span style=\"font-weight: 400;\">Braathu po\u0142o\u017cy\u0142 szczeg\u00f3lny nacisk na wsp\u00f3\u0142prac\u0119 instytucjonaln\u0105 z ICSJ, uznaj\u0105c jej znaczenie jako miejsca edukacji i symbolicznego filaru legitymizacji misji dziennikarskiej. Stwierdzi\u0142, \u017ce \u201ebezpiecze\u0144stwo dziennikarzy nie dotyczy tylko ich integralno\u015bci fizycznej. To kwestia odporno\u015bci demokratycznej\u201d, ko\u0144cz\u0105c:<\/span><\/p>\n<p> <span style=\"font-weight: 400;\">\u201eTylko bezpieczni dziennikarze mog\u0105 skutecznie przyczyni\u0107 si\u0119 do dostarczania informacji, kt\u00f3rych obywatele potrzebuj\u0105, aby uczestniczy\u0107 w rz\u0105dach demokratycznych\u201d.<\/span><\/p>\n<p> <span style=\"font-weight: 400;\">Szczeg\u00f3lnie interesuj\u0105ce by\u0142o o\u015bwiadczenie Tamary Vujovi\u0107, minister kultury i medi\u00f3w Czarnog\u00f3ry, kt\u00f3ra przy populacji poni\u017cej 650 000 ma ponad 200 aktywnych medi\u00f3w i \u017cyw\u0105, cho\u0107 cz\u0119sto spolaryzowan\u0105, sfer\u0119 publiczn\u0105. Pomimo przeszk\u00f3d strukturalnych i historycznych wyzwa\u0144 w regionie Ba\u0142kan\u00f3w Zachodnich minister podkre\u015bli\u0142a polityczn\u0105 wol\u0119 rz\u0105du, aby stworzy\u0107 instytucjonalnie gwarantowane \u015brodowisko bezpiecze\u0144stwa i niezale\u017cno\u015bci dla dziennikarzy.<\/span><\/p>\n<p> <span style=\"font-weight: 400;\">\u201eNie mo\u017cemy zmieni\u0107 wszystkich warunk\u00f3w, ale mo\u017cemy wsp\u00f3lnie zbudowa\u0107 system, kt\u00f3ry zapewni bezpiecze\u0144stwo tym, kt\u00f3rzy odwa\u017c\u0105 si\u0119 m\u00f3wi\u0107. Potrzebujemy instytucji, a nie tylko dobrych intencji\u201d <a href=\"https:\/\/www.amna.gr\/mobile\/article\/910906\/Thessaloniki-Apo-ton-kinduno-stin-Anthektikotita\u2014I-asfaleia-ton-dimosiografon-sto-epikentro-diethnous-sunedriou\" target=\"_blank\" rel=\"noopener\">(1)<\/a><\/span> <span style=\"font-weight: 400;\">.<\/span><\/p>\n<p> <span style=\"font-weight: 400;\">Minister podkre\u015bli\u0142 r\u00f3wnie\u017c znaczenie wsp\u00f3\u0142pracy transgranicznej i wsp\u00f3lnych europejskich narz\u0119dzi, wzmacniaj\u0105c przekonanie, \u017ce bezpiecze\u0144stwo dziennikarzy nie jest problemem wy\u0142\u0105cznie \u201ewielkich mocarstw\u201d lub stref wojennych, ale wsp\u00f3ln\u0105 kwesti\u0105 europejsk\u0105, kt\u00f3ra dotyczy r\u00f3wnie\u017c demokracji przej\u015bciowych \u2013 gdzie instytucje s\u0105 wystawiane na pr\u00f3b\u0119 ka\u017cdego dnia, a polityczna ochrona informacji nie jest czym\u015b oczywistym.<\/span><\/p>\n<p> <span style=\"font-weight: 400;\">Wsp\u00f3lnym mianownikiem interwencji by\u0142a potrzeba dost\u0119pu do wysokiej jako\u015bci, wiarygodnych danych w celu uzasadnienia interwencji, zniesienia bezkarno\u015bci i zbudowania polityki na solidnym gruncie. Na tej podstawie wsp\u00f3\u0142praca mi\u0119dzysektorowa i instytucjonalizacja odpowiedzialno\u015bci zosta\u0142y przedstawione nie jako \u201eambicja\u201d, ale jako konieczno\u015b\u0107.<\/span><\/p>\n<\/p>\n<h2> <b>Fotodziennikarstwo na linii frontu: trauma, odporno\u015b\u0107 i ludzka podatno\u015b\u0107 na zranienie<\/b><\/h2>\n<p> <span style=\"font-weight: 400;\">Jednym z najbardziej pami\u0119tnych moment\u00f3w konferencji by\u0142o publiczne dzielenie si\u0119 do\u015bwiadczeniami przez fotoreporter\u00f3w Lefterisa Pitarakisa i Kostasa Tsironisa. Dw\u00f3ch profesjonalist\u00f3w, z wieloletnim do\u015bwiadczeniem w strefach kryzysowych, od stref wojennych po obszary kl\u0119sk \u017cywio\u0142owych, da\u0142o wyraz temu, co cz\u0119sto pozostaje niewypowiedziane: psychologicznym konsekwencjom traumy zawodowej i cienkiej granicy mi\u0119dzy realizmem obiektywu a potrzeb\u0105 przetrwania osoby, kt\u00f3ra za nim stoi.<\/span><\/p>\n<p> <span style=\"font-weight: 400;\">Kostas Tsironis, fotoreporter ANA-MPA (Ateny, Agencja Prasowa Macedonii) odni\u00f3s\u0142 si\u0119 do \u201esytuacji dwubiegunowej\u201d mi\u0119dzy momentami adrenaliny podczas misji a powrotem do normalno\u015bci.<\/span> <span style=\"font-weight: 400;\">\u201eRelacjonujesz po\u017cary, kryzysy, ekstremalne wydarzenia&#8230; a potem wracasz do domu i jest tak, jakby nic si\u0119 nie wydarzy\u0142o. Ta zmiana mo\u017ce namiesza\u0107 w umy\u015ble\u201d.<\/span> <span style=\"font-weight: 400;\">Jego opis okresu kryzysu gospodarczego w Grecji by\u0142 g\u0142\u0119boko osobisty i ludzki, z punktem krytycznym za\u0142amania psychicznego, kt\u00f3ry przypomnia\u0142 mu, \u017ce<\/span> <span style=\"font-weight: 400;\">\u201eani alkohol, ani substytuty nie s\u0105 rozwi\u0105zaniem\u201d.<\/span> <span style=\"font-weight: 400;\">Zamiast tego, potrzebny jest \u201e<\/span> <span style=\"font-weight: 400;\">kto\u015b bliski, kto b\u0119dzie tam\u201d.<\/span> <span style=\"font-weight: 400;\">Jednocze\u015bnie realistycznie m\u00f3wi\u0142 o swoim pesymizmie dotycz\u0105cym perspektywy instytucjonalnego wsparcia ze strony odpowiednich zwi\u0105zk\u00f3w zawodowych, przyznaj\u0105c,<\/span> \u017ce przewa\u017ca <span style=\"font-weight: 400;\">\u201etwarda i oporna mentalno\u015b\u0107\u201d<\/span> <span style=\"font-weight: 400;\">, cz\u0119sto kosztem stanu psychicznego profesjonalist\u00f3w medi\u00f3w.<\/span> <\/p>\n<div id=\"attachment_16977\" class=\"wp-caption aligncenter\" style=\"width: 777px;\">\n<p><img loading=\"lazy\" decoding=\"async\" class=\"wp-image-16977 \" src=\"https:\/\/www.pulse-z.eu\/wp-content\/uploads\/2025\/06\/WhatsApp-Image-2025-06-16-at-16.03.35.jpeg\" sizes=\"auto, (max-width: 767px) 100vw, 767px\" srcset=\"https:\/\/www.pulse-z.eu\/wp-content\/uploads\/2025\/06\/WhatsApp-Image-2025-06-16-at-16.03.35.jpeg 1600w, https:\/\/www.pulse-z.eu\/wp-content\/uploads\/2025\/06\/WhatsApp-Image-2025-06-16-at-16.03.35-768x512.jpeg 768w, https:\/\/www.pulse-z.eu\/wp-content\/uploads\/2025\/06\/WhatsApp-Image-2025-06-16-at-16.03.35-1536x1023.jpeg 1536w\" alt=\"\" width=\"767\" height=\"511\" aria-describedby=\"caption-attachment-16977\" \/><\/p>\n<h6 id=\"caption-attachment-16977\" class=\"wp-caption-text\"> Panel: Frontline Frames: Znani fotoreporterzy o dokumentowaniu konflikt\u00f3w, kryzys\u00f3w i ludzkiej<br \/> Odporno\u015b\u0107<br \/> Moderator: Ilias Nikezis, Dyrektor Wykonawczy ICSJ<br \/> Prelegenci:<br \/> Lefteris Pitarakis, wideodziennikarz, The Associated Press<br \/> Kostas Tsironis, fotoreporter, Ate\u0144ska Macedo\u0144ska Agencja Informacyjna<br \/> \u00a9ICSJ<\/h6>\n<\/div>\n<p> <span style=\"font-weight: 400;\">W tym samym kontek\u015bcie Lefteris Pitarakis, fotoreporter i dziennikarz Associated Press, kt\u00f3ry ma do\u015bwiadczenie w strefach wojennych, takich jak Afganistan, Palestyna i Irak, opisa\u0142 potrzeb\u0119 \u015bwiadomego dystansowania si\u0119:<\/span> <span style=\"font-weight: 400;\">\u201eZa kamer\u0105 jest zaanga\u017cowanie zawodowe, a nie osobiste\u201d.<\/span> <span style=\"font-weight: 400;\">Niemniej jednak przyzna\u0142, \u017ce presja psychiczna jest sta\u0142a i \u017ce wielu koleg\u00f3w ucieka si\u0119 do substancji, aby poradzi\u0107 sobie z traum\u0105: \u201eNie potrzebujesz whisky, potrzebujesz wody i kogo\u015b, kto b\u0119dzie przy tobie\u201d. R\u00f3wnie znacz\u0105ce by\u0142o jego odniesienie do Centrum Dziennikarstwa i Traumy DART, podkre\u015blaj\u0105c potrzeb\u0119 w\u0142\u0105czenia takich praktyk zdrowia psychicznego do bardziej instytucjonalnych i krajowych ram.<\/span><\/p>\n<p> <span style=\"font-weight: 400;\">Ostatecznie obie interwencje zbieg\u0142y si\u0119 w jednej istotnej prawdzie: pierwszym krokiem w radzeniu sobie z traum\u0105 nie jest leczenie, ale obecno\u015b\u0107, po prostu bycie tam. Humanitarne, nieozdobione i niezb\u0119dne przypomnienie<\/span><\/p>\n<h2> <b>Seminarium przetrwania dla dziennikarzy<\/b><\/h2>\n<p> <span style=\"font-weight: 400;\">Spo\u015br\u00f3d praktycznych warsztat\u00f3w, kt\u00f3re wyr\u00f3\u017cnia\u0142y si\u0119 na konferencji, seminarium First Aid dla dziennikarzy terenowych by\u0142o jedn\u0105 z najbardziej bezpo\u015brednich i u\u017cytecznych interwencji. Zaprojektowane tak, aby sprosta\u0107 rzeczywistym potrzebom reporter\u00f3w relacjonuj\u0105cych protesty, strefy wojenne lub kl\u0119ski \u017cywio\u0142owe, seminarium oferowa\u0142o podstawow\u0105, ale krytyczn\u0105 wiedz\u0119 na temat radzenia sobie z sytuacjami awaryjnymi.<\/span><\/p>\n<p> <span style=\"font-weight: 400;\">Uczestnicy zostali przeszkoleni w zakresie umiej\u0119tno\u015bci, takich jak leczenie uraz\u00f3w, wykonywanie resuscytacji kr\u0105\u017ceniowo-oddechowej, rozpoznawanie krytycznych objaw\u00f3w i bezpieczny transport os\u00f3b poszkodowanych, poprzez realistyczne scenariusze i symulacje na miejscu. Wi\u0119kszo\u015b\u0107 uczestnik\u00f3w opisa\u0142a do\u015bwiadczenie jako \u201ejedno z najbardziej znacz\u0105cych i niezb\u0119dnych, jakie kiedykolwiek mieli\u015bmy\u201d, podczas gdy kilku zauwa\u017cy\u0142o, \u017ce tego typu praktyczne szkolenie powinno by\u0107 obowi\u0105zkowe w programach kszta\u0142cenia dziennikarskiego, a tak\u017ce w wytycznych redakcyjnych medi\u00f3w.<\/span><\/p>\n<p> <span style=\"font-weight: 400;\">Warsztaty wzmocni\u0142y filozofi\u0119 konferencji, zgodnie z kt\u00f3r\u0105 bezpiecze\u0144stwo to nie tylko kwestia instytucjonalna czy techniczna, ale tak\u017ce kwestia codziennego przygotowania, przetrwania i kole\u017ce\u0144stwa w terenie.<\/span> <\/p>\n<div id=\"attachment_16849\" class=\"wp-caption aligncenter\" style=\"width: 720px;\">\n<p><img loading=\"lazy\" decoding=\"async\" class=\" wp-image-16849\" src=\"https:\/\/www.pulse-z.eu\/wp-content\/uploads\/2025\/06\/ICSJ_2025_37-scaled.jpg\" sizes=\"auto, (max-width: 710px) 100vw, 710px\" srcset=\"https:\/\/www.pulse-z.eu\/wp-content\/uploads\/2025\/06\/ICSJ_2025_37-scaled.jpg 2560w, https:\/\/www.pulse-z.eu\/wp-content\/uploads\/2025\/06\/ICSJ_2025_37-768x512.jpg 768w, https:\/\/www.pulse-z.eu\/wp-content\/uploads\/2025\/06\/ICSJ_2025_37-1536x1024.jpg 1536w, https:\/\/www.pulse-z.eu\/wp-content\/uploads\/2025\/06\/ICSJ_2025_37-2048x1365.jpg 2048w\" alt=\"\" width=\"710\" height=\"473\" aria-describedby=\"caption-attachment-16849\" \/><\/p>\n<h6 id=\"caption-attachment-16849\" class=\"wp-caption-text\"> \u00a9ICSJ<\/h6>\n<\/div>\n<h2> <b>Zalecenia polityczne i dzie\u0144 po<\/b><\/h2>\n<p> <span style=\"font-weight: 400;\">Pod koniec konferencji sta\u0142o si\u0119 jasne, \u017ce ochrona dziennikarzy nie mo\u017ce ogranicza\u0107 si\u0119 do dzia\u0142a\u0144 rzeczniczych, ale wymaga strukturalnych interwencji, ram wsp\u00f3\u0142pracy i odpowiedzialno\u015bci politycznej, aby bezpiecze\u0144stwo by\u0142o zinstytucjonalizowane i wdra\u017cane w praktyce, nie jako wyj\u0105tek, lecz jako regu\u0142a.<\/span><\/p>\n<p> <span style=\"font-weight: 400;\">Jak zauwa\u017cy\u0142 Nikos Panagiotou, szef ICSJ,<\/span> <span style=\"font-weight: 400;\">\u201eta konferencja oznacza przej\u015bcie od akademickiego rejestrowania do praktycznego wsp\u00f3\u0142tworzenia rozwi\u0105za\u0144. ICSJ to nie tylko centrum badawcze, to pole konwergencji, interwencji i opieki nad tymi, kt\u00f3rzy s\u0105 na pierwszej linii informacji\u201d.<\/span> <span style=\"font-weight: 400;\">Podkre\u015bli\u0142, \u017ce mi\u0119dzysektorowe uczestnictwo i sojusze, kt\u00f3re si\u0119 pojawi\u0142y,<\/span> <span style=\"font-weight: 400;\">\u201etoruj\u0105 drog\u0119 do tworzenia narz\u0119dzi instytucjonalnych, zar\u00f3wno w obr\u0119bie granic, jak i poza nimi\u201d.<\/span> <span style=\"font-weight: 400;\">Jednocze\u015bnie wsp\u00f3\u0142praca ze stowarzyszeniami dziennikarskimi, instytucjami akademickimi i organizacjami pozarz\u0105dowymi stanowi drugi filar interwencji. Konkretne propozycje dotycz\u0105:<\/span><\/p>\n<ul>\n<li style=\"font-weight: 400;\"> <span style=\"font-weight: 400;\">Integracja modu\u0142\u00f3w szkoleniowych z zakresu bezpiecze\u0144stwa z kszta\u0142ceniem wy\u017cszym<\/span><\/li>\n<li style=\"font-weight: 400;\"> <span style=\"font-weight: 400;\">Tworzenie wsp\u00f3lnych sieci wsparcia prawnego dla dziennikarzy nara\u017conych na ryzyko<\/span><\/li>\n<li style=\"font-weight: 400;\"> <span style=\"font-weight: 400;\">Ustanowienie wewn\u0119trznych protoko\u0142\u00f3w bezpiecze\u0144stwa w zespo\u0142ach redakcyjnych i organizacjach informacyjnych.<\/span><\/li>\n<\/ul>\n<p> <span style=\"font-weight: 400;\">Kluczowym czynnikiem jest aktywne uczestnictwo m\u0142odszego pokolenia, kt\u00f3re by\u0142o postrzegane nie tylko jako moralny obowi\u0105zek, ale tak\u017ce jako praktyczny klucz do innowacji. M\u0142odsi dziennikarze uczestniczyli w interaktywnych warsztatach i procesach wsp\u00f3\u0142tworzenia, proponuj\u0105c mi\u0119dzy innymi cyfrowe narz\u0119dzia ostrzegawcze w przypadku ataku lub nadzoru, a tak\u017ce kampanie informacyjne typu peer-to-peer w mediach spo\u0142eczno\u015bciowych.<\/span><\/p>\n<p> <span style=\"font-weight: 400;\">Jak trafnie zauwa\u017cy\u0142 ambasador Jan Braathu (OBWE),<\/span> <span style=\"font-weight: 400;\">\u201etylko bezpieczni dziennikarze mog\u0105 s\u0142u\u017cy\u0107 demokracji. Bezpiecze\u0144stwo jest warunkiem wst\u0119pnym, a nie przywilejem\u201d.<\/span><\/p>\n<p> <span style=\"font-weight: 400;\">Dyskusja na temat utworzenia paneuropejskiego mechanizmu monitorowania ryzyka zosta\u0142a przedstawiona na stole przez przedstawicieli organizacji mi\u0119dzynarodowych i oczekuje si\u0119, \u017ce zostanie wznowiona na nast\u0119pnej konferencji. Obrady zako\u0144czy\u0142y si\u0119 wsp\u00f3lnym zrozumieniem, \u017ce zbiorowe zaanga\u017cowanie mo\u017cna prze\u0142o\u017cy\u0107 na konkretne, mo\u017cliwe do wdro\u017cenia polityki.<\/span><\/p>\n<p> Odno\u015bniki:<\/p>\n<ul>\n<li class=\"p1\"> Ateno-Macedo\u0144ska Agencja Informacyjna. (2025, 14 czerwca). \u0398\u03b5\u03c3\u03c3\u03b1\u03bb\u03bf\u03bd\u03af\u03ba\u03b7: \u00ab\u0391\u03c0\u03cc \u03c4\u03bf\u03bd \u03ba\u03af\u03bd\u03b4\u03c5\u03bd\u03bf \u03c3\u03c4\u03b7\u03bd \u0391\u03bd\u03b8\u03b5\u03ba\u03c4\u03b9\u03ba\u03cc\u03c4\u03b7\u03c4\u03b1\u00bb \u2013 \u0397 \u03b1\u03c3\u03c6\u03ac\u03bb\u03b5\u03b9\u03b1 \u03c4\u03c9\u03bd \u03b4\u03b7\u03bc\u03bf\u03c3\u03b9\u03bf\u03b3\u03c1\u03ac\u03c6\u03c9\u03bd \u03c3\u03c4\u03bf \u03b5\u03c0\u03af\u03ba\u03b5\u03bd\u03c4\u03c1\u03bf \u03b4\u03b9\u03b5\u03b8\u03bd\u03bf\u03cd\u03c2 \u03c3\u03c5\u03bd\u03b5\u03b4\u03c1\u03af\u03bf\u03c5. https:\/\/www.amna.gr\/mobile\/article\/910906\/Thessaloniki-Apo-ton-kinduno-stin-Anthektikotita\u2014I-asfaleia-ton-dimosiografon-sto-epicentro-diethnous-sunedriou<\/li>\n<li> <span style=\"font-weight: 400;\">ICSJ, Ostateczna agenda konferencji \u201eOd ryzyka do odporno\u015bci: podej\u015bcie multidyscyplinarne\u201d<\/span> <a href=\"https:\/\/www.pulse-z.eu\/wp-content\/uploads\/2025\/06\/SAFETY-Agenda-FINAL-12.pdf\">Agenda BEZPIECZE\u0143STWA KO\u0143COWA 12<\/a><\/li>\n<\/ul>\n","protected":false},"excerpt":{"rendered":"<p>\u00a9ICSJ Stawka wolno\u015bci prasy w 2025 r. Faktem jest, \u017ce wolno\u015b\u0107 prasy jest testowana na wiele sposob\u00f3w na arenie mi\u0119dzynarodowej, od fizycznych atak\u00f3w na dziennikarzy na ulicy po SLAPPS (Strategic Lawsuits Against Public Participation) i [&hellip;]<\/p>\n","protected":false},"author":355,"featured_media":19832,"comment_status":"closed","ping_status":"closed","sticky":false,"template":"","format":"standard","meta":{"_acf_changed":false,"footnotes":""},"categories":[647],"tags":[1468,1469,1470,1471,1472,1473,1474,1475,1476,1477,1478,1479,1480,1481,1482,1483,1484,1485],"post_formats":[655],"coauthors":[],"class_list":["post-16903","post","type-post","status-publish","format-standard","has-post-thumbnail","hentry","category-laczac-kropki","tag-digital-threats-pl","tag-freedom-of-expression-pl","tag-icsj-pl","tag-international-cooperation-pl","tag-journalist-safety-pl","tag-journalist-wellbeing-pl","tag-media-education-pl","tag-media-policy-pl","tag-media-resilience-pl","tag-newsroom-protocols-pl","tag-osce-pl","tag-photojournalism-pl","tag-press-freedom-pl","tag-public-interest-journalism-pl","tag-slapps-pl","tag-thessaloniki-conference-pl","tag-trauma-journalism-pl","tag-unesco-pl","post_formats-artykuly"],"acf":[],"_links":{"self":[{"href":"https:\/\/www.pulse-z.eu\/pl\/wp-json\/wp\/v2\/posts\/16903","targetHints":{"allow":["GET"]}}],"collection":[{"href":"https:\/\/www.pulse-z.eu\/pl\/wp-json\/wp\/v2\/posts"}],"about":[{"href":"https:\/\/www.pulse-z.eu\/pl\/wp-json\/wp\/v2\/types\/post"}],"author":[{"embeddable":true,"href":"https:\/\/www.pulse-z.eu\/pl\/wp-json\/wp\/v2\/users\/355"}],"replies":[{"embeddable":true,"href":"https:\/\/www.pulse-z.eu\/pl\/wp-json\/wp\/v2\/comments?post=16903"}],"version-history":[{"count":73,"href":"https:\/\/www.pulse-z.eu\/pl\/wp-json\/wp\/v2\/posts\/16903\/revisions"}],"predecessor-version":[{"id":24880,"href":"https:\/\/www.pulse-z.eu\/pl\/wp-json\/wp\/v2\/posts\/16903\/revisions\/24880"}],"wp:featuredmedia":[{"embeddable":true,"href":"https:\/\/www.pulse-z.eu\/pl\/wp-json\/wp\/v2\/media\/19832"}],"wp:attachment":[{"href":"https:\/\/www.pulse-z.eu\/pl\/wp-json\/wp\/v2\/media?parent=16903"}],"wp:term":[{"taxonomy":"category","embeddable":true,"href":"https:\/\/www.pulse-z.eu\/pl\/wp-json\/wp\/v2\/categories?post=16903"},{"taxonomy":"post_tag","embeddable":true,"href":"https:\/\/www.pulse-z.eu\/pl\/wp-json\/wp\/v2\/tags?post=16903"},{"taxonomy":"post_formats","embeddable":true,"href":"https:\/\/www.pulse-z.eu\/pl\/wp-json\/wp\/v2\/post_formats?post=16903"},{"taxonomy":"author","embeddable":true,"href":"https:\/\/www.pulse-z.eu\/pl\/wp-json\/wp\/v2\/coauthors?post=16903"}],"curies":[{"name":"wp","href":"https:\/\/api.w.org\/{rel}","templated":true}]}}