{"id":92934,"date":"2025-07-04T14:37:25","date_gmt":"2025-07-04T14:37:25","guid":{"rendered":"https:\/\/www.pulse-z.eu\/che-cosa-sono-le-politiche-di-coesione-europee-e-cosa-centrano-con-il-piano-di-riarmo\/"},"modified":"2026-03-24T11:34:07","modified_gmt":"2026-03-24T11:34:07","slug":"wat-zijn-de-europese-cohesiebeleidsmaatregelen-en-wat-hebben-die-te-maken-met-het-herbewapeningsplan","status":"publish","type":"post","link":"https:\/\/www.pulse-z.eu\/nl\/wat-zijn-de-europese-cohesiebeleidsmaatregelen-en-wat-hebben-die-te-maken-met-het-herbewapeningsplan\/","title":{"rendered":"Wat zijn de Europese cohesiebeleidsmaatregelen en wat hebben die te maken met het herbewapeningsplan?"},"content":{"rendered":"\n<p>Artikel door Annalisa Girardi \u2013 Journalist, Fanpage.it<\/p>\n<p> <a href=\"https:\/\/www.fanpage.it\/politica\/cosa-sono-le-politiche-di-coesione-dellue-gli-obiettivi-e-come-vengono-finanziati-i-fondi\/\" target=\"_blank\" rel=\"noopener\">Cohesiefondsen<\/a> vormen een van de belangrijkste financieringskanalen voor Europees beleid. De voorzitter van de Europese Commissie, Ursula von der Leyen, heeft ze de afgelopen weken genoemd en gesuggereerd dit instrument als integraal onderdeel van het <a href=\"https:\/\/www.fanpage.it\/esteri\/von-der-leyen-presenta-il-piano-rearmeu-per-la-difesa-europea-il-tempo-delle-illusioni-e-finito\/\" target=\"_blank\" rel=\"noopener\">RearmEU<\/a> -plan te gebruiken. Dit idee valt echter niet in goede aarde bij Itali\u00eb: &quot;We zijn niet van plan ook maar \u00e9\u00e9n euro uit de cohesiefondsen voor defensie te halen&quot;, zei Giorgia Meloni in het parlement voorafgaand aan de Europese Raad.<\/p>\n<p> Maar laten we de cohesiefondsen eens nader bekijken. <a href=\"https:\/\/www.europarl.europa.eu\/factsheets\/it\/sheet\/96\/fondo-di-coesione\" target=\"_blank\" rel=\"noopener\">Zoals het Europees Parlement uitlegt<\/a> , zijn de cohesiefondsen in het leven geroepen &quot; <em>met als doel de economische, sociale en territoriale cohesie van de Europese Unie te versterken en zo duurzame ontwikkeling te bevorderen<\/em> &quot;. In de periode 2021-2027 worden de volgende doelstellingen ondersteund:<\/p>\n<ul>\n<li> investeringen in milieukwesties, waaronder in sectoren die verband houden met duurzame ontwikkeling en energie en die voordelen voor het milieu opleveren;<\/li>\n<li> Trans-Europese netwerken met betrekking tot transportinfrastructuur;<\/li>\n<li> technische assistentie.<\/li>\n<\/ul>\n<p> Cohesiefondsen worden gebruikt om diverse programma&#39;s te financieren en worden beheerd door zowel de Commissie als de nationale en regionale autoriteiten van de lidstaten.<\/p>\n<p>Samenvattend zijn <a href=\"https:\/\/opencoesione.gov.it\/it\/politica_coesione\/#:~:text=La%20politica%20di%20coesione%20ha,e%20le%20persone%20pi%C3%B9%20fragili.\" target=\"_blank\" rel=\"noopener\">cohesiebeleidsmaatregelen<\/a> erop gericht <strong>de kloof en de ongelijkheid tussen Europese gebieden en regio&#39;s te verkleinen<\/strong> , met name in minder ontwikkelde gebieden, en zo de economische en sociale ontwikkelingskansen voor de meest kwetsbare gemeenschappen te vergroten. Al deze beleidsmaatregelen worden gefinancierd door structuurfondsen, <a href=\"https:\/\/politichecoesione.governo.it\/it\/politica-di-coesione\/i-fondi-della-politica-di-coesione\/\" target=\"_blank\" rel=\"noopener\">waarvan er drie hoofdtypen zijn<\/a> :<\/p>\n<ul>\n<li> Het <strong>Europees Fonds voor Regionale Ontwikkeling (EFRO)<\/strong> is het belangrijkste financi\u00eble instrument voor het bevorderen van economische groei en werkgelegenheid in Europese regio&#39;s en voor het verminderen van ontwikkelingsverschillen en -onevenwichtigheden.<\/li>\n<li> Het <strong>Europees Sociaal Fonds (ESF)<\/strong> , dat als hoofddoel heeft de lidstaten te ondersteunen bij het bereiken van een hoog en adequaat niveau van gekwalificeerde en veerkrachtige werkgelegenheid en een eerlijke en inclusieve sociale bescherming, en zo bij te dragen aan de prioriteiten van de Unie;<\/li>\n<li> Het <strong>Just Transition Fund (JTF)<\/strong> ondersteunt investeringen voor een eerlijke en duurzame transitie naar een klimaatneutrale economie van de Europese Unie in 2050.<\/li>\n<\/ul>\n<p> Bij de presentatie van het herbewapeningsplan noemde president Von der Leyen het gebruik van cohesiefondsen als een van de verschillende instrumenten om de defensie-uitgaven te financieren. Verschillende landen hebben hier echter hun twijfels over, waaronder Itali\u00eb.<\/p>\n","protected":false},"excerpt":{"rendered":"<p>Artikel door Annalisa Girardi \u2013 Journalist, Fanpage.it Cohesiefondsen vormen een van de belangrijkste financieringskanalen voor Europees beleid. De voorzitter van de Europese Commissie, Ursula von der Leyen, heeft ze de afgelopen weken genoemd en gesuggereerd [&hellip;]<\/p>\n","protected":false},"author":173,"featured_media":0,"comment_status":"closed","ping_status":"closed","sticky":false,"template":"","format":"standard","meta":{"_acf_changed":false,"footnotes":""},"categories":[690],"tags":[871,5871,27596,27597,3960,3361,27598,27599,27600,3963],"post_formats":[636],"coauthors":[3918],"class_list":["post-92934","post","type-post","status-publish","format-standard","hentry","category-actualiteit","tag-eu-nl","tag-european-parliament-nl","tag-european-regional-development-fund","tag-european-social-fund","tag-giorgia-meloni-nl","tag-italy-nl","tag-just-transition-fund","tag-politiche-di-coesione","tag-rearmeu","tag-ursula-von-der-leyen-nl","post_formats-artikelen"],"acf":[],"_links":{"self":[{"href":"https:\/\/www.pulse-z.eu\/nl\/wp-json\/wp\/v2\/posts\/92934","targetHints":{"allow":["GET"]}}],"collection":[{"href":"https:\/\/www.pulse-z.eu\/nl\/wp-json\/wp\/v2\/posts"}],"about":[{"href":"https:\/\/www.pulse-z.eu\/nl\/wp-json\/wp\/v2\/types\/post"}],"author":[{"embeddable":true,"href":"https:\/\/www.pulse-z.eu\/nl\/wp-json\/wp\/v2\/users\/173"}],"replies":[{"embeddable":true,"href":"https:\/\/www.pulse-z.eu\/nl\/wp-json\/wp\/v2\/comments?post=92934"}],"version-history":[{"count":8,"href":"https:\/\/www.pulse-z.eu\/nl\/wp-json\/wp\/v2\/posts\/92934\/revisions"}],"predecessor-version":[{"id":92984,"href":"https:\/\/www.pulse-z.eu\/nl\/wp-json\/wp\/v2\/posts\/92934\/revisions\/92984"}],"wp:attachment":[{"href":"https:\/\/www.pulse-z.eu\/nl\/wp-json\/wp\/v2\/media?parent=92934"}],"wp:term":[{"taxonomy":"category","embeddable":true,"href":"https:\/\/www.pulse-z.eu\/nl\/wp-json\/wp\/v2\/categories?post=92934"},{"taxonomy":"post_tag","embeddable":true,"href":"https:\/\/www.pulse-z.eu\/nl\/wp-json\/wp\/v2\/tags?post=92934"},{"taxonomy":"post_formats","embeddable":true,"href":"https:\/\/www.pulse-z.eu\/nl\/wp-json\/wp\/v2\/post_formats?post=92934"},{"taxonomy":"author","embeddable":true,"href":"https:\/\/www.pulse-z.eu\/nl\/wp-json\/wp\/v2\/coauthors?post=92934"}],"curies":[{"name":"wp","href":"https:\/\/api.w.org\/{rel}","templated":true}]}}