{"id":86902,"date":"2026-03-08T08:00:01","date_gmt":"2026-03-08T08:00:01","guid":{"rendered":"https:\/\/www.pulse-z.eu\/two-eu-countries-still-deny-women-the-right-to-choose\/"},"modified":"2026-03-08T08:00:44","modified_gmt":"2026-03-08T08:00:44","slug":"twee-eu-landen-ontzeggen-vrouwen-nog-steeds-het-recht-om-zelf-te-kiezen","status":"publish","type":"post","link":"https:\/\/www.pulse-z.eu\/nl\/twee-eu-landen-ontzeggen-vrouwen-nog-steeds-het-recht-om-zelf-te-kiezen\/","title":{"rendered":"Twee EU-landen ontzeggen vrouwen nog steeds het recht om zelf te kiezen."},"content":{"rendered":"\n<p><span style=\"font-weight: 400\">Als je het grotere geheel bekijkt<\/span> <span style=\"font-weight: 400\">, zou je denken dat vrouwenrechten, en dan<\/span> <span style=\"font-weight: 400\">met name<\/span><a href=\"https:\/\/reproductiverights.org\/europe-abortion-laws-2025\/\" target=\"_blank\" rel=\"noopener\"><span style=\"font-weight: 400\">het recht op abortus<\/span><\/a> , centraal staan \u200b\u200bin de <a href=\"https:\/\/european-union.europa.eu\/principles-countries-history\/principles-and-values\/aims-and-values_en\" target=\"_blank\" rel=\"noopener\"><span style=\"font-weight: 400\">Europese waarden<\/span><\/a> . <span style=\"font-weight: 400\">Gelijkheid tussen mannen en vrouwen is immers een van de grondbeginselen van de Europese Unie, vastgelegd in het<\/span> <a href=\"https:\/\/european-union.europa.eu\/index_en\" target=\"_blank\" rel=\"noopener\"><span style=\"font-weight: 400\">Verdrag<\/span><\/a> <a href=\"https:\/\/eur-lex.europa.eu\/EN\/legal-content\/glossary\/equality-between-women-and-men.html\" target=\"_blank\" rel=\"noopener\"><span style=\"font-weight: 400\">van Rome uit 1957.<\/span><\/a> Toch sluiten twee EU-lidstaten, <a href=\"https:\/\/reproductiverights.org\/news\/one-year-on-poland-has-yet-to-act-on-un-recommendations-for-abortion-law-reform\/\" target=\"_blank\" rel=\"noopener\"><span style=\"font-weight: 400\">Polen<\/span><\/a> <span style=\"font-weight: 400\">en<\/span> <a href=\"https:\/\/reproductiverights.org\/news\/maltas-amended-abortion-law-will-not-protect-womens-health-and-lives\/\" target=\"_blank\" rel=\"noopener\"><span style=\"font-weight: 400\">Malta,<\/span><\/a> <span style=\"font-weight: 400\">vandaag, 8 maart 2026,<\/span> <a href=\"https:\/\/www.internationalwomensday.com\/\" target=\"_blank\" rel=\"noopener\"><span style=\"font-weight: 400\">Internationale Vrouwendag<\/span><\/a> <span style=\"font-weight: 400\">, al lange tijd hun ogen voor abortus.<\/span><span style=\"font-weight: 400\">\u00a0<\/span><\/p>\n<p><span style=\"font-weight: 400\">De Europese Unie is trots op haar bindende juridische instrumenten waaraan de lidstaten zich moeten houden.<\/span> <a href=\"https:\/\/www.europarl.europa.eu\/ftu\/pdf\/en\/FTU_4.1.2.pdf\" target=\"_blank\" rel=\"noopener\"><span style=\"font-weight: 400\">Artikel 2<\/span><\/a> <span style=\"font-weight: 400\">van het Verdrag betreffende de Europese Unie noemt gelijkheid als een pijlerwaarde.<\/span> <a href=\"https:\/\/fra.europa.eu\/en\/eu-charter\/article\/3-right-integrity-person\" target=\"_blank\" rel=\"noopener\"><span style=\"font-weight: 400\">Artikel 3<\/span><\/a> <span style=\"font-weight: 400\">van het Handvest van de grondrechten garandeert het recht op lichamelijke integriteit. De<\/span> <a href=\"https:\/\/equineteurope.org\/wp-content\/uploads\/2025\/10\/EU-202-2030-Gender-Equality-Strategy-Consultation.pdf\" target=\"_blank\" rel=\"noopener\"><span style=\"font-weight: 400\">EU-strategie voor gendergelijkheid 2026-2030<\/span><\/a> <span style=\"font-weight: 400\">is ontwikkeld om de actie op het gebied van vrouwenrechten te versnellen.<\/span><\/p>\n<p> De <a href=\"https:\/\/equineteurope.org\/wp-content\/uploads\/2025\/10\/EU-202-2030-Gender-Equality-Strategy-Consultation.pdf\" target=\"_blank\" rel=\"noopener\"><span style=\"font-weight: 400\">strategie zelf<\/span><\/a> <span style=\"font-weight: 400\">erkent<\/span> <span style=\"font-weight: 400\">echter<\/span> <i><span style=\"font-weight: 400\">&quot;belemmeringen voor anticonceptie en beperkingen op veilige, legale abortus, zelfs binnen sommige EU-lidstaten&quot;.<\/span><\/i> <span style=\"font-weight: 400\">Binnen de eigen grenzen<\/span> wordt <a href=\"https:\/\/secure.avaaz.org\/campaign\/en\/my_voice_my_choice_1_0\/?fpla\" target=\"_blank\" rel=\"noopener\"><span style=\"font-weight: 400\">miljoenen vrouwen<\/span><\/a> <span style=\"font-weight: 400\">het recht ontzegd om te kiezen wat er met hun lichaam gebeurt.<\/span><\/p>\n<p> <span style=\"font-weight: 400\">Hoewel de abortuswetgeving grotendeels onder de bevoegdheid van de individuele lidstaten valt, kan de EU politieke druk uitoefenen en gelijkheidsnormen vaststellen. Er bestaat echter nog steeds een spanning tussen nationaal strafrecht en gedeelde Europese waarden, die de basis vormen van het huidige debat.<\/span><\/p>\n<p><span style=\"font-weight: 400\">Als we eerst naar het grotere plaatje kijken, zoals internationale normen op het gebied van gezondheid en mensenrechten, beschouwen ze abortus in de eerste plaats als<\/span> <a href=\"https:\/\/www.amnesty.org\/en\/what-we-do\/sexual-and-reproductive-rights\/abortion-facts\/\" target=\"_blank\" rel=\"noopener\"><span style=\"font-weight: 400\">gezondheidszorg en lichamelijke autonomie<\/span><\/a> <span style=\"font-weight: 400\">, en niet als moord.<\/span><\/p>\n<p> <span style=\"font-weight: 400\">De<\/span><a href=\"https:\/\/www.who.int\/news-room\/fact-sheets\/detail\/abortion\" target=\"_blank\" rel=\"noopener\"><span style=\"font-weight: 400\">Wereldgezondheidsorganisatie<\/span><\/a> <span style=\"font-weight: 400\">beschouwt abortus als een essentieel onderdeel van seksuele en reproductieve gezondheidszorg en<\/span> <a href=\"https:\/\/srhr.org\/abortioncare\/chapter-2\/recommendations-relating-to-regulation-of-abortion-2-2\/law-policy-recommendation-3-gestational-age-limits-2-2-3\/\" target=\"_blank\" rel=\"noopener\"><span style=\"font-weight: 400\">adviseert<\/span><\/a> <span style=\"font-weight: 400\">tegen wetten die abortus uitsluitend verbieden op basis van<\/span> <a href=\"https:\/\/ec.europa.eu\/eurostat\/statistics-explained\/SEPDF\/cache\/7754.pdf\" target=\"_blank\" rel=\"noopener\"><span style=\"font-weight: 400\">de zwangerschapsduur<\/span><\/a> <span style=\"font-weight: 400\">, omdat dergelijke beperkingen de toegang vertragen en de schade vergroten in plaats van &quot;het leven te beschermen&quot;.<\/span><\/p>\n<p> <span style=\"font-weight: 400\">Ook de<\/span> <span style=\"font-weight: 400\">verdragsorganen<\/span> <a href=\"https:\/\/www.un.org\/development\/desa\/pd\/sites\/www.un.org.development.desa.pd\/files\/undesa_pd_2017_abortion_laws_policies_country_profiles.pdf\" target=\"_blank\" rel=\"noopener\"><span style=\"font-weight: 400\">van de Verenigde Naties,<\/span><\/a> zoals het <a href=\"https:\/\/www.who.int\/publications\/i\/item\/9789240039483\" target=\"_blank\" rel=\"noopener\"><span style=\"font-weight: 400\">Comit\u00e9 voor de Mensenrechten<\/span><\/a> <span style=\"font-weight: 400\">, waarschuwen tegen het criminaliseren van mensen vanwege het be\u00ebindigen van een zwangerschap en benadrukken de plicht van landen om het leven en de gezondheid van vrouwen te beschermen en het lijden te voorkomen dat wordt veroorzaakt door een gedwongen voortzetting van een zwangerschap.<\/span><\/p>\n<p> <span style=\"font-weight: 400\">Tegelijkertijd erkent de WHO dat het type zorg en de mate van ondersteuning vaak veranderen met de zwangerschapsduur. De WHO merkt bijvoorbeeld op dat een zelf uitgevoerde medische abortus veilig en effectief kan zijn bij een zwangerschapsduur<\/span> <a href=\"https:\/\/cdn.who.int\/media\/docs\/default-source\/reproductive-health\/abortion\/summary-chart-medical-management-abortion.pdf?sfvrsn=c735d28a_3\" target=\"_blank\" rel=\"noopener\"><span style=\"font-weight: 400\">van minder dan 12 weken<\/span><\/a> <span style=\"font-weight: 400\">, mits er toegang is tot accurate informatie en ondersteuning indien nodig.<\/span><\/p>\n<p> <span style=\"font-weight: 400\">Simpel gezegd begrijpen al deze internationale organisaties dat het antwoord niet moet liggen in het &#039;straffen&#039; van vrouwen, maar in het garanderen van veilige medische zorg, waardigheid en keuzevrijheid voor alle vrouwen, vooral wanneer zij worden beperkt en gedwongen een abortus te ondergaan met behulp van onveilige methoden.<\/span><\/p>\n<p><span style=\"font-weight: 400\">Ondanks de duidelijke internationale consensus dat abortus een vorm van gezondheidszorg is, vormen Polen en Malta binnen de EU een uitzondering als het om abortus gaat. Hoe komt dat? Beide landen hechten bijvoorbeeld veel waarde aan religie; ze delen een sterke band met het katholieke geloof, waarbij<\/span> <a href=\"https:\/\/timesofmalta.com\/article\/90-caucasian-83-roman-catholic-malta-census-statistics-released.1014045\" target=\"_blank\" rel=\"noopener\"><span style=\"font-weight: 400\">83%<\/span><\/a> <span style=\"font-weight: 400\">van de Maltese en<\/span> <a href=\"https:\/\/oko.press\/spis-powszechny-katolicy\" target=\"_blank\" rel=\"noopener\"><span style=\"font-weight: 400\">71%<\/span><\/a> <span style=\"font-weight: 400\">van de Poolse burgers zich als rooms-katholiek identificeert.<\/span><\/p>\n<p> <span style=\"font-weight: 400\">Deze band tussen mens en kerk is wat de Poolse en Maltese samenlevingen tot op de dag van vandaag vormgeeft, met name wat betreft gezinsgerichte waarden, die de mening van burgers over abortus be\u00efnvloeden. Ondanks actieve pro-choice-bewegingen blijven de meeste van deze samenlevingen sceptisch. Bijna<\/span> <a href=\"https:\/\/www.maltatoday.com.mt\/news\/data_and_surveys\/118089\/maltatoday_survey_malta_anti_abortion_nation_but_opinion_is_shifting\" target=\"_blank\" rel=\"noopener\"><span style=\"font-weight: 400\">62%<\/span><\/a> <span style=\"font-weight: 400\">van de Maltezers en<\/span> <a href=\"https:\/\/cbos.pl\/SPISKOM.POL\/2024\/K_020_24.PDF\" target=\"_blank\" rel=\"noopener\"><span style=\"font-weight: 400\">63%<\/span><\/a> <span style=\"font-weight: 400\">van de Polen is tegen volledige liberalisering van de abortuswetgeving.<\/span><\/p>\n<p> <span style=\"font-weight: 400\">Ondanks vergelijkbare opvattingen lijkt de juridische situatie voor Poolse vrouwen enigszins gunstig. Er bestaat geen wet die zelfge\u00efnduceerde medische abortus direct strafbaar stelt.<\/span><\/p>\n<p> <span style=\"font-weight: 400\">Hoewel abortuspillen niet bij de plaatselijke apotheek verkrijgbaar zijn, kunnen ze wel vanuit het buitenland worden besteld via activistische netwerken, zoals<\/span> <a href=\"https:\/\/womenhelp.org\/\" target=\"_blank\" rel=\"noopener\"><span style=\"font-weight: 400\">WomenHelpWomen<\/span><\/a> <span style=\"font-weight: 400\">, of via de allereerste abortuskliniek in Polen \u2013<\/span> <a href=\"https:\/\/abotak.org\/\" target=\"_blank\" rel=\"noopener\"><span style=\"font-weight: 400\">Abotak<\/span><\/a> <span style=\"font-weight: 400\">.<\/span><\/p>\n<p> <span style=\"font-weight: 400\">Het is echter illegaal om opzettelijk en direct mee te werken aan een abortus. Het bestellen van pillen voor een vriend(in) onder je eigen naam kan je dus een gevangenisstraf van maximaal<\/span> <a href=\"https:\/\/sip.lex.pl\/akty-prawne\/dzu-dziennik-ustaw\/kodeks-karny-16798683\/art-152\" target=\"_blank\" rel=\"noopener\"><span style=\"font-weight: 400\">drie jaar<\/span><\/a> opleveren <span style=\"font-weight: 400\">.<\/span><\/p>\n<p> <span style=\"font-weight: 400\">In tegenstelling hiermee blijft abortus in Malta in de meeste gevallen illegaal, met<\/span> <a href=\"https:\/\/www.amnesty.org\/en\/location\/europe-and-central-asia\/western-central-and-south-eastern-europe\/malta\/report-malta\/\" target=\"_blank\" rel=\"noopener\"><span style=\"font-weight: 400\">slechts enkele uitzonderingen wanneer het leven of de gezondheid van de pati\u00ebnt in gevaar is en v\u00f3\u00f3r de &quot;levensvatbaarheid van de foetus&quot;<\/span><\/a> <span style=\"font-weight: 400\">. Volgens het Maltese Wetboek van Strafrecht<\/span> <i><span style=\"font-weight: 400\">is het zelf opwekken van een miskraam of het instemmen met het gebruik van middelen waarmee een miskraam wordt opgewekt,<\/span><\/i> <span style=\"font-weight: 400\">strafbaar met<\/span> <a href=\"https:\/\/www.safeabortionmalta.com\/#:~:text=in%20the%20EU.-,%E2%80%8B,twenty%20five%20years%20at%20least.\" target=\"_blank\" rel=\"noopener\"><span style=\"font-weight: 400\">een gevangenisstraf van maximaal drie jaar<\/span><\/a> <span style=\"font-weight: 400\">. Door de stijgende kosten van een abortus in het buitenland (<\/span> <a href=\"https:\/\/www.amphora.media\/2025\/04\/alone-constant-fear-of-being-caught-over-2000-self-managed-abortions-in-malta-in-last-five-years-despite-near-blanket-ban\" target=\"_blank\" rel=\"noopener\"><span style=\"font-weight: 400\">tussen \u20ac 2.000 en \u20ac 3.000<\/span><\/a> <span style=\"font-weight: 400\">) is het aantal zelf uitgevoerde medische abortussen in Malta<\/span> <span style=\"font-weight: 400\">tussen 2020 en 2024<\/span> <a href=\"https:\/\/www.amphora.media\/2025\/04\/alone-constant-fear-of-being-caught-over-2000-self-managed-abortions-in-malta-in-last-five-years-despite-near-blanket-ban\" target=\"_blank\" rel=\"noopener\"><span style=\"font-weight: 400\">verdubbeld<\/span><\/a> .<\/p>\n<\/p>\n<p><span style=\"font-weight: 400\">Hoewel beide landen overeenkomsten vertonen, verschillen ze aanzienlijk in de ontwikkeling van de abortuswetgeving en de manier waarop het onderwerp publiekelijk wordt besproken.<\/span> <span style=\"font-weight: 400\">Het eerste verschil zit in de juridische geschiedenis. In<\/span> <a href=\"https:\/\/pubmed.ncbi.nlm.nih.gov\/1777450\/\" target=\"_blank\" rel=\"noopener\"><span style=\"font-weight: 400\">Polen<\/span><\/a> <span style=\"font-weight: 400\">was abortus tijdens het communistische tijdperk (jaren 50-1989) legaal en breed toegankelijk. Malta daarentegen heeft historisch gezien een verbod gehandhaafd, waardoor het een van de strengste wettelijke kaders in Europa is.<\/span><\/p>\n<p> <span style=\"font-weight: 400\">Een ander verschil betreft de media-aandacht en het publieke debat. In<\/span> <span style=\"font-weight: 400\">Malta is abortus een prominent onderwerp van publiek debat geworden, onder andere in tv-programma&#039;s zoals<\/span> <a href=\"https:\/\/youtu.be\/44ZEsl8O3UI?feature=shared\" target=\"_blank\" rel=\"noopener\"><span style=\"font-weight: 400\">Popolin<\/span><\/a> <span style=\"font-weight: 400\">, in nieuwsberichten en op sociale media, waaronder<\/span> <a href=\"https:\/\/lovinmalta.com\/lifestyle\/health\/reproductive-health\/maltese-activists-urge-eu-to-back-my-voice-my-choice-abortion-proposal\/\" target=\"_blank\" rel=\"noopener\"><span style=\"font-weight: 400\">Lovin Malta<\/span><\/a> <span style=\"font-weight: 400\">en<\/span> <a href=\"https:\/\/youtu.be\/cW8_UlWfixA?si=rOY3wXHkP-sn3xx3\" target=\"_blank\" rel=\"noopener\"><span style=\"font-weight: 400\">Freehour<\/span><\/a> <span style=\"font-weight: 400\">.<\/span><\/p>\n<p> <span style=\"font-weight: 400\">Onlangs publiceerde KSU (Kunsill Studenti Universitarji) de resultaten van een enqu\u00eate over abortus, waaruit bleek dat een meerderheid van de deelnemende studenten tegen de legalisering van abortus is, met ongeveer 58% tegen en ongeveer 42% voor. Dit geeft een beeld van het standpunt van de studenten over abortus.<\/span><\/p>\n<p> <span style=\"font-weight: 400\">Het blijft belangrijk om te bedenken dat, ondanks de vooruitgang, censuur blijft bestaan; discussies zijn af en toe geblokkeerd, onder meer aan de<\/span> <a href=\"https:\/\/www.maltatoday.com.mt\/news\/national\/131507\/ksu_removes_moviment_graffitti_freshers_stand_due_to_prochoice_material\" target=\"_blank\" rel=\"noopener\"><span style=\"font-weight: 400\">Universiteit van Malta.<\/span><\/a><\/p>\n<p> <span style=\"font-weight: 400\">In Polen is abortus een veelbesproken onderwerp, maar door recente wetswijzigingen is het debat erover sterk gepolariseerd. Zo oordeelde het<\/span> <a href=\"https:\/\/www.theguardian.com\/world\/2020\/oct\/22\/poland-rules-abortion-due-to-foetal-defects-unconstitutional\" target=\"_blank\" rel=\"noopener\"><span style=\"font-weight: 400\">Constitutioneel Hof<\/span><\/a> in 2020 <span style=\"font-weight: 400\">dat abortus verder moest worden beperkt door de meeste gevallen van foetale afwijkingen te verbieden. Dit leidde tot grootschalige landelijke protesten, georganiseerd door bewegingen zoals Og\u00f3lnopolski Strajk Kobiet (Vrouwenstaking).<\/span> <a href=\"https:\/\/www.theguardian.com\/world\/2020\/oct\/22\/poland-rules-abortion-due-to-foetal-defects-unconstitutional\" target=\"_blank\" rel=\"noopener\"><span style=\"font-weight: 400\">\u00a0<\/span><\/a><\/p>\n<p><span style=\"font-weight: 400\">Tijdens de COVID-19-lockdowns gebruikten Poolse studenten online lessen als platform voor symbolisch protest door hun profielfoto te veranderen in de rode bliksemschicht van<\/span> <a href=\"https:\/\/strajkkobiet.eu\/\" target=\"_blank\" rel=\"noopener\"><span style=\"font-weight: 400\">Strajk Kobiet<\/span><\/a> <span style=\"font-weight: 400\">(Poolse Vrouwenstaking) na de uitspraak over abortus in 2020.<\/span> <a href=\"https:\/\/bip.brpo.gov.pl\/pl\/content\/rpo-profesorka-przerwala-wyklad-z-powodu-symbolu-strajku-kobiet\" target=\"_blank\" rel=\"noopener\"><span style=\"font-weight: 400\">Aan de Universiteit van Silezi\u00eb<\/span><\/a> <span style=\"font-weight: 400\">onderbrak een professor zelfs een college omdat een student het symbool had getoond. Dit illustreert de spanningen tussen academische instellingen en de vrijheid van meningsuiting van studenten.<\/span><\/p>\n<p> <span style=\"font-weight: 400\">Een derde factor is de schaal. Door de kleine bevolking en de hechte gemeenschap van Malta verspreiden gevoelige onderwerpen zich snel via mondelinge overlevering en de media. In tegenstelling hiermee zorgt de grotere bevolking en geografische omvang van Polen ervoor dat meningen en activisme sterk kunnen vari\u00ebren per regio.<\/span><\/p>\n<blockquote>\n<p><em><span style=\"font-weight: 400\">\u201cDe baby weegt 485 gram. Dankzij de abortuswet moet ik nu gewoon blijven liggen en kunnen ze niets doen. Ze wachten tot het kindje sterft, of tot er iets gebeurt, en als dat niet gebeurt, kan ik sepsis verwachten.\u201d \u2013<\/span> <span style=\"font-weight: 400\">Izabela, 30 jaar.<\/span><\/em><\/p>\n<\/blockquote>\n<p> <span style=\"font-weight: 400\">Helaas is zelfs in de beperkte gevallen waarin een abortus zou moeten worden uitgevoerd, dit niet altijd het geval.<\/span> <span style=\"font-weight: 400\">Dat waren enkele van de laatste woorden van de<\/span> <a href=\"https:\/\/www.medonet.pl\/biznes-system-i-zdrowie\/trendy-w-ochronie-zdrowia,blagala-o-pomoc--tragiczna-smierc-ciezarnej-izabeli-z-pszczyny--lekarze-skazani,artykul,28021791.html\" target=\"_blank\" rel=\"noopener\"><span style=\"font-weight: 400\">30-jarige Izabela<\/span><\/a> <span style=\"font-weight: 400\">, die was opgenomen in een ziekenhuis in Pszczyna, Polen. Ze overleed en liet haar dochter zonder moeder achter.<\/span><\/p>\n<p> <a href=\"https:\/\/www.medonet.pl\/biznes-system-i-zdrowie\/trendy-w-ochronie-zdrowia,blagala-o-pomoc--tragiczna-smierc-ciezarnej-izabeli-z-pszczyny--lekarze-skazani,artykul,28021791.html\" target=\"_blank\" rel=\"noopener\"><span style=\"font-weight: 400\">Izabela<\/span><\/a> <span style=\"font-weight: 400\">gaf duidelijk aan dat ze wilde leven en dat ze iemand had om voor te leven. Ondanks haar symptomen werd haar echter alleen verteld dat ze moest wachten omdat het hartje van de foetus nog klopte. Uiteindelijk verloren we het contact met haar. Ze had in het ziekenhuis al sterke kalmeringsmiddelen gekregen en kon niet meer spreken, handelen of om hulp vragen. We konden niet ingrijpen, omdat we volledig afgesneden waren van zowel informatie als haar.<\/span><\/p>\n<p> <span style=\"font-weight: 400\">De dood van Izabela was<\/span> <a href=\"https:\/\/time.com\/6320172\/poland-abortion-laws-maternal-health-care\/\" target=\"_blank\" rel=\"noopener\"><span style=\"font-weight: 400\">niet het enige dodelijke<\/span><\/a> <span style=\"font-weight: 400\">slachtoffer van de nieuwe, aangescherpte wet, die tot protesten in het hele land leidde. In 2024 werd de wet verduidelijkt onder minister van Volksgezondheid Izabela Leszczyna, die een aanvullende bepaling introduceerde die zwangerschapsafbreking toestaat wanneer het leven of de gezondheid van de moeder, inclusief haar geestelijke gezondheid, in gevaar is.<\/span><\/p>\n<p> <strong>Terwijl we dit artikel schrijven, staat het leven van een andere vrouw op het spel.<\/strong><\/p>\n<p> <span style=\"font-weight: 400\">Lela, een Georgische vrouw die in Polen woont, wordt sinds december 2025 regelmatig opgenomen in het Provinciaal Specialistisch Ziekenhuis in Olsztyn.<\/span><\/p>\n<p> <span style=\"font-weight: 400\">Sinds het begin van haar zwangerschap heeft Lela last van ernstige lichamelijke klachten. Nu ze 15 weken zwanger is, verslechterde haar toestand eind februari. Door chronische ontsteking en zweren in de slokdarm begon Lela bloed over te geven. De artsen besloten daarop haar medicatie te stoppen vanwege haar zwangerschap.<\/span><\/p>\n<blockquote>\n<p style=\"text-align: center\"> <a href=\"https:\/\/oko.press\/lela-czeka-na-aborcje\" target=\"_blank\" rel=\"noopener\"><i><span style=\"font-weight: 400\">Ik heb een echtgenoot.<\/span><\/i><\/a><\/p>\n<p style=\"text-align: center\"> <a href=\"https:\/\/oko.press\/lela-czeka-na-aborcje\" target=\"_blank\" rel=\"noopener\"><i><span style=\"font-weight: 400\">Ik heb kinderen.<\/span><\/i><\/a><\/p>\n<p style=\"text-align: center\"> <a href=\"https:\/\/oko.press\/lela-czeka-na-aborcje\" target=\"_blank\" rel=\"noopener\"><i><span style=\"font-weight: 400\">Ik heb mensen voor wie ik leef.<\/span><\/i><\/a><\/p>\n<\/blockquote>\n<p> <span style=\"font-weight: 400\">Volgens activisten van de<\/span> <a href=\"https:\/\/www.google.com\/search?q=polish+feminist+grouo+full+name+FEDERA&amp;rlz=1C1GCEA_enMT1094MT1094&amp;oq=polish+feminist+grouo+full+name+FEDERA&amp;gs_lcrp=EgZjaHJvbWUyBggAEEUYOTIJCAEQIRgKGKABMgkIAhAhGAoYoAEyBwgDECEYjwIyBwgEECEYjwIyBwgFECEYjwLSAQg1ODg5ajBqN6gCALACAA&amp;sourceid=chrome&amp;ie=UTF-8#:~:text=FEDERA%20is%20the-,Foundation%20for%20Women%20and%20Family%20Planning,-(formerly%20the%20Federation\" target=\"_blank\" rel=\"noopener\"><span style=\"font-weight: 400\">Stichting voor Vrouwen en Gezinsplanning<\/span><\/a> <span style=\"font-weight: 400\">(FEDERA), een Poolse feministische organisatie, heeft Lela zich gedurende minstens een maand herhaaldelijk bij het ziekenhuis gemeld met de mededeling dat ze de zwangerschap wilde afbreken vanwege ernstige gezondheidsredenen, wat volgens de Poolse wetgeving legaal is. Ze heeft een officieel verzoek ingediend bij het ziekenhuis \u2013 zowel in het Pools als in het Georgisch \u2013 waarin ze pleit voor een abortus die haar wettelijk recht geeft.<\/span><\/p>\n<p> <span style=\"font-weight: 400\">Ondanks de inspanningen van de activisten blijft het ziekenhuis de procedure weigeren, zelfs nu de toestand van de pati\u00ebnt verslechtert. Lela is zwak, kan niet meer lopen of zelfstandig eten en braakt voortdurend bloed.<\/span><\/p>\n<p><span style=\"font-weight: 400\">Verhalen zoals die van Izabela en Lela zijn niet onbeantwoord gebleven.<\/span> <span style=\"font-weight: 400\">Het<\/span> <a href=\"https:\/\/citizens-initiative.europa.eu\/_en\" target=\"_blank\" rel=\"noopener\"><span style=\"font-weight: 400\">Europees Burgerinitiatief<\/span><\/a> <span style=\"font-weight: 400\">(EBI) &#039;<\/span> <a href=\"https:\/\/citizens-initiative.europa.eu\/my-voice-my-choice-safe-and-accessible-abortion_en\" target=\"_blank\" rel=\"noopener\"><span style=\"font-weight: 400\">Mijn Stem, Mijn Keuze&#039;<\/span><\/a> <span style=\"font-weight: 400\">bracht meer dan 14 landen en 300 organisaties in de EU samen en verzamelde meer dan 1,2 miljoen handtekeningen om de EU te verplichten veilige en toegankelijke abortus voor alle Europese burgers te garanderen. De campagne eiste dat de EU een financieel mechanisme instelt om lidstaten te helpen vrijwillig veilige abortuszorg te bieden aan mensen die daar geen toegang toe hebben.<\/span><\/p>\n<p> <span style=\"font-weight: 400\">Op 17 december 2025 werd in het<\/span> <a href=\"https:\/\/oeil.europarl.europa.eu\/oeil\/en\/document-summary?id=1880954\" target=\"_blank\" rel=\"noopener\"><span style=\"font-weight: 400\">Europees Parlement<\/span><\/a> een resolutie <span style=\"font-weight: 400\">aangenomen met 358 stemmen voor, 202 tegen en 79 onthoudingen.<\/span> <span style=\"font-weight: 400\">De Poolse Europarlementari\u00ebrs stemden overwegend<\/span> <a href=\"https:\/\/howtheyvote.eu\/votes\/182767\" target=\"_blank\" rel=\"noopener\"><span style=\"font-weight: 400\">voor<\/span><\/a> <span style=\"font-weight: 400\">. Zo steunden Robert Biedro\u0144 (S&amp;D) en Bartosz Ar\u0142ukowicz (EPP) de resolutie, hoewel sommigen, zoals Adam Bielan (ECR), tegen stemden.<\/span><\/p>\n<p> <span style=\"font-weight: 400\">Alle Maltese Europarlementari\u00ebrs stemden echter tegen of onthielden zich van stemming, wat een groot verschil is met Polen, waar ten minste enkele vertegenwoordigers de maatregel steunden ondanks de restrictieve standpunten van beide landen ten aanzien van abortus.<\/span> <span style=\"font-weight: 400\">Onlangs heeft de<\/span> <a href=\"https:\/\/www.bbc.com\/news\/articles\/cvgv92p6qzqo\" target=\"_blank\" rel=\"noopener\"><span style=\"font-weight: 400\">Europese Commissie<\/span><\/a> <span style=\"font-weight: 400\">haar reactie op het ECI aangenomen, waarin zij opmerkt dat er jaarlijks bijna 500.000 onveilige abortussen plaatsvinden in de EU.<\/span><\/p>\n<p> <span style=\"font-weight: 400\">Europees Commissaris voor Gelijkheid,<\/span> <a href=\"https:\/\/www.facebook.com\/eudebates.tv\/videos\/my-voice-my-choice-europe-has-acted-hadja-lahbib-announces-eu-funding-path-for-w\/1443303873854816\/\" target=\"_blank\" rel=\"noopener\"><span style=\"font-weight: 400\">Hadja Lahbib<\/span><\/a> <span style=\"font-weight: 400\">, stelde dat<\/span> <em>&quot;veiligheid en vrijheid nooit afhankelijk mogen zijn van je postcode en inkomen&quot;.<\/em> <span style=\"font-weight: 400\">Wat betekent dit voor vrouwen in Malta en Polen? Dankzij dit initiatief krijgen vrouwen toegang tot gratis accommodatie en reiskosten om een \u200b\u200bveilige en legale abortus te ondergaan in een andere lidstaat.<\/span><\/p>\n<p> <span style=\"font-weight: 400\">Kortom, er wordt vooruitgang geboekt. Het<\/span> initiatief <a href=\"https:\/\/citizens-initiative.europa.eu\/my-voice-my-choice-safe-and-accessible-abortion_en\" target=\"_blank\" rel=\"noopener\"><span style=\"font-weight: 400\">&quot;Mijn stem, mijn keuze&quot;<\/span><\/a> <span style=\"font-weight: 400\">biedt een reddingslijn en belooft financi\u00eble steun aan vrouwen die gedwongen zijn naar het buitenland te reizen voor veilige, legale zorg. Voor het eerst erkent de EU dat toegang tot abortus niet afhankelijk mag zijn van waar je woont.<\/span><\/p>\n<p> <span style=\"font-weight: 400\">Toch blijft het stigma bestaan; in beide landen roept openlijk praten over abortus nog steeds oordeel en schaamte op. Van vrouwen wordt verwacht dat ze in stilte lijden, en degenen die dat stilzwijgen doorbreken, riskeren sociale uitsluiting.<\/span> <span style=\"font-weight: 400\">Vandaag, op Internationale Vrouwendag, kunnen miljoenen vrouwen in de EU nog steeds geen beslissingen nemen over hun eigen lichaam zonder angst voor vervolging, armoede of publieke veroordeling.<\/span><\/p>\n<p> <strong><em>Gelijkheid blijft een fundamentele Europese waarde. Het is tijd dat dit ook daadwerkelijk wordt nageleefd.<\/em><\/strong><\/p><\/p>\n","protected":false},"excerpt":{"rendered":"<p>Als je het grotere geheel bekijkt , zou je denken dat vrouwenrechten, en dan met namehet recht op abortus , centraal staan \u200b\u200bin de Europese waarden . Gelijkheid tussen mannen en vrouwen is immers een [&hellip;]<\/p>\n","protected":false},"author":2550,"featured_media":86697,"comment_status":"closed","ping_status":"closed","sticky":false,"template":"","format":"standard","meta":{"_acf_changed":false,"footnotes":""},"categories":[8,21],"tags":[7217,18705,25373,11890,25375,7704,25379,18733,2756,25380,443,25378,856,268,18704,60,101,25377,4239,25376,41,25374,257,3782,805,25372,18706,25371,3560,1546],"post_formats":[636],"coauthors":[22020,25370,6831],"class_list":["post-86902","post","type-post","status-publish","format-standard","has-post-thumbnail","hentry","category-connecting-the-dots","category-current-affairs","tag-malta","tag-abortion-rights","tag-access-to-abortion","tag-activism","tag-bodily-autonomy","tag-civil-society","tag-conservative-backlash","tag-council-of-the-eu","tag-criminalisation","tag-cross-border-influence","tag-democratic-resilience","tag-disinformation-networks","tag-eu-values","tag-european-commission","tag-european-court-of-human-rights","tag-european-parliament","tag-european-union","tag-feminist-movements","tag-gender-equality","tag-healthcare-policy","tag-human-rights","tag-legal-restrictions","tag-poland","tag-protests","tag-public-health","tag-reproductive-healthcare","tag-reproductive-rights","tag-right-to-choose","tag-rule-of-law","tag-womens-rights","post_formats-artikelen"],"acf":[],"_links":{"self":[{"href":"https:\/\/www.pulse-z.eu\/nl\/wp-json\/wp\/v2\/posts\/86902","targetHints":{"allow":["GET"]}}],"collection":[{"href":"https:\/\/www.pulse-z.eu\/nl\/wp-json\/wp\/v2\/posts"}],"about":[{"href":"https:\/\/www.pulse-z.eu\/nl\/wp-json\/wp\/v2\/types\/post"}],"author":[{"embeddable":true,"href":"https:\/\/www.pulse-z.eu\/nl\/wp-json\/wp\/v2\/users\/2550"}],"replies":[{"embeddable":true,"href":"https:\/\/www.pulse-z.eu\/nl\/wp-json\/wp\/v2\/comments?post=86902"}],"version-history":[{"count":8,"href":"https:\/\/www.pulse-z.eu\/nl\/wp-json\/wp\/v2\/posts\/86902\/revisions"}],"predecessor-version":[{"id":87070,"href":"https:\/\/www.pulse-z.eu\/nl\/wp-json\/wp\/v2\/posts\/86902\/revisions\/87070"}],"wp:featuredmedia":[{"embeddable":true,"href":"https:\/\/www.pulse-z.eu\/nl\/wp-json\/wp\/v2\/media\/86697"}],"wp:attachment":[{"href":"https:\/\/www.pulse-z.eu\/nl\/wp-json\/wp\/v2\/media?parent=86902"}],"wp:term":[{"taxonomy":"category","embeddable":true,"href":"https:\/\/www.pulse-z.eu\/nl\/wp-json\/wp\/v2\/categories?post=86902"},{"taxonomy":"post_tag","embeddable":true,"href":"https:\/\/www.pulse-z.eu\/nl\/wp-json\/wp\/v2\/tags?post=86902"},{"taxonomy":"post_formats","embeddable":true,"href":"https:\/\/www.pulse-z.eu\/nl\/wp-json\/wp\/v2\/post_formats?post=86902"},{"taxonomy":"author","embeddable":true,"href":"https:\/\/www.pulse-z.eu\/nl\/wp-json\/wp\/v2\/coauthors?post=86902"}],"curies":[{"name":"wp","href":"https:\/\/api.w.org\/{rel}","templated":true}]}}