{"id":27546,"date":"2025-06-26T17:38:41","date_gmt":"2025-06-26T17:38:41","guid":{"rendered":"https:\/\/www.pulse-z.eu\/editorial-article-2-new-formats-new-voices-and-a-new-phase-of-engagement\/"},"modified":"2025-06-26T18:58:19","modified_gmt":"2025-06-26T18:58:19","slug":"redactioneel-artikel-2-nieuwe-formaten-nieuwe-stemmen-en-een-nieuwe-fase-van-betrokkenheid","status":"publish","type":"post","link":"https:\/\/www.pulse-z.eu\/nl\/redactioneel-artikel-2-nieuwe-formaten-nieuwe-stemmen-en-een-nieuwe-fase-van-betrokkenheid\/","title":{"rendered":"Redactioneel artikel #2 \u2013 Nieuwe formaten, nieuwe stemmen en een nieuwe fase van betrokkenheid"},"content":{"rendered":"\n<div id=\"attachment_27599\" style=\"width: 1180px\" class=\"wp-caption alignleft\"><img aria-describedby=\"caption-attachment-27599\" loading=\"lazy\" decoding=\"async\" class=\"size-full wp-image-27599\" src=\"https:\/\/www.pulse-z.eu\/wp-content\/uploads\/2025\/06\/IMG_9490.jpg\" alt=\"\" width=\"1170\" height=\"811\" srcset=\"https:\/\/www.pulse-z.eu\/wp-content\/uploads\/2025\/06\/IMG_9490.jpg 1170w, https:\/\/www.pulse-z.eu\/wp-content\/uploads\/2025\/06\/IMG_9490-768x532.jpg 768w\" sizes=\"auto, (max-width: 1170px) 100vw, 1170px\" \/><\/p>\n<p id=\"caption-attachment-27599\" class=\"wp-caption-text\"> Sel\u00e7uk Demirel \u2013 Schaken<\/p>\n<\/div>\n<p> <span style=\"font-weight: 400;\">Beste lezers,<\/span><\/p>\n<p> <span style=\"font-weight: 400;\">Europa bevindt zich midden in een nieuwe crisis, nog voordat de vorige is opgelost. Terwijl de Russische invasie van Oekra\u00efne voortduurt en de hoop op vrede vervaagt in onzekerheid, destabiliseren grootschalige aanvallen tussen Isra\u00ebl en Iran de regio verder, en daarmee ook Europa. In de huidige, onderling verbonden wereld en het veranderende geopolitieke landschap zijn ge\u00efsoleerde crises zeldzaam geworden. In plaats daarvan worden we nu geconfronteerd met een opeenstapeling van gebeurtenissen waarbij het ene conflict het andere uitlokt. Daardoor kan Europa het zich niet langer veroorloven om zijn energie naar binnen te richten.<\/span><\/p>\n<p> <span style=\"font-weight: 400;\">In deze turbulente tijden is het cruciaal om gebeurtenissen niet in een zwart-wit perspectief te plaatsen. Door de grijze gebieden te omarmen, kunnen we complexiteit en nuance zien. Bij PulseZ zetten we ons in om dit pluralisme te versterken en de diverse stemmen, perspectieven en energie\u00ebn van Europa te belichten via frisse en innovatieve formats.<\/span><\/p>\n<p> <span style=\"font-weight: 400;\">Vanaf deze maand breiden we ons multimedia-aanbod uit. Je kunt meer video&#39;s, podcasts en gamified content verwachten.<\/span><\/p>\n<p> <span style=\"font-weight: 400;\">Inclusiviteit is al sinds dag \u00e9\u00e9n een van onze kernprincipes. Maar wat betekent dat in de praktijk? Het betekent een ruimte cre\u00ebren voor mensen die zich misschien niet op hun gemak voelen om zich in het Engels uit te drukken, maar die toch waardevolle verhalen hebben. Nu kan iedereen originele content in meerdere talen lezen en bijdragen, waardoor PulseZ nog dichter bij de mensen komt die het moet helpen. Dankzij de geweldige inspanningen van ons team is het #PulseZ-platform nu beschikbaar in zeven extra talen: Roemeens, Frans, Nederlands, Slowaaks, Italiaans, Pools en Duits, naast Engels.<\/span><\/p>\n<p> <span style=\"font-weight: 400;\">Een andere belangrijke stap voorwaarts is onze inzet om jongeren te betrekken bij activiteiten ter plaatse. We organiseren lokale evenementen in onder andere Portugal, Frankrijk, Belgi\u00eb en Griekenland, met als doel om rechtstreeks contact te leggen met jongeren en hun stem van dichtbij te horen.<\/span><\/p>\n<p> <span style=\"font-weight: 400;\">Om dit doel te ondersteunen, hebben we, onder leiding van JA Europe en YMCA, de PulseZ Third-Party Support \u2013 Call for Proposals gelanceerd. Dit initiatief stelt je in staat om je eigen lokale evenementen te organiseren en je de kans te geven om financi\u00eble steun te ontvangen. Ons doel is om meer dan 3.000 jongeren uit meer dan 20 EU-landen te betrekken als contentbijdragers en meer dan 500.000 mensen te bereiken via onze communicatie-inspanningen. Meer informatie en details over hoe je je kunt aanmelden vind je via<\/span> <a href=\"https:\/\/jaeurope.org\/tenders\/pulse-z-third-party-support-call-for-proposals\/\" target=\"_blank\" rel=\"noopener\"><span style=\"font-weight: 400;\">deze link<\/span><\/a> <span style=\"font-weight: 400;\">.<\/span><\/p>\n<p> <span style=\"font-weight: 400;\">Na een succesvolle eerste zes maanden gaat PulseZ nu een nieuwe en cruciale fase in. Ons team groeit, ons momentum neemt toe en onze visie is helderder dan ooit. In de komende maanden kunt u uitkijken naar meer workshops, webinars, boeiende verhalen en next-level content. Dankzij uw energie en betrokkenheid laten we van ons horen en als hoofdredacteur kijken we ernaar uit om meer van onze eigen teksten en content met u te delen.<\/span><\/p>\n<p> <span style=\"font-weight: 400;\">Blijf bij ons. Er komt nog veel meer.<\/span><\/p>\n","protected":false},"excerpt":{"rendered":"<p>Sel\u00e7uk Demirel \u2013 Schaken Beste lezers, Europa bevindt zich midden in een nieuwe crisis, nog voordat de vorige is opgelost. Terwijl de Russische invasie van Oekra\u00efne voortduurt en de hoop op vrede vervaagt in onzekerheid, [&hellip;]<\/p>\n","protected":false},"author":78,"featured_media":27600,"comment_status":"closed","ping_status":"closed","sticky":false,"template":"","format":"standard","meta":{"_acf_changed":false,"footnotes":""},"categories":[565,688,695],"tags":[],"post_formats":[636],"coauthors":[],"class_list":["post-27546","post","type-post","status-publish","format-standard","has-post-thumbnail","hentry","category-algemeen","category-diversiteit-vieren","category-jeugd","post_formats-artikelen"],"acf":[],"_links":{"self":[{"href":"https:\/\/www.pulse-z.eu\/nl\/wp-json\/wp\/v2\/posts\/27546","targetHints":{"allow":["GET"]}}],"collection":[{"href":"https:\/\/www.pulse-z.eu\/nl\/wp-json\/wp\/v2\/posts"}],"about":[{"href":"https:\/\/www.pulse-z.eu\/nl\/wp-json\/wp\/v2\/types\/post"}],"author":[{"embeddable":true,"href":"https:\/\/www.pulse-z.eu\/nl\/wp-json\/wp\/v2\/users\/78"}],"replies":[{"embeddable":true,"href":"https:\/\/www.pulse-z.eu\/nl\/wp-json\/wp\/v2\/comments?post=27546"}],"version-history":[{"count":15,"href":"https:\/\/www.pulse-z.eu\/nl\/wp-json\/wp\/v2\/posts\/27546\/revisions"}],"predecessor-version":[{"id":27654,"href":"https:\/\/www.pulse-z.eu\/nl\/wp-json\/wp\/v2\/posts\/27546\/revisions\/27654"}],"wp:featuredmedia":[{"embeddable":true,"href":"https:\/\/www.pulse-z.eu\/nl\/wp-json\/wp\/v2\/media\/27600"}],"wp:attachment":[{"href":"https:\/\/www.pulse-z.eu\/nl\/wp-json\/wp\/v2\/media?parent=27546"}],"wp:term":[{"taxonomy":"category","embeddable":true,"href":"https:\/\/www.pulse-z.eu\/nl\/wp-json\/wp\/v2\/categories?post=27546"},{"taxonomy":"post_tag","embeddable":true,"href":"https:\/\/www.pulse-z.eu\/nl\/wp-json\/wp\/v2\/tags?post=27546"},{"taxonomy":"post_formats","embeddable":true,"href":"https:\/\/www.pulse-z.eu\/nl\/wp-json\/wp\/v2\/post_formats?post=27546"},{"taxonomy":"author","embeddable":true,"href":"https:\/\/www.pulse-z.eu\/nl\/wp-json\/wp\/v2\/coauthors?post=27546"}],"curies":[{"name":"wp","href":"https:\/\/api.w.org\/{rel}","templated":true}]}}