{"id":16887,"date":"2025-06-22T11:55:55","date_gmt":"2025-06-22T11:55:55","guid":{"rendered":"https:\/\/www.pulse-z.eu\/?p=16887"},"modified":"2025-06-22T11:57:14","modified_gmt":"2025-06-22T11:57:14","slug":"van-risico-naar-veerkracht-een-internationale-bijeenkomst-over-de-veiligheid-van-journalisten-in-thessaloniki-door-de-icsj","status":"publish","type":"post","link":"https:\/\/www.pulse-z.eu\/nl\/van-risico-naar-veerkracht-een-internationale-bijeenkomst-over-de-veiligheid-van-journalisten-in-thessaloniki-door-de-icsj\/","title":{"rendered":"Van risico naar veerkracht: een internationale bijeenkomst over de veiligheid van journalisten in Thessaloniki door de ICSJ"},"content":{"rendered":"\n<div id=\"attachment_16817\" class=\"wp-caption aligncenter\" style=\"width: 792px;\">\n<p><img loading=\"lazy\" decoding=\"async\" class=\" wp-image-16817\" src=\"https:\/\/www.pulse-z.eu\/wp-content\/uploads\/2025\/06\/icsj-conference-2025-14-15-06.jpg\" sizes=\"auto, (max-width: 782px) 100vw, 782px\" srcset=\"https:\/\/www.pulse-z.eu\/wp-content\/uploads\/2025\/06\/icsj-conference-2025-14-15-06.jpg 1920w, https:\/\/www.pulse-z.eu\/wp-content\/uploads\/2025\/06\/icsj-conference-2025-14-15-06-768x432.jpg 768w, https:\/\/www.pulse-z.eu\/wp-content\/uploads\/2025\/06\/icsj-conference-2025-14-15-06-1536x864.jpg 1536w\" alt=\"\" width=\"782\" height=\"440\" aria-describedby=\"caption-attachment-16817\" \/><\/p>\n<h6 id=\"caption-attachment-16817\" class=\"wp-caption-text\"> \u00a9ICSJ<\/h6>\n<\/div>\n<h1> <b>De inzet voor persvrijheid in 2025<\/b><\/h1>\n<p> <span style=\"font-weight: 400;\">Het is een feit dat de persvrijheid internationaal op vele manieren op de proef wordt gesteld, van fysieke aanvallen op journalisten op straat tot SLAPPS (Strategic Lawsuits Against Public Participation) en digitale surveillance. De veiligheid van journalisten is niet langer alleen een professionele vereiste. Het wordt een pijler van democratische consolidatie en publieke verantwoording. De veelzijdige aard van deze bedreigingen vereist complexe reacties, onder andere op institutioneel niveau of door het bieden van psychologische en juridische ondersteuning.<\/span><\/p>\n<p> <span style=\"font-weight: 400;\">Deze behoefte vormde de aanleiding voor de internationale bijeenkomst van dit jaar in Thessaloniki (14-15 juni 2025), georganiseerd door het Internationaal Centrum voor de Veiligheid van Journalisten (ICSJ) in samenwerking met het Laboratorium voor Vredesjournalistiek van de Aristoteles-universiteit van Thessaloniki, het Secretariaat-Generaal voor Informatie en Communicatie, de Unie van Redacteuren van Macedoni\u00eb en Thraci\u00eb, ERT, enz., met de medewerking en steun van de OVSE-vertegenwoordiger voor Mediavrijheid en UNESCO. Het doel, zoals benadrukt bij de opening, is de overgang &quot;van risico naar veerkracht&quot;, niet alleen als abstracte retoriek, maar als een operationele strategie gebaseerd op sectoroverschrijdende samenwerking, onderwijsversterking en institutionele waakzaamheid.<\/span><\/p>\n<p> <span style=\"font-weight: 400;\">Deze conferentie leek te dienen als een forum voor geco\u00f6rdineerde actie, waar onderzoekers, journalisten, vakbonden, juristen en overheidsfunctionarissen samenkwamen om een \u200b\u200bveerkrachtiger journalistiek ecosysteem te bouwen.<\/span><\/p>\n<\/p>\n<h2> <b>ICSJ als centrum van veerkracht: van onderzoek naar actie<\/b><\/h2>\n<p> <span style=\"font-weight: 400;\">De conferentie in Thessaloniki was een cruciaal moment in het transformatieproces van de ICSJ tot een internationaal multi-action orgaan. Zoals professor Nikos Panagiotou, hoofd van het Centrum, tijdens de conferentie verklaarde:<\/span><\/p>\n<p> <span style=\"font-weight: 400;\">Deze bijeenkomst markeert een verschuiving voor het ICSJ van een kenniscentrum naar een platform voor concrete ondersteuning. Door onderzoek te combineren met sectoroverschrijdende samenwerkingen en educatieve tools bieden we praktische ondersteuning aan journalisten die onder druk werken (Panagiotou, persoonlijke communicatie, 15 juni 2025).<\/span><\/p>\n<p> <span style=\"font-weight: 400;\">De verscheidenheid aan onderwerpen die naar voren kwamen, van cyberveiligheid tot psychologische gevolgen en institutionele garanties, weerspiegelt de uitbreiding van de missie van het Centrum. Volgens de heer Panagiotou is de noodzaak om journalisten te erkennen als een publiek goed nu relevanter dan ooit:<\/span><\/p>\n<p> <span style=\"font-weight: 400;\">\u201cToegang tot betrouwbare informatie moet worden erkend als een publiek goed. Dit is de hoeksteen van elke grote democratische onderneming\u201d (Panagiotou, persoonlijke communicatie, 15 juni 2025).<\/span> <\/p>\n<div id=\"attachment_16825\" class=\"wp-caption aligncenter\" style=\"width: 806px;\">\n<p><img loading=\"lazy\" decoding=\"async\" class=\" wp-image-16825\" src=\"https:\/\/www.pulse-z.eu\/wp-content\/uploads\/2025\/06\/ICSJ_2025_21-scaled.jpg\" sizes=\"auto, (max-width: 796px) 100vw, 796px\" srcset=\"https:\/\/www.pulse-z.eu\/wp-content\/uploads\/2025\/06\/ICSJ_2025_21-scaled.jpg 2560w, https:\/\/www.pulse-z.eu\/wp-content\/uploads\/2025\/06\/ICSJ_2025_21-768x432.jpg 768w, https:\/\/www.pulse-z.eu\/wp-content\/uploads\/2025\/06\/ICSJ_2025_21-1536x864.jpg 1536w, https:\/\/www.pulse-z.eu\/wp-content\/uploads\/2025\/06\/ICSJ_2025_21-2048x1152.jpg 2048w\" alt=\"\" width=\"796\" height=\"448\" aria-describedby=\"caption-attachment-16825\" \/><\/p>\n<h6 id=\"caption-attachment-16825\" class=\"wp-caption-text\"> Hoofd van ICSJ, prof. Nikos Panagiotou<br \/> \u00a9ICSJ<\/h6>\n<\/div>\n<p> <span style=\"font-weight: 400;\">De conferentie belichtte belangrijke initiatieven die de internationale rol van de ICSJ vergroten en haar sectoroverschrijdende missie versterken. Enerzijds wordt er een gespecialiseerde internationale bijeenkomst georganiseerd, gewijd aan traumajournalistiek, met als doel gezamenlijk psychologische ondersteuningspraktijken te ontwikkelen. Dit initiatief beoogt gespecialiseerde psychologen, oorlogscorrespondenten en redacteuren samen te brengen aan \u00e9\u00e9n tafel en zo de basis te leggen voor traumagerichte ondersteuningspraktijken.<\/span><\/p>\n<p> <span style=\"font-weight: 400;\">Tegelijkertijd, zoals prof. Panagiotou, hoofd van de ICSJ, opmerkte,<\/span> <span style=\"font-weight: 400;\">&quot;werden er nieuwe samenwerkingsverbanden gevormd met journalistenvakbonden, academische instellingen en maatschappelijke organisaties om gezamenlijk opleidingscurricula, veiligheidsprotocollen en netwerken voor juridische ondersteuning te ontwikkelen.&quot;<\/span> <span style=\"font-weight: 400;\">Partnerschappen zijn cruciaal om de journalistiek te beschermen met praktische middelen en institutionele garanties op zowel nationaal als internationaal niveau.<\/span><\/p>\n<p> <span style=\"font-weight: 400;\">Bovendien wordt er bijzondere nadruk gelegd op de deelname van de nieuwe generatie journalisten, door middel van interactieve workshops gericht op probleemoplossing en strategiebepaling, waarbij de creativiteit en digitale competentie van jongere professionals de kern vormen voor de ontwikkeling van duurzame veiligheidsstrategie\u00ebn.<\/span> <\/p>\n<div id=\"attachment_16833\" class=\"wp-caption aligncenter\" style=\"width: 741px;\">\n<p><img loading=\"lazy\" decoding=\"async\" class=\"wp-image-16833 \" src=\"https:\/\/www.pulse-z.eu\/wp-content\/uploads\/2025\/06\/ICSJ_2025_10-scaled.jpg\" sizes=\"auto, (max-width: 731px) 100vw, 731px\" srcset=\"https:\/\/www.pulse-z.eu\/wp-content\/uploads\/2025\/06\/ICSJ_2025_10-scaled.jpg 2560w, https:\/\/www.pulse-z.eu\/wp-content\/uploads\/2025\/06\/ICSJ_2025_10-768x512.jpg 768w, https:\/\/www.pulse-z.eu\/wp-content\/uploads\/2025\/06\/ICSJ_2025_10-1536x1024.jpg 1536w, https:\/\/www.pulse-z.eu\/wp-content\/uploads\/2025\/06\/ICSJ_2025_10-2048x1365.jpg 2048w\" alt=\"\" width=\"731\" height=\"487\" aria-describedby=\"caption-attachment-16833\" \/><\/p>\n<h6 id=\"caption-attachment-16833\" class=\"wp-caption-text\"> Panel 1: De veiligheid van journalisten bevorderen: nationaal beleid, wetgevingsinspanningen en internationale samenwerking. Moderator: Yannis Kotsifos, directeur van de Journalistenbond van Macedoni\u00eb en Thraci\u00eb. Sprekers: Nikolaos Panagiotou, hoofd van de ICSJ, hoogleraar aan de afdeling Journalistiek en Communicatie van de Aristoteles Universiteit. Guildo Keel, senior adviseur van het OVSE-kantoor voor de rechten van de mens (RfoM). Aikaterini Polyzou, hoofd van de afdeling Audiovisuele Media &amp; Internet van het Secretariaat-Generaal voor Communicatie en Media. Nedjeljko Rudovic, algemeen directeur van het directoraat Media van de regering van Montenegro. \u00a9ICSJ<\/h6>\n<\/div>\n<p> <span style=\"font-weight: 400;\">De opwaardering van de missie van het ICSJ wordt bezegeld door zijn institutionele erkenning op internationaal niveau. De opname in UNESCO&#39;s Global Repository of National Safety Mechanisms en zijn rol als nationaal contactpunt in de Journalist Matters-campagne van de Raad van Europa zijn bepalende stappen die zijn strategische positie als nationale en internationale partner voor de bescherming van journalisten en de versterking van de persvrijheid bevestigen <a href=\"https:\/\/www.amna.gr\/mobile\/article\/910906\/Thessaloniki-Apo-ton-kinduno-stin-Anthektikotita\u2014I-asfaleia-ton-dimosiografon-sto-epikentro-diethnous-sunedriou\" target=\"_blank\" rel=\"noopener\">(1)<\/a> .<\/span><\/p>\n<h2> <b>De internationale dimensie: UNESCO, OVSE, politieke wil<\/b><\/h2>\n<p> <span style=\"font-weight: 400;\">Een belangrijk kenmerk van de conferentie was dat deze niet het product was van \u00e9\u00e9n enkel nationaal initiatief, maar ook een convergentiepunt voor wereldwijde institutionele stemmen over de veiligheid van journalisten. De sterke internationale aanwezigheid op institutioneel en retorisch niveau benadrukte de noodzaak om persvrijheid en de veiligheid van journalisten te waarborgen \u2013 twee zaken die niet langer los van elkaar kunnen worden gezien. Integendeel, ze vormen de basis van democratische cohesie en politieke verantwoording.<\/span><\/p>\n<p> <span style=\"font-weight: 400;\">Tawfik Jelassi, adjunct-directeur-generaal Communicatie en Informatie van UNESCO, legde bijzondere nadruk op de drievoudige aanpak van &quot;Preventie \u2013 Bescherming \u2013 Vervolging&quot;, die de basis vormt van het VN-Actieplan inzake de Veiligheid van Journalisten en de Kwestie van Straffeloosheid. Met scherpe en goed gedocumenteerde retoriek presenteerde hij de laatste rapporten van de organisatie:<\/span><\/p>\n<p> <span style=\"font-weight: 400;\">Tussen 2022 en 2023 werden wereldwijd 162 journalisten en mediamedewerkers vermoord. Dit is een stijging van 38% ten opzichte van het vorige tweejaarlijkse tijdvak. Nog alarmerender: 86% van deze misdaden blijft onopgelost.<\/span><\/p>\n<p> <span style=\"font-weight: 400;\">Volgens Jelassi is de meest urgente kwestie nu de invoering van &quot;institutionele beschermingsmechanismen die niet beperkt zijn tot incidentele training, maar ge\u00efntegreerd zijn in de nationale politieke cultuur&quot;. Tegelijkertijd prees hij de Griekse beslissing om institutionele en educatieve programma&#39;s zoals het ICSJ te huisvesten, en voegde eraan toe:<\/span><\/p>\n<p> <span style=\"font-weight: 400;\">We prijzen het ICSJ voor zijn leiderschap op dit gebied. De opname ervan in de UNESCO Global Repository of National Safety Mechanisms weerspiegelt een sterke toewijding aan zowel nationale als internationale normen voor journalistenveiligheid.<\/span><\/p>\n<p> <span style=\"font-weight: 400;\">Namens de Organisatie voor Veiligheid en Samenwerking in Europa stuurde Jan Braathu, hoofd van de Missie voor Mediavrijheid, een duidelijke boodschap uit ter bevordering van politiek bewustzijn. Hij erkende daarbij de toenemende bedreigingen waarmee journalisten binnen de OVSE-lidstaten te maken krijgen:<\/span><\/p>\n<p> <span style=\"font-weight: 400;\">\u201cIn de gehele OVSE-regio worden journalisten nog steeds geconfronteerd met een scala aan bedreigingen: van het doelwit zijn van aanvallen en aanrandingen bij het verslaan van demonstraties, tot surveillancemaatregelen en denigrerende campagnes die erop gericht zijn hun rol in diskrediet te brengen.\u201d<\/span><\/p>\n<p> <span style=\"font-weight: 400;\">Braathu legde bijzondere nadruk op institutionele samenwerking met het ICSJ en erkende het belang ervan als onderwijsinstelling en symbolische pijler voor de legitimering van de journalistieke missie. Hij stelde: &quot;De veiligheid van journalisten gaat niet alleen over hun fysieke integriteit. Het is een kwestie van democratische veerkracht&quot;, en besloot met:<\/span><\/p>\n<p> <span style=\"font-weight: 400;\">\u201cAlleen veilige journalisten kunnen effectief bijdragen aan het verstrekken van de informatie die burgers nodig hebben om deel te nemen aan democratisch bestuur.\u201d<\/span><\/p>\n<p> <span style=\"font-weight: 400;\">Van bijzonder belang was de verklaring van Tamara Vujovi\u0107, minister van Cultuur en Media van Montenegro, een land met minder dan 650.000 inwoners, meer dan 200 actieve media en een levendige, zij het vaak gepolariseerde, publieke sfeer. Ondanks de structurele obstakels en historische uitdagingen in de Westelijke Balkan benadrukte de minister de politieke wil van de regering om een \u200b\u200binstitutioneel gegarandeerde omgeving van veiligheid en onafhankelijkheid voor journalisten te cre\u00ebren.<\/span><\/p>\n<p> <span style=\"font-weight: 400;\">&#39;We kunnen niet alle omstandigheden veranderen, maar we kunnen wel samen een systeem bouwen dat veiligheid biedt aan degenen die durven te spreken. We hebben instellingen nodig, niet alleen goede bedoelingen&#39; <a href=\"https:\/\/www.amna.gr\/mobile\/article\/910906\/Thessaloniki-Apo-ton-kinduno-stin-Anthektikotita\u2014I-asfaleia-ton-dimosiografon-sto-epikentro-diethnous-sunedriou\" target=\"_blank\" rel=\"noopener\">(1)<\/a><\/span> <span style=\"font-weight: 400;\">.<\/span><\/p>\n<p> <span style=\"font-weight: 400;\">De minister benadrukte ook het belang van grensoverschrijdende samenwerking en gemeenschappelijke Europese instrumenten, en versterkte daarmee het geloof dat de veiligheid van journalisten niet alleen een probleem is voor de \u2018grootmachten\u2019 of oorlogsgebieden, maar een gemeenschappelijk Europees probleem dat ook overgangsdemocratie\u00ebn aangaat \u2013 waar instellingen dagelijks op de proef worden gesteld en de politieke bescherming van informatie niet vanzelfsprekend is.<\/span><\/p>\n<p> <span style=\"font-weight: 400;\">De gemene deler van de interventies was de behoefte aan toegang tot hoogwaardige, betrouwbare data om interventies te onderbouwen, straffeloosheid te bestrijden en beleid op een solide basis te bouwen. Op basis hiervan werden sectoroverschrijdende samenwerking en de institutionalisering van verantwoordingsplicht niet als een &#39;ambitie&#39;, maar als een noodzaak gepresenteerd.<\/span><\/p>\n<\/p>\n<h2> <b>Fotojournalistiek aan het front: trauma, veerkracht en menselijke kwetsbaarheid<\/b><\/h2>\n<p> <span style=\"font-weight: 400;\">Een van de meest memorabele momenten van de conferentie was de publieke uitwisseling van ervaringen door fotojournalisten Lefteris Pitarakis en Kostas Tsironis. De twee professionals, met jarenlange ervaring in crisisgebieden vari\u00ebrend van oorlogsgebieden tot natuurrampen, gaven uiting aan wat vaak onuitgesproken blijft: de psychologische gevolgen van professioneel trauma en de dunne lijn tussen het realisme van de lens en de overlevingsdrang van de persoon erachter.<\/span><\/p>\n<p> <span style=\"font-weight: 400;\">Kostas Tsironis, fotojournalist voor ANA-MPA (Athens News Agency-Macedonia Press Agency), sprak van &quot;een bipolaire situatie&quot; tussen momenten van adrenaline tijdens een missie en de terugkeer naar de normaliteit.<\/span> <span style=\"font-weight: 400;\">&quot;Je doet verslag van branden, crises, extreme gebeurtenissen&#8230; en dan kom je thuis, en is het alsof er niets is gebeurd. Deze afwisseling kan je geest in de war brengen.&quot;<\/span> <span style=\"font-weight: 400;\">Zijn beschrijving van de periode van economische crisis in Griekenland was diep persoonlijk en menselijk, met een breekpunt van mentale ineenstorting dat hem eraan herinnerde dat<\/span> <span style=\"font-weight: 400;\">&quot;noch alcohol noch substituten de oplossing zijn&quot;.<\/span> <span style=\"font-weight: 400;\">Wat nodig is, is &#39;<\/span> <span style=\"font-weight: 400;\">iemand dicht bij je, die er is&#39;.<\/span> <span style=\"font-weight: 400;\">Tegelijkertijd sprak hij realistisch over zijn pessimisme over het vooruitzicht van institutionele steun van de respectievelijke vakbonden, en erkende hij de<\/span> <span style=\"font-weight: 400;\">&quot;harde en weerbarstige mentaliteit&quot;<\/span> <span style=\"font-weight: 400;\">die heerst, vaak ten koste van de mentale gesteldheid van mediaprofessionals.<\/span> <\/p>\n<div id=\"attachment_16977\" class=\"wp-caption aligncenter\" style=\"width: 777px;\">\n<p><img loading=\"lazy\" decoding=\"async\" class=\"wp-image-16977 \" src=\"https:\/\/www.pulse-z.eu\/wp-content\/uploads\/2025\/06\/WhatsApp-Image-2025-06-16-at-16.03.35.jpeg\" sizes=\"auto, (max-width: 767px) 100vw, 767px\" srcset=\"https:\/\/www.pulse-z.eu\/wp-content\/uploads\/2025\/06\/WhatsApp-Image-2025-06-16-at-16.03.35.jpeg 1600w, https:\/\/www.pulse-z.eu\/wp-content\/uploads\/2025\/06\/WhatsApp-Image-2025-06-16-at-16.03.35-768x512.jpeg 768w, https:\/\/www.pulse-z.eu\/wp-content\/uploads\/2025\/06\/WhatsApp-Image-2025-06-16-at-16.03.35-1536x1023.jpeg 1536w\" alt=\"\" width=\"767\" height=\"511\" aria-describedby=\"caption-attachment-16977\" \/><\/p>\n<h6 id=\"caption-attachment-16977\" class=\"wp-caption-text\"> Panel: Frontline Frames: Geprezen fotojournalisten over het documenteren van conflicten, crises en menselijke ervaringen<br \/> Weerstand<br \/> Moderator: Ilias Nikezis, uitvoerend directeur van ICSJ<br \/> Sprekers:<br \/> Lefteris Pitarakis, videojournalist, The Associated Press<br \/> Kostas Tsironis, fotojournalist, Atheens-Macedonisch persbureau<br \/> \u00a9ICSJ<\/h6>\n<\/div>\n<p> <span style=\"font-weight: 400;\">In dezelfde context beschreef Lefteris Pitarakis, foto- en videojournalist bij Associated Press met ervaring in oorlogsgebieden zoals Afghanistan, Palestina en Irak, de noodzaak van bewuste afstand:<\/span> <span style=\"font-weight: 400;\">&quot;Achter de camera is er professionele, geen persoonlijke betrokkenheid.&quot;<\/span> <span style=\"font-weight: 400;\">Desondanks erkende hij dat de mentale druk constant is en dat veel collega&#39;s hun toevlucht nemen tot middelen om met het trauma om te gaan: &quot;Je hebt geen whisky nodig, je hebt water nodig en iemand die er voor je is.&quot; Even belangrijk was zijn verwijzing naar het DART Centre for Journalism and Trauma, waarmee hij de noodzaak benadrukte om dergelijke praktijken op het gebied van geestelijke gezondheid te integreren in meer institutionele en nationale kaders.<\/span><\/p>\n<p> <span style=\"font-weight: 400;\">Uiteindelijk kwamen beide interventies tot \u00e9\u00e9n essenti\u00eble waarheid: de eerste stap bij het aanpakken van trauma is niet de behandeling, maar aanwezigheid, simpelweg er zijn. Een humane, onopgesmukte en essenti\u00eble herinnering.<\/span><\/p>\n<h2> <b>Een overlevingsseminar voor journalisten<\/b><\/h2>\n<p> <span style=\"font-weight: 400;\">Van de praktische workshops die op de conferentie in het oog sprongen, was het seminar Eerste Hulp voor veldjournalisten een van de meest directe en nuttige interventies. Het seminar was ontworpen om te voldoen aan de re\u00eble behoeften van verslaggevers die protesten, oorlogsgebieden of natuurrampen verslaan en bood basiskennis, maar ook essenti\u00eble kennis over hoe om te gaan met noodsituaties.<\/span><\/p>\n<p> <span style=\"font-weight: 400;\">Deelnemers werden getraind in vaardigheden zoals het behandelen van verwondingen, het uitvoeren van reanimatie, het herkennen van kritieke symptomen en het veilig vervoeren van gewonden, door middel van realistische scenario&#39;s en simulaties ter plaatse. De meeste deelnemers omschreven de ervaring als &quot;een van de meest betekenisvolle en noodzakelijke die we ooit hebben meegemaakt&quot;, terwijl verschillende deelnemers opmerkten dat dit soort praktische training verplicht zou moeten zijn in journalistieke opleidingen en in de richtlijnen voor redactionele media.<\/span><\/p>\n<p> <span style=\"font-weight: 400;\">De workshop versterkte de filosofie van de conferentie, namelijk dat veiligheid niet alleen een institutionele of technische kwestie is, maar ook een kwestie van dagelijkse voorbereiding, overleving en kameraadschap in het veld.<\/span> <\/p>\n<div id=\"attachment_16849\" class=\"wp-caption aligncenter\" style=\"width: 720px;\">\n<p><img loading=\"lazy\" decoding=\"async\" class=\" wp-image-16849\" src=\"https:\/\/www.pulse-z.eu\/wp-content\/uploads\/2025\/06\/ICSJ_2025_37-scaled.jpg\" sizes=\"auto, (max-width: 710px) 100vw, 710px\" srcset=\"https:\/\/www.pulse-z.eu\/wp-content\/uploads\/2025\/06\/ICSJ_2025_37-scaled.jpg 2560w, https:\/\/www.pulse-z.eu\/wp-content\/uploads\/2025\/06\/ICSJ_2025_37-768x512.jpg 768w, https:\/\/www.pulse-z.eu\/wp-content\/uploads\/2025\/06\/ICSJ_2025_37-1536x1024.jpg 1536w, https:\/\/www.pulse-z.eu\/wp-content\/uploads\/2025\/06\/ICSJ_2025_37-2048x1365.jpg 2048w\" alt=\"\" width=\"710\" height=\"473\" aria-describedby=\"caption-attachment-16849\" \/><\/p>\n<h6 id=\"caption-attachment-16849\" class=\"wp-caption-text\"> \u00a9ICSJ<\/h6>\n<\/div>\n<h2> <b>Beleidsaanbevelingen en de dag erna<\/b><\/h2>\n<p> <span style=\"font-weight: 400;\">Aan het einde van de conferentie was het duidelijk dat de bescherming van journalisten niet beperkt kan blijven tot belangenbehartiging, maar dat er structurele interventies, samenwerkingskaders en politieke verantwoording nodig zijn. Zo wordt veiligheid ge\u00efnstitutionaliseerd en in de praktijk ge\u00efmplementeerd, niet als uitzondering, maar als de regel.<\/span><\/p>\n<p> <span style=\"font-weight: 400;\">Zoals Nikos Panagiotou, hoofd van de ICSJ, opmerkte:<\/span> <span style=\"font-weight: 400;\">&quot;Deze conferentie markeert een verschuiving van academische vastlegging naar praktische co-creatie van oplossingen. De ICSJ is niet alleen een onderzoekscentrum, het is een gebied van convergentie, interventie en zorg voor degenen die aan de frontlinie van de informatie staan.&quot;<\/span> <span style=\"font-weight: 400;\">De sectoroverschrijdende participatie en allianties die zijn ontstaan, benadrukte hij,<\/span> <span style=\"font-weight: 400;\">&quot;maken de weg vrij voor de ontwikkeling van institutionele instrumenten, zowel binnen als buiten de grenzen.&quot;<\/span> <span style=\"font-weight: 400;\">Tegelijkertijd vormt samenwerking met journalistieke verenigingen, academische instellingen en ngo&#39;s een tweede pijler van interventie. Specifieke voorstellen betreffen:<\/span><\/p>\n<ul>\n<li style=\"font-weight: 400;\"> <span style=\"font-weight: 400;\">Integratie van veiligheidstrainingsmodules in het hoger onderwijs<\/span><\/li>\n<li style=\"font-weight: 400;\"> <span style=\"font-weight: 400;\">Het cre\u00ebren van gezamenlijke juridische ondersteuningsnetwerken voor journalisten die risico lopen<\/span><\/li>\n<li style=\"font-weight: 400;\"> <span style=\"font-weight: 400;\">Het opstellen van interne veiligheidsprotocollen binnen redacties en nieuwsorganisaties.<\/span><\/li>\n<\/ul>\n<p> <span style=\"font-weight: 400;\">Een belangrijke factor is de actieve deelname van de jongere generatie, die niet alleen werd gezien als een morele verplichting, maar ook als een praktische sleutel tot innovatie. Jongere journalisten namen deel aan interactieve workshops en co-creatieprocessen, waarbij ze onder andere digitale waarschuwingstools voorstelden in geval van een aanval of surveillance, evenals peer-to-peer informatiecampagnes op sociale media.<\/span><\/p>\n<p> <span style=\"font-weight: 400;\">Zoals ambassadeur Jan Braathu (OVSE) treffend opmerkte:<\/span> <span style=\"font-weight: 400;\">&quot;Alleen veilige journalisten kunnen de democratie dienen. Veiligheid is een voorwaarde, geen privilege.&quot;<\/span><\/p>\n<p> <span style=\"font-weight: 400;\">De discussie over de oprichting van een pan-Europees risicomonitoringmechanisme werd door vertegenwoordigers van internationale organisaties op tafel gelegd en zal naar verwachting tijdens de volgende conferentie worden hervat. De bijeenkomst werd afgesloten met een gedeeld besef dat collectieve inzet kan worden omgezet in concreet, uitvoerbaar beleid.<\/span><\/p>\n<p> Referenties:<\/p>\n<ul>\n<li class=\"p1\"> Athene-Macedonisch persbureau. (2025, 14 juni). \u0398\u03b5\u03c3\u03c3\u03b1\u03bb\u03bf\u03bd\u03af\u03ba\u03b7: \u00ab\u0391\u03c0\u03cc \u03c4\u03bf\u03bd \u03ba\u03af\u03bd\u03b4\u03c5\u03bd\u03bf \u03c3\u03c4\u03b7\u03bd \u0391\u03bd\u03b8\u03b5\u03ba\u03c4\u03b9\u03ba\u03cc\u03c4\u03b7\u03c4\u03b1\u00bb \u2013 \u0397 \u03b1\u03c3\u03c6\u03ac\u03bb\u03b5\u03b9\u03b1 \u03c4\u03c9\u03bd Het apparaat kan niet goed worden aangesloten. https:\/\/www.amna.gr\/mobile\/article\/910906\/Thessaloniki-Apo-ton-kinduno-stin-Anthektikotita\u2014I-asfaleia-ton-dimosiografon-sto-epikentro-diethnous-sunedriou<\/li>\n<li> <span style=\"font-weight: 400;\">ICSJ, Eindagenda van de conferentie \u201cVan risico naar veerkracht: een multidisciplinaire aanpak\u201d<\/span> <a href=\"https:\/\/www.pulse-z.eu\/wp-content\/uploads\/2025\/06\/SAFETY-Agenda-FINAL-12.pdf\">VEILIGHEID Agenda DEFINITIEF 12<\/a><\/li>\n<\/ul>\n","protected":false},"excerpt":{"rendered":"<p>\u00a9ICSJ De inzet voor persvrijheid in 2025 Het is een feit dat de persvrijheid internationaal op vele manieren op de proef wordt gesteld, van fysieke aanvallen op journalisten op straat tot SLAPPS (Strategic Lawsuits Against [&hellip;]<\/p>\n","protected":false},"author":355,"featured_media":19828,"comment_status":"closed","ping_status":"closed","sticky":false,"template":"","format":"standard","meta":{"_acf_changed":false,"footnotes":""},"categories":[628],"tags":[1432,1433,1434,1435,1436,1437,1438,1439,1440,1441,1442,1443,1444,1445,1446,1447,1448,1449],"post_formats":[636],"coauthors":[],"class_list":["post-16887","post","type-post","status-publish","format-standard","has-post-thumbnail","hentry","category-de-puntjes-op-de-i-zetten","tag-digital-threats-nl","tag-freedom-of-expression-nl","tag-icsj-nl","tag-international-cooperation-nl","tag-journalist-safety-nl","tag-journalist-wellbeing-nl","tag-media-education-nl","tag-media-policy-nl","tag-media-resilience-nl","tag-newsroom-protocols-nl","tag-osce-nl","tag-photojournalism-nl","tag-press-freedom-nl","tag-public-interest-journalism-nl","tag-slapps-nl","tag-thessaloniki-conference-nl","tag-trauma-journalism-nl","tag-unesco-nl","post_formats-artikelen"],"acf":[],"_links":{"self":[{"href":"https:\/\/www.pulse-z.eu\/nl\/wp-json\/wp\/v2\/posts\/16887","targetHints":{"allow":["GET"]}}],"collection":[{"href":"https:\/\/www.pulse-z.eu\/nl\/wp-json\/wp\/v2\/posts"}],"about":[{"href":"https:\/\/www.pulse-z.eu\/nl\/wp-json\/wp\/v2\/types\/post"}],"author":[{"embeddable":true,"href":"https:\/\/www.pulse-z.eu\/nl\/wp-json\/wp\/v2\/users\/355"}],"replies":[{"embeddable":true,"href":"https:\/\/www.pulse-z.eu\/nl\/wp-json\/wp\/v2\/comments?post=16887"}],"version-history":[{"count":73,"href":"https:\/\/www.pulse-z.eu\/nl\/wp-json\/wp\/v2\/posts\/16887\/revisions"}],"predecessor-version":[{"id":24868,"href":"https:\/\/www.pulse-z.eu\/nl\/wp-json\/wp\/v2\/posts\/16887\/revisions\/24868"}],"wp:featuredmedia":[{"embeddable":true,"href":"https:\/\/www.pulse-z.eu\/nl\/wp-json\/wp\/v2\/media\/19828"}],"wp:attachment":[{"href":"https:\/\/www.pulse-z.eu\/nl\/wp-json\/wp\/v2\/media?parent=16887"}],"wp:term":[{"taxonomy":"category","embeddable":true,"href":"https:\/\/www.pulse-z.eu\/nl\/wp-json\/wp\/v2\/categories?post=16887"},{"taxonomy":"post_tag","embeddable":true,"href":"https:\/\/www.pulse-z.eu\/nl\/wp-json\/wp\/v2\/tags?post=16887"},{"taxonomy":"post_formats","embeddable":true,"href":"https:\/\/www.pulse-z.eu\/nl\/wp-json\/wp\/v2\/post_formats?post=16887"},{"taxonomy":"author","embeddable":true,"href":"https:\/\/www.pulse-z.eu\/nl\/wp-json\/wp\/v2\/coauthors?post=16887"}],"curies":[{"name":"wp","href":"https:\/\/api.w.org\/{rel}","templated":true}]}}