{"id":86894,"date":"2026-03-08T08:00:01","date_gmt":"2026-03-08T08:00:01","guid":{"rendered":"https:\/\/www.pulse-z.eu\/two-eu-countries-still-deny-women-the-right-to-choose\/"},"modified":"2026-03-08T08:00:39","modified_gmt":"2026-03-08T08:00:39","slug":"due-paesi-dellue-negano-ancora-alle-donne-il-diritto-di-scelta","status":"publish","type":"post","link":"https:\/\/www.pulse-z.eu\/it\/due-paesi-dellue-negano-ancora-alle-donne-il-diritto-di-scelta\/","title":{"rendered":"Due paesi dell&#039;UE negano ancora alle donne il diritto di scelta"},"content":{"rendered":"\n<p><span style=\"font-weight: 400\">Se si allargasse lo sguardo e si guardasse all&#039;Unione<\/span> <a href=\"https:\/\/european-union.europa.eu\/index_en\" target=\"_blank\" rel=\"noopener\"><span style=\"font-weight: 400\">Europea<\/span><\/a> <span style=\"font-weight: 400\">nel suo complesso, si potrebbe pensare che i diritti delle donne siano al primo posto tra<\/span> <a href=\"https:\/\/european-union.europa.eu\/principles-countries-history\/principles-and-values\/aims-and-values_en\" target=\"_blank\" rel=\"noopener\"><span style=\"font-weight: 400\">i valori europei<\/span><\/a> <span style=\"font-weight: 400\">, in particolare<\/span><a href=\"https:\/\/reproductiverights.org\/europe-abortion-laws-2025\/\" target=\"_blank\" rel=\"noopener\"><span style=\"font-weight: 400\">il diritto all&#039;aborto.<\/span><\/a> <span style=\"font-weight: 400\">Dopotutto, la parit\u00e0 tra uomini e donne \u00e8 uno dei principi fondanti dell&#039;Unione Europea, risalente al<\/span> <a href=\"https:\/\/eur-lex.europa.eu\/EN\/legal-content\/glossary\/equality-between-women-and-men.html\" target=\"_blank\" rel=\"noopener\"><span style=\"font-weight: 400\">Trattato di Roma del 1957.<\/span><\/a> <span style=\"font-weight: 400\">Eppure, oggi, 8 marzo 2026,<\/span> <a href=\"https:\/\/www.internationalwomensday.com\/\" target=\"_blank\" rel=\"noopener\"><span style=\"font-weight: 400\">Giornata internazionale della donna<\/span><\/a> <span style=\"font-weight: 400\">, due Stati membri dell&#039;UE hanno da tempo chiuso un occhio sull&#039;aborto:<\/span> <a href=\"https:\/\/reproductiverights.org\/news\/one-year-on-poland-has-yet-to-act-on-un-recommendations-for-abortion-law-reform\/\" target=\"_blank\" rel=\"noopener\"><span style=\"font-weight: 400\">Polonia<\/span><\/a> <span style=\"font-weight: 400\">e<\/span> <a href=\"https:\/\/reproductiverights.org\/news\/maltas-amended-abortion-law-will-not-protect-womens-health-and-lives\/\" target=\"_blank\" rel=\"noopener\"><span style=\"font-weight: 400\">Malta.<\/span><\/a><span style=\"font-weight: 400\">\u00a0<\/span><\/p>\n<p><span style=\"font-weight: 400\">L&#039;Unione Europea si vanta di strumenti giuridici vincolanti che gli Stati membri sono tenuti a rispettare.<\/span> <a href=\"https:\/\/www.europarl.europa.eu\/ftu\/pdf\/en\/FTU_4.1.2.pdf\" target=\"_blank\" rel=\"noopener\"><span style=\"font-weight: 400\">L&#039;articolo 2<\/span><\/a> <span style=\"font-weight: 400\">del Trattato sull&#039;Unione Europea elenca l&#039;uguaglianza come valore fondamentale.<\/span> <a href=\"https:\/\/fra.europa.eu\/en\/eu-charter\/article\/3-right-integrity-person\" target=\"_blank\" rel=\"noopener\"><span style=\"font-weight: 400\">L&#039;articolo 3<\/span><\/a> <span style=\"font-weight: 400\">della Carta dei diritti fondamentali garantisce il diritto all&#039;integrit\u00e0 fisica. La<\/span> <a href=\"https:\/\/equineteurope.org\/wp-content\/uploads\/2025\/10\/EU-202-2030-Gender-Equality-Strategy-Consultation.pdf\" target=\"_blank\" rel=\"noopener\"><span style=\"font-weight: 400\">Strategia dell&#039;UE per la parit\u00e0 di genere 2026-2030<\/span><\/a> <span style=\"font-weight: 400\">\u00e8 stata elaborata per accelerare l&#039;azione sui diritti delle donne.<\/span><\/p>\n<p> <span style=\"font-weight: 400\">Tuttavia, la<\/span> <a href=\"https:\/\/equineteurope.org\/wp-content\/uploads\/2025\/10\/EU-202-2030-Gender-Equality-Strategy-Consultation.pdf\" target=\"_blank\" rel=\"noopener\"><span style=\"font-weight: 400\">stessa Strategia<\/span><\/a> <span style=\"font-weight: 400\">riconosce<\/span> <i><span style=\"font-weight: 400\">&quot;l&#039;esistenza di barriere alla contraccezione e restrizioni all&#039;aborto sicuro e legale, anche all&#039;interno di alcuni Stati membri dell&#039;UE&quot;.<\/span><\/i> <span style=\"font-weight: 400\">All&#039;interno dei suoi confini,<\/span> <a href=\"https:\/\/secure.avaaz.org\/campaign\/en\/my_voice_my_choice_1_0\/?fpla\" target=\"_blank\" rel=\"noopener\"><span style=\"font-weight: 400\">a milioni di donne<\/span><\/a> <span style=\"font-weight: 400\">viene negato il diritto di scegliere cosa fare del proprio corpo.<\/span><\/p>\n<p> <span style=\"font-weight: 400\">Sebbene la legislazione sull&#039;aborto rimanga in gran parte di competenza dei singoli Stati membri, l&#039;UE pu\u00f2 esercitare pressioni politiche e stabilire standard di parit\u00e0. Tuttavia, sussiste ancora una tensione tra il diritto penale nazionale e i valori europei condivisi, che costituiscono la base dell&#039;attuale dibattito.<\/span><\/p>\n<p><span style=\"font-weight: 400\">Considerando innanzitutto il quadro generale, come gli standard internazionali in materia di salute e diritti umani, affrontano l&#039;aborto innanzitutto come<\/span> <a href=\"https:\/\/www.amnesty.org\/en\/what-we-do\/sexual-and-reproductive-rights\/abortion-facts\/\" target=\"_blank\" rel=\"noopener\"><span style=\"font-weight: 400\">assistenza sanitaria e autonomia corporea<\/span><\/a> <span style=\"font-weight: 400\">, non come omicidio.<\/span><\/p>\n<p> <span style=\"font-weight: 400\">L&#039;<\/span><a href=\"https:\/\/www.who.int\/news-room\/fact-sheets\/detail\/abortion\" target=\"_blank\" rel=\"noopener\"><span style=\"font-weight: 400\">Organizzazione Mondiale della Sanit\u00e0<\/span><\/a> <span style=\"font-weight: 400\">considera l&#039;aborto una componente fondamentale dell&#039;assistenza sanitaria sessuale e riproduttiva e<\/span> <a href=\"https:\/\/srhr.org\/abortioncare\/chapter-2\/recommendations-relating-to-regulation-of-abortion-2-2\/law-policy-recommendation-3-gestational-age-limits-2-2-3\/\" target=\"_blank\" rel=\"noopener\"><span style=\"font-weight: 400\">sconsiglia<\/span><\/a> <span style=\"font-weight: 400\">le leggi che proibiscono l&#039;aborto solo attraverso<\/span> il limite <a href=\"https:\/\/ec.europa.eu\/eurostat\/statistics-explained\/SEPDF\/cache\/7754.pdf\" target=\"_blank\" rel=\"noopener\"><span style=\"font-weight: 400\">dell&#039;et\u00e0 gestazionale<\/span><\/a> <span style=\"font-weight: 400\">, perch\u00e9 tali restrizioni ritardano l&#039;accesso e aumentano i danni anzich\u00e9 &quot;proteggere la vita&quot;.<\/span><\/p>\n<p> <span style=\"font-weight: 400\">Allo stesso modo, gli<\/span> organi delle <a href=\"https:\/\/www.un.org\/development\/desa\/pd\/sites\/www.un.org.development.desa.pd\/files\/undesa_pd_2017_abortion_laws_policies_country_profiles.pdf\" target=\"_blank\" rel=\"noopener\"><span style=\"font-weight: 400\">Nazioni Unite<\/span><\/a> <span style=\"font-weight: 400\">, come il<\/span> <a href=\"https:\/\/www.who.int\/publications\/i\/item\/9789240039483\" target=\"_blank\" rel=\"noopener\"><span style=\"font-weight: 400\">Comitato per i diritti umani<\/span><\/a> <span style=\"font-weight: 400\">, mettono in guardia contro la criminalizzazione delle persone che interrompono una gravidanza e sottolineano il dovere dei paesi di proteggere la vita e la salute delle donne per prevenire le sofferenze causate dalla continuazione forzata di una gravidanza.<\/span><\/p>\n<p> <span style=\"font-weight: 400\">Allo stesso tempo, l&#039;OMS riconosce che il tipo di assistenza e il livello di supporto spesso cambiano con l&#039;et\u00e0 gestazionale. Ad esempio, l&#039;OMS osserva che l&#039;aborto farmacologico autogestito pu\u00f2 essere sicuro ed efficace a et\u00e0 gestazionali<\/span> <a href=\"https:\/\/cdn.who.int\/media\/docs\/default-source\/reproductive-health\/abortion\/summary-chart-medical-management-abortion.pdf?sfvrsn=c735d28a_3\" target=\"_blank\" rel=\"noopener\"><span style=\"font-weight: 400\">inferiori alle 12 settimane<\/span><\/a> <span style=\"font-weight: 400\">, con accesso a informazioni accurate e supporto, se necessario.<\/span><\/p>\n<p> <span style=\"font-weight: 400\">In parole povere, tutti questi organismi internazionali hanno capito che la risposta non dovrebbe essere quella di &quot;punire&quot; le donne, ma di garantire che assistenza medica sicura, dignit\u00e0 e scelta siano accessibili a tutte le donne, soprattutto quando sono costrette e costrette a sottoporsi ad un aborto utilizzando metodi non sicuri.<\/span><\/p>\n<p><span style=\"font-weight: 400\">Nonostante questo chiaro consenso internazionale sull&#039;aborto come forma di assistenza sanitaria, Polonia e Malta rimangono due casi isolati all&#039;interno dell&#039;UE in materia di aborto. Come mai? Beh, entrambi i Paesi prendono, ad esempio, la religione: condividono un forte legame con la fede cattolica, con<\/span> <a href=\"https:\/\/timesofmalta.com\/article\/90-caucasian-83-roman-catholic-malta-census-statistics-released.1014045\" target=\"_blank\" rel=\"noopener\"><span style=\"font-weight: 400\">l&#039;83%<\/span><\/a> <span style=\"font-weight: 400\">dei cittadini maltesi e<\/span> <a href=\"https:\/\/oko.press\/spis-powszechny-katolicy\" target=\"_blank\" rel=\"noopener\"><span style=\"font-weight: 400\">il 71%<\/span><\/a> <span style=\"font-weight: 400\">dei cittadini polacchi che si identificano come cattolici.<\/span><\/p>\n<p> <span style=\"font-weight: 400\">Questo legame tra popolo e Chiesa \u00e8 ci\u00f2 che plasma ancora oggi la societ\u00e0 polacca e maltese, in particolare per quanto riguarda i valori orientati alla famiglia, che guidano le opinioni dei cittadini sull&#039;aborto. Nonostante i movimenti pro-choice attivi, la maggior parte di queste societ\u00e0 rimane scettica. Quasi<\/span> <a href=\"https:\/\/www.maltatoday.com.mt\/news\/data_and_surveys\/118089\/maltatoday_survey_malta_anti_abortion_nation_but_opinion_is_shifting\" target=\"_blank\" rel=\"noopener\"><span style=\"font-weight: 400\">il 62%<\/span><\/a> <span style=\"font-weight: 400\">dei maltesi e<\/span> <a href=\"https:\/\/cbos.pl\/SPISKOM.POL\/2024\/K_020_24.PDF\" target=\"_blank\" rel=\"noopener\"><span style=\"font-weight: 400\">il 63%<\/span><\/a> <span style=\"font-weight: 400\">dei polacchi si oppongono alla completa liberalizzazione della legge sull&#039;aborto.<\/span><\/p>\n<p> <span style=\"font-weight: 400\">Nonostante atteggiamenti simili, la situazione giuridica per le donne polacche appare piuttosto favorevole. Nessuna legge punisce direttamente l&#039;aborto farmacologico autoindotto.<\/span><\/p>\n<p> <span style=\"font-weight: 400\">Sebbene le pillole abortive non possano essere acquistate nelle farmacie locali, \u00e8 possibile ordinarle dall&#039;estero tramite reti di attivisti, come<\/span> <a href=\"https:\/\/womenhelp.org\/\" target=\"_blank\" rel=\"noopener\"><span style=\"font-weight: 400\">WomenHelpWomen<\/span><\/a> <span style=\"font-weight: 400\">o la prima clinica per l&#039;aborto in Polonia,<\/span> <a href=\"https:\/\/abotak.org\/\" target=\"_blank\" rel=\"noopener\"><span style=\"font-weight: 400\">Abotak<\/span><\/a> <span style=\"font-weight: 400\">.<\/span><\/p>\n<p> <span style=\"font-weight: 400\">Tuttavia, \u00e8 illegale assistere deliberatamente e direttamente un aborto, il che significa che ordinare pillole per un&#039;amica sotto il proprio nome espone al rischio di una<\/span> <a href=\"https:\/\/sip.lex.pl\/akty-prawne\/dzu-dziennik-ustaw\/kodeks-karny-16798683\/art-152\" target=\"_blank\" rel=\"noopener\"><span style=\"font-weight: 400\">pena detentiva fino a tre anni<\/span><\/a> <span style=\"font-weight: 400\">.<\/span><\/p>\n<p> <span style=\"font-weight: 400\">Al contrario, a Malta, l&#039;aborto rimane illegale nella maggior parte dei casi, con limitate eccezioni<\/span> <a href=\"https:\/\/www.amnesty.org\/en\/location\/europe-and-central-asia\/western-central-and-south-eastern-europe\/malta\/report-malta\/\" target=\"_blank\" rel=\"noopener\"><span style=\"font-weight: 400\">solo quando la vita o la salute della paziente sono a rischio e prima della &quot;vitalit\u00e0 fetale&quot;<\/span><\/a> <span style=\"font-weight: 400\">. Secondo il codice penale maltese,<\/span> <i><span style=\"font-weight: 400\">procurarsi un aborto spontaneo o acconsentire all&#039;uso dei mezzi con cui viene procurato l&#039;aborto spontaneo<\/span><\/i> \u00e8 punibile con <a href=\"https:\/\/www.safeabortionmalta.com\/#:~:text=in%20the%20EU.-,%E2%80%8B,twenty%20five%20years%20at%20least.\" target=\"_blank\" rel=\"noopener\"><span style=\"font-weight: 400\">una pena detentiva<\/span><\/a> <span style=\"font-weight: 400\">fino a<\/span> tre anni <span style=\"font-weight: 400\">. Con l&#039;aumento dei costi dei viaggi all&#039;estero per un aborto (<\/span> <a href=\"https:\/\/www.amphora.media\/2025\/04\/alone-constant-fear-of-being-caught-over-2000-self-managed-abortions-in-malta-in-last-five-years-despite-near-blanket-ban\" target=\"_blank\" rel=\"noopener\"><span style=\"font-weight: 400\">tra 2.000 e 3.000 euro<\/span><\/a> <span style=\"font-weight: 400\">), i casi di aborto farmacologico autogestito a Malta<\/span> <a href=\"https:\/\/www.amphora.media\/2025\/04\/alone-constant-fear-of-being-caught-over-2000-self-managed-abortions-in-malta-in-last-five-years-despite-near-blanket-ban\" target=\"_blank\" rel=\"noopener\"><span style=\"font-weight: 400\">sono raddoppiati<\/span><\/a> <span style=\"font-weight: 400\">tra il 2020 e il 2024.<\/span><\/p>\n<\/p>\n<p><span style=\"font-weight: 400\">Sebbene entrambi i Paesi condividano un terreno comune, differiscono significativamente nel modo in cui si sono sviluppate le leggi sull&#039;aborto e nel modo in cui la questione viene discussa pubblicamente.<\/span> <span style=\"font-weight: 400\">La prima distinzione risiede nella storia del diritto. In<\/span> <a href=\"https:\/\/pubmed.ncbi.nlm.nih.gov\/1777450\/\" target=\"_blank\" rel=\"noopener\"><span style=\"font-weight: 400\">Polonia,<\/span><\/a> <span style=\"font-weight: 400\">durante il periodo comunista (anni &#039;50-1989), l&#039;aborto era legale e ampiamente accessibile. Malta, tuttavia, ha storicamente mantenuto un divieto, rendendolo uno dei quadri giuridici pi\u00f9 severi d&#039;Europa.<\/span><\/p>\n<p> <span style=\"font-weight: 400\">Un&#039;altra differenza riguarda la visibilit\u00e0 mediatica e il dibattito pubblico. A<\/span> <span style=\"font-weight: 400\">Malta, l&#039;aborto \u00e8 diventato un argomento di primo piano nel dibattito pubblico, in programmi televisivi come<\/span> <a href=\"https:\/\/youtu.be\/44ZEsl8O3UI?feature=shared\" target=\"_blank\" rel=\"noopener\"><span style=\"font-weight: 400\">Popolin<\/span><\/a> <span style=\"font-weight: 400\">, nei notiziari e sui social media, tra cui<\/span> <a href=\"https:\/\/lovinmalta.com\/lifestyle\/health\/reproductive-health\/maltese-activists-urge-eu-to-back-my-voice-my-choice-abortion-proposal\/\" target=\"_blank\" rel=\"noopener\"><span style=\"font-weight: 400\">Lovin&#039; Malta<\/span><\/a> <span style=\"font-weight: 400\">e<\/span> <a href=\"https:\/\/youtu.be\/cW8_UlWfixA?si=rOY3wXHkP-sn3xx3\" target=\"_blank\" rel=\"noopener\"><span style=\"font-weight: 400\">Freehour<\/span><\/a> <span style=\"font-weight: 400\">.<\/span><\/p>\n<p> <span style=\"font-weight: 400\">Pi\u00f9 di recente, la KSU (Kunsill Studenti Universitarji) ha pubblicato i risultati del suo sondaggio sull&#039;aborto, che mostrano come la maggioranza degli studenti universitari partecipanti si opponga alla legalizzazione dell&#039;aborto, con circa il 58% contrario e circa il 42% a favore. Questo dato riflette la prospettiva degli studenti universitari sull&#039;aborto.<\/span><\/p>\n<p> <span style=\"font-weight: 400\">\u00c8 comunque importante considerare che, nonostante i progressi, la censura persiste; occasionalmente, le discussioni sono state bloccate, anche all&#039;Universit\u00e0<\/span> <a href=\"https:\/\/www.maltatoday.com.mt\/news\/national\/131507\/ksu_removes_moviment_graffitti_freshers_stand_due_to_prochoice_material\" target=\"_blank\" rel=\"noopener\"><span style=\"font-weight: 400\">di Malta.<\/span><\/a><\/p>\n<p> <span style=\"font-weight: 400\">In Polonia, l&#039;aborto \u00e8 ampiamente dibattuto, ma fortemente polarizzato a causa dei recenti sconvolgimenti legislativi. Ad esempio, nel 2020, la<\/span> <a href=\"https:\/\/www.theguardian.com\/world\/2020\/oct\/22\/poland-rules-abortion-due-to-foetal-defects-unconstitutional\" target=\"_blank\" rel=\"noopener\"><span style=\"font-weight: 400\">Corte Costituzionale<\/span><\/a> <span style=\"font-weight: 400\">ha stabilito di limitare ulteriormente l&#039;aborto, vietando la maggior parte dei casi che comportano anomalie fetali. Ci\u00f2 ha portato a grandi proteste a livello nazionale organizzate da movimenti come Og\u00f3lnopolski Strajk Kobiet (Sciopero delle Donne).<\/span> <a href=\"https:\/\/www.theguardian.com\/world\/2020\/oct\/22\/poland-rules-abortion-due-to-foetal-defects-unconstitutional\" target=\"_blank\" rel=\"noopener\"><span style=\"font-weight: 400\">\u00a0<\/span><\/a><\/p>\n<p><span style=\"font-weight: 400\">Durante il lockdown dovuto al COVID-19, gli studenti polacchi hanno utilizzato le lezioni online come spazi di protesta simbolica, sostituendo le loro immagini del profilo con il fulmine rosso dello<\/span> <a href=\"https:\/\/strajkkobiet.eu\/\" target=\"_blank\" rel=\"noopener\"><span style=\"font-weight: 400\">Strajk Kobiet<\/span><\/a> <span style=\"font-weight: 400\">(Sciopero delle donne polacche) dopo la sentenza sull&#039;aborto del 2020. In un caso,<\/span> <a href=\"https:\/\/bip.brpo.gov.pl\/pl\/content\/rpo-profesorka-przerwala-wyklad-z-powodu-symbolu-strajku-kobiet\" target=\"_blank\" rel=\"noopener\"><span style=\"font-weight: 400\">all&#039;Universit\u00e0 della Slesia,<\/span><\/a> <span style=\"font-weight: 400\">un professore ha interrotto una lezione perch\u00e9 una studentessa aveva esposto il simbolo. Questo dimostra le tensioni tra le istituzioni accademiche e la libert\u00e0 di espressione degli studenti.<\/span><\/p>\n<p> <span style=\"font-weight: 400\">Un terzo fattore \u00e8 la scala. La piccola popolazione di Malta e la sua comunit\u00e0 unita fanno s\u00ec che argomenti delicati si diffondano rapidamente attraverso il passaparola e i media. Al contrario, la popolazione pi\u00f9 numerosa e le dimensioni geografiche della Polonia consentono a opinioni e attivismo di variare notevolmente da una regione all&#039;altra.<\/span><\/p>\n<blockquote>\n<p><em><span style=\"font-weight: 400\">&quot;Il bambino pesa 485 g. Per ora, grazie alla legge sull&#039;aborto, devo stare sdraiata e non c&#039;\u00e8 niente che possano fare. Aspetteranno che muoia, o che inizi qualcosa, e se non succede, posso aspettarmi una sepsi.&quot; \u2013<\/span> <span style=\"font-weight: 400\">Izabela, 30 anni<\/span><\/em><\/p>\n<\/blockquote>\n<p> <span style=\"font-weight: 400\">Purtroppo, anche nei casi limitati in cui l&#039;aborto dovrebbe essere praticato, non sempre \u00e8 cos\u00ec.<\/span> <span style=\"font-weight: 400\">Queste sono state tra le ultime parole di<\/span> <a href=\"https:\/\/www.medonet.pl\/biznes-system-i-zdrowie\/trendy-w-ochronie-zdrowia,blagala-o-pomoc--tragiczna-smierc-ciezarnej-izabeli-z-pszczyny--lekarze-skazani,artykul,28021791.html\" target=\"_blank\" rel=\"noopener\"><span style=\"font-weight: 400\">Izabela, trentenne<\/span><\/a> <span style=\"font-weight: 400\">, ricoverata in un ospedale locale a Pszczyna, in Polonia. \u00c8 morta, lasciando la figlia senza una madre.<\/span><\/p>\n<p> <a href=\"https:\/\/www.medonet.pl\/biznes-system-i-zdrowie\/trendy-w-ochronie-zdrowia,blagala-o-pomoc--tragiczna-smierc-ciezarnej-izabeli-z-pszczyny--lekarze-skazani,artykul,28021791.html\" target=\"_blank\" rel=\"noopener\"><span style=\"font-weight: 400\">Izabela<\/span><\/a> <span style=\"font-weight: 400\">aveva dichiarato chiaramente di voler vivere e di avere qualcuno per cui vivere. Eppure, nonostante i sintomi, le era stato detto solo che doveva aspettare perch\u00e9 il cuore del feto batteva ancora. Alla fine, il contatto con lei si era interrotto. Le erano gi\u00e0 stati somministrati sedativi forti in ospedale e non era pi\u00f9 in grado di parlare, agire o chiedere aiuto. Non siamo stati in grado di intervenire, perch\u00e9 eravamo completamente isolati sia dalle informazioni che da lei.<\/span><\/p>\n<p> <span style=\"font-weight: 400\">La morte di Izabela<\/span> <a href=\"https:\/\/time.com\/6320172\/poland-abortion-laws-maternal-health-care\/\" target=\"_blank\" rel=\"noopener\"><span style=\"font-weight: 400\">non \u00e8 stata l&#039;unica<\/span><\/a> <span style=\"font-weight: 400\">causata dalla nuova legge restrittiva, che ha scatenato proteste in tutto il Paese. Nel 2024, la legge \u00e8 stata chiarita sotto la guida del Ministro della Salute Izabela Leszczyna, che ha introdotto una disposizione aggiuntiva che consente l&#039;interruzione di gravidanza ogniqualvolta la vita o la salute della madre, incluso il suo stato mentale, siano in pericolo.<\/span><\/p>\n<p> <strong>Mentre scriviamo questo articolo, la vita di un&#039;altra donna \u00e8 in gioco.<\/strong><\/p>\n<p> <span style=\"font-weight: 400\">Lela, una donna georgiana residente in Polonia, \u00e8 ricoverata e dimessa dall&#039;ospedale specialistico provinciale di Olsztyn dal dicembre 2025.<\/span><\/p>\n<p> <span style=\"font-weight: 400\">Fin dall&#039;inizio della gravidanza, Lela ha sofferto di gravi sintomi somatici. Ora incinta di 15 settimane, le sue condizioni sono diventate critiche a fine febbraio. A causa dell&#039;infiammazione cronica e dell&#039;ulcerazione dell&#039;esofago, Lela ha iniziato a vomitare sangue. I medici hanno risposto sospendendole i farmaci a causa della gravidanza.<\/span><\/p>\n<blockquote>\n<p style=\"text-align: center\"> <a href=\"https:\/\/oko.press\/lela-czeka-na-aborcje\" target=\"_blank\" rel=\"noopener\"><i><span style=\"font-weight: 400\">Ho un marito.<\/span><\/i><\/a><\/p>\n<p style=\"text-align: center\"> <a href=\"https:\/\/oko.press\/lela-czeka-na-aborcje\" target=\"_blank\" rel=\"noopener\"><i><span style=\"font-weight: 400\">Ho figli.<\/span><\/i><\/a><\/p>\n<p style=\"text-align: center\"> <a href=\"https:\/\/oko.press\/lela-czeka-na-aborcje\" target=\"_blank\" rel=\"noopener\"><i><span style=\"font-weight: 400\">Ho delle persone per cui vivere.<\/span><\/i><\/a><\/p>\n<\/blockquote>\n<p> <span style=\"font-weight: 400\">Secondo le attiviste della<\/span> <a href=\"https:\/\/www.google.com\/search?q=polish+feminist+grouo+full+name+FEDERA&amp;rlz=1C1GCEA_enMT1094MT1094&amp;oq=polish+feminist+grouo+full+name+FEDERA&amp;gs_lcrp=EgZjaHJvbWUyBggAEEUYOTIJCAEQIRgKGKABMgkIAhAhGAoYoAEyBwgDECEYjwIyBwgEECEYjwIyBwgFECEYjwLSAQg1ODg5ajBqN6gCALACAA&amp;sourceid=chrome&amp;ie=UTF-8#:~:text=FEDERA%20is%20the-,Foundation%20for%20Women%20and%20Family%20Planning,-(formerly%20the%20Federation\" target=\"_blank\" rel=\"noopener\"><span style=\"font-weight: 400\">Fondazione per le Donne e la Pianificazione Familiare<\/span><\/a> <span style=\"font-weight: 400\">(FEDERA), un&#039;organizzazione femminista polacca, Lela ha ripetutamente segnalato all&#039;ospedale per almeno un mese di voler interrompere la gravidanza per gravi motivi di salute, una pratica ancora legale secondo la legge polacca. Ha presentato una richiesta ufficiale all&#039;ospedale, sia in polacco che in georgiano, chiedendo un aborto che dovrebbe essere legalmente concesso.<\/span><\/p>\n<p> <span style=\"font-weight: 400\">Nonostante gli sforzi degli attivisti, l&#039;ospedale continua a rifiutare la procedura, nonostante le condizioni della paziente peggiorino. Lela \u00e8 debole, non riesce a camminare o mangiare da sola e continua a vomitare sangue.<\/span><\/p>\n<p><span style=\"font-weight: 400\">Storie come quelle di Izabela e Lela non sono rimaste senza risposta.<\/span> <span style=\"font-weight: 400\">L&#039;<\/span> <a href=\"https:\/\/citizens-initiative.europa.eu\/_en\" target=\"_blank\" rel=\"noopener\"><span style=\"font-weight: 400\">Iniziativa dei Cittadini Europei<\/span><\/a> <span style=\"font-weight: 400\">(ICE) &quot;<\/span> <a href=\"https:\/\/citizens-initiative.europa.eu\/my-voice-my-choice-safe-and-accessible-abortion_en\" target=\"_blank\" rel=\"noopener\"><span style=\"font-weight: 400\">La mia voce, la mia scelta&quot;<\/span><\/a> <span style=\"font-weight: 400\">ha riunito oltre 14 Paesi e 300 organizzazioni in tutta l&#039;UE, raccogliendo oltre 1,2 milioni di firme per chiedere all&#039;UE di garantire aborti sicuri e accessibili a tutti i cittadini europei. La campagna chiedeva all&#039;UE di creare un meccanismo finanziario per aiutare gli Stati membri a fornire volontariamente assistenza per l&#039;aborto sicuro a coloro che non ne hanno accesso.<\/span><\/p>\n<p> <span style=\"font-weight: 400\">Il 17 dicembre 2025, una risoluzione del<\/span> <a href=\"https:\/\/oeil.europarl.europa.eu\/oeil\/en\/document-summary?id=1880954\" target=\"_blank\" rel=\"noopener\"><span style=\"font-weight: 400\">Parlamento europeo<\/span><\/a> <span style=\"font-weight: 400\">\u00e8 stata approvata con 358 voti favorevoli, 202 contrari e 79 astensioni.<\/span> <span style=\"font-weight: 400\">Gli eurodeputati polacchi hanno votato in larga parte a<\/span> <a href=\"https:\/\/howtheyvote.eu\/votes\/182767\" target=\"_blank\" rel=\"noopener\"><span style=\"font-weight: 400\">favore<\/span><\/a> <span style=\"font-weight: 400\">. Ad esempio, Robert Biedro\u0144 (S&amp;D) e Bartosz Ar\u0142ukowicz (PPE) l&#039;hanno sostenuta, sebbene alcuni, come Adam Bielan (ECR), abbiano votato contro.<\/span><\/p>\n<p> <span style=\"font-weight: 400\">Tuttavia, tutti i deputati maltesi hanno votato contro o si sono astenuti, a differenza della Polonia, dove almeno alcuni rappresentanti hanno sostenuto la misura nonostante le posizioni restrittive di entrambi i paesi in materia di aborto.<\/span> <span style=\"font-weight: 400\">Pi\u00f9 di recente, la<\/span> <a href=\"https:\/\/www.bbc.com\/news\/articles\/cvgv92p6qzqo\" target=\"_blank\" rel=\"noopener\"><span style=\"font-weight: 400\">Commissione europea<\/span><\/a> <span style=\"font-weight: 400\">ha adottato la sua risposta all&#039;ICE, rilevando che ogni anno nell&#039;UE si verificano quasi 500.000 aborti non sicuri.<\/span><\/p>\n<p> <span style=\"font-weight: 400\">La Commissaria europea per le pari opportunit\u00e0,<\/span> <a href=\"https:\/\/www.facebook.com\/eudebates.tv\/videos\/my-voice-my-choice-europe-has-acted-hadja-lahbib-announces-eu-funding-path-for-w\/1443303873854816\/\" target=\"_blank\" rel=\"noopener\"><span style=\"font-weight: 400\">Hadja Lahbib<\/span><\/a> <span style=\"font-weight: 400\">, ha affermato che<\/span> <em>&quot;sicurezza e libert\u00e0 non devono mai dipendere dal codice postale e dal reddito&quot;.<\/em> <span style=\"font-weight: 400\">Cosa significa questo per le donne che vivono a Malta e in Polonia? Con l&#039;iniziativa, le donne avranno accesso a alloggio e viaggi gratuiti per sottoporsi ad aborti sicuri e legali in un altro Stato membro.<\/span><\/p>\n<p> <span style=\"font-weight: 400\">In conclusione, si stanno facendo progressi. L&#039;<\/span> iniziativa <a href=\"https:\/\/citizens-initiative.europa.eu\/my-voice-my-choice-safe-and-accessible-abortion_en\" target=\"_blank\" rel=\"noopener\"><span style=\"font-weight: 400\">&quot;My Voice, My Choice&quot;<\/span><\/a> <span style=\"font-weight: 400\">offre un&#039;ancora di salvezza, promettendo un sostegno finanziario alle donne costrette a recarsi all&#039;estero per ricevere cure sicure e legali. Per la prima volta, l&#039;UE ha riconosciuto che l&#039;accesso all&#039;aborto non dovrebbe dipendere dal luogo di residenza.<\/span><\/p>\n<p> <span style=\"font-weight: 400\">Eppure, lo stigma persiste in entrambi i Paesi: parlare apertamente di aborto suscita ancora giudizi e vergogna. Ci si aspetta che le donne soffrano in silenzio e chi rompe questo silenzio rischia l&#039;esclusione sociale.<\/span> <span style=\"font-weight: 400\">Oggi, in occasione della Giornata internazionale della donna, milioni di donne nell&#039;UE non riescono ancora a prendere decisioni sul proprio corpo senza temere di essere perseguite penalmente, di trovarsi in povert\u00e0 o di essere condannate pubblicamente.<\/span><\/p>\n<p> <strong><em>L&#039;uguaglianza rimane un valore fondante dell&#039;Europa. \u00c8 ora che diventi una realt\u00e0 vissuta.<\/em><\/strong><\/p><\/p>\n","protected":false},"excerpt":{"rendered":"<p>Se si allargasse lo sguardo e si guardasse all&#039;Unione Europea nel suo complesso, si potrebbe pensare che i diritti delle donne siano al primo posto tra i valori europei , in particolareil diritto all&#039;aborto. Dopotutto, [&hellip;]<\/p>\n","protected":false},"author":2550,"featured_media":86700,"comment_status":"closed","ping_status":"closed","sticky":false,"template":"","format":"standard","meta":{"_acf_changed":false,"footnotes":""},"categories":[8,21],"tags":[7217,18705,25373,11890,25375,7704,25379,18733,2756,25380,443,25378,856,268,18704,60,101,25377,4239,25376,41,25374,257,3782,805,25372,18706,25371,3560,1546],"post_formats":[626],"coauthors":[22020,25370,6831],"class_list":["post-86894","post","type-post","status-publish","format-standard","has-post-thumbnail","hentry","category-connecting-the-dots","category-current-affairs","tag-malta","tag-abortion-rights","tag-access-to-abortion","tag-activism","tag-bodily-autonomy","tag-civil-society","tag-conservative-backlash","tag-council-of-the-eu","tag-criminalisation","tag-cross-border-influence","tag-democratic-resilience","tag-disinformation-networks","tag-eu-values","tag-european-commission","tag-european-court-of-human-rights","tag-european-parliament","tag-european-union","tag-feminist-movements","tag-gender-equality","tag-healthcare-policy","tag-human-rights","tag-legal-restrictions","tag-poland","tag-protests","tag-public-health","tag-reproductive-healthcare","tag-reproductive-rights","tag-right-to-choose","tag-rule-of-law","tag-womens-rights","post_formats-articoli"],"acf":[],"_links":{"self":[{"href":"https:\/\/www.pulse-z.eu\/it\/wp-json\/wp\/v2\/posts\/86894","targetHints":{"allow":["GET"]}}],"collection":[{"href":"https:\/\/www.pulse-z.eu\/it\/wp-json\/wp\/v2\/posts"}],"about":[{"href":"https:\/\/www.pulse-z.eu\/it\/wp-json\/wp\/v2\/types\/post"}],"author":[{"embeddable":true,"href":"https:\/\/www.pulse-z.eu\/it\/wp-json\/wp\/v2\/users\/2550"}],"replies":[{"embeddable":true,"href":"https:\/\/www.pulse-z.eu\/it\/wp-json\/wp\/v2\/comments?post=86894"}],"version-history":[{"count":8,"href":"https:\/\/www.pulse-z.eu\/it\/wp-json\/wp\/v2\/posts\/86894\/revisions"}],"predecessor-version":[{"id":87069,"href":"https:\/\/www.pulse-z.eu\/it\/wp-json\/wp\/v2\/posts\/86894\/revisions\/87069"}],"wp:featuredmedia":[{"embeddable":true,"href":"https:\/\/www.pulse-z.eu\/it\/wp-json\/wp\/v2\/media\/86700"}],"wp:attachment":[{"href":"https:\/\/www.pulse-z.eu\/it\/wp-json\/wp\/v2\/media?parent=86894"}],"wp:term":[{"taxonomy":"category","embeddable":true,"href":"https:\/\/www.pulse-z.eu\/it\/wp-json\/wp\/v2\/categories?post=86894"},{"taxonomy":"post_tag","embeddable":true,"href":"https:\/\/www.pulse-z.eu\/it\/wp-json\/wp\/v2\/tags?post=86894"},{"taxonomy":"post_formats","embeddable":true,"href":"https:\/\/www.pulse-z.eu\/it\/wp-json\/wp\/v2\/post_formats?post=86894"},{"taxonomy":"author","embeddable":true,"href":"https:\/\/www.pulse-z.eu\/it\/wp-json\/wp\/v2\/coauthors?post=86894"}],"curies":[{"name":"wp","href":"https:\/\/api.w.org\/{rel}","templated":true}]}}