{"id":79691,"date":"2026-01-27T15:24:47","date_gmt":"2026-01-27T15:24:47","guid":{"rendered":"https:\/\/www.pulse-z.eu\/?p=79691"},"modified":"2026-01-27T15:25:01","modified_gmt":"2026-01-27T15:25:01","slug":"erasmus-torna-nel-regno-unito-gli-studenti-potranno-partecipare-al-programma-di-scambio-dellue-a-partire-dal-2027","status":"publish","type":"post","link":"https:\/\/www.pulse-z.eu\/it\/erasmus-torna-nel-regno-unito-gli-studenti-potranno-partecipare-al-programma-di-scambio-dellue-a-partire-dal-2027\/","title":{"rendered":"Erasmus+ torna nel Regno Unito: gli studenti potranno partecipare al programma di scambio dell&#39;UE a partire dal 2027."},"content":{"rendered":"\n<p>A cura di Francesca Moriero<\/p>\n<p>Dopo ben cinque anni di assenza, il Regno Unito torner\u00e0 a partecipare al <a href=\"https:\/\/www.erasmusplus.it\/news\/programma\/intesa-raggiunta-per-il-ritorno-del-regno-unito-nel-programma-erasmus-dal-2027\/\" target=\"_blank\" rel=\"noopener\">programma Erasmus+ a partire dal 2027.<\/a> L&#8217;uscita dal programma era stata infatti una conseguenza diretta della Brexit, che aveva reso impossibile per Londra accedere ai principali strumenti di mobilit\u00e0 accademica e giovanile dell&#8217;Unione europea. L&#8217;accordo, da 570 milioni di sterline, ufficializzato tramite una dichiarazione congiunta del commissario europeo al Commercio Maros Sefcovic e del ministro britannico Nick Thomas-Symonds, rappresenta ora un passo concreto nel rafforzamento dei legami tra il Regno Unito e l&#8217;UE, sia sul piano educativo sia su quello culturale.<\/p>\n<h2>Cos&#8217;\u00e8 il programma Erasmus+ e perch\u00e9 \u00e8 importante<\/h2>\n<p>Erasmus+ non \u00e8 solo un&#8217;opportunit\u00e0 per studiare all&#8217;estero ma un programma europeo che integra istruzione, formazione, sport e iniziative giovanili, capace di creare un vero e proprio ponte tra diverse culture e tra diversi sistemi educativi. Grazie a Erasmus+, gli studenti e le studentesse possono partecipare a periodi di studio in universit\u00e0 straniere, svolgere stage formativi in contesti internazionali e sviluppare competenze professionali e interculturali fondamentali in un mondo sempre pi\u00f9 globalizzato.<\/p>\n<p>Il ritorno del Regno Unito significa quindi insomma che migliaia di giovani britannici potranno di nuovo vivere esperienze formative all&#8217;interno dell&#8217;Europa, mentre gli studenti europei avranno la possibilit\u00e0 di studiare nel Regno Unito, arricchendo cos\u00ec il proprio percorso accademico e personale attraverso la conoscenza diretta della realt\u00e0 culturale britannica.<\/p>\n<h2>Come funzioner\u00e0 il rientro del Regno Unito nel programma Erasmus+<\/h2>\n<p>L&#8217;accordo stabilisce sostanzialmente che dal 2027 il Regno Unito sar\u00e0 nuovamente associato a Erasmus+. Ci\u00f2 include la partecipazione a scambi universitari, progetti di formazione professionale, programmi giovanili e attivit\u00e0 legate allo sport. La dichiarazione congiunta sottolinea che i termini economici dell&#8217;associazione sono stati definiti in modo equilibrato: il contributo del Regno Unito al programma sar\u00e0 cio\u00e8 proporzionato ai benefici che il Paese ricever\u00e0, garantendo insomma vantaggi reciproci per entrambe le parti.<\/p>\n<p>&nbsp;<\/p>\n<h2>Opportunit\u00e0 per i giovani e vantaggi reciproci<\/h2>\n<p>L&#8217;inclusione del Regno Unito in Erasmus+ offre insomma ai giovani un ventaglio di possibilit\u00e0 senza precedenti; non si tratta soltanto di arricchimento accademico: partecipare a scambi internazionali significa sviluppare autonomia, competenze interculturali, capacit\u00e0 di networking e apertura mentale, strumenti fondamentali per il futuro professionale.<\/p>\n<p>Le universit\u00e0 britanniche, dal canto loro, potranno rafforzare le proprie collaborazioni internazionali e attrarre talenti da tutta Europa. Anche i Paesi dell&#8217;UE, compresa l&#8217;Italia, beneficeranno del ritorno del Regno Unito, potendo inviare i propri studenti a Londra e in altre citt\u00e0 britanniche, contribuendo cos\u00ec a creare una rete educativa sempre pi\u00f9 ampia e integrata.<\/p>\n<h2>Un segnale positivo per le relazioni UE-Regno Unito<\/h2>\n<p>Oltre all&#8217;aspetto educativo, il rientro del Regno Unito in Erasmus+ ha un forte valore simbolico e politico: la presidente della Commissione europea Ursula von der Leyen ha definito l&#8217;accordo &#8220;un passo avanti nel rinnovato partenariato strategico con il Regno Unito&#8221;. Per von der Leyen, ripristinare la partecipazione britannica non significa infatti solo favorire la mobilit\u00e0 degli studenti, ma anche rafforzare i legami culturali e sociali tra le due sponde dell&#8217;Europa, promuovendo cos\u00ec esperienze condivise e legami duraturi tra le nuove generazioni.<\/p>\n","protected":false},"excerpt":{"rendered":"<p>A cura di Francesca Moriero Dopo ben cinque anni di assenza, il Regno Unito torner\u00e0 a partecipare al programma Erasmus+ a partire dal 2027. L&#8217;uscita dal programma era stata infatti una conseguenza diretta della Brexit, [&hellip;]<\/p>\n","protected":false},"author":173,"featured_media":37273,"comment_status":"closed","ping_status":"closed","sticky":false,"template":"","format":"standard","meta":{"_acf_changed":false,"footnotes":""},"categories":[685,568,687],"tags":[21319,2280,21320],"post_formats":[626],"coauthors":[3918],"class_list":["post-79691","post","type-post","status-publish","format-standard","has-post-thumbnail","hentry","category-disinformazione","category-generale","category-gioventu","tag-england","tag-erasmus-it","tag-great-britain","post_formats-articoli"],"acf":[],"_links":{"self":[{"href":"https:\/\/www.pulse-z.eu\/it\/wp-json\/wp\/v2\/posts\/79691","targetHints":{"allow":["GET"]}}],"collection":[{"href":"https:\/\/www.pulse-z.eu\/it\/wp-json\/wp\/v2\/posts"}],"about":[{"href":"https:\/\/www.pulse-z.eu\/it\/wp-json\/wp\/v2\/types\/post"}],"author":[{"embeddable":true,"href":"https:\/\/www.pulse-z.eu\/it\/wp-json\/wp\/v2\/users\/173"}],"replies":[{"embeddable":true,"href":"https:\/\/www.pulse-z.eu\/it\/wp-json\/wp\/v2\/comments?post=79691"}],"version-history":[{"count":11,"href":"https:\/\/www.pulse-z.eu\/it\/wp-json\/wp\/v2\/posts\/79691\/revisions"}],"predecessor-version":[{"id":80501,"href":"https:\/\/www.pulse-z.eu\/it\/wp-json\/wp\/v2\/posts\/79691\/revisions\/80501"}],"wp:featuredmedia":[{"embeddable":true,"href":"https:\/\/www.pulse-z.eu\/it\/wp-json\/wp\/v2\/media\/37273"}],"wp:attachment":[{"href":"https:\/\/www.pulse-z.eu\/it\/wp-json\/wp\/v2\/media?parent=79691"}],"wp:term":[{"taxonomy":"category","embeddable":true,"href":"https:\/\/www.pulse-z.eu\/it\/wp-json\/wp\/v2\/categories?post=79691"},{"taxonomy":"post_tag","embeddable":true,"href":"https:\/\/www.pulse-z.eu\/it\/wp-json\/wp\/v2\/tags?post=79691"},{"taxonomy":"post_formats","embeddable":true,"href":"https:\/\/www.pulse-z.eu\/it\/wp-json\/wp\/v2\/post_formats?post=79691"},{"taxonomy":"author","embeddable":true,"href":"https:\/\/www.pulse-z.eu\/it\/wp-json\/wp\/v2\/coauthors?post=79691"}],"curies":[{"name":"wp","href":"https:\/\/api.w.org\/{rel}","templated":true}]}}