{"id":79640,"date":"2026-01-27T18:40:53","date_gmt":"2026-01-27T18:40:53","guid":{"rendered":"https:\/\/www.pulse-z.eu\/?p=79640"},"modified":"2026-03-31T22:31:07","modified_gmt":"2026-03-31T22:31:07","slug":"procaccini-fdi-le-frasi-di-trump-sulleuropa-crude-ma-giuste-dallue-ferocia-contro-musk","status":"publish","type":"post","link":"https:\/\/www.pulse-z.eu\/it\/procaccini-fdi-le-frasi-di-trump-sulleuropa-crude-ma-giuste-dallue-ferocia-contro-musk\/","title":{"rendered":"Procaccini (FdI): \u201cLe frasi di Trump sull\u2019Europa crude ma giuste. Dall\u2019Ue ferocia contro Musk\u201d"},"content":{"rendered":"\n<p>L&#8217;Unione europea affronta una delle fasi pi\u00f9 difficili della sua storia, nel rapporto con gli Stati Uniti. L&#8217;ultimo esempio, uno dei pi\u00f9 evidenti \u00e8 stata<a href=\"http:\/\/la Strategia di sicurezza nazionale  continua su: https:\/\/www.fanpage.it\/politica\/procaccini-fdi-le-frasi-di-trump-sulleuropa-crude-ma-giuste-dallue-ferocia-contro-musk\/ https:\/\/www.fanpage.it\/\"> la Strategia di sicurezza nazionale<\/a> dell&#8217;amministrazione Trump, che traccia una quadro estremamente duro nei confronti dell&#8217;Ue. A sostenere il presidente Usa c&#8217;\u00e8 anche l&#8217;imprenditore Elon Musk, che ha lanciato un attacco aperto all&#8217;Europa definendola &#8220;Quarto Reich&#8221;.<\/p>\n<p>Nel governo Meloni c&#8217;\u00e8 divisione. Diversi esponenti della Lega esultano per la &#8220;fine&#8221; dell&#8217;Ue, mentre il ministro per gli Affari Europei Tommaso Foti prima ha detto che bisogna fare &#8220;passi avanti&#8221; nella realizzazione dei &#8220;mercati unici&#8221;; poi, quando Fanpage.it gli ha chiesto di commentare le parole dei suoi colleghi pi\u00f9 euroscettici, ha rilanciato: &#8220;Quando ti accorgi che vi sono dei problemi, l&#8217;unico modo per togliere argomentazioni a tutti \u00e8 quello di risolverli&#8221;.<\/p>\n<p>Ai microfoni di Fanpage.it Nicola Procaccini, il co-presidente del gruppo dei Conservatori (Ecr) al Parlamento europeo in quota Fratelli d&#8217;Italia, ha parlato delle posizioni di Trump, delle parole di Musk e della situazione in Ucraina, tra le altre cose. Lo ha fatto a margine degli &#8220;Ecr Study Days&#8221;, quattro giorni di seminari organizzati dai Conservatori Europei per discutere i temi al centro del dibattito in Ue.<\/p>\n<p>Ci dice ci\u00f2 che gi\u00e0 sapevamo, ovvero che l&#8217;Unione europea sta attraversando una fase di crisi, che \u00e8 il frutto di un calo demografico vertiginoso, una immigrazione di massa che si fatica a controllare e gestire, e questo porta naturalmente ad uno snaturamento della sua essenza.<\/p>\n<p>Non c&#8217;\u00e8 alcuna invocazione di una disgregazione europea. Anzi, si invoca un rafforzamento dell&#8217;Unione europea. Un rafforzamento anche sul piano della difesa. Sono considerazioni persino ovvie, che non mi creano alcun imbarazzo. Naturalmente sono scritte con un linguaggio a volte brusco, ma in cui non percepisco nulla di sbagliato.<\/p>\n<p>Per\u00f2 in quel documento si mettono gli Stati europei quasi quasi davanti a un bivio: o continuate su questa china \u2013 si dice \u2013 con istituzioni sovranazionali antidemocratiche che reprimono la libert\u00e0 di pensiero, o coltivate un rapporto diretto con gli Stati Uniti. \u00c8 un bivio davanti a cui anche il governo italiano si trova, o no?<\/p>\n<p>C&#8217;\u00e8 un passaggio, in quel documento, che secondo me \u00e8 particolarmente significativo. C&#8217;\u00e8 scritto che l&#8217;Unione europea \u00e8 &#8220;vitale&#8221; per gli Stati Uniti d&#8217;America, dal punto di vista culturale e strategico. Credo che sia un riconoscimento dell&#8217;importanza, della solidit\u00e0 di questo rapporto. Per avere un rapporto serve, naturalmente, anche evitare di mettersi le dita negli occhi a vicenda, come purtroppo qualcheduno sembra avere la tentazione di fare.<\/p>\n<p><strong>Che effetto fa, a un membro di un partito che dice di essere patriottico, sentire Elon Musk che <a href=\"https:\/\/www.fanpage.it\/politica\/elon-musk-contro-lue-e-il-quarto-reich-e-chiude-laccount-su-x-della-commissione\/\" target=\"_blank\" rel=\"noopener\">paragona l&#8217;Europa al Quarto Reich<\/a>, dice che in Europa non c&#8217;\u00e8 libert\u00e0 d&#8217;espressione perch\u00e9 si \u00e8 data una multa a una piattaforma che ha violato delle norme votate dai partiti europei (compreso il vostro, fra l&#8217;altro)?<\/strong><\/p>\n<p>Naturalmente sono parole che non condivido, per\u00f2 capisco anche il moto di rabbia che c&#8217;\u00e8 dietro quelle parole. \u00c8 vero che l&#8217;Unione europea si \u00e8 dotata di strumenti che in qualche modo abbiamo tutti condiviso, ma attenzione a come vengono usati questi strumenti. Perch\u00e9 se servono per combattere politicamente dei soggetti ridotti a degli avversari, snaturano il motivo per cui esistono quegli strumenti.<\/p>\n<p>&nbsp;<\/p>\n<p><strong>Lei nella multa a X vede un intento politico?<\/strong><\/p>\n<p>S\u00ec, s\u00ec, mi sembra che ci sia una una certa ferocia, probabilmente eccessiva.<\/p>\n<p><strong>L&#8217;altro fronte \u00e8 quello dell&#8217;Ucraina. Lei vede prossimo un disimpegno degli Stati Uniti? In che situazione metterebbe l&#8217;Europa e il governo di Giorgia Meloni, che ha scommesso sulla vittoria dell&#8217;Ucraina?<\/strong><\/p>\n<p>Non esiste questa cosa di &#8220;scommettere sulla vittoria&#8221; dell&#8217;Ucraina\u2026<\/p>\n<p><strong>L&#8217;ha detto lei pi\u00f9 volte, <a href=\"https:\/\/www.fanpage.it\/politica\/meloni-in-aula-dice-di-non-aver-mai-parlato-di-vittoria-dellucraina-ma-lo-ha-fatto-in-diverse-occasioni\/\" target=\"_blank\" rel=\"noopener\">ci sono dichiarazioni pubbliche.<\/a><\/strong><\/p>\n<p>Nessuno ha mai scommesso sulla vittoria dell&#8217;Ucraina. Giustamente si \u00e8 aiutata una nazione aggredita da un&#8217;altra nazione a resistere. E questo suo aiuto durer\u00e0 fin quanto sar\u00e0 necessario per arrivare ad una Ucraina che possa rimanere libera, capace di autodeterminarsi, democratica.<\/p>\n<p>Io mi auguro che gli Stati Uniti non si disimpegnino. Ad oggi non si sono disimpegnati. Ad oggi stanno continuando a sostenere l&#8217;Ucraina.<\/p>\n<p>Naturalmente questo sostegno si accompagna alla ricerca di un piano di pace, che tutti quanti noi auspichiamo. Purtroppo, per arrivare alla pace serve che entrambi i contendenti desistano, e in questo caso mi sembra che l&#8217;aggressore continui a non rinunciare alla sua aggressione.<\/p>\n","protected":false},"excerpt":{"rendered":"<p>L&#8217;Unione europea affronta una delle fasi pi\u00f9 difficili della sua storia, nel rapporto con gli Stati Uniti. L&#8217;ultimo esempio, uno dei pi\u00f9 evidenti \u00e8 stata la Strategia di sicurezza nazionale dell&#8217;amministrazione Trump, che traccia una [&hellip;]<\/p>\n","protected":false},"author":173,"featured_media":79581,"comment_status":"closed","ping_status":"closed","sticky":false,"template":"","format":"standard","meta":{"_acf_changed":false,"footnotes":""},"categories":[682,685],"tags":[21308,8020,3221,3604],"post_formats":[626],"coauthors":[3918],"class_list":["post-79640","post","type-post","status-publish","format-standard","has-post-thumbnail","hentry","category-attualita","category-disinformazione","tag-elon-mask","tag-security-it","tag-trump-it","tag-war-it","post_formats-articoli"],"acf":[],"_links":{"self":[{"href":"https:\/\/www.pulse-z.eu\/it\/wp-json\/wp\/v2\/posts\/79640","targetHints":{"allow":["GET"]}}],"collection":[{"href":"https:\/\/www.pulse-z.eu\/it\/wp-json\/wp\/v2\/posts"}],"about":[{"href":"https:\/\/www.pulse-z.eu\/it\/wp-json\/wp\/v2\/types\/post"}],"author":[{"embeddable":true,"href":"https:\/\/www.pulse-z.eu\/it\/wp-json\/wp\/v2\/users\/173"}],"replies":[{"embeddable":true,"href":"https:\/\/www.pulse-z.eu\/it\/wp-json\/wp\/v2\/comments?post=79640"}],"version-history":[{"count":7,"href":"https:\/\/www.pulse-z.eu\/it\/wp-json\/wp\/v2\/posts\/79640\/revisions"}],"predecessor-version":[{"id":97334,"href":"https:\/\/www.pulse-z.eu\/it\/wp-json\/wp\/v2\/posts\/79640\/revisions\/97334"}],"wp:featuredmedia":[{"embeddable":true,"href":"https:\/\/www.pulse-z.eu\/it\/wp-json\/wp\/v2\/media\/79581"}],"wp:attachment":[{"href":"https:\/\/www.pulse-z.eu\/it\/wp-json\/wp\/v2\/media?parent=79640"}],"wp:term":[{"taxonomy":"category","embeddable":true,"href":"https:\/\/www.pulse-z.eu\/it\/wp-json\/wp\/v2\/categories?post=79640"},{"taxonomy":"post_tag","embeddable":true,"href":"https:\/\/www.pulse-z.eu\/it\/wp-json\/wp\/v2\/tags?post=79640"},{"taxonomy":"post_formats","embeddable":true,"href":"https:\/\/www.pulse-z.eu\/it\/wp-json\/wp\/v2\/post_formats?post=79640"},{"taxonomy":"author","embeddable":true,"href":"https:\/\/www.pulse-z.eu\/it\/wp-json\/wp\/v2\/coauthors?post=79640"}],"curies":[{"name":"wp","href":"https:\/\/api.w.org\/{rel}","templated":true}]}}