{"id":66363,"date":"2025-11-18T20:00:39","date_gmt":"2025-11-18T20:00:39","guid":{"rendered":"https:\/\/www.pulse-z.eu\/democracy-without-streets\/"},"modified":"2025-11-18T20:00:57","modified_gmt":"2025-11-18T20:00:57","slug":"che-tipo-di-democrazia-esiste-senza-strade","status":"publish","type":"post","link":"https:\/\/www.pulse-z.eu\/it\/che-tipo-di-democrazia-esiste-senza-strade\/","title":{"rendered":"Che tipo di democrazia esiste senza strade?"},"content":{"rendered":"\n<p><span style=\"font-weight: 400\">Il diritto di protestare \u00e8 un pilastro della democrazia europea. La possibilit\u00e0 di scendere in piazza e avanzare rivendicazioni \u00e8 l&#039;essenza della democrazia, e non un privilegio decorativo. Al contrario, \u00e8 un mezzo senza tempo per fare pressione sulle istituzioni che non ascoltano. Ciononostante, in tutta<\/span> <a href=\"https:\/\/www.liberties.eu\/en\/stories\/rule-of-law-2025-protests\/45384\" target=\"_blank\" rel=\"noopener\"><span style=\"font-weight: 400\">Europa<\/span><\/a> <span style=\"font-weight: 400\">, questo diritto sembra ridursi, la repressione delle manifestazioni pacifiche sta diventando una tendenza alla sicurezza interna, che viene istituita con divieti rigorosi, persino con modifiche legislative che criminalizzano la protesta stessa. L&#039;Italia \u00e8 attualmente in prima linea in questo cambiamento.<\/span> <span style=\"font-weight: 400\">Naturalmente, questa questione va di pari passo con la tendenza all&#039;&quot;<\/span> <a href=\"https:\/\/www.euractiv.com\/news\/rapporteur-the-dangers-of-urgency-mindset\/\" target=\"_blank\" rel=\"noopener\"><span style=\"font-weight: 400\">urgenza<\/span><\/a> <span style=\"font-weight: 400\">&quot;, in un momento in cui i cittadini di tutto il continente scendono in piazza e i governi parlano sempre pi\u00f9 spesso il linguaggio dell&#039;&quot;urgenza&quot;. La Presidente della Commissione, Ursula von der Leyen, invoca un &quot;senso di urgenza&quot; nelle politiche dell&#039;UE, una mentalit\u00e0 che potrebbe aggirare proprio quei processi democratici che proteggono il pluralismo e le voci critiche.<\/span><\/p>\n<p><span style=\"font-weight: 400\">Nel caso dell&#039;Italia, il 22 settembre 2025, migliaia di persone scesero in piazza da Milano alla Sicilia per<\/span> <a href=\"https:\/\/www.theguardian.com\/world\/2025\/sep\/22\/disruption-across-italy-as-tens-of-thousands-protest-against-gaza-war\" target=\"_blank\" rel=\"noopener\"><span style=\"font-weight: 400\">protestare contro<\/span><\/a> <span style=\"font-weight: 400\">il genocidio a Gaza. La situazione paralizz\u00f2 il Paese, con stazioni ferroviarie, scuole e porti come Genova e Livorno chiusi, dove i lavoratori portuali bloccarono il traffico merci perch\u00e9 &quot;l&#039;Italia viene utilizzata come hub per il trasporto di armi verso Israele&quot;. A Roma, oltre 20.000 persone intonarono lo slogan &quot;Palestina libera&quot; fuori dalla stazione Termini. La tensione durante le manifestazioni aument\u00f2, con gruppi vestiti di nero che tentarono di sfondare l&#039;ingresso principale della stazione di Milano, vennero lanciati fumogeni e pietre e la polizia rispose con spray al peperoncino, provocando 10 arresti e 60 feriti. Il Primo Ministro Giorgia Meloni condann\u00f2 gli episodi, attribuendoli a &quot;minoranze violente senza alcun legame con la solidariet\u00e0&quot;.<\/span><\/p>\n<p> <span style=\"font-weight: 400\">All&#039;inizio di ottobre, in seguito agli scontri, le autorit\u00e0 locali di Bologna<\/span> <a href=\"https:\/\/www.reuters.com\/world\/middle-east\/italy-bans-pro-palestinian-october-7-demonstration-bologna-tensions-rise-2025-10-06\/\" target=\"_blank\" rel=\"noopener\"><span style=\"font-weight: 400\">hanno vietato<\/span><\/a> <span style=\"font-weight: 400\">una manifestazione pro-palestinese con la motivazione che sussisteva un &quot;grave rischio di disordini&quot;. L&#039;organizzazione Giovani Palestinesi ha annunciato che avrebbe cercato di radunarsi nonostante il divieto, con l&#039;ambasciatore israeliano in Italia che ha dichiarato che &quot;l&#039;evento avrebbe glorificato il 7 ottobre&quot; e di aver &quot;collaborato con le autorit\u00e0&quot; per annullarlo. Nel<\/span> <a href=\"https:\/\/www.amnesty.org\/en\/latest\/news\/2025\/05\/italy-draconian-new-law-criminalizing-peaceful-protest-while-expanding-police-powers-must-be-rejected\/\" target=\"_blank\" rel=\"noopener\"><span style=\"font-weight: 400\">maggio<\/span><\/a> <span style=\"font-weight: 400\">2025, il governo italiano ha presentato al Parlamento un disegno di legge che criminalizza anche le forme tradizionali di disobbedienza civile. Il decreto legge 48\/2025 criminalizza &quot;l&#039;occupazione illegale di propriet\u00e0&quot; con pene fino a sette anni di carcere e l&#039;ostruzione del traffico con pene fino a due anni di carcere. La legge amplia inoltre i poteri della polizia e fornisce sostegno finanziario agli agenti di polizia che eccedono i propri doveri. In risposta, Amnesty International ha descritto la legislazione come &quot;draconiana, che crea un ambiente ostile e tenta di mettere a tacere il dissenso&quot; tra gli attivisti ambientali, le persone che vivono in povert\u00e0 e le comunit\u00e0 razziali, facendo s\u00ec che le conseguenze del disegno di legge siano sproporzionate.<\/span><\/p>\n<p><span style=\"font-weight: 400\">Il governo Meloni sta tentando di elevare il concetto di &quot;sicurezza&quot; a principio politico fondamentale, con<\/span> <a href=\"https:\/\/www.reuters.com\/world\/italy-cracks-down-protests-squatters-cannabis-2025-06-04\/?\" target=\"_blank\" rel=\"noopener\"><span style=\"font-weight: 400\">il Decreto Legge<\/span><\/a> <span style=\"font-weight: 400\">48\/2025 che ne costituisce essenzialmente il nucleo, in base al quale proteste pacifiche, resistenza passiva e blocchi stradali\/ferroviari sono ora trattati come potenziali reati penali, segnando un passaggio nella &quot;sfera pubblica&quot; da uno spazio di consultazione a uno spazio di controllo in cui la protesta \u00e8 considerata \u2013 per legge \u2013 un problema di &quot;ordine pubblico&quot;. Allo stesso tempo, la previsione di protezione finanziaria e di tutela legale per le forze dell&#039;ordine (ad esempio, il diritto a 10.000 euro per le spese legali) sottolinea l&#039;idea alla base della legislazione, con il governo che pone le forze dell&#039;ordine sotto un&#039;eccessiva protezione e le rende destinatarie privilegiate della protezione della legge stessa. Nel contesto dell&#039;&quot;emergenza europea&quot;, il governo italiano, utilizzando un vocabolario comune come strategia politica, soprattutto in tempi di crisi (politica, economica, internazionale), sta lasciando spazio a Meloni per accelerare il processo decisionale nel tentativo di aggirare la consultazione.<\/span><\/p>\n<p>L&#039;Italia, tuttavia, non \u00e8 un&#039;eccezione, ma piuttosto un esempio di questa tendenza. <a href=\"https:\/\/www.liberties.eu\/en\/stories\/rule-of-law-2025-protests\/45384\" target=\"_blank\" rel=\"noopener\"><span style=\"font-weight: 400\">Il rapporto<\/span><\/a> <span style=\"font-weight: 400\">sullo Stato di Diritto di quest&#039;anno<\/span> <span style=\"font-weight: 400\">ha rilevato un aumento delle restrizioni alle proteste in tutti gli Stati, dai divieti preventivi alla violenza sproporzionata e alle riforme legislative punitive. In Germania, a Berlino \u00e8 stato imposto un divieto generale temporaneo alle manifestazioni pro-palestinesi; in Estonia, la polizia ha vietato una manifestazione successivamente dichiarata illegale; in Belgio, sono state imposte multe e sanzioni amministrative per il semplice possesso di una bandiera palestinese, mentre in Ungheria, ora riconosciuta come l&#039;esperimento europeo di pratiche autoritarie, 15 tentativi di organizzare proteste sono stati successivamente vietati per motivi di &quot;sicurezza pubblica&quot;. Sebbene l&#039;Italia non sia l&#039;unica ad attuare queste pratiche, non \u00e8 l&#039;unico Paese che, fortunatamente, sta reagendo alle restrizioni. Il conflitto sociale in Europa sta creando un paradosso: mentre i governi limitano sempre pi\u00f9 il diritto di protestare, la mobilitazione sociale non solo continua, ma si espande. L&#039;Europa sta attraversando un periodo di<\/span> <a href=\"https:\/\/www.youtube.com\/watch?v=nw2EJ2V02Zo&amp;t=756s\" target=\"_blank\" rel=\"noopener\"><span style=\"font-weight: 400\">&quot;regressione democratica ma anche di forte resistenza&quot;<\/span><\/a> <span style=\"font-weight: 400\">; e la solidariet\u00e0 con Gaza ha dato origine a una \u201cvasta ondata\u201d di attivismo, che spesso si \u00e8 scontrata con una \u201cpesante repressione\u201d.<\/span><\/p>\n<p> <span style=\"font-weight: 400\">Le proteste, ad esempio, potrebbero non aver fermato il genocidio, e non \u00e8 compito loro \u2013 bens\u00ec dei governi \u2013 esercitare il controllo e far rispettare il diritto internazionale, piuttosto che limitarne la richiesta e il modo in cui viene espressa. Queste azioni hanno cambiato qualcosa di pi\u00f9 profondo: il modo in cui la gente comune entra in politica attraverso uno shock morale e rivendica la responsabilit\u00e0 della democrazia. Le voci in piazza continuano a farsi sentire, rendendo la democrazia e i suoi riflessi rilevanti e attivi, nonostante le reazioni al suo deterioramento, causato pi\u00f9 da chi la vuole corrotta che da chi la cerca.<\/span><\/p>\n","protected":false},"excerpt":{"rendered":"<p>Il diritto di protestare \u00e8 un pilastro della democrazia europea. La possibilit\u00e0 di scendere in piazza e avanzare rivendicazioni \u00e8 l&#039;essenza della democrazia, e non un privilegio decorativo. Al contrario, \u00e8 un mezzo senza tempo [&hellip;]<\/p>\n","protected":false},"author":355,"featured_media":61694,"comment_status":"closed","ping_status":"closed","sticky":false,"template":"","format":"standard","meta":{"_acf_changed":false,"footnotes":""},"categories":[8,21,1],"tags":[12848,17098,17099,17100,3665,6933,13925,4908,1957,1782,17101,17102,2562,3353,17103,17104,3674,17105,1000,17106,3675,17107,11774,17108,17109],"post_formats":[626],"coauthors":[4037],"class_list":["post-66363","post","type-post","status-publish","format-standard","has-post-thumbnail","hentry","category-connecting-the-dots","category-current-affairs","category-general","tag-activism-it","tag-authoritarian-drift","tag-civil-disobedience","tag-civil-rights","tag-democracy-it","tag-democratic-backsliding-it","tag-dissent-it","tag-eu-politics-it","tag-europe-it","tag-european-commission-it","tag-freedom-of-assembly","tag-gaza-protests","tag-human-rights-it","tag-italy-it","tag-meloni","tag-police-powers","tag-protest-it","tag-public-order","tag-public-space-it","tag-repression","tag-rule-of-law-it","tag-security-policy","tag-social-movements-it","tag-solidarity","tag-street-politics","post_formats-articoli"],"acf":[],"_links":{"self":[{"href":"https:\/\/www.pulse-z.eu\/it\/wp-json\/wp\/v2\/posts\/66363","targetHints":{"allow":["GET"]}}],"collection":[{"href":"https:\/\/www.pulse-z.eu\/it\/wp-json\/wp\/v2\/posts"}],"about":[{"href":"https:\/\/www.pulse-z.eu\/it\/wp-json\/wp\/v2\/types\/post"}],"author":[{"embeddable":true,"href":"https:\/\/www.pulse-z.eu\/it\/wp-json\/wp\/v2\/users\/355"}],"replies":[{"embeddable":true,"href":"https:\/\/www.pulse-z.eu\/it\/wp-json\/wp\/v2\/comments?post=66363"}],"version-history":[{"count":14,"href":"https:\/\/www.pulse-z.eu\/it\/wp-json\/wp\/v2\/posts\/66363\/revisions"}],"predecessor-version":[{"id":66509,"href":"https:\/\/www.pulse-z.eu\/it\/wp-json\/wp\/v2\/posts\/66363\/revisions\/66509"}],"wp:featuredmedia":[{"embeddable":true,"href":"https:\/\/www.pulse-z.eu\/it\/wp-json\/wp\/v2\/media\/61694"}],"wp:attachment":[{"href":"https:\/\/www.pulse-z.eu\/it\/wp-json\/wp\/v2\/media?parent=66363"}],"wp:term":[{"taxonomy":"category","embeddable":true,"href":"https:\/\/www.pulse-z.eu\/it\/wp-json\/wp\/v2\/categories?post=66363"},{"taxonomy":"post_tag","embeddable":true,"href":"https:\/\/www.pulse-z.eu\/it\/wp-json\/wp\/v2\/tags?post=66363"},{"taxonomy":"post_formats","embeddable":true,"href":"https:\/\/www.pulse-z.eu\/it\/wp-json\/wp\/v2\/post_formats?post=66363"},{"taxonomy":"author","embeddable":true,"href":"https:\/\/www.pulse-z.eu\/it\/wp-json\/wp\/v2\/coauthors?post=66363"}],"curies":[{"name":"wp","href":"https:\/\/api.w.org\/{rel}","templated":true}]}}