{"id":66174,"date":"2025-11-17T15:04:04","date_gmt":"2025-11-17T15:04:04","guid":{"rendered":"https:\/\/www.pulse-z.eu\/?p=66174"},"modified":"2025-11-17T15:04:17","modified_gmt":"2025-11-17T15:04:17","slug":"come-hanno-votato-gli-eurodeputati-italiani-sul-piano-di-riarmo-dellunione-europea","status":"publish","type":"post","link":"https:\/\/www.pulse-z.eu\/it\/come-hanno-votato-gli-eurodeputati-italiani-sul-piano-di-riarmo-dellunione-europea\/","title":{"rendered":"Come hanno votato gli eurodeputati italiani sul piano di riarmo dell&#39;Unione Europea"},"content":{"rendered":"\n<p>Il Parlamento europeo ha approvato oggi <a href=\"https:\/\/www.fanpage.it\/politica\/piano-riarmo-europeo-al-via-il-voto-al-parlamento-ue-i-partiti-italiani-si-spaccano\/\" target=\"_blank\" rel=\"noopener\">la risoluzione sul Libro bianco della difesa<\/a>, con l&#8217;appoggio al piano di riarmo della Commissione europea, ReArm Europe. La risoluzione \u00e8 stata approvata con 419 voti a favore, su 669 votanti, 204 contrari e 46 astenuti. Dal\u00a0 resoconto del voto emergono le divisioni interne ai partiti italiani, che gi\u00e0 erano emerse nelle scorse settimane, sul tema della difesa e del riarmo.<\/p>\n<p>Guardando ai voti espressi dai singoli eurodeputati, si vedono posizioni opposte e molto lontane sia nel centrosinistra che nel centrodestra. Non solo infatti, <a href=\"https:\/\/www.fanpage.it\/politica\/pd-diviso-su-riarmo-maran-schlein-sbaglia-a-prendere-le-distanze-dal-piano-e-un-passo-verso-difesa-comune\/\" target=\"_blank\" rel=\"noopener\">il Pd si \u00e8 spaccato<\/a>, tra astenuti e favorevoli, ma anche nella maggioranza si registrano distanze siderali, apparentemente inconciliabili.<\/p>\n<p>&#8220;All&#8217;Europa serve la difesa comune, non la corsa al riarmo dei singoli Stati. \u00c8 e resta questa la posizione del Pd \u2013 ha dichiarato in una nota la segretaria del Pd, Elly Schlein.<\/p>\n<p>Oggi al Parlamento si votava una risoluzione sulla difesa comune, con molti punti che condividiamo, ma la risoluzione dava anche appoggio al piano RearmEU proposto da Ursula Von der Leyen cui abbiamo avanzato e confermiamo molte critiche proprio perch\u00e9 agevola il riarmo dei singoli Stati facendo debito nazionale, ma non contribuisce alla difesa comune e anzi rischia di ritardarla. Quel piano va cambiato. All&#8217;Unione europea serve una svolta di integrazione politica e di investimenti comuni \u2013 per un piano industriale, sociale, ambientale, digitale e per la difesa comune, ma non solo e non a scapito del sociale e della coesione \u2013 serve aumentare capacit\u00e0 industriale e coordinamento, con l&#8217;orizzonte federalista di un esercito comune al servizio di una politica estera comune e di un progetto di pace. Obiettivi per cui continueremo a impegnarci ogni giorno&#8221;, ha aggiunto.<\/p>\n<p>Critica la vicepresidente del Parlamento Ue, che le ha risposto cos\u00ec: &#8220;Il voto favorevole di una parte consistente della delegazione del Partito Democratico permetter\u00e0 di non isolarci dal resto del gruppo dei Socialisti e Democratici. La costruzione della difesa europea \u00e8 un capitolo appena iniziato e sar\u00e0 importante non perdere terreno per incidere in modo forte sui dossier che verranno&#8221;, si legge in una nota di Pina Picierno.<\/p>\n<p>&#8220;Grazie al lavoro del capo delegazione Zingaretti, \u00e8 stato accolto dal Parlamento europeo un emendamento del Pd sulla necessit\u00e0 di puntare maggiormente su integrazione strategica e dimensione europea; cos\u00ec come la collega Annunziata, in commissione Afet, ha molto migliorato la mozione complessiva proposta dai socialisti. In generale tutta la delegazione ha svolto un ottimo lavoro nel merito. Per queste ragioni resto convinta che ci fossero tutte le condizioni per votare a favore, contribuendo cos\u00ec al miglioramento del percorso \u2018standoci dentro&#8217;. Ora serve dialogo, capacit\u00e0 di composizione, insieme al riconoscimento delle legittime posizioni reciproche: da sempre i segretari si sono confrontati con le delegazioni del Pd, e anche i pre-vertici europei erano l\u2019occasione per un confronto sulle urgenze. Da molto tempo assistiamo, invece, ad un atteggiamento di chiusura del gruppo dirigente che porta inesorabilmente a divisioni e spaccature&#8221;.<\/p>\n<h2>Il voto sulla risoluzione su riarmo e difesa, partito per partito<\/h2>\n<p>La gran parte dei voti positivi, 419 in tutto, sul Libro bianco della difesa provengono dai popolari, di cui fa parte Forza Italia di Tajani, dei democratici e socialisti, di cui fanno parte gli eurodeputati dem favorevoli. Del Pd hanno votato s\u00ec Annunziata (successivamente al verbale Annunziata ha rettificato il voto dal s\u00ec all\u2019astensione), Bonaccini, De Caro, Gualmini, Gori, Lupo, Maran, Moretti, Picierno, Tinagli, Topo. E sempre del Pd si sono invece astenuti Benifei, Corrado, Laureti, Nardella, Ricci, Ruotolo, Strada, Tarquinio, Zan, Annunziata e il capodelegazione Zingaretti.<\/p>\n<p>A favore la delegazione di Fratelli d&#8217;Italia, che sta nel gruppo di Ecr: Berlato, Cavedagna, Ciccioli, Crosetto, Donazzan, Fidanza, Fiocchi, Gambino, Gemma, Inselvini, Magoni, Mantovani, Nesci, Picaro, Polato, Procaccini, Razza, Sberna, Squarta, Torselli, Ventola, Vivaldini.<\/p>\n<p>I voti negativi sono invece stati 204, e tra questi ci sono i leghisti, Vannacci, Borchia, Ceccardi, Patriciello, Sardone, Tovaglieri, Stancanelli; ma c&#8217;\u00e8 anche una minoranza di Ecr (per lo pi\u00f9 i polacchi in dissenso da Meloni), la Sinistra (dove siede anche il M5s oltre a Sinistra Italiana) e una minoranza dei Verdi (tra cui gli italiani).<\/p>\n<p>In particolare per The Left hanno votato contro gli eurodeputati del M5s Antoci, Della Valle, Furore, Morace, Pedull\u00e0, Tamburrano, Tridico, e l&#8217;eurodeputato di Sinistra italiana Lucano. Hanno votato contro anche i Verdi italiani (che al Parlamento italiano siedono insieme a Si nel gruppo di Avs): Marino, Orlando, Scuderi.<\/p>\n<p>Le astensioni sono state 46, ma a eccezione dei dieci italiani del Pd (Benifei, Corrado, Laureti, Nardella, Ricci, Ruotolo, Strada, Tarquinio, Zan, Zingaretti) sembrano essere state solo scelte individuali di dissenso dai gruppi.<\/p>\n","protected":false},"excerpt":{"rendered":"<p>Il Parlamento europeo ha approvato oggi la risoluzione sul Libro bianco della difesa, con l&#8217;appoggio al piano di riarmo della Commissione europea, ReArm Europe. La risoluzione \u00e8 stata approvata con 419 voti a favore, su [&hellip;]<\/p>\n","protected":false},"author":173,"featured_media":66162,"comment_status":"closed","ping_status":"closed","sticky":false,"template":"","format":"standard","meta":{"_acf_changed":false,"footnotes":""},"categories":[682,568],"tags":[17007,5777,17008,17009,17010],"post_formats":[626],"coauthors":[3918],"class_list":["post-66174","post","type-post","status-publish","format-standard","has-post-thumbnail","hentry","category-attualita","category-generale","tag-guerra","tag-parlamento-europeo","tag-riarmo","tag-risoluzione","tag-stati","post_formats-articoli"],"acf":[],"_links":{"self":[{"href":"https:\/\/www.pulse-z.eu\/it\/wp-json\/wp\/v2\/posts\/66174","targetHints":{"allow":["GET"]}}],"collection":[{"href":"https:\/\/www.pulse-z.eu\/it\/wp-json\/wp\/v2\/posts"}],"about":[{"href":"https:\/\/www.pulse-z.eu\/it\/wp-json\/wp\/v2\/types\/post"}],"author":[{"embeddable":true,"href":"https:\/\/www.pulse-z.eu\/it\/wp-json\/wp\/v2\/users\/173"}],"replies":[{"embeddable":true,"href":"https:\/\/www.pulse-z.eu\/it\/wp-json\/wp\/v2\/comments?post=66174"}],"version-history":[{"count":11,"href":"https:\/\/www.pulse-z.eu\/it\/wp-json\/wp\/v2\/posts\/66174\/revisions"}],"predecessor-version":[{"id":66199,"href":"https:\/\/www.pulse-z.eu\/it\/wp-json\/wp\/v2\/posts\/66174\/revisions\/66199"}],"wp:featuredmedia":[{"embeddable":true,"href":"https:\/\/www.pulse-z.eu\/it\/wp-json\/wp\/v2\/media\/66162"}],"wp:attachment":[{"href":"https:\/\/www.pulse-z.eu\/it\/wp-json\/wp\/v2\/media?parent=66174"}],"wp:term":[{"taxonomy":"category","embeddable":true,"href":"https:\/\/www.pulse-z.eu\/it\/wp-json\/wp\/v2\/categories?post=66174"},{"taxonomy":"post_tag","embeddable":true,"href":"https:\/\/www.pulse-z.eu\/it\/wp-json\/wp\/v2\/tags?post=66174"},{"taxonomy":"post_formats","embeddable":true,"href":"https:\/\/www.pulse-z.eu\/it\/wp-json\/wp\/v2\/post_formats?post=66174"},{"taxonomy":"author","embeddable":true,"href":"https:\/\/www.pulse-z.eu\/it\/wp-json\/wp\/v2\/coauthors?post=66174"}],"curies":[{"name":"wp","href":"https:\/\/api.w.org\/{rel}","templated":true}]}}