{"id":64594,"date":"2025-11-11T16:10:06","date_gmt":"2025-11-11T16:10:06","guid":{"rendered":"https:\/\/www.pulse-z.eu\/?p=64594"},"modified":"2026-03-11T16:11:36","modified_gmt":"2026-03-11T16:11:36","slug":"consiglio-europeo-cosa-hanno-deciso-i-leader-su-ucraina-difesa-e-clima","status":"publish","type":"post","link":"https:\/\/www.pulse-z.eu\/it\/consiglio-europeo-cosa-hanno-deciso-i-leader-su-ucraina-difesa-e-clima\/","title":{"rendered":"Consiglio europeo: cosa hanno deciso i leader su Ucraina, difesa e clima"},"content":{"rendered":"\n<p>Articolo di Giulia Casula &#8211; Giornalista Fanpage.it<\/p>\n<p>I leader europei si sono riuniti a Bruxelles per discutere di <a href=\"https:\/\/www.fanpage.it\/esteri\/guerra-in-ucraina-uccisi-2-giornalisti-in-raid-a-kramatorsk-raccontavano-i-crimini-russi-dal-primo-giorno\/\" target=\"_blank\" rel=\"noopener\">Ucraina<\/a>, difesa, competitivit\u00e0, immigrazione e degli ultimi \u00a0sviluppi in Medio Oriente. Il <a href=\"https:\/\/www.fanpage.it\/podcast\/nel-caso-te-lo-fossi-perso\/il-consiglio-europeo-di-giorgia-meloni-tra-tensioni-interne-e-lo-scontro-con-schlein\/\" target=\"_blank\" rel=\"noopener\">Consiglio Ue<\/a> ha dato il via libera a 26, senza l&#8217;Ungheria di Viktor Orb\u00e0n, alla parte delle conclusioni sul rinnovo del sostegno a Kiev. I Ventisei si impegnano &#8220;ad affrontare le urgenti necessit\u00e0 finanziarie dell&#8217;Ucraina per il periodo 2026-2027, comprese quelle relative agli sforzi militari e di difesa&#8221;.<\/p>\n<p>Pertanto, il &#8220;Consiglio europeo invita la Commissione a presentare, il prima possibile, proposte di sostegno finanziario basate su una valutazione delle necessit\u00e0 dell&#8217;Ucraina, e invita la Commissione e il Consiglio a portare avanti i lavori affinch\u00e9 il Consiglio europeo possa tornare su questa questione nella sua prossima riunione&#8221;, si legge nel testo delle conclusioni appena diffuso.<\/p>\n<p>Centrale la questione dell&#8217;uso degli asset russi per continuare a sostenere gli sforzi bellici ucraini. &#8220;Fatto salvo il diritto dell&#8217;Ue, i beni della Russia dovrebbero rimanere immobilizzati fino a quando la Russia non porr\u00e0 fine alla sua guerra di aggressione contro l&#8217;Ucraina e non compenser\u00e0 i danni causati dalla sua guerra&#8221;, si legge. Per il momento dunque, il Consiglio ha evitato di dare mandato pieno e dettagliato sullo sfruttamento degli asset, rinviando la questione alla prossima riunione, prevista per dicembre.<\/p>\n<p>&#8220;Oggi il Consiglio europeo ha trasmesso un messaggio importante: l&#8217;Ue si impegna a far fronte alle urgenti necessit\u00e0 finanziarie dell&#8217;Ucraina per i prossimi due anni, compreso il sostegno ai suoi sforzi militari e di difesa&#8221;, ha scritto su X il presidente Antonio Costa. &#8220;La Russia \u2013 ha aggiunto \u2013 deve porre fine immediatamente alla guerra&#8221;.<\/p>\n<h2>Le decisioni su competitivit\u00e0, difesa e clima<\/h2>\n<p>La competitivit\u00e0 \u00e8 stato uno dei temi affrontati nel vertice di oggi. Nel testo delle conclusioni adottate dal Consiglio spiccano i passaggi sul clima, inclusa la clausola di revisione sull&#8217;obiettivo climatico 2040 e il riferimento alla neutralit\u00e0 tecnologica con l&#8217;intenzione di portare avanti la revisione del regolamento sugli standard di emissioni per auto e furgoni, alla base dello stop alla vendita di nuovi motori endotermici dal 2035, e la richiesta di una &#8220;rapida presentazione di questa proposta, tenendo conto della neutralit\u00e0 tecnologica e del contenuto europeo&#8221;.<\/p>\n<p>Per quanto riguarda gli obiettivi climatici, le conclusioni approvate ribadiscono nero su bianco tre condizioni fondamentali: il contributo dell&#8217;assorbimento di CO2, che deve essere &#8220;realistico&#8221; e deve tenere conto &#8220;delle incertezze relative alla rimozione naturale&#8221;, garantendo che eventuali carenze &#8220;non vadano a scapito di altri settori economici&#8221;; il contributo dei crediti internazionali, che deve essere &#8220;ambizioso ed efficiente sotto il profilo dei costi, in particolare definendo un livello adeguato di crediti internazionali di alta qualit\u00e0&#8221;; la necessit\u00e0 di una clausola di revisione, &#8220;alla luce delle pi\u00f9 recenti prove scientifiche, dei progressi tecnologici e delle sfide e opportunit\u00e0 in evoluzione per la competitivit\u00e0 globale dell&#8217;Ue&#8221;. I\u00a0Ventisette insomma, hanno concordato nel chiedere all&#8217;Ue una revisione dei percorsi verso gli obiettivi intermedi della transizione verde, per introdurre adattamenti \u00a0ridurre eventuali impatti negativi su imprese e sulla competitivit\u00e0.<\/p>\n<p>Sul versante difesa invece, i leader Ue hanno confermato la determinazione &#8220;a conseguire rapidamente e su larga scala&#8221; gli obiettivi di difesa entro il 2030 &#8220;affinch\u00e9 l&#8217;Europa sia meglio attrezzata per agire e affrontare in modo autonomo, coordinato e con un approccio a 360\u00b0 le sfide e le minacce immediate e future&#8221;, recitano le conclusioni adottate nel pomeriggio. Il Consiglio ha chiesto &#8220;che i lavori guidati dagli Stati membri su tutti i settori prioritari di capacit\u00e0 individuati a livello dell&#8217;Ue siano resi operativi, con il sostegno dell&#8217;Agenzia europea per la difesa e sulla base di un approccio globale coerente, affinch\u00e9 l&#8217;Europa sviluppi l&#8217;intero spettro di capacit\u00e0 moderne necessarie, in piena coerenza con la Nato&#8221;, si legge ancora. Viene riconosciuto infine, &#8220;il lavoro gi\u00e0 svolto dagli Stati membri e li invita a ultimare il processo di creazione di coalizioni di capacit\u00e0 in tutti i settori prioritari entro la fine dell&#8217;anno e a portare avanti progetti concreti da avviare nella prima met\u00e0 del 2026&#8221;.<\/p>\n","protected":false},"excerpt":{"rendered":"<p>Articolo di Giulia Casula &#8211; Giornalista Fanpage.it I leader europei si sono riuniti a Bruxelles per discutere di Ucraina, difesa, competitivit\u00e0, immigrazione e degli ultimi \u00a0sviluppi in Medio Oriente. Il Consiglio Ue ha dato il [&hellip;]<\/p>\n","protected":false},"author":173,"featured_media":64589,"comment_status":"closed","ping_status":"closed","sticky":false,"template":"","format":"standard","meta":{"_acf_changed":false,"footnotes":""},"categories":[682,568],"tags":[4106,15857,15858,15859,15860,13349],"post_formats":[626],"coauthors":[3918],"class_list":["post-64594","post","type-post","status-publish","format-standard","has-post-thumbnail","hentry","category-attualita","category-generale","tag-bruxelles","tag-consiglio-europeo-it","tag-kiev-it","tag-medio-oriente-it","tag-orban-it","tag-ucraina-it","post_formats-articoli"],"acf":[],"_links":{"self":[{"href":"https:\/\/www.pulse-z.eu\/it\/wp-json\/wp\/v2\/posts\/64594","targetHints":{"allow":["GET"]}}],"collection":[{"href":"https:\/\/www.pulse-z.eu\/it\/wp-json\/wp\/v2\/posts"}],"about":[{"href":"https:\/\/www.pulse-z.eu\/it\/wp-json\/wp\/v2\/types\/post"}],"author":[{"embeddable":true,"href":"https:\/\/www.pulse-z.eu\/it\/wp-json\/wp\/v2\/users\/173"}],"replies":[{"embeddable":true,"href":"https:\/\/www.pulse-z.eu\/it\/wp-json\/wp\/v2\/comments?post=64594"}],"version-history":[{"count":6,"href":"https:\/\/www.pulse-z.eu\/it\/wp-json\/wp\/v2\/posts\/64594\/revisions"}],"predecessor-version":[{"id":87965,"href":"https:\/\/www.pulse-z.eu\/it\/wp-json\/wp\/v2\/posts\/64594\/revisions\/87965"}],"wp:featuredmedia":[{"embeddable":true,"href":"https:\/\/www.pulse-z.eu\/it\/wp-json\/wp\/v2\/media\/64589"}],"wp:attachment":[{"href":"https:\/\/www.pulse-z.eu\/it\/wp-json\/wp\/v2\/media?parent=64594"}],"wp:term":[{"taxonomy":"category","embeddable":true,"href":"https:\/\/www.pulse-z.eu\/it\/wp-json\/wp\/v2\/categories?post=64594"},{"taxonomy":"post_tag","embeddable":true,"href":"https:\/\/www.pulse-z.eu\/it\/wp-json\/wp\/v2\/tags?post=64594"},{"taxonomy":"post_formats","embeddable":true,"href":"https:\/\/www.pulse-z.eu\/it\/wp-json\/wp\/v2\/post_formats?post=64594"},{"taxonomy":"author","embeddable":true,"href":"https:\/\/www.pulse-z.eu\/it\/wp-json\/wp\/v2\/coauthors?post=64594"}],"curies":[{"name":"wp","href":"https:\/\/api.w.org\/{rel}","templated":true}]}}