{"id":58701,"date":"2025-10-15T16:17:03","date_gmt":"2025-10-15T16:17:03","guid":{"rendered":"https:\/\/www.pulse-z.eu\/?p=58701"},"modified":"2026-03-11T16:17:47","modified_gmt":"2026-03-11T16:17:47","slug":"cosa-ha-detto-ursula-von-der-leyen-nel-suo-discorso-sullo-stato-dellunione-migranti-ucraina-e-inflazione","status":"publish","type":"post","link":"https:\/\/www.pulse-z.eu\/it\/cosa-ha-detto-ursula-von-der-leyen-nel-suo-discorso-sullo-stato-dellunione-migranti-ucraina-e-inflazione\/","title":{"rendered":"Cosa ha detto Ursula von der Leyen nel suo discorso sullo stato dell&#39;Unione: migranti, Ucraina e inflazione"},"content":{"rendered":"\n<p>Articolo di Annalisa Girardi &#8211; Giornalista Fanpage.it<\/p>\n<p>\u00c8 un discorso importante, quello sullo stato dell&#8217;Unione pronunciato da Ursula von der Leyen. L&#8217;ultimo, prima delle <a href=\"https:\/\/www.fanpage.it\/story\/elezioni-europee-2024\/\" target=\"_blank\" rel=\"noopener\">elezioni europee del 2024<\/a>: un appuntamento che ha la potenzialit\u00e0 di essere un anno zero per l&#8217;Ue, di indicare il futuro che vogliamo per il Vecchio Continente dopo anni di sfide difficilissime. &#8220;Tra poco meno di 300 giorni, gli europei andranno alle urne nella nostra democrazia unica e straordinaria. Come ogni elezione, sar\u00e0 un momento in cui le persone rifletteranno sullo stato della nostra Unione e sul lavoro svolto da coloro che le rappresentano. Ma sar\u00e0 anche il momento di decidere che tipo di futuro e che tipo di Europa vogliono&#8221;, ha iniziato von der Leyen, prendendo la parola nella plenaria di Strasburgo, casa del Parlamento europeo.<\/p>\n<p>La presidente della Commissione Ue ha rivolto un pensiero a coloro che votano per la prima volta e che si trovano a immaginare un futuro sotto il peso della guerra di nuovo sul suolo europeo, di una crisi climatica dal volto sempre pi\u00f9 distruttivo e dalla situazione economica incredibilmente precaria.\u00a0&#8220;La nostra Unione oggi riflette la visione di coloro che sognavano un futuro migliore dopo la seconda guerra mondiale. Un futuro in cui un&#8217;Unione di nazioni, democrazie e persone lavorerebbe insieme per condividere pace e prosperit\u00e0. Credevano che l&#8217;Europa fosse la risposta all&#8217;appello della storia. Quando parlo alla nuova generazione di giovani, vedo la stessa visione per un futuro migliore. Lo stesso ardente desiderio di costruire qualcosa di meglio. La stessa convinzione che, in un mondo di incertezza, l&#8217;Europa, ancora una volta, debba rispondere all&#8217;appello della storia. Ed \u00e8 quello che dobbiamo fare insieme&#8221;, ha detto von der Leyen.<\/p>\n<h2>Il Green Deal europeo e la sfida del cambiamento climatico<\/h2>\n<p>Per poi sottolineare come negli ultimi sia nata una vera e propria &#8220;Unione geopolitica, che sostiene l&#8217;Ucraina e si oppone con forza all&#8217;aggressione della Russia e risponde all&#8217;assertivit\u00e0 della Cina&#8221;. Dal lato economico, ha aggiunto, il fulcro deve essere il Green Deal: &#8220;\u00c8 un programma le cui ambizioni non hanno uguali. Continueremo a sostenere l&#8217;industria europea durante questa transizione. Quattro anni fa, il Green Deal europeo \u00e8 stata la nostra risposta alla chiamata della storia. E quest&#8217;estate, la pi\u00f9 calda mai registrata in Europa, ce lo ha chiaramente ricordato. La Grecia e la Spagna sono state colpite da devastanti incendi, e solo poche settimane dopo sono state colpite nuovamente da devastanti inondazioni. E abbiamo visto il caos e la carneficina provocati da condizioni meteorologiche estreme, dalla Slovenia alla Bulgaria e in tutta la nostra Unione. Questa \u00e8 la realt\u00e0 di un pianeta in ebollizione&#8221;.<\/p>\n<h2>Violenza di genere: &#8220;No vuol dire no&#8221;<\/h2>\n<p>Uno dei primi temi trattati da von der Leyen nel discorso sullo stato dell&#8217;Unione \u00e8 stato anche il divario di genere e la violenza contro le donne: &#8220;Con la direttiva sulla trasparenza retributiva abbiamo sancito per legge il principio fondamentale secondo cui a parit\u00e0 di lavoro corrisponde parit\u00e0 di retribuzione. Non c&#8217;\u00e8 un solo argomento per cui, a parit\u00e0 di lavoro, una donna debba essere pagata meno di un uomo. Ma il nostro lavoro \u00e8 tutt&#8217;altro che finito e dobbiamo continuare a spingere per il progresso insieme. So che questo Parlamento sostiene la nostra proposta sulla lotta alla violenza contro le donne. Anche in questo caso, vorrei che fosse sancito un altro principio fondamentale: &#8220;No&#8221; significa &#8220;no&#8221;. Non pu\u00f2 esserci vera uguaglianza senza libert\u00e0 dalla violenza&#8221;, ha detto.<\/p>\n<h2>La gestione dei flussi migratori<\/h2>\n<p>Sulla gestione dei flussi migratori von der Leyen ha ribadito come l&#8217;Ue debba farsi trovare unita e trattare la questione assicurando &#8220;sicurezza e umanit\u00e0&#8221;. Poi ha aggiunto: &#8220;Un accordo sul patto non \u00e8 mai stato cos\u00ec vicino. Il Parlamento e il Consiglio hanno l&#8217;opportunit\u00e0 storica di superarlo. Dimostriamo che l&#8217;Europa pu\u00f2 gestire la migrazione in modo efficace e compassionevole&#8221;.<\/p>\n<p>Von der Leyen ha quindi lanciato un appello a tutti i partner Ue per &#8220;affrontare questa piaga globale della tratta di esseri umani&#8221;. E ha annunciato che la stessa Commissione organizzer\u00e0 una conferenza internazionale sulla lotta al traffico di esseri umani: &#8220;\u00c8 ora di porre fine a questo business insensibile e criminale.\u00a0Sappiamo che la migrazione richiede un lavoro costante. E questo \u00e8 ancor pi\u00f9 vitale nella lotta contro i trafficanti di esseri umani. Attirano le persone disperate con le loro bugie, mettendole su rotte mortali attraverso il deserto o su barche inadatte al mare&#8221;.<\/p>\n<p>Quindi, sui rapporti con l&#8217;Unione africana: &#8220;Dobbiamo mostrare nei confronti dell&#8217;Africa la stessa unit\u00e0 di intenti che abbiamo dimostrato nei confronti dell&#8217;Ucraina. Dobbiamo concentrarci sulla cooperazione con i governi legittimi e le organizzazioni regionali. E dobbiamo sviluppare un partenariato reciprocamente vantaggioso che si concentri su questioni comuni per l&#8217;Europa e l&#8217;Africa. Per questo motivo, insieme all&#8217;Alto rappresentante Borrell, lavoreremo a un nuovo approccio strategico da portare avanti al prossimo vertice Ue-Ua&#8221;.<\/p>\n<p>\u00c8 importante essere presenti nelle regioni africane, ha continuato von der Leyen, anche per occupare uno spazio che altrimenti prenderanno altri attori. Parlando ad esempio del Sahel ha detto: &#8220;Il susseguirsi di colpi di stato militari render\u00e0 la regione pi\u00f9 instabile negli anni a venire. La Russia sta influenzando e beneficiando del caos. E la regione \u00e8 diventata terreno fertile per l&#8217;aumento del terrorismo&#8221;.<\/p>\n<h2>La Cina e le auto elettriche, l&#8217;indagine della Commissione<\/h2>\n<p>Tornando invece a parlare di concorrenza e della Cina, von der Leyen ha accusato Pechino di distorcere il mercato dell&#8217;auto elettrica. E ha annunciato un&#8217;indagine da parte della Commissione: &#8220;Stiamo avviando un&#8217;indagine anti-sovvenzioni nel settore elettrico dei veicoli provenienti dalla Cina. I mercati globali sono inondati di auto elettriche cinesi pi\u00f9 economiche, a prezzi mantenuti artificialmente bassi da ingenti sussidi statali. Questo distorce il nostro mercato. E poich\u00e9 non lo accettiamo dall&#8217;interno, non lo accettiamo dall&#8217;esterno. L&#8217;Europa \u00e8 aperta alla concorrenza. Non per una corsa al ribasso. Dobbiamo difenderci dalle pratiche sleali&#8221;.<\/p>\n<h2>Il rapporto sulla competitivit\u00e0 di Mario Draghi<\/h2>\n<p>Durante il suo discorso sullo stato dell&#8217;Unione von der Leyen ha anche fatto sapere di <a href=\"https:\/\/www.fanpage.it\/politica\/quale-sara-il-nuovo-incarico-di-mario-draghi-nellunione-europea\/\" target=\"_blank\" rel=\"noopener\">aver chiesto a Mario Draghi<\/a> di preparare un rapporto sul futuro della competitivit\u00e0 europea. &#8220;Tre sfide \u2013 lavoro, inflazione e ambiente commerciale \u2013 arrivano in un momento in cui chiediamo anche all&#8217;industria di guidare la transizione pulita. Dobbiamo quindi guardare avanti e stabilire come rimanere competitivi mentre lo facciamo. Per questo motivo ho chiesto a Mario Draghi \u2013 una delle grandi menti economiche europee \u2013 di preparare un rapporto sul futuro della competitivit\u00e0 europea&#8221;, ha annunciato.<\/p>\n<h2>La crisi economica e l&#8217;inflazione<\/h2>\n<p>Le grandi sfide economiche che l&#8217;Unione si trover\u00e0 ad affrontare il prossimo anno, secondo von der Leyen, riguardano la carenza di manodopera, la semplificazione degli affari per le aziende e l&#8217;inflazione. &#8220;La prima riguarda il nostro mercato del lavoro. Non abbiamo dimenticato i primi tempi della pandemia globale. Quando tutti prevedevano una nuova ondata di disoccupazione di massa stile 1930. Ma noi abbiamo sfidato questa previsione. Con Sure \u2013 la prima iniziativa europea di lavoro a tempo ridotto \u2013 abbiamo salvato 40 milioni di posti di lavoro. Questa \u00e8 l&#8217;economia sociale di mercato europea in azione&#8221;, ha sottolineato la presidente della Commissione. Sulla questione energetica von der Leyen ha aggiunto: &#8220;Non abbiamo dimenticato come Putin abbia usato deliberatamente il gas come arma, in noi ha creato la paura di una crisi energetica, ma ce l&#8217;abbiamo fatta perch\u00e9 siamo rimasti uniti e abbiamo approfittato della crisi per investire massicciamente nelle energie rinnovabili&#8221;.<\/p>\n<p>E ancora: &#8220;L&#8217;altra grande sfida economica: l&#8217;inflazione persistentemente elevata. Christine Lagarde e la Banca centrale europea stanno lavorando duramente per tenere sotto controllo l&#8217;inflazione. Sappiamo che il ritorno all&#8217;obiettivo di medio termine della Bce richieder\u00e0 del tempo. La buona notizia \u00e8 che l&#8217;Europa ha iniziato a ridurre i prezzi dell&#8217;energia&#8221;. Per la questione imprese, invece, von der Leyen ha evidenziato: &#8220;Le piccole imprese non hanno la capacit\u00e0 di far fronte ad un&#8217;amministrazione complessa. Oppure sono frenati da processi lunghi. Ci\u00f2 spesso significa che fanno meno tempo a disposizione e perdono opportunit\u00e0 di crescita. Ecco perch\u00e9- entro la fine dell&#8217;anno \u2013 nomineremo un inviato UE per le Pmi che far\u00e0 riferimento direttamente a me. Vogliamo sentire direttamente dalle piccole e medie imprese le loro sfide quotidiane&#8221;.<\/p>\n<h2>Il tema dell&#8217;intelligenza artificiale<\/h2>\n<p>Un altro punto toccato da von der Leyen ha riguardato l&#8217;intelligenza artificiale.\u00a0\u00a0&#8220;Credo che l&#8217;Europa, insieme ai partner, dovrebbe aprire la strada a un nuovo quadro globale per l&#8217;intelligenza artificiale, costruito su tre pilastri: barriere, governance e guida dell&#8217;innovazione&#8221;. E ancora: &#8220;La nostra priorit\u00e0 numero uno \u00e8 garantire che l&#8217;intelligenza artificiale si sviluppi in modo incentrato sull&#8217;uomo, trasparente e responsabile. Per questo motivo, nei miei orientamenti politici, mi sono impegnata a definire un approccio legislativo nei primi 100 giorni. Abbiamo proposto l&#8217;AI Act, la prima legge globale sull&#8217;intelligenza artificiale a favore dell&#8217;innovazione. Il nostro AI Act \u00e8 gi\u00e0 un progetto per il mondo intero. Ora dobbiamo concentrarci sull&#8217;adozione delle norme il prima possibile e passare all&#8217;attuazione&#8221;, ha sottolineato.<\/p>\n<h2>L&#8217;allargamento dell&#8217;Unione europea<\/h2>\n<p>La presidente della Commissione ha anche parlato dell&#8217;allargamento dell&#8217;Ue, affermando che l&#8217;adesione &#8220;si basa sul merito&#8221; e che le istituzioni europee difenderanno sempre questo principio. &#8220;Abbiamo visto i grandi passi avanti gi\u00e0 compiuti dall&#8217;Ucraina da quando le abbiamo concesso lo status di candidato. E abbiamo visto la determinazione di altri Paesi candidati ad attuare riforme&#8221;.<\/p>\n<p>Quindi ha annunciato di aver proposto, proprio per l&#8217;Ucraina, altri 50 miliardi di euro in quattro anni per investimenti e riforme. &#8220;Questo aiuter\u00e0 a costruire il futuro dell&#8217;Ucraina per ricostruire un Paese moderno e prospero. E questo futuro \u00e8 chiaro da vedere. Questo Parlamento lo ha detto ad alta voce: Il futuro dell&#8217;Ucraina \u00e8 nella nostra Unione. Il futuro dei Balcani occidentali \u00e8 nella nostra Unione. Il futuro della Moldavia \u00e8 nella nostra Unione. E so bene quanto sia importante la prospettiva dell&#8217;Ue per molti abitanti della Georgia&#8221;.<\/p>\n<h2>Il sostegno all&#8217;Ucraina<\/h2>\n<p>Von der Leyen ha ribadito il sostegno a Kiev fino a quando sar\u00e0 necessario: &#8220;Saremo al fianco dell&#8217;Ucraina sempre, per tutto il tempo necessario. Dall&#8217;inizio della guerra quattro milioni di ucraini sono arrivati nell&#8217;Unione, voglio dire che sono i benvenuti come lo sono stati dall&#8217;inizio. La Commissione proporr\u00e0 di prorogare la protezione offerta agli ucraini nell&#8217;Unione europea. Il nostro sostegno agli ucraini \u00e8 destinato a proseguire&#8221;.<\/p>\n<h2>&#8220;Scrivere la storia&#8221;<\/h2>\n<p>Infine la presidente della Commissione ha concluso sottolineando come l&#8217;Unione si trovi in un momento e in un luogo in cui \u00e8 possibile scrivere la storia: &#8220;Il futuro del nostro continente dipende dalle scelte che facciamo oggi, dai passi che compiremo per completare la nostra Unione. I cittadini europei vogliono un&#8217;Unione che li difenda in un periodo di competizione tra grandi potenze, ma anche un&#8217;Unione che li protegga e sia loro vicina, come partner e alleato nelle loro battaglie quotidiane. E noi ascolteremo la loro voce&#8221;, ha assicurato. E ha chiuso: &#8220;\u00c8\u00a0 il momento di dimostrare che possiamo costruire un continente in cui si pu\u00f2 essere chi si \u00e8, amare chi si vuole e puntare in alto. Un continente riconciliato con la natura e all&#8217;avanguardia nelle nuove tecnologie. Un continente unito nella libert\u00e0 e nella pace. Ancora una volta, questo \u00e8 il momento per l&#8217;Europa di rispondere alla chiamata della storia. Viva l&#8217;Europa&#8221;.<\/p>\n","protected":false},"excerpt":{"rendered":"<p>Articolo di Annalisa Girardi &#8211; Giornalista Fanpage.it \u00c8 un discorso importante, quello sullo stato dell&#8217;Unione pronunciato da Ursula von der Leyen. L&#8217;ultimo, prima delle elezioni europee del 2024: un appuntamento che ha la potenzialit\u00e0 di [&hellip;]<\/p>\n","protected":false},"author":173,"featured_media":58697,"comment_status":"closed","ping_status":"closed","sticky":false,"template":"","format":"standard","meta":{"_acf_changed":false,"footnotes":""},"categories":[682],"tags":[13348,5274,13349,4110,5271,3847],"post_formats":[626],"coauthors":[3918],"class_list":["post-58701","post","type-post","status-publish","format-standard","has-post-thumbnail","hentry","category-attualita","tag-inflazione-it","tag-migranti","tag-ucraina-it","tag-ue-it","tag-unione-europea","tag-ursula-von-der-leyen","post_formats-articoli"],"acf":[],"_links":{"self":[{"href":"https:\/\/www.pulse-z.eu\/it\/wp-json\/wp\/v2\/posts\/58701","targetHints":{"allow":["GET"]}}],"collection":[{"href":"https:\/\/www.pulse-z.eu\/it\/wp-json\/wp\/v2\/posts"}],"about":[{"href":"https:\/\/www.pulse-z.eu\/it\/wp-json\/wp\/v2\/types\/post"}],"author":[{"embeddable":true,"href":"https:\/\/www.pulse-z.eu\/it\/wp-json\/wp\/v2\/users\/173"}],"replies":[{"embeddable":true,"href":"https:\/\/www.pulse-z.eu\/it\/wp-json\/wp\/v2\/comments?post=58701"}],"version-history":[{"count":6,"href":"https:\/\/www.pulse-z.eu\/it\/wp-json\/wp\/v2\/posts\/58701\/revisions"}],"predecessor-version":[{"id":88099,"href":"https:\/\/www.pulse-z.eu\/it\/wp-json\/wp\/v2\/posts\/58701\/revisions\/88099"}],"wp:featuredmedia":[{"embeddable":true,"href":"https:\/\/www.pulse-z.eu\/it\/wp-json\/wp\/v2\/media\/58697"}],"wp:attachment":[{"href":"https:\/\/www.pulse-z.eu\/it\/wp-json\/wp\/v2\/media?parent=58701"}],"wp:term":[{"taxonomy":"category","embeddable":true,"href":"https:\/\/www.pulse-z.eu\/it\/wp-json\/wp\/v2\/categories?post=58701"},{"taxonomy":"post_tag","embeddable":true,"href":"https:\/\/www.pulse-z.eu\/it\/wp-json\/wp\/v2\/tags?post=58701"},{"taxonomy":"post_formats","embeddable":true,"href":"https:\/\/www.pulse-z.eu\/it\/wp-json\/wp\/v2\/post_formats?post=58701"},{"taxonomy":"author","embeddable":true,"href":"https:\/\/www.pulse-z.eu\/it\/wp-json\/wp\/v2\/coauthors?post=58701"}],"curies":[{"name":"wp","href":"https:\/\/api.w.org\/{rel}","templated":true}]}}