{"id":56142,"date":"2026-03-29T21:57:58","date_gmt":"2026-03-29T21:57:58","guid":{"rendered":"https:\/\/www.pulse-z.eu\/?p=56142"},"modified":"2026-03-31T21:58:20","modified_gmt":"2026-03-31T21:58:20","slug":"ue-presenta-bilancio-da-2mila-miliardi-meno-risorse-per-lagricoltura-coldiretti-disastro-annunciato","status":"publish","type":"post","link":"https:\/\/www.pulse-z.eu\/it\/ue-presenta-bilancio-da-2mila-miliardi-meno-risorse-per-lagricoltura-coldiretti-disastro-annunciato\/","title":{"rendered":"Ue presenta bilancio da 2mila miliardi, meno risorse per l\u2019agricoltura, Coldiretti: \u201cDisastro annunciato\u201d"},"content":{"rendered":"\n<p>Articolo di Annalisa Cangemi &#8211; Giornalista Fanpage.it<\/p>\n<p>La Commissione europea ha presentato la sua proposta di bilancio per il periodo 2028-2034, pari a 2000 miliardi di euro, un incremento significativo rispetto al periodo precedente, ha sottolineato il commissario Ue al bilancio, Piotr Serafin: il bilancio pluriennale \u00e8 pari all&#8217;1,26% del Prodotto nazionale lordo totale dei paesi Ue, in aumento rispetto all&#8217;1,1% dell&#8217;attuale Quadro finanziario. Il bilancio precedente, dal 2021 al 2027, ammontava a 1.200 miliardi di euro, ma \u00e8 stato integrato da un piano di ripresa da 800 miliardi di euro durante la crisi del Covid.<\/p>\n<p>La riunione a Bruxelles \u00e8 cominciata molto in ritardo rispetto al programma (inizialmente era prevista questa alle 12.30), per via di lunghi negoziati nel collegio dei membri della Commissione, in particolare sulle proposte riguardo alla nuova struttura del bilancio comunitario, con un fondo unico centralizzato per paese che riunisce i fondi della Politica agricola comune e della Coesione, e alle cinque nuove &#8220;risorse proprie&#8221;, nuovi fonti di entrate per un totale di 58,2 miliardi di euro, che includono in particolare nuove &#8220;tasse&#8221; europee sul tabacco, sui rifiuti elettronici, sui profitti delle grandi imprese e sulle emissioni (Ets) pi\u00f9 una parte dei &#8220;dazi climatici alle frontiere&#8221;.<\/p>\n<p>Secondo Serafin, con le cinque nuove &#8220;risorse proprie&#8221; i prelievi sul tabacco potrebbero apportare, in media, 11,2 miliardi di euro all&#8217;anno, quelli sui rifiuti elettronici 15,2 miliardi, quelli sui profitti delle grandi imprese 6,8 miliardi, mentre i contributi dal sistema europeo di scambio dei permessi di emissioni di CO2 (Ets) ammonterebbero a 9,6 miliardi all&#8217;anno e quelli dai &#8220;dazi climatici&#8221; del (&#8220;Carbon Border Adjustment Mechanism&#8221;) 1,4 miliardi di euro.<\/p>\n<h2>Nuovo fondo unico nazionale-regionale da 865 miliardi<\/h2>\n<p>Il nuovo bilancio pluriennale proposto dalla Commissione riduce a quattro le attuali 7 rubriche di bilancio principali (compreso il capitolo per le spese amministrative), accorpando in particolare i fondi per la Politica agricola comune e quelli per la Coesione e lo sviluppo regionale in un&#8217;unica rubrica, quella dei &#8220;Piani nazionali e regionali di partenariato&#8221;, che, ha detto Serafin, &#8220;metteranno insieme riforme e investimenti entro un&#8217;unico quadro coordinato&#8221;.<\/p>\n<p>Il bilancio dedicato ai &#8220;Piani nazionali e regionali di partenariato&#8221; per tutto il periodo 2028-2034 sar\u00e0, secondo la proposta della Commissione, pari a 865 miliardi di euro, di cui 302 miliardi per la Politica agricola comune e per quella della pesca e 218 miliardi per la Politica di coesione per le regioni meno sviluppate. Il Fondo comprender\u00e0 le risorse destinate anche alla gestione dei migranti, alla gestione delle frontiere e alla sicurezza interna.<\/p>\n<p>Il 14% del bilancio totale dei piani per le partnership sar\u00e0 destinato a obiettivi nel sociale, ha fatto sapere ancora il commissario europeo al Bilancio, Piotr Serafin. \u00c8 inoltre stato annunciato che verranno triplicati i fondi per le politiche relative agli Affari interni e alla sicurezza (gestione dell&#8217;immigrazione irregolare e delle frontiere, cooperazione transfrontaliera, lotta al terrorismo e al crimine organizzato).<\/p>\n<p>&#8220;Il fulcro del primo pilastro del bilancio sono i piani di partenariato nazionali e regionali, con 865 miliardi di euro. Sono la base per investimenti e riforme&#8221;, ha dichiarato la presidente della Commissione europea, Ursula von der Leyen, presentando in conferenza stampa il nuovo bilancio pluriennale 2028-2034. &#8220;Al centro di questi piani di partenariato nazionali e regionali rimangono l&#8217;agricoltura e la coesione. Sono i pilastri centrali della solidariet\u00e0 europea e degli investimenti nel modello europeo; stiamo salvaguardando 300 miliardi di euro di sostegno al reddito degli agricoltori&#8221;, ha aggiunto.<\/p>\n<h2>Il Fondo per la Competitivit\u00e0<\/h2>\n<p>Un altro capitolo importantissimo del nuovo bilancio pluriennale, risultato anche qui da un accorpamento, \u00e8 quello del nuovo &#8220;Fondo europeo per la Competitivit\u00e0&#8221;, da 410 miliardi di euro (451 miliardi di euro, compreso il fondo per l&#8217;innovazione), che avr\u00e0 quattro aree di intervento: resilienza e sicurezza, industria della difesa e spazio, tra cui il finanziamento da 131 miliardi per la difesa che la presidente della Commissione europea, Ursula von der Leyen, ha definito &#8220;cinque volte quello che abbiamo oggi&#8221; in materia di finanziamenti per la difesa; transizione pulita e decarbonizzazione industriale (67,4 miliardi); leadership digitale (54,8 miliardi; e salute, biotecnologie, agricoltura e bioeconomia (22,6 miliardi).<\/p>\n<p>&#8220;Questo fondo raddoppier\u00e0 Horizon Europe, gi\u00e0 oggi un grande programma internazionale e il pi\u00f9 conosciuto al mondo per scienza e ricerca&#8221;, ha spiegato von der Leyen. &#8220;Quintuplicheremo gli investimenti nel digitale, per costruire un ecosistema sicuro e innovativo. Daremmo una spinta importante al clean tech, alla bioeconomia e alla decarbonizzazione, con risorse Ue moltiplicate per sei. Ci sar\u00e0 poi un obiettivo di spesa climatica e biodiversit\u00e0 del 35%, vale a dire circa 700 miliardi di euro destinati ai sei obiettivi ambientali dell&#8217;Ue&#8221;.<\/p>\n<h2>I prestiti<\/h2>\n<p>&#8220;Per la prima volta in assoluto, diamo anche agli Stati membri la possibilit\u00e0 di investire negli obiettivi dell&#8217;Ue con prestiti fino a 150 miliardi di euro, garantiti dall&#8217;Unione Europea&#8221;, ha detto ancora la presidente della Commissione Ursula von der Leyen in conferenza stampa parlando dello strumento \u2018Catalyst Europe&#8217;. &#8220;I prestiti sono garantiti dal bilancio dell&#8217;Ue&#8221;.<\/p>\n<p>&#8220;Gli Stati beneficiano di condizioni favorevoli, promuovendo, ad esempio, specifiche priorit\u00e0 europee. Si pensi all&#8217;industria della difesa. Si pensi alle infrastrutture energetiche, alle tecnologie strategiche e ad altri. Quindi, \u2018Catalyst Europe&#8217; fornir\u00e0 agli Stati membri ulteriori mezzi per investire in questi obiettivi europei. \u00c8 la prima volta in assoluto che viene proposta una fonte di finanziamento aggiuntiva di questo tipo&#8221;.<\/p>\n<h2>100 miliardi per l&#8217;Ucraina<\/h2>\n<p>L&#8217;Ue propone di stanziare fino a 100 miliardi di euro per l&#8217;Ucraina, al di fuori del Quadro Finanziario Pluriennale, per il periodo 2028-2034. Piotr Serafin lo ha motivato cos\u00ec: &#8220;Stiamo accantonando fino a 100 miliardi di euro, al di fuori dei massimali del Qfp (quadro finanziario pluriennale, ndr), per l&#8217;Ucraina, il nostro partner pi\u00f9 strategico&#8221;.<\/p>\n<p>&#8220;Si tratta di un impegno a lungo termine per la ripresa e la ricostruzione dell&#8217;Ucraina&#8221;, ha assicurato. Questi importi saranno utilizzati anche per aiutare l&#8217;Ucraina nel suo &#8220;percorso verso l&#8217;adesione all&#8217;Unione Europea&#8221;, ha affermato la Presidente della Commissione Europea Ursula von der Leyen.<\/p>\n<h2>Per i redditi degli agricoltori 300 miliardi<\/h2>\n<p>La presidente della Commissione Europea, Ursula von der Leyen, ha annunciato inoltre che 300 miliardi di euro saranno stanziati per i redditi degli agricoltori dal 2028 al 2034, a fronte delle preoccupazioni del settore riguardo alla nuova formula della Politica Agricola Comune (Pac). Si tratta di un taglio significativo, rispetto ai 386 miliardi stanziati per il periodo 2021-2027.<\/p>\n<p>Nel bilancio Ue a lungo termine le risorse dedicate al sostegno al &#8220;reddito degli agricoltori e la gestione delle crisi ammonta ad almeno 300 miliardi di euro. Questo bilancio vincolato rappresenta l&#8217;80% del bilancio attuale&#8221;, ha detto il commissario all&#8217;Agricoltura, Christophe Hansen, presentando in commissione Agricoltura (Agri) del Parlamento europeo la proposta di Pac post 2027.<\/p>\n<h2>Per Coldiretti tagli alla Pac sono un disastro annunciato<\/h2>\n<p>&#8220;Un taglio del 20% delle risorse della Pac \u00e8 un disastro annunciato&#8221;, hanno commentato il presidente della Coldiretti Ettore Prandini e il segretario generale Vincenzo Gesmundo, a proposito della diminuzione delle risorse della Politica agricola comune, con l&#8217;accorpamento delle risorse per lo sviluppo rurale in un fondo unico. Una scelta contro la quale i giovani agricoltori della Coldiretti hanno protestato nel centro di Bruxelles e di Roma con cartelli e grandi striscioni raffiguranti la presidente della Commissione che gioca con le stelle simbolo dell&#8217;Unione e le scritte &#8220;Benvenuti a Vonderland&#8221; e &#8220;Questa non \u00e8 Europa&#8221;.<\/p>\n<p>&#8220;Ha vinto la linea politica della Presidente Von der Leyen che ha imposto ai commissari tagli draconiani \u2013 attaccano Prandini e Gesmundo \u2013 Sono imbarazzanti in particolare le parole del Commissario all&#8217;Agricoltura Hansen che dichiara di aver salvato l&#8217;80% del budget Pac. Sarebbe stato pi\u00f9 dignitoso dimettersi, ammettendo una sconfitta clamorosa con un taglio di un quinto delle risorse precedenti che ha votato anche lui, garantendo l&#8217;unanimit\u00e0&#8221;.<\/p>\n<p>&#8220;La Lega ha presentato un ordine del giorno in Senato per bloccare la proposta di bilancio pluriennale della Commissione Ue. L&#8217;ipotesi della creazione di un Fondo unico, includendo la Pac, toglier\u00e0 risorse ai nostri agricoltori favorendo i produttori stranieri. L&#8217;approccio della Commissione dimostra ancora una volta disinteresse verso il comparto agricolo, che perderebbe la gestione efficiente dei finanziamenti previsti dalla Politica agricola comune. La Lega si batter\u00e0 in tutte le sedi contro i tagli di Ursula e, al contrario, chieder\u00e0 pi\u00f9 risorse per premiare la produttivit\u00e0 e il lavoro dei nostri agricoltori, custodi dell&#8217;ambiente e del territorio, e meno burocrazia&#8221;, ha detto il senatore Giorgio Maria Bergesio, responsabile del dipartimento Agricoltura della Lega.<\/p>\n<p>Critico anche il M5s: &#8220;Le notizie che arrivano in merito alla nuova Politica Agricola Comune annunciata da Ursula von der Leyen sono semplicemente drammatiche. La Presidente della Commissione Ue ha parlato di 300 miliardi di stanziamento, confermando le indiscrezioni che parlavano di ingenti tagli. La cifra totale scende addirittura di quasi 90 miliardi, una somma indecente. Ursula prova a mitigare parlando di raddoppio del fondo di riserva per le aziende in crisi, ma parliamo di qualche centinaio di milione di fronte a quasi 90 miliardi di tagli: ridicole briciole. E a peggiorare ulteriormente uno scenario gi\u00e0 sciagurato c\u2019\u00e8 il fatto che la Pac come la conoscevamo non esister\u00e0 pi\u00f9, perch\u00e9 sar\u00e0 inglobata in un fondo che comprender\u00e0 anche la coesione e quindi l\u2019agricoltura finir\u00e0 per andare in concorrenza con altri settori strategici per il futuro europeo. In un momento nel quale il comparto agricolo soffre gi\u00e0 terribilmente e imprenditori e lavoratori agricoli europei \u2013 e italiani in primis \u2013 si trovano a lottare per sopravvivere, la nuova Pac firmata von der Leyen assomiglia a un definitivo colpo di grazia\u201d. si legge in una nota firmata dai parlamentari del Movimento 5 Stelle Alessandro Caramiello, Susanna Cherchi, Sergio Costa, Dolores Bevilacqua, Sabrina Licheri e Gisella Naturale.<\/p>\n<h2>Per il Parlamento Ue la proposta di bilancio \u00e8 &#8220;insufficiente&#8221;<\/h2>\n<p>La proposta per il prossimo Quadro finanziario pluriennale avanzata dalla Commissione europea e&#8217; &#8220;semplicemente insufficiente&#8221;, scrive in una nota il Parlamento europeo, che riprende le dichiarazioni dei relatori per il prossimo bilancio europeo all&#8217;eurocamera, Siegfried Muresan (Ppe) e Carla Tavares (S&amp;d).<\/p>\n<p>&#8220;Con un bilancio pari solo all&#8217;1,26% del reddito nazionale lordo (Rnl), che include lo 0,11% destinato ai rimborsi del debito Next Generation Eu, e tenendo conto dell&#8217;inflazione, l&#8217;Ue rester\u00e0 al palo&#8221;, affermano i relatori del Parlamento europeo. Secondo i deputati, la proposta di bilancio non lascia fondi sufficienti per le priorit\u00e0 pi\u00f9 importanti, tra cui competitivit\u00e0, coesione, agricoltura, difesa, adattamento climatico e investimenti per un&#8217;economia sostenibile e inclusiva.<\/p>\n<p>&#8220;Il punto di partenza della proposta dimostra una sorprendente mancanza di ambizione&#8221;, continua la nota dell&#8217;Eurocamera. Gli eurodeputati si dicono preoccupati per le proposte che potrebbero indebolire le autorit\u00e0 regionali e locali nella gestione dei fondi, contrapponendo agricoltori alle regioni o regioni ai governi nazionali. &#8220;Il Parlamento \u00e8 pronto a utilizzare appieno tutti i suoi poteri per garantire che il prossimo bilancio a lungo termine sia all&#8217;altezza delle ambizioni e delle sfide dell&#8217;Unione, e che sia soggetto a pieno controllo democratico. Il Parlamento \u00e8 pronto a impegnarsi in modo costruttivo ma anche determinato&#8221;.<\/p>\n","protected":false},"excerpt":{"rendered":"<p>Articolo di Annalisa Cangemi &#8211; Giornalista Fanpage.it La Commissione europea ha presentato la sua proposta di bilancio per il periodo 2028-2034, pari a 2000 miliardi di euro, un incremento significativo rispetto al periodo precedente, ha [&hellip;]<\/p>\n","protected":false},"author":173,"featured_media":56070,"comment_status":"closed","ping_status":"closed","sticky":false,"template":"","format":"standard","meta":{"_acf_changed":false,"footnotes":""},"categories":[568],"tags":[4103,5279,4104,4109,3855,12829,12828,4110],"post_formats":[],"coauthors":[3918],"class_list":["post-56142","post","type-post","status-publish","format-standard","has-post-thumbnail","hentry","category-generale","tag-agricoltura","tag-ambiente","tag-bilancio","tag-coldiretti","tag-commissione-ue","tag-fondo-unico-nazionale-regionale-it","tag-pil","tag-ue-it"],"acf":[],"_links":{"self":[{"href":"https:\/\/www.pulse-z.eu\/it\/wp-json\/wp\/v2\/posts\/56142","targetHints":{"allow":["GET"]}}],"collection":[{"href":"https:\/\/www.pulse-z.eu\/it\/wp-json\/wp\/v2\/posts"}],"about":[{"href":"https:\/\/www.pulse-z.eu\/it\/wp-json\/wp\/v2\/types\/post"}],"author":[{"embeddable":true,"href":"https:\/\/www.pulse-z.eu\/it\/wp-json\/wp\/v2\/users\/173"}],"replies":[{"embeddable":true,"href":"https:\/\/www.pulse-z.eu\/it\/wp-json\/wp\/v2\/comments?post=56142"}],"version-history":[{"count":4,"href":"https:\/\/www.pulse-z.eu\/it\/wp-json\/wp\/v2\/posts\/56142\/revisions"}],"predecessor-version":[{"id":56146,"href":"https:\/\/www.pulse-z.eu\/it\/wp-json\/wp\/v2\/posts\/56142\/revisions\/56146"}],"wp:featuredmedia":[{"embeddable":true,"href":"https:\/\/www.pulse-z.eu\/it\/wp-json\/wp\/v2\/media\/56070"}],"wp:attachment":[{"href":"https:\/\/www.pulse-z.eu\/it\/wp-json\/wp\/v2\/media?parent=56142"}],"wp:term":[{"taxonomy":"category","embeddable":true,"href":"https:\/\/www.pulse-z.eu\/it\/wp-json\/wp\/v2\/categories?post=56142"},{"taxonomy":"post_tag","embeddable":true,"href":"https:\/\/www.pulse-z.eu\/it\/wp-json\/wp\/v2\/tags?post=56142"},{"taxonomy":"post_formats","embeddable":true,"href":"https:\/\/www.pulse-z.eu\/it\/wp-json\/wp\/v2\/post_formats?post=56142"},{"taxonomy":"author","embeddable":true,"href":"https:\/\/www.pulse-z.eu\/it\/wp-json\/wp\/v2\/coauthors?post=56142"}],"curies":[{"name":"wp","href":"https:\/\/api.w.org\/{rel}","templated":true}]}}