{"id":39164,"date":"2025-08-12T08:33:50","date_gmt":"2025-08-12T08:33:50","guid":{"rendered":"https:\/\/www.pulse-z.eu\/cosa-sta-facendo-lunione-europea-per-la-transizione-verde-nelle-regioni-piu-in-difficolta\/"},"modified":"2025-08-13T07:48:47","modified_gmt":"2025-08-13T07:48:47","slug":"cosa-sta-facendo-lunione-europea-per-la-transizione-verde-nelle-regioni-piu-in-difficolta","status":"publish","type":"post","link":"https:\/\/www.pulse-z.eu\/it\/cosa-sta-facendo-lunione-europea-per-la-transizione-verde-nelle-regioni-piu-in-difficolta\/","title":{"rendered":"Cosa sta facendo l\u2019Unione europea per la transizione verde nelle regioni pi\u00f9 in difficolt\u00e0"},"content":{"rendered":"\n<p>Articolo di Annalisa Girardi \u2013 Giornalista Fanpage.it<\/p>\n<p>Che cosa sta facendo l\u2019Unione europea per la transizione verde? Se le politiche green sono state sicuramente protagoniste dell\u2019ultima legislatura, con le ultime elezioni del 2024 i nuovi equilibri politici hanno in parte rivisto gli obiettivi in tema di lotta al cambiamento climatico e sostenibilit\u00e0 ambientale. Questo per\u00f2 non significa che Bruxelles abbia abbandonato il progetto di transizione verso un modello pi\u00f9 sostenibile. \u201cLa transizione energetica appartiene alle persone, e pu\u00f2 essere solo realizzata da loro, con loro e per loro. Tuttavia molti sono preoccupati per il loro lavoro e per i cambiamenti che questa transizione richieder\u00e0. Noi ascoltiamo queste preoccupazioni per essere certi di recepirle nel modo corretto, fornendo supporto sul lavoro, formando nuove capacit\u00e0 e diversificando l\u2019economia. Insieme possiamo assicurare una giusta transizione\u201d, ha commentato il commissario europeo per l\u2019energia Dan J\u00f8rgensen.<\/p>\n<p>Ovviamente questo processo pu\u00f2 essere anche molto diverso da regione a regione, ed \u00e8 sempre la Commissione europea a spiegarlo, <a href=\"https:\/\/energy.ec.europa.eu\/news\/focus-eu-initiatives-just-energy-transition-2025-05-14_en\" target=\"_blank\" rel=\"noopener\">in un articolo<\/a> dove mette in fila le varie iniziative in corso. Ad esempio, per le regioni che storicamente sono dipese dall\u2019estrazione di carbone dovr\u00e0 essere messa in campo una strategia particolare, per le isole \u2013 che hanno condizioni e circostanze di vita peculiari \u2013 un\u2019altra ancora.<\/p>\n<p>Vediamo quindi il primo caso. Se il carbone ha tradizionalmente rappresentato una parte importante del nostro mix energetico, la dipendenza da questa fonte fossile \u00e8 calata drasticamente nel ultimi anni. Tra il 2018 e il 2023 \u00e8 diminuita di circa il 40%. Il 2022 ha rappresentato un anno spartiacque, con l\u2019energia solare che ha superato il carbone come fonte primaria. Chiaramente, mentre passiamo ad alternative pi\u00f9 sostenibili, \u00e8 importante sostenere quelle regioni la cui economia era fortemente basata sul carbone, per mitigare la perdita di posti di lavoro e il generale impatto economico e sociale del cambiamento. Per rispondere a questa sfida la Commissione ha creato la <a href=\"https:\/\/energy.ec.europa.eu\/topics\/clean-energy-transition\/eu-coal-regions-transition_en\" target=\"_blank\" rel=\"noopener\">Coal Regions in Transition Initiative<\/a>, che racchiude una serie di misure di sostegno pensate\u00a0ad hoc.<\/p>\n<p>E poi c\u2019\u00e8 la questione delle isole, il cui sostentamento energetico \u00e8 per forza di cose pi\u00f9 complesso che nel continente. A fare parte dell\u2019Unione europea ci sono 2.400 isole, in cui vivono circa 20 milioni di persone. Molte di queste isole, per la loro posizione geografica, hanno accesso a diverse fonti rinnovabili come\u00a0l\u2019energia solare, eolica e idrica. Tuttavia si riscontrano spesso problemi infrastrutturali ed economici, che fanno s\u00ec che questi territori continuino a dipendere in gran parte dalle importazioni di combustibili fossili. Per questo la Commissione ha creato la <a href=\"https:\/\/energy.ec.europa.eu\/topics\/clean-energy-transition\/clean-energy-eu-islands_en\" target=\"_blank\" rel=\"noopener\">Clean Energy for EU Islands Initiative<\/a>, con il compito di fornire una cornice a lungo termine di sostegno alla produzione di energia pulita.<\/p>\n","protected":false},"excerpt":{"rendered":"<p>Articolo di Annalisa Girardi \u2013 Giornalista Fanpage.it Che cosa sta facendo l\u2019Unione europea per la transizione verde? Se le politiche green sono state sicuramente protagoniste dell\u2019ultima legislatura, con le ultime elezioni del 2024 i nuovi [&hellip;]<\/p>\n","protected":false},"author":173,"featured_media":28681,"comment_status":"closed","ping_status":"closed","sticky":false,"template":"","format":"standard","meta":{"_acf_changed":false,"footnotes":""},"categories":[682],"tags":[1163],"post_formats":[626],"coauthors":[3918],"class_list":["post-39164","post","type-post","status-publish","format-standard","has-post-thumbnail","hentry","category-attualita","tag-european-union-it","post_formats-articoli"],"acf":[],"_links":{"self":[{"href":"https:\/\/www.pulse-z.eu\/it\/wp-json\/wp\/v2\/posts\/39164","targetHints":{"allow":["GET"]}}],"collection":[{"href":"https:\/\/www.pulse-z.eu\/it\/wp-json\/wp\/v2\/posts"}],"about":[{"href":"https:\/\/www.pulse-z.eu\/it\/wp-json\/wp\/v2\/types\/post"}],"author":[{"embeddable":true,"href":"https:\/\/www.pulse-z.eu\/it\/wp-json\/wp\/v2\/users\/173"}],"replies":[{"embeddable":true,"href":"https:\/\/www.pulse-z.eu\/it\/wp-json\/wp\/v2\/comments?post=39164"}],"version-history":[{"count":13,"href":"https:\/\/www.pulse-z.eu\/it\/wp-json\/wp\/v2\/posts\/39164\/revisions"}],"predecessor-version":[{"id":39196,"href":"https:\/\/www.pulse-z.eu\/it\/wp-json\/wp\/v2\/posts\/39164\/revisions\/39196"}],"wp:featuredmedia":[{"embeddable":true,"href":"https:\/\/www.pulse-z.eu\/it\/wp-json\/wp\/v2\/media\/28681"}],"wp:attachment":[{"href":"https:\/\/www.pulse-z.eu\/it\/wp-json\/wp\/v2\/media?parent=39164"}],"wp:term":[{"taxonomy":"category","embeddable":true,"href":"https:\/\/www.pulse-z.eu\/it\/wp-json\/wp\/v2\/categories?post=39164"},{"taxonomy":"post_tag","embeddable":true,"href":"https:\/\/www.pulse-z.eu\/it\/wp-json\/wp\/v2\/tags?post=39164"},{"taxonomy":"post_formats","embeddable":true,"href":"https:\/\/www.pulse-z.eu\/it\/wp-json\/wp\/v2\/post_formats?post=39164"},{"taxonomy":"author","embeddable":true,"href":"https:\/\/www.pulse-z.eu\/it\/wp-json\/wp\/v2\/coauthors?post=39164"}],"curies":[{"name":"wp","href":"https:\/\/api.w.org\/{rel}","templated":true}]}}