{"id":2970,"date":"2025-08-06T07:44:21","date_gmt":"2025-08-06T07:44:21","guid":{"rendered":"https:\/\/www.pulse-z.eu\/?p=2970"},"modified":"2025-08-06T07:46:52","modified_gmt":"2025-08-06T07:46:52","slug":"a-che-punto-e-la-direttiva-stage-al-parlamento-ue-cosa-prevede-il-testo-e-come-cambiano-i-tirocini","status":"publish","type":"post","link":"https:\/\/www.pulse-z.eu\/it\/a-che-punto-e-la-direttiva-stage-al-parlamento-ue-cosa-prevede-il-testo-e-come-cambiano-i-tirocini\/","title":{"rendered":"A che punto \u00e8 la direttiva Stage al Parlamento Ue: cosa prevede il testo e come cambiano i tirocini"},"content":{"rendered":"\n<p>Articolo di Annalisa Cangemi \u2013 Giornalista Fanpage.it<\/p>\n<p>Lo scorso 8 aprile \u00e8 stata approvata in commissione Cultura al Parlamento europeo l\u2019Opinion sulla direttiva sugli stage di cui Nicola Zingaretti, capodelegazione Pd, \u00e8 relatore. Il testo ora prosegue il suo iter a Strasburgo.<\/p>\n<p>\u201cDopo quattro mesi di trattative complesse, abbiamo approvato in Commissione CULT l\u2019Opinion sulla direttiva Stage, di cui sono relatore. \u00c8 un passo importante per garantire stage di qualit\u00e0 in tutta Europa. Con questo testo abbiamo fissato criteri chiari: gli stahedovranno essere regolati da un contratto scritto e retribuito, avere una durata definita, contenuti formativi concreti e una coerenza reale tra le mansioni svolte e il percorso di formazione. Vogliamo che vengano riconosciute le competenze acquisite e che i diritti di tirocinanti e datori di lavoro siano esplicitamente tutelati\u201d, ha commentato Nicola Zingaretti, capodelegazione Pd al Parlamento europeo, in una nota uscita subito dopo l\u2019ok della commissione al parere.<\/p>\n<p>\u201cAbbiamo inoltre chiesto agli Stati Membri \u2013 prosegue \u2013 di adottare misure concrete per monitorare e contrastare gli abusi sui tirocini, garantire un accesso equo soprattutto per chi parte da condizioni di svantaggio, assicurare protezione sociale, sicurezza e benessere per i tirocinanti e definire un termine temporale che indichi la durata massima, ovvero non eccessiva, di un tirocinio. Ora si aprono i prossimi passaggi: a giugno voter\u00e0 la Commissione EMPL, a luglio la Plenaria e, dopo, inizier\u00e0 il dialogo con Commissione e Consiglio. Poi toccher\u00e0 agli Stati membri recepire la direttiva nelle proprie legislazioni nazionali. Non ci fermeremo. Gli stage devono essere un\u2019opportunit\u00e0 di crescita, non sfruttamento\u201d.<\/p>\n<h2>Cosa c\u2019\u00e8 nella direttiva Stage<\/h2>\n<p>I punti principali della direttiva, che potrebbe imprimere una svolta al mondo degli stage, migliorando le condizioni lavorative di tanti giovani che al momento rischiano di essere sfruttati dai datori di lavoro durante i tirocini, sono:<\/p>\n<ol>\n<li>contratto scritto \u00e8 retribuito<\/li>\n<li>durata definita e non illimitata<\/li>\n<li>definizione congiunta del contenuto formativo e di apprendimento<\/li>\n<li>coerenza tra le mansioni assegnate e il pianto formativo<\/li>\n<li>validazione, riconoscimento e trasferibilit\u00e0 delle competenze acquisite<\/li>\n<li>chiarezza ed esplicitazione sui diritti e i doveri del tirocinante e del soggetto ospitante<\/li>\n<li>condizioni economiche e lavorative e protezione sociale adeguate<\/li>\n<\/ol>\n<p>Il quarto requisito \u00e8 fondamentale, visto che molto spesso i ragazzi si trovano a svolgere compiti molto lontani dal lavoro che pensavano avrebbero svolto in uffici e aziende, che poco o nulla hanno a che fare con un percorso di formazione e crescita professionale. Mentre il quinto criterio serve formalizzare e certificare il percorso fatto, che pu\u00f2 cos\u00ec essere speso pi\u00f9 facilmente nella ricerca di un\u2019occupazione.<\/p>\n<p>Inoltre gli Stati membri dovranno mettere in campo misure per:<\/p>\n<ol>\n<li>monitorare le percentuali elevate di tirocinanti rispetto ai lavoratori presso lo stesso datore di lavoro, con particolare attenzione ai casi in cui pi\u00f9 tirocini si susseguono senza poi prevedere un reale inserimento nell\u2019organico<\/li>\n<li>contrastare la discriminazione e promuovere l\u2019accesso equo ai tirocini, soprattutto per persone con minori opportunit\u00e0<\/li>\n<li>porre l\u2019attenzione alla tutela del benessere e della sicurezza dei tirocinanti, con misure per prevenire molestie psicologiche e sessuali<\/li>\n<li>sostenere Pmi e ong tramite fondi europei e incentivi per offrire tirocini di qualit\u00e0<\/li>\n<li>garantire accessibilit\u00e0 per i tirocinanti con disabilit\u00e0<\/li>\n<li>eliminare i requisiti non giustificati come l\u2019esperienza lavorativa pregressa e riconoscere il tirocinio come esperienza professionale<\/li>\n<li>fissare un limite per evitare che il periodo di stage duri troppo<\/li>\n<li>garantire canali sicuri per far s\u00ec che i ragazzi possano segnalare pratiche scorrette o abusi sul posto di lavoro<\/li>\n<\/ol>\n<h2>Quali saranno i prossimi step per la direttiva Stage<\/h2>\n<p>Il prossimo step, dopo l\u2019approvazione in commissione Cultura dell\u2019Opinion, \u00e8 previsto il voto a giugno in commissione per l\u2019occupazione e gli affari sociali del Parlamento europeo (EMPL). A luglio invece \u00e8 previsto il voto in plenaria, per arrivare poi, dopo l\u2019estate al dialogo con Commissione e Consiglio. A quel punto servir\u00e0 che gli Stati membri recepiscano la direttiva, affinch\u00e9 il mercato dei tirocini possa cambiare.<\/p>\n","protected":false},"excerpt":{"rendered":"<p>Articolo di Annalisa Cangemi \u2013 Giornalista Fanpage.it Lo scorso 8 aprile \u00e8 stata approvata in commissione Cultura al Parlamento europeo l\u2019Opinion sulla direttiva sugli stage di cui Nicola Zingaretti, capodelegazione Pd, \u00e8 relatore. Il testo [&hellip;]<\/p>\n","protected":false},"author":173,"featured_media":28703,"comment_status":"closed","ping_status":"closed","sticky":false,"template":"","format":"standard","meta":{"_acf_changed":false,"footnotes":""},"categories":[682],"tags":[],"post_formats":[626],"coauthors":[3918],"class_list":["post-2970","post","type-post","status-publish","format-standard","has-post-thumbnail","hentry","category-attualita","post_formats-articoli"],"acf":[],"_links":{"self":[{"href":"https:\/\/www.pulse-z.eu\/it\/wp-json\/wp\/v2\/posts\/2970","targetHints":{"allow":["GET"]}}],"collection":[{"href":"https:\/\/www.pulse-z.eu\/it\/wp-json\/wp\/v2\/posts"}],"about":[{"href":"https:\/\/www.pulse-z.eu\/it\/wp-json\/wp\/v2\/types\/post"}],"author":[{"embeddable":true,"href":"https:\/\/www.pulse-z.eu\/it\/wp-json\/wp\/v2\/users\/173"}],"replies":[{"embeddable":true,"href":"https:\/\/www.pulse-z.eu\/it\/wp-json\/wp\/v2\/comments?post=2970"}],"version-history":[{"count":8,"href":"https:\/\/www.pulse-z.eu\/it\/wp-json\/wp\/v2\/posts\/2970\/revisions"}],"predecessor-version":[{"id":37975,"href":"https:\/\/www.pulse-z.eu\/it\/wp-json\/wp\/v2\/posts\/2970\/revisions\/37975"}],"wp:featuredmedia":[{"embeddable":true,"href":"https:\/\/www.pulse-z.eu\/it\/wp-json\/wp\/v2\/media\/28703"}],"wp:attachment":[{"href":"https:\/\/www.pulse-z.eu\/it\/wp-json\/wp\/v2\/media?parent=2970"}],"wp:term":[{"taxonomy":"category","embeddable":true,"href":"https:\/\/www.pulse-z.eu\/it\/wp-json\/wp\/v2\/categories?post=2970"},{"taxonomy":"post_tag","embeddable":true,"href":"https:\/\/www.pulse-z.eu\/it\/wp-json\/wp\/v2\/tags?post=2970"},{"taxonomy":"post_formats","embeddable":true,"href":"https:\/\/www.pulse-z.eu\/it\/wp-json\/wp\/v2\/post_formats?post=2970"},{"taxonomy":"author","embeddable":true,"href":"https:\/\/www.pulse-z.eu\/it\/wp-json\/wp\/v2\/coauthors?post=2970"}],"curies":[{"name":"wp","href":"https:\/\/api.w.org\/{rel}","templated":true}]}}