{"id":2941,"date":"2025-10-14T10:10:01","date_gmt":"2025-10-14T10:10:01","guid":{"rendered":"https:\/\/www.pulse-z.eu\/?p=2941"},"modified":"2025-10-14T10:10:09","modified_gmt":"2025-10-14T10:10:09","slug":"cosa-dice-il-rapporto-sui-giovani-dellunione-europea-quasi-un-quarto-e-a-rischio-poverta","status":"publish","type":"post","link":"https:\/\/www.pulse-z.eu\/it\/cosa-dice-il-rapporto-sui-giovani-dellunione-europea-quasi-un-quarto-e-a-rischio-poverta\/","title":{"rendered":"Cosa dice il rapporto sui giovani dell\u2019Unione europea: quasi un quarto \u00e8 a rischio povert\u00e0"},"content":{"rendered":"\n<p>Articolo di Annalisa Girardi\u00a0\u2013 Giornalista Fanpage.it<\/p>\n<p>Cosa vuol dire essere giovani nell&#8217;Unione europea? \u00c8 la domanda a cui cerca di rispondere l&#8217;ultimo <a href=\"https:\/\/youth.europa.eu\/news\/eu-youth-report-2024-looking-how-youth-are-shaping-future_en\" target=\"_blank\" rel=\"noopener\">EU Youth Report<\/a>, pubblicato qualche settimana fa dalla Commissione europea. Un documento che cerca di monitorare come la EU Youth Strategy, la strategia europea per i giovani, viene applicata. Tutto questo ha un obiettivo: far capire che la voce dei giovani conta, che \u00e8 quella che costruir\u00e0 il futuro dell&#8217;Unione di domani, e che pertanto va ascoltata seriamente.<\/p>\n<p>Le giovani generazioni di europei, da parte loro, sembrerebbero parecchio interessate a costruire insieme questo futuro: il report sottolinea come il 70% dei giovani partecipi alle elezioni. Per\u00f2 c&#8217;\u00e8 un dato negativo: il dato del 2024 risulta in calo rispetto a quello del \u00a02019. Contando quanto la partecipazione democratica al voto sia in calo un po&#8217; in tutto il continente, non \u00e8 un elemento da sottovalutare: \u00e8 importante prendersi cura della consapevolezza su quanto le politiche europee influiscano nella nostra vita di tutti i giorni. Anche perch\u00e9 le sfide non mancano.<\/p>\n<p>Prima su tutte, quella demografica. I giovani sono una fetta sempre pi\u00f9 piccola della popolazione Ue e questo, si legge nel documento, &#8220;suscita preoccupazioni in merito all&#8217;equit\u00e0 intergenerazionale e alla sostenibilit\u00e0 dei sistemi di sicurezza sociale&#8221;. C&#8217;\u00e8 poi il tema della disoccupazione giovanile: circa il 10% dei giovani risulta disoccupato e molti di loro sono classificati come NEET, cio\u00e8 giovani che non studiano e non lavorano.<\/p>\n<blockquote>\n<p>&#8220;<em>Il basso livello di istruzione e le disabilit\u00e0 contribuiscono all&#8217;aumento della disoccupazione, che a sua volta acuisce l&#8217;esclusione sociale e la povert\u00e0. I gruppi vulnerabili, come le minoranze razziali ed etniche, sono particolarmente colpiti. Permangono notevoli disparit\u00e0 regionali e le regioni ultraperiferiche dell&#8217;UE ne risentono fortemente<\/em>&#8220;.<\/p>\n<\/blockquote>\n<p>Il report certifica come quasi un quarto dei giovani dell&#8217;Ue sono a rischio di povert\u00e0 e di esclusione sociale, una condizione che mette a repentaglio il loro accesso all&#8217;istruzione, a una casa e ad un&#8217;assistenza sanitaria di qualit\u00e0. Tutto questo incide anche sulla salute mentale: &#8220;Quasi la met\u00e0 dei giovani ha infatti riportato di aver sofferto di problemi emotivi o psicosociali nel corso dell&#8217;anno precedente&#8221;.<\/p>\n<p>Infine il report sottolinea l&#8217;importanza dell\u2018istruzione e della formazione per le nuove generazioni, cos\u00ec come quella della mobilit\u00e0 transnazionale in questo campo.<\/p>\n<p>Nel 2023 4 giovani su 10 hanno completato l&#8217;istruzione terziaria. L&#8217;abbandono dell&#8217;istruzione e della formazione si \u00e8 attestato al 9,5 % nel 2023 e continua a destare preoccupazione, in particolare tra i giovani uomini (11 %). Dall&#8217;indagine PISA 202218 emerge che il 30 % dei quindicenni dell&#8217;UE non raggiunge le competenze minime in matematica e circa il 25 % non le raggiunge in lettura e scienze.Il mondo digitale \u00e8 parte integrante della vita dei giovanti e presenta opportunit\u00e0 e sfide. L&#8217;acquisizione di competenze digitali \u00e8 correlata in modo significativo all&#8217;istruzione formale superiore. Nel 2023 il 28 % dei giovani non disponeva di competenze digitali di base; tale percentuale raggiungeva il 38 % tra i giovani con un basso livello di istruzione.<\/p>\n<blockquote>\n<p>&#8220;<em>Nel 2023 4 giovani su 10 hanno completato l&#8217;istruzione terziaria. L&#8217;abbandono dell&#8217;istruzione e della formazione si \u00e8 attestato al 9,5 % nel 2023 e continua a destare preoccupazione, in particolare tra i giovani uomini (11 %). Dall&#8217;indagine PISA 202218 emerge che il 30 % dei quindicenni dell&#8217;UE non raggiunge le competenze minime in matematica e circa il 25 % non le raggiunge in lettura e scienze.Il mondo digitale \u00e8 parte integrante della vita dei giovanti e presenta opportunit\u00e0 e sfide. L&#8217;acquisizione di competenze digitali \u00e8 correlata in modo significativo all&#8217;istruzione formale superiore. Nel 2023 il 28 % dei giovani non disponeva di competenze digitali di base; tale percentuale raggiungeva il 38 % tra i giovani con un basso livello di istruzione<\/em>&#8220;.<\/p>\n<\/blockquote>\n","protected":false},"excerpt":{"rendered":"<p>Articolo di Annalisa Girardi\u00a0\u2013 Giornalista Fanpage.it Cosa vuol dire essere giovani nell&#8217;Unione europea? \u00c8 la domanda a cui cerca di rispondere l&#8217;ultimo EU Youth Report, pubblicato qualche settimana fa dalla Commissione europea. Un documento che [&hellip;]<\/p>\n","protected":false},"author":173,"featured_media":29024,"comment_status":"closed","ping_status":"closed","sticky":false,"template":"","format":"standard","meta":{"_acf_changed":false,"footnotes":""},"categories":[21,5],"tags":[7299,3915,5291,5271],"post_formats":[626],"coauthors":[3918],"class_list":["post-2941","post","type-post","status-publish","format-standard","has-post-thumbnail","hentry","category-current-affairs","category-youth","tag-democrazia","tag-europa","tag-giovani","tag-unione-europea","post_formats-articoli"],"acf":[],"_links":{"self":[{"href":"https:\/\/www.pulse-z.eu\/it\/wp-json\/wp\/v2\/posts\/2941","targetHints":{"allow":["GET"]}}],"collection":[{"href":"https:\/\/www.pulse-z.eu\/it\/wp-json\/wp\/v2\/posts"}],"about":[{"href":"https:\/\/www.pulse-z.eu\/it\/wp-json\/wp\/v2\/types\/post"}],"author":[{"embeddable":true,"href":"https:\/\/www.pulse-z.eu\/it\/wp-json\/wp\/v2\/users\/173"}],"replies":[{"embeddable":true,"href":"https:\/\/www.pulse-z.eu\/it\/wp-json\/wp\/v2\/comments?post=2941"}],"version-history":[{"count":22,"href":"https:\/\/www.pulse-z.eu\/it\/wp-json\/wp\/v2\/posts\/2941\/revisions"}],"predecessor-version":[{"id":57307,"href":"https:\/\/www.pulse-z.eu\/it\/wp-json\/wp\/v2\/posts\/2941\/revisions\/57307"}],"wp:featuredmedia":[{"embeddable":true,"href":"https:\/\/www.pulse-z.eu\/it\/wp-json\/wp\/v2\/media\/29024"}],"wp:attachment":[{"href":"https:\/\/www.pulse-z.eu\/it\/wp-json\/wp\/v2\/media?parent=2941"}],"wp:term":[{"taxonomy":"category","embeddable":true,"href":"https:\/\/www.pulse-z.eu\/it\/wp-json\/wp\/v2\/categories?post=2941"},{"taxonomy":"post_tag","embeddable":true,"href":"https:\/\/www.pulse-z.eu\/it\/wp-json\/wp\/v2\/tags?post=2941"},{"taxonomy":"post_formats","embeddable":true,"href":"https:\/\/www.pulse-z.eu\/it\/wp-json\/wp\/v2\/post_formats?post=2941"},{"taxonomy":"author","embeddable":true,"href":"https:\/\/www.pulse-z.eu\/it\/wp-json\/wp\/v2\/coauthors?post=2941"}],"curies":[{"name":"wp","href":"https:\/\/api.w.org\/{rel}","templated":true}]}}