{"id":27873,"date":"2025-06-29T09:43:48","date_gmt":"2025-06-29T09:43:48","guid":{"rendered":"https:\/\/www.pulse-z.eu\/love-without-permit-budapest-pride-and-the-struggle-for-visibility\/"},"modified":"2025-06-29T09:45:31","modified_gmt":"2025-06-29T09:45:31","slug":"amore-senza-permesso-budapest-pride-e-la-lotta-per-la-visibilita","status":"publish","type":"post","link":"https:\/\/www.pulse-z.eu\/it\/amore-senza-permesso-budapest-pride-e-la-lotta-per-la-visibilita\/","title":{"rendered":"Amore senza permesso: Budapest Pride e la lotta per la visibilit\u00e0"},"content":{"rendered":"<br \/>\n<h2><b>L&#39;architettura giuridica del proibizionismo<\/b><\/h2>\n<p> <span style=\"font-weight: 400;\">Nel 2025, il governo ungherese non si \u00e8 limitato a vietare una protesta; ha sviluppato un intero arsenale legale per cancellare il diritto della comunit\u00e0 LGBTQI+ di esistere in pubblico. L&#39;emendamento costituzionale approvato ad aprile proibisce gli eventi pubblici che &quot;<\/span> <a href=\"https:\/\/apnews.com\/article\/government-and-politics-europe-hungary-laws-business-d093db541d1ad00bd4b28bb3a22cdb1b\" target=\"_blank\" rel=\"noopener\"><span style=\"font-weight: 400;\">violano i diritti dei bambini<\/span><\/a> <span style=\"font-weight: 400;\">&quot;, soffocando cos\u00ec qualsiasi tentativo di visibilit\u00e0 o di advocacy politica da parte dei gruppi LGBTQIA+. Allo stesso tempo, l&#39;uso della tecnologia di riconoscimento facciale (FRT) \u00e8 stato istituzionalizzato come strumento per identificare e prendere di mira i cittadini che partecipano a raduni illegali come il Budapest Pride, con multe che raggiungono i 200.000 fiorini (circa 546 dollari) per partecipazione, i cui proventi sono stati annunciati per essere convogliati nel meccanismo statale di &quot;protezione dei minori&quot;<\/span> <a href=\"https:\/\/apnews.com\/article\/hungary-pride-ban-amendment-orban-gay-rights-lgbtq-155ec12cbbde7cc6be0f96adb323de77\" target=\"_blank\" rel=\"noopener\"><span style=\"font-weight: 400;\">(7)<\/span><\/a> <span style=\"font-weight: 400;\">;<\/span> <a href=\"https:\/\/www.reuters.com\/world\/hungarian-police-ban-budapest-pride-march-2025-06-19\/\" target=\"_blank\" rel=\"noopener\"><span style=\"font-weight: 400;\">(4)<\/span><\/a> <span style=\"font-weight: 400;\">.<\/span><\/p>\n<p> <span style=\"font-weight: 400;\">Oltre alla natura autoritaria di questa legislazione, essa \u00e8 anche profondamente stigmatizzante, come ha dichiarato Amnesty International Grecia a European Youth Press:<\/span><\/p>\n<p> <i><span style=\"font-weight: 400;\">\u201cLa recente legge anti-Pride \u00e8 l\u2019ultima di una serie di misure che prendono di mira e stigmatizzano individui e gruppi della comunit\u00e0 LGBTQI+ e tentano di privare le persone LGBTQI+ di diritti per i quali hanno lottato duramente [\u2026] \u00c8 fondamentale che le autorit\u00e0 ungheresi non impongano restrizioni ingiustificate o un divieto preventivo al Budapest Pride\u2026\u201d<\/span><\/i><\/p>\n<p> <span style=\"font-weight: 400;\">Nonostante i proclami sulla &quot;protezione dei minori&quot;, la legge \u00e8 parte integrante di una strategia pi\u00f9 ampia per criminalizzare il dissenso pubblico. Lo stesso Orb\u00e1n, in un discorso dello scorso febbraio, ha annunciato il divieto, mentre il Fidesz al governo (il partito populista di destra al potere in Ungheria, guidato da Viktor Orb\u00e1n, noto per il suo programma nazionalista, socialmente conservatore e autoritario) ha promulgato nel giro di pochi giorni la sospensione della cittadinanza per i cittadini con doppia cittadinanza considerati una &quot;minaccia&quot; alla sovranit\u00e0 nazionale. L&#39;emendamento \u00e8 il quindicesimo consecutivo dal 2011, quando Orb\u00e1n riscrisse la costituzione ungherese a suo piacimento<\/span> <a href=\"https:\/\/apnews.com\/article\/hungary-pride-ban-amendment-orban-gay-rights-lgbtq-155ec12cbbde7cc6be0f96adb323de77\" target=\"_blank\" rel=\"noopener\"><span style=\"font-weight: 400;\">(7)<\/span><\/a> <span style=\"font-weight: 400;\">;<\/span> <a href=\"https:\/\/www.theguardian.com\/commentisfree\/2025\/apr\/17\/viktor-orbans-latest-clampdown-bans-budapest-pride-but-he-wont-stop-us-marching\" target=\"_blank\" rel=\"noopener\"><span style=\"font-weight: 400;\">(1)<\/span><\/a> <span style=\"font-weight: 400;\">;<\/span> <a href=\"https:\/\/www.npr.org\/2025\/06\/11\/nx-s1-5430267\/hungary-viktor-orban-lgbtq-protest\" target=\"_blank\" rel=\"noopener\"><span style=\"font-weight: 400;\">(8)<\/span><\/a> <span style=\"font-weight: 400;\">.<\/span><\/p>\n<p> <span style=\"font-weight: 400;\">Invece di un quadro giuridico neutrale, l\u2019Ungheria sta costruendo una vetrina costituzionale di esclusione: dove il genere \u00e8 definito solo come \u201cmaschio\u201d e \u201cfemmina\u201d, e il diritto di riunione dipende dalla benedizione del governo<\/span> <a href=\"https:\/\/apnews.com\/article\/hungary-pride-ban-amendment-orban-gay-rights-lgbtq-155ec12cbbde7cc6be0f96adb323de77\" target=\"_blank\" rel=\"noopener\"><span style=\"font-weight: 400;\">(7)<\/span><\/a> <span style=\"font-weight: 400;\">;<\/span> <a href=\"https:\/\/www.theguardian.com\/world\/2025\/mar\/18\/hungary-bans-pride-events-and-plans-to-use-facial-recognition-to-target-attenders?\" target=\"_blank\" rel=\"noopener\"><span style=\"font-weight: 400;\">(3)<\/span><\/a> <span style=\"font-weight: 400;\">.<\/span><\/p>\n<p> L&#39;orgoglio di Budapest come simbolo politico <\/p>\n<p><span style=\"font-weight: 400;\">Per tre decenni, il Budapest Pride \u00e8 stato il pi\u00f9 grande evento pubblico annuale per la promozione dei diritti umani in Ungheria. Da celebrazione di visibilit\u00e0 e uguaglianza, \u00e8 ora diventato una prova di resistenza contro un governo autoritario. Nel 2025, invece di un permesso, gli organizzatori hanno ricevuto un divieto. La polizia ha invocato la recente legislazione sulla &quot;protezione dell&#39;infanzia&quot;, \u200b\u200busandola come copertura per la censura. Sebbene il sindaco liberale Gergely Karasony abbia dichiarato che il Pride si sarebbe svolto come evento comunale che non richiedeva un permesso, le autorit\u00e0 hanno insistito sul divieto. Allo stesso tempo, il governo ha utilizzato le disposizioni sulla &quot;violazione dello sviluppo morale dei minori&quot; come base giuridica per criminalizzare la partecipazione, con multe fino a 200.000 fiorini<\/span> <a href=\"https:\/\/www.theguardian.com\/world\/2025\/jun\/18\/meps-attend-budapest-pride-viktor-orban-hungary-lgbtq\" target=\"_blank\" rel=\"noopener\"><span style=\"font-weight: 400;\">(5)<\/span><\/a> <span style=\"font-weight: 400;\">;<\/span> <a href=\"https:\/\/www.reuters.com\/world\/hungarian-police-ban-budapest-pride-march-2025-06-19\" target=\"_blank\" rel=\"noopener\"><span style=\"font-weight: 400;\">(4)<\/span><\/a> <span style=\"font-weight: 400;\">;<\/span> <a href=\"https:\/\/www.theguardian.com\/commentisfree\/2025\/apr\/17\/viktor-orbans-latest-clampdown-bans-budapest-pride-but-he-wont-stop-us-marching\" target=\"_blank\" rel=\"noopener\"><span style=\"font-weight: 400;\">(1)<\/span><\/a> <span style=\"font-weight: 400;\">.<\/span><\/p>\n<p> <span style=\"font-weight: 400;\">Il passaggio del Pride da marcia libera a &quot;raduno illegale&quot; \u00e8 stato accompagnato dalla minaccia di sorveglianza tramite tecnologie di riconoscimento facciale, ormai istituzionalizzate come parte del meccanismo di repressione. Come osservato da Amnesty International, la cui sede greca ha partecipato anche alla campagna &quot;Let Pride March&quot;:<\/span><\/p>\n<p> <i><span style=\"font-weight: 400;\">\u201cCi si aspetta che un gran numero di persone scenda in piazza pacificamente e deve essere loro consentito di manifestare in sicurezza\u2026 La parata dovrebbe proseguire senza ostacoli e la risposta della polizia\u2026 dovrebbe essere pienamente in linea con i diritti umani\u201d.<\/span><\/i> <\/p>\n<div id=\"attachment_27367\" style=\"width: 598px\" class=\"wp-caption aligncenter\"><img aria-describedby=\"caption-attachment-27367\" loading=\"lazy\" decoding=\"async\" class=\" wp-image-27367\" src=\"https:\/\/www.pulse-z.eu\/wp-content\/uploads\/2025\/06\/1000025849-scaled.jpg\" alt=\"\" width=\"588\" height=\"392\" srcset=\"https:\/\/www.pulse-z.eu\/wp-content\/uploads\/2025\/06\/1000025849-scaled.jpg 2560w, https:\/\/www.pulse-z.eu\/wp-content\/uploads\/2025\/06\/1000025849-768x512.jpg 768w, https:\/\/www.pulse-z.eu\/wp-content\/uploads\/2025\/06\/1000025849-1536x1024.jpg 1536w, https:\/\/www.pulse-z.eu\/wp-content\/uploads\/2025\/06\/1000025849-2048x1365.jpg 2048w\" sizes=\"auto, (max-width: 588px) 100vw, 588px\" \/><\/p>\n<p id=\"caption-attachment-27367\" class=\"wp-caption-text\"> Credito immagine: Yorgos Karagiorgos.<\/p>\n<\/div>\n<p> <span style=\"font-weight: 400;\">In nessun caso il divieto del Pride dovrebbe essere visto come un incidente politico esclusivamente interno, ma come una sfida diretta al quadro giuridico e morale europeo. L&#39;articolo 2 del Trattato sull&#39;Unione Europea garantisce la libert\u00e0 di riunione e proibisce la discriminazione. Quest&#39;anno, tuttavia, gli organizzatori del Pride dichiarano apertamente di essere minacciati di attacchi, violenza e esaurimento finanziario perch\u00e9 insistono a scendere in piazza. Come ha dichiarato un portavoce dell&#39;organizzazione all&#39;AP, l&#39;obiettivo del governo \u00e8 &quot;creare capri espiatori e mettere a tacere i critici del regime&quot;<\/span> <a href=\"https:\/\/www.theguardian.com\/world\/2025\/mar\/18\/hungary-bans-pride-events-and-plans-to-use-facial-recognition-to-target-attenders?\" target=\"_blank\" rel=\"noopener\"><span style=\"font-weight: 400;\">(3)<\/span><\/a> <span style=\"font-weight: 400;\">;<\/span> <a href=\"https:\/\/apnews.com\/article\/orban-government-ban-lgbtq-pride-hungary-d003f20c8444a8611c5cc9db08dc0352\" target=\"_blank\" rel=\"noopener\"><span style=\"font-weight: 400;\">(6)<\/span><\/a> <span style=\"font-weight: 400;\">;<\/span> <a href=\"https:\/\/www.reuters.com\/world\/europe\/hungarians-keep-up-protests-against-orbans-move-ban-pride-2025-04-01\/\" target=\"_blank\" rel=\"noopener\"><span style=\"font-weight: 400;\">(2)<\/span><\/a> <span style=\"font-weight: 400;\">. Ciononostante, il Pride non sembra perdere slancio, secondo una dichiarazione di Katalin Cseh, membro dell&#39;opposizione ungherese:<\/span> <i><span style=\"font-weight: 400;\">La Commissione europea e il Consiglio rimangono esitanti, divisi e timidi. Questo non \u00e8 solo un fallimento morale, ma strategico. L&#39;UE potrebbe essere l&#39;ultimo progetto democratico funzionante su scala globale. E viene messo alla prova. Mentre il regresso democratico accelera in tutto il mondo,<\/span><\/i> <span style=\"font-weight: 400;\">l&#39;Europa<\/span> <i><span style=\"font-weight: 400;\">si trova di fronte a una semplice domanda: pu\u00f2 difendere i propri valori? O croller\u00e0? [\u2026] Se non rispondiamo collettivamente, pubblicamente e con decisione, ci sveglieremo e troveremo la svolta autoritaria ormai completa<\/span><\/i> <a href=\"https:\/\/www.theguardian.com\/commentisfree\/2025\/apr\/17\/viktor-orbans-latest-clampdown-bans-budapest-pride-but-he-wont-stop-us-marching\" target=\"_blank\" rel=\"noopener\"><span style=\"font-weight: 400;\">(1)<\/span><\/a> <span style=\"font-weight: 400;\">.<\/span><\/p>\n<p> Grande Fratello in Piazza <\/p>\n<p><span style=\"font-weight: 400;\">Nell&#39;Ungheria del 2025, la libert\u00e0 \u00e8 ora legata alle telecamere: una nuova legislazione consente alla polizia di utilizzare la tecnologia di riconoscimento facciale per identificare le persone che partecipano a eventi &quot;illegali&quot;, come il Budapest Pride. Ci\u00f2 significa che la semplice partecipazione a una manifestazione pu\u00f2 comportare una sanzione amministrativa o, in pratica, la creazione di un fascicolo identificativo ideologico. L&#39;uso di questa tecnologia, precedentemente consentito solo per la ricerca di persone scomparse o criminali, viene ora esteso ai manifestanti pacifici, con il pretesto della protezione dei minori<\/span> <a href=\"https:\/\/apnews.com\/article\/hungary-pride-ban-amendment-orban-gay-rights-lgbtq-155ec12cbbde7cc6be0f96adb323de77\" target=\"_blank\" rel=\"noopener\"><span style=\"font-weight: 400;\">(7)<\/span><\/a> <span style=\"font-weight: 400;\">;<\/span> <a href=\"https:\/\/www.theguardian.com\/world\/2025\/mar\/18\/hungary-bans-pride-events-and-plans-to-use-facial-recognition-to-target-attenders?\" target=\"_blank\" rel=\"noopener\"><span style=\"font-weight: 400;\">(3)<\/span><\/a> <span style=\"font-weight: 400;\">;<\/span> <a href=\"https:\/\/www.reuters.com\/world\/europe\/hungarians-keep-up-protests-against-orbans-move-ban-pride-2025-04-01\/\" target=\"_blank\" rel=\"noopener\"><span style=\"font-weight: 400;\">(2)<\/span><\/a> <span style=\"font-weight: 400;\">.<\/span><\/p>\n<p> <span style=\"font-weight: 400;\">La logica \u00e8 chiara e pericolosa: il controllo del dissenso non si limita pi\u00f9 al presente fisico, ma si estende all\u2019impronta digitale. Come ha sottolineato \u00c1d\u00e1m Remport dell\u2019Unione Ungherese per le Libert\u00e0 Civili (HCLU):<\/span> <i><span style=\"font-weight: 400;\">\u201cUno dei problemi pi\u00f9 fondamentali \u00e8 la sua invasivit\u00e0, la portata stessa dell\u2019intrusione che si verifica quando si applica la sorveglianza di massa a una folla\u201d, [\u2026] \u201cPi\u00f9 saliente in questo caso \u00e8 l\u2019effetto sulla libert\u00e0 di riunione, in particolare l\u2019effetto paralizzante che si verifica quando le persone hanno paura di uscire e mostrare le proprie convinzioni politiche o ideologiche per paura di essere perseguitate<\/span><\/i> <i><span style=\"font-weight: 400;\">\u201d<\/span><\/i> <a href=\"https:\/\/apnews.com\/article\/hungary-pride-ban-amendment-orban-gay-rights-lgbtq-155ec12cbbde7cc6be0f96adb323de77\" target=\"_blank\" rel=\"noopener\"><span style=\"font-weight: 400;\">(7)<\/span><\/a> <span style=\"font-weight: 400;\">.<\/span> <\/p>\n<div id=\"attachment_27376\" style=\"width: 658px\" class=\"wp-caption aligncenter\"><img aria-describedby=\"caption-attachment-27376\" loading=\"lazy\" decoding=\"async\" class=\" wp-image-27376\" src=\"https:\/\/www.pulse-z.eu\/wp-content\/uploads\/2025\/06\/Inside-the-NYPD-surveillance-machine-1-1444x710-1.webp\" alt=\"\" width=\"648\" height=\"318\" srcset=\"https:\/\/www.pulse-z.eu\/wp-content\/uploads\/2025\/06\/Inside-the-NYPD-surveillance-machine-1-1444x710-1.webp 1444w, https:\/\/www.pulse-z.eu\/wp-content\/uploads\/2025\/06\/Inside-the-NYPD-surveillance-machine-1-1444x710-1-768x378.webp 768w\" sizes=\"auto, (max-width: 648px) 100vw, 648px\" \/><\/p>\n<p id=\"caption-attachment-27376\" class=\"wp-caption-text\"> \u00a9Foto di Spencer Platt\/Getty Images<\/p>\n<\/div>\n<p> <span style=\"font-weight: 400;\">In questo contesto, il concetto stesso di libert\u00e0 viene distorto. Non \u00e8 solo il tuo corpo a essere bandito dalle strade: anche il tuo desiderio di esprimerti viene monitorato. Amnesty International sottolinea che la soppressione del Pride e l&#39;uso diffuso di strumenti di sorveglianza fanno parte di un modello di violazioni che colpisce al cuore il diritto di protestare:<\/span><\/p>\n<p> <i><span style=\"font-weight: 400;\">In un rapporto pubblicato nel luglio 2024, Amnesty International ha documentato una serie di tendenze e modelli di restrizioni e violazioni del diritto di protesta in 21 paesi dell&#39;UE. Le proteste sono state un potente strumento di cambiamento ed \u00e8 importante proteggerle.<\/span><\/i><\/p>\n<p> <span style=\"font-weight: 400;\">L&#39;Ungheria presenta quindi un autoritarismo tecnologicamente avanzato che investe non solo nella violenza, ma anche nell&#39;intimidazione attraverso la sorveglianza. Il divieto di protestare \u00e8 imposto non con i manganelli, ma con le telecamere. E l&#39;obiettivo del governo non \u00e8 pi\u00f9 solo quello di mettere a tacere, ma di intimidire la memoria<\/span> <a href=\"https:\/\/www.theguardian.com\/world\/2025\/mar\/18\/hungary-bans-pride-events-and-plans-to-use-facial-recognition-to-target-attenders?\" target=\"_blank\" rel=\"noopener\"><span style=\"font-weight: 400;\">(3)<\/span><\/a> <span style=\"font-weight: 400;\">;<\/span> <a href=\"https:\/\/www.npr.org\/2025\/06\/11\/nx-s1-5430267\/hungary-viktor-orban-lgbtq-protest\" target=\"_blank\" rel=\"noopener\"><span style=\"font-weight: 400;\">(8)<\/span><\/a> <span style=\"font-weight: 400;\">.<\/span><\/p>\n<h2><b>L\u2019Europa risponde o resta in silenzio?<\/b><\/h2>\n<p> <span style=\"font-weight: 400;\">Quando il divieto del Budapest Pride \u00e8 diventato realt\u00e0, tutti gli occhi si sono puntati su Bruxelles. In quanto custode dell&#39;Articolo 2 del Trattato sull&#39;Unione Europea, ci si aspetterebbe un intervento immediato da parte dell&#39;Unione Europea. Tuttavia, la reazione \u00e8 stata la solita: dichiarazioni di preoccupazione, &quot;esame&quot; legale, nessuna azione immediata. Come ha giustamente commentato Katalin Cseh,<\/span> <i><span style=\"font-weight: 400;\">&quot;Bruxelles starebbe valutando un&#39;azione legale &#39;se necessario&#39;, ma non ha ancora adottato misure provvisorie per proteggere la marcia di quest&#39;anno, che si terr\u00e0 tra soli due mesi. La sua solita scusa \u2013 la necessit\u00e0 di evitare &quot;interferenze politiche&quot; \u2013 non \u00e8 pi\u00f9 valida. \u00c8 Orb\u00e1n a violare la legge, a pulirsi i piedi sui trattati dell&#39;UE<\/span><\/i> <i><span style=\"font-weight: 400;\">&quot;.<\/span><\/i> <a href=\"https:\/\/www.theguardian.com\/commentisfree\/2025\/apr\/17\/viktor-orbans-latest-clampdown-bans-budapest-pride-but-he-wont-stop-us-marching\" target=\"_blank\" rel=\"noopener\"><span style=\"font-weight: 400;\">(1)<\/span><\/a> <span style=\"font-weight: 400;\">.<\/span> <\/p>\n<\/p>\n<div id=\"attachment_27384\" style=\"width: 725px\" class=\"wp-caption aligncenter\"><img aria-describedby=\"caption-attachment-27384\" loading=\"lazy\" decoding=\"async\" class=\" wp-image-27384\" src=\"https:\/\/www.pulse-z.eu\/wp-content\/uploads\/2025\/06\/202312eca_orban_eu.webp\" alt=\"\" width=\"715\" height=\"477\" srcset=\"https:\/\/www.pulse-z.eu\/wp-content\/uploads\/2025\/06\/202312eca_orban_eu.webp 946w, https:\/\/www.pulse-z.eu\/wp-content\/uploads\/2025\/06\/202312eca_orban_eu-768x512.webp 768w\" sizes=\"auto, (max-width: 715px) 100vw, 715px\" \/><\/p>\n<p id=\"caption-attachment-27384\" class=\"wp-caption-text\"> Il primo ministro ungherese Viktor Orb\u00e1n con la presidente della Commissione europea Ursula von der Leyen a Bruxelles, Belgio, 3 febbraio 2020. \u00a9 2020 Isopix\/Shutterstock<\/p>\n<\/div>\n<p> <span style=\"font-weight: 400;\">In pratica, la risposta pi\u00f9 forte non \u00e8 venuta dalle istituzioni, ma dai singoli individui: decine di eurodeputati, tra cui Verdi, Liberali e Socialisti, hanno annunciato che avrebbero partecipato alla marcia di Budapest del 28 giugno, non come osservatori, ma come scudo umano. &quot;N\u00e9 l&#39;amore n\u00e9 la libert\u00e0 possono essere vietati&quot;, ha affermato il sindaco della citt\u00e0, Gergely Karasonyi, chiedendo che il Pride diventi un evento comunale, al di l\u00e0 dei divieti statali<\/span> <a href=\"https:\/\/www.theguardian.com\/world\/2025\/jun\/18\/meps-attend-budapest-pride-viktor-orban-hungary-lgbtq\" target=\"_blank\" rel=\"noopener\"><span style=\"font-weight: 400;\">(5)<\/span><\/a> <span style=\"font-weight: 400;\">. Amnesty International Grecia, da parte sua, chiede chiaramente alle istituzioni europee di intraprendere senza indugio azioni legali:<\/span><\/p>\n<p> <i><span style=\"font-weight: 400;\">\u201cLa Commissione europea deve agire rapidamente\u2026 chiedendo misure provvisorie alla Corte di giustizia europea\u2026 o avviando nuovi procedimenti sulla base delle recenti modifiche\u2026 Finora \u00e8 rimasta inattiva\u2026 \u00c8 tempo di uscire da questa situazione di stallo\u201d<\/span><\/i><\/p>\n<p> <span style=\"font-weight: 400;\">Tuttavia, gli strumenti istituzionali \u2013 come l&#39;articolo 7, che consente la revoca del diritto di voto di uno Stato membro \u2013 rimangono inattivi. La questione non \u00e8 pi\u00f9 giuridica, \u00e8 politica: l&#39;UE teme di scontrarsi con un leader che minaccia apertamente la sua unit\u00e0. E cos\u00ec, la sanzione per l&#39;Ungheria diventa amministrativa \u2013 mai costituzionale<\/span> <a href=\"https:\/\/www.theguardian.com\/commentisfree\/2025\/apr\/17\/viktor-orbans-latest-clampdown-bans-budapest-pride-but-he-wont-stop-us-marching\" target=\"_blank\" rel=\"noopener\"><span style=\"font-weight: 400;\">(1)<\/span><\/a> <span style=\"font-weight: 400;\">;<\/span> <a href=\"https:\/\/www.theguardian.com\/world\/2025\/jun\/18\/meps-attend-budapest-pride-viktor-orban-hungary-lgbtq\" target=\"_blank\" rel=\"noopener\"><span style=\"font-weight: 400;\">(5)<\/span><\/a> <span style=\"font-weight: 400;\">;<\/span> <a href=\"https:\/\/apnews.com\/article\/hungary-pride-ban-amendment-orban-gay-rights-lgbtq-155ec12cbbde7cc6be0f96adb323de77\" target=\"_blank\" rel=\"noopener\"><span style=\"font-weight: 400;\">(7)<\/span><\/a> <span style=\"font-weight: 400;\">.<\/span><\/p>\n<p> <span style=\"font-weight: 400;\">E mentre le bandiere dell&#39;Unione Europea sventolano davanti a ogni ambasciata che ha espresso preoccupazione, ci\u00f2 che rimane nelle strade di Budapest \u00e8 l&#39;incertezza. Se il Pride pu\u00f2 essere vietato a Budapest, pu\u00f2 essere vietato anche a Zagabria, Varsavia e Roma. Il silenzio diventa un precedente. E il precedente diventa normalit\u00e0.<\/span><\/p>\n<p> Presenza silenziosa, marcia ininterrotta <\/p>\n<p><span style=\"font-weight: 400;\">La marcia che il governo Orb\u00e1n sta cercando di vietare non \u00e8 solo una parata. \u00c8 un viaggio nel cuore stesso della democrazia: il diritto di esistere in pubblico, di affermarsi, di non vergognarsi di amare. Quando lo Stato dichiara illegale l&#39;amore e monitora le proteste con le telecamere, non \u00e8 solo una comunit\u00e0 a essere minacciata; \u00e8 il concetto stesso di libert\u00e0.<\/span><\/p>\n<p> <span style=\"font-weight: 400;\">Ma per quanto si sforzino di mettere a tacere le voci, non possono cancellare la presenza. La mobilitazione di massa, il sostegno internazionale e la crescente resistenza dimostrano che anche quando le voci vengono messe a tacere, la marcia continua. Senza gridare, ma con determinazione. Senza permesso, ma con dignit\u00e0. Come ha detto il sindaco di Budapest: &quot;N\u00e9 l&#39;amore n\u00e9 la libert\u00e0 possono essere vietati&quot;<\/span> <a href=\"https:\/\/www.theguardian.com\/world\/2025\/jun\/18\/meps-attend-budapest-pride-viktor-orban-hungary-lgbtq\" target=\"_blank\" rel=\"noopener\"><span style=\"font-weight: 400;\">(5)<\/span><\/a> <span style=\"font-weight: 400;\">.<\/span><\/p>\n<p> <span style=\"font-weight: 400;\">In definitiva, ci\u00f2 che \u00e8 in gioco non \u00e8 solo l&#39;esito di una parata del Pride, ma la capacit\u00e0 stessa dell&#39;Europa di proteggerne il significato. Se l&#39;UE non riesce a difendere il diritto di riunione pacifica sul suo territorio, cosa rimane dei suoi trattati? Come osserva Amnesty International Grecia:<\/span><\/p>\n<p> <i><span style=\"font-weight: 400;\">La difesa dei diritti fondamentali deve tradursi in azione. La Commissione europea deve agire rapidamente. [\u2026] \u00c8 ora di uscire da questa situazione di stallo. Come difensori dei diritti umani, continueremo a chiedere uguaglianza e a lottare per una vita libera da discriminazioni.<\/span><\/i><\/p>\n<p> <span style=\"font-weight: 400;\">Per le strade di Budapest, dove quest&#39;anno non sono consentite celebrazioni, la semplice esistenza diventa un atto di resistenza politica. Non c&#39;\u00e8 bisogno di gridare. Basta camminare per strada.<\/span><\/p>\n<div id=\"attachment_27392\" style=\"width: 856px\" class=\"wp-caption aligncenter\"><img aria-describedby=\"caption-attachment-27392\" loading=\"lazy\" decoding=\"async\" class=\" wp-image-27392\" src=\"https:\/\/www.pulse-z.eu\/wp-content\/uploads\/2025\/06\/budapest-hungary-lgbtqia-pride-march-across-the-szechenyi-chain-bridge-june-2021.webp\" alt=\"Marcia del Pride LGBTQ+ sul Ponte delle Catene, Budapest, Ungheria, giugno 2021\" width=\"846\" height=\"476\" srcset=\"https:\/\/www.pulse-z.eu\/wp-content\/uploads\/2025\/06\/budapest-hungary-lgbtqia-pride-march-across-the-szechenyi-chain-bridge-june-2021.webp 1245w, https:\/\/www.pulse-z.eu\/wp-content\/uploads\/2025\/06\/budapest-hungary-lgbtqia-pride-march-across-the-szechenyi-chain-bridge-june-2021-768x432.webp 768w\" sizes=\"auto, (max-width: 846px) 100vw, 846px\" \/><\/p>\n<p id=\"caption-attachment-27392\" class=\"wp-caption-text\"> Marcia del Pride LGBTQ+ sul Ponte delle Catene, Budapest, Ungheria, giugno 2021<\/p>\n<\/div>\n<p><strong>Riferimenti<\/strong><\/p>\n<p> <span style=\"font-weight: 400;\">1. Cseh, K. (2025, 17 aprile).<\/span> <i><span style=\"font-weight: 400;\">L&#39;ultima stretta di Viktor Orb\u00e1n vieta il Budapest Pride, ma non ci impedir\u00e0 di marciare<\/span><\/i> <span style=\"font-weight: 400;\">.<\/span> <i><span style=\"font-weight: 400;\">The Guardian<\/span><\/i> <span style=\"font-weight: 400;\">.<\/span><span style=\"font-weight: 400;\"><br \/><\/span> <a href=\"https:\/\/www.theguardian.com\/commentisfree\/2025\/apr\/17\/viktor-orbans-latest-clampdown-bans-budapest-pride-but-he-wont-stop-us-marching\" target=\"_blank\" rel=\"noopener\"><span style=\"font-weight: 400;\">https:\/\/www.theguardian.com\/commentisfree\/2025\/apr\/17\/viktor-orbans-latest-clampdown-bans-budapest-pride-but-he-wont-stop-us-marching<\/span><\/a><\/p>\n<p> <span style=\"font-weight: 400;\">2. Fenyo, K. e Szakacs, G. (1 aprile 2025).<\/span> <i><span style=\"font-weight: 400;\">Gli ungheresi continuano a protestare contro la decisione di Orb\u00e1n di vietare il Pride<\/span><\/i> <span style=\"font-weight: 400;\">.<\/span> <i><span style=\"font-weight: 400;\">Reuters<\/span><\/i> <span style=\"font-weight: 400;\">.<\/span><span style=\"font-weight: 400;\"><br \/><\/span> <a href=\"https:\/\/www.reuters.com\/world\/europe\/hungarians-keep-up-protests-against-orbans-move-ban-pride-2025-04-01\/?utm_source=chatgpt.com\" target=\"_blank\" rel=\"noopener\"><span style=\"font-weight: 400;\">https:\/\/www.reuters.com\/world\/europe\/hungarians-keep-up-protests-against-orbans-move-ban-pride-2025-04-01\/<\/span><\/a><\/p>\n<p> <span style=\"font-weight: 400;\">3. Kassam, A. (18 marzo 2025).<\/span> <i><span style=\"font-weight: 400;\">L&#39;Ungheria vieta gli eventi del Pride e prevede di utilizzare il riconoscimento facciale per individuare i partecipanti<\/span><\/i> <span style=\"font-weight: 400;\">.<\/span> <i><span style=\"font-weight: 400;\">The Guardian<\/span><\/i> <span style=\"font-weight: 400;\">.<\/span><span style=\"font-weight: 400;\"><br \/><\/span> <a href=\"https:\/\/www.theguardian.com\/world\/2025\/mar\/18\/hungary-bans-pride-events-and-plans-to-use-facial-recognition-to-target-attenders?utm_source=chatgpt.com\" target=\"_blank\" rel=\"noopener\"><span style=\"font-weight: 400;\">https:\/\/www.theguardian.com\/world\/2025\/mar\/18\/hungary-bans-pride-events-and-plans-to-use-facial-recognition-to-target-attenders?<\/span><\/a><\/p>\n<p> <span style=\"font-weight: 400;\">4. Komuves, A. (2025, 19 giugno).<\/span> <i><span style=\"font-weight: 400;\">La polizia ungherese vieta la marcia del Budapest Pride, citando la tutela dei minori<\/span><\/i> <span style=\"font-weight: 400;\">.<\/span> <i><span style=\"font-weight: 400;\">Reuters<\/span><\/i> <span style=\"font-weight: 400;\">.<\/span><span style=\"font-weight: 400;\"><br \/><\/span> <a href=\"https:\/\/www.reuters.com\/world\/hungarian-police-ban-budapest-pride-march-2025-06-19\/?utm_source=chatgpt.com\" target=\"_blank\" rel=\"noopener\"><span style=\"font-weight: 400;\">https:\/\/www.reuters.com\/world\/la-polizia-ungherese-vieta-il-budapest-pride-marzo-2025-06-19\/<\/span><\/a><\/p>\n<p> <span style=\"font-weight: 400;\">5. Rankin, J. (18 giugno 2025).<\/span> <i><span style=\"font-weight: 400;\">Decine di eurodeputati parteciperanno al Budapest Pride, sfidando Viktor Orb\u00e1n<\/span><\/i> <span style=\"font-weight: 400;\">.<\/span> <i><span style=\"font-weight: 400;\">The Guardian<\/span><\/i> <span style=\"font-weight: 400;\">.<\/span><span style=\"font-weight: 400;\"><br \/><\/span> <a href=\"https:\/\/www.theguardian.com\/world\/2025\/jun\/18\/meps-attend-budapest-pride-viktor-orban-hungary-lgbtq?utm_source=chatgpt.com\" target=\"_blank\" rel=\"noopener\"><span style=\"font-weight: 400;\">https:\/\/www.theguardian.com\/world\/2025\/jun\/18\/meps-attend-budapest-pride-viktor-orban-hungary-lgbtq<\/span><\/a><\/p>\n<p> <span style=\"font-weight: 400;\">6. Spike, J. (2025, 17 marzo).<\/span> <i><span style=\"font-weight: 400;\">Un nuovo disegno di legge anti-LGBTQ+ in Ungheria vieterebbe l&#39;evento del Pride e consentirebbe l&#39;uso di software di riconoscimento facciale<\/span><\/i> <span style=\"font-weight: 400;\">.<\/span> <i><span style=\"font-weight: 400;\">Associated Press<\/span><\/i> <span style=\"font-weight: 400;\">.<\/span> <a href=\"https:\/\/apnews.com\/article\/orban-government-ban-lgbtq-pride-hungary-d003f20c8444a8611c5cc9db08dc0352\" target=\"_blank\" rel=\"noopener\"><span style=\"font-weight: 400;\">https:\/\/apnews.com\/article\/orban-government-ban-lgbtq-pride-hungary-d003f20c8444a8611c5cc9db08dc0352<\/span><span style=\"font-weight: 400;\"><br \/><\/span><span style=\"font-weight: 400;\"><br \/><\/span><\/a> 7. <span style=\"font-weight: 400;\">Spike, J. (2025, 15 aprile).<\/span> <i><span style=\"font-weight: 400;\">L&#39;Ungheria approva un emendamento costituzionale per vietare gli eventi pubblici LGBTQ+, considerato un duro colpo per i diritti<\/span><\/i> <span style=\"font-weight: 400;\">.<\/span> <i><span style=\"font-weight: 400;\">Associated<\/span><\/i> <i><span style=\"font-weight: 400;\">Press<\/span><\/i> <a href=\"https:\/\/apnews.com\/article\/hungary-pride-ban-amendment-orban-gay-rights-lgbtq-155ec12cbbde7cc6be0f96adb323de77\" target=\"_blank\" rel=\"noopener\"><span style=\"font-weight: 400;\">https:\/\/apnews.com\/article\/hungary-pride-ban-amendment-orban-gay-rights-lgbtq-155ec12cbbde7cc6be0f96adb323de77<\/span><span style=\"font-weight: 400;\"><br \/><\/span><span style=\"font-weight: 400;\"><br \/><\/span><\/a> <span style=\"font-weight: 400;\">8. The Associated Press. (11 giugno 2025).<\/span> <i><span style=\"font-weight: 400;\">Gli ungheresi dichiarano la loro resistenza al governo Orb\u00e1n con una grande protesta<\/span><\/i> <span style=\"font-weight: 400;\">.<\/span> <i><span style=\"font-weight: 400;\">NPR<\/span><\/i> <span style=\"font-weight: 400;\">.<\/span><span style=\"font-weight: 400;\"><br \/><\/span> <a href=\"https:\/\/www.npr.org\/2025\/06\/11\/nx-s1-5430267\/hungary-viktor-orban-lgbtq-protest\" target=\"_blank\" rel=\"noopener\"><span style=\"font-weight: 400;\">https:\/\/www.npr.org\/2025\/06\/11\/nx-s1-5430267\/hungary-viktor-orban-lgbtq-protest<\/span><span style=\"font-weight: 400;\"><br \/><\/span><\/a><\/p>\n","protected":false},"excerpt":{"rendered":"<p>L&#39;architettura giuridica del proibizionismo Nel 2025, il governo ungherese non si \u00e8 limitato a vietare una protesta; ha sviluppato un intero arsenale legale per cancellare il diritto della comunit\u00e0 LGBTQI+ di esistere in pubblico. L&#39;emendamento [&hellip;]<\/p>\n","protected":false},"author":355,"featured_media":27866,"comment_status":"closed","ping_status":"closed","sticky":false,"template":"","format":"standard","meta":{"_acf_changed":false,"footnotes":""},"categories":[682,680,618,683,687],"tags":[3661,3662,3663,3664,3665,3666,3667,1163,3668,3669,1415,2562,3670,3671,3672,3673,3674,3675,2812,3676],"post_formats":[626],"coauthors":[],"class_list":["post-27873","post","type-post","status-publish","format-standard","has-post-thumbnail","hentry","category-attualita","category-celebrare-la-diversita","category-collegare-i-punti","category-diversita-e-inclusione","category-gioventu","tag-amnesty-international-it","tag-authoritarianism-it","tag-budapest-pride-it","tag-civil-liberties-it","tag-democracy-it","tag-discrimination-it","tag-eu-values-it","tag-european-union-it","tag-facial-recognition-it","tag-fidesz-it","tag-freedom-of-expression-it","tag-human-rights-it","tag-hungary-it","tag-lgbtq-rights-it","tag-peaceful-assembly-it","tag-political-repression-it","tag-protest-it","tag-rule-of-law-it","tag-surveillance-it","tag-viktor-orban-it","post_formats-articoli"],"acf":[],"_links":{"self":[{"href":"https:\/\/www.pulse-z.eu\/it\/wp-json\/wp\/v2\/posts\/27873","targetHints":{"allow":["GET"]}}],"collection":[{"href":"https:\/\/www.pulse-z.eu\/it\/wp-json\/wp\/v2\/posts"}],"about":[{"href":"https:\/\/www.pulse-z.eu\/it\/wp-json\/wp\/v2\/types\/post"}],"author":[{"embeddable":true,"href":"https:\/\/www.pulse-z.eu\/it\/wp-json\/wp\/v2\/users\/355"}],"replies":[{"embeddable":true,"href":"https:\/\/www.pulse-z.eu\/it\/wp-json\/wp\/v2\/comments?post=27873"}],"version-history":[{"count":3,"href":"https:\/\/www.pulse-z.eu\/it\/wp-json\/wp\/v2\/posts\/27873\/revisions"}],"predecessor-version":[{"id":27892,"href":"https:\/\/www.pulse-z.eu\/it\/wp-json\/wp\/v2\/posts\/27873\/revisions\/27892"}],"wp:featuredmedia":[{"embeddable":true,"href":"https:\/\/www.pulse-z.eu\/it\/wp-json\/wp\/v2\/media\/27866"}],"wp:attachment":[{"href":"https:\/\/www.pulse-z.eu\/it\/wp-json\/wp\/v2\/media?parent=27873"}],"wp:term":[{"taxonomy":"category","embeddable":true,"href":"https:\/\/www.pulse-z.eu\/it\/wp-json\/wp\/v2\/categories?post=27873"},{"taxonomy":"post_tag","embeddable":true,"href":"https:\/\/www.pulse-z.eu\/it\/wp-json\/wp\/v2\/tags?post=27873"},{"taxonomy":"post_formats","embeddable":true,"href":"https:\/\/www.pulse-z.eu\/it\/wp-json\/wp\/v2\/post_formats?post=27873"},{"taxonomy":"author","embeddable":true,"href":"https:\/\/www.pulse-z.eu\/it\/wp-json\/wp\/v2\/coauthors?post=27873"}],"curies":[{"name":"wp","href":"https:\/\/api.w.org\/{rel}","templated":true}]}}