{"id":27724,"date":"2025-06-27T17:52:13","date_gmt":"2025-06-27T17:52:13","guid":{"rendered":"https:\/\/www.pulse-z.eu\/power-play-in-the-hague-nato-goes-all-in\/"},"modified":"2025-06-27T17:56:37","modified_gmt":"2025-06-27T17:56:37","slug":"gioco-di-potere-allaia-la-nato-punta-tutto","status":"publish","type":"post","link":"https:\/\/www.pulse-z.eu\/it\/gioco-di-potere-allaia-la-nato-punta-tutto\/","title":{"rendered":"Gioco di potere all&#39;Aia: la NATO punta tutto"},"content":{"rendered":"\n<div id=\"attachment_27508\" style=\"width: 160px\" class=\"wp-caption alignnone\"><img aria-describedby=\"caption-attachment-27508\" loading=\"lazy\" decoding=\"async\" class=\"wp-image-27508 size-thumbnail\" src=\"https:\/\/www.pulse-z.eu\/wp-content\/uploads\/2025\/06\/250625d-001-150x150.jpg\" alt=\"\" width=\"150\" height=\"150\" \/><\/p>\n<p id=\"caption-attachment-27508\" class=\"wp-caption-text\"> Il Segretario Generale della NATO Mark Rutte e i Capi di Stato e di Governo della NATO, Fonte: NATO<\/p>\n<\/div>\n<p> <span style=\"font-weight: 400;\">Qual \u00e8 stata la cosa principale che ha sentito sul vertice NATO all&#39;Aia del 24 e 25 giugno? L&#39;accordo raggiunto dai leader dei paesi NATO sull&#39;aumento del bilancio della difesa al 5%? O le misure di sicurezza estreme, note come &quot;Scudo<\/span> <a href=\"https:\/\/www.reuters.com\/world\/dutch-launch-operation-orange-shield-keep-nato-summit-safe-2025-06-20\/\" target=\"_blank\" rel=\"noopener\"><span style=\"font-weight: 400;\">Arancione&quot;<\/span><\/a> <span style=\"font-weight: 400;\">, che hanno portato la citt\u00e0 a chiudere intere zone della citt\u00e0, rendendola la<\/span> <a href=\"https:\/\/www.dutchnews.nl\/2025\/06\/nato-summit-will-stretch-dutch-logistical-capacity-to-the-limit\/\" target=\"_blank\" rel=\"noopener\"><span style=\"font-weight: 400;\">pi\u00f9 grande<\/span><\/a> <span style=\"font-weight: 400;\">operazione di sicurezza nella storia olandese?<\/span><\/p>\n<p> <span style=\"font-weight: 400;\">Erano presenti i leader mondiali di tutti i 32 paesi della NATO, inclusi i rappresentanti dell&#39;Ucraina e il presidente Zelensky. Il re Guglielmo Alessandro e la regina Massimia dei Paesi Bassi<\/span> <a href=\"https:\/\/www.nato.int\/cps\/en\/natohq\/news_236516.htm\" target=\"_blank\" rel=\"noopener\"><span style=\"font-weight: 400;\">hanno offerto<\/span><\/a> <span style=\"font-weight: 400;\">una cena sociale per i leader. In un fitto programma di due giorni, i ministri della Difesa della NATO hanno tenuto contemporaneamente una cena di lavoro.<\/span><\/p>\n<h3> <b>Spesa per la difesa in aumento<\/b><\/h3>\n<p> <span style=\"font-weight: 400;\">Il risultato principale \u00e8 l&#39;aumento del bilancio per la difesa al 5% del PIL entro il 2035. I paesi membri devono ora preparare piani annuali su come raggiungere questo obiettivo con un percorso realistico. Per ora,<\/span> <a href=\"https:\/\/dennikn.sk\/4713886\/k-trumpovi-sa-na-samite-spravali-ako-ku-kralovi-ako-jediny-spal-v-palaci-rutte-mu-pochleboval\/?rtm_click=ed3a7337&amp;rtm_source=daily_digest&amp;rtm_medium=email&amp;rtm_campaign=daily_minute_26062025&amp;rtm_content=311081\" target=\"_blank\" rel=\"noopener\"><span style=\"font-weight: 400;\">nessuno dei paesi membri si avvicina<\/span><\/a> <span style=\"font-weight: 400;\">a questa cifra, con il pi\u00f9 vicino in classifica: la Polonia, con un piano per aumentare la quota di spesa per la difesa sul PIL al<\/span> <a href=\"https:\/\/www.euronews.com\/my-europe\/2025\/02\/05\/polands-president-vows-to-spend-47-of-gdp-on-defence-this-year\" target=\"_blank\" rel=\"noopener\"><span style=\"font-weight: 400;\">4,7%<\/span><\/a> <span style=\"font-weight: 400;\">. Il presidente polacco Donald Tusk<\/span> <a href=\"https:\/\/www.euronews.com\/my-europe\/2025\/02\/05\/polands-president-vows-to-spend-47-of-gdp-on-defence-this-year\" target=\"_blank\" rel=\"noopener\"><span style=\"font-weight: 400;\">ha affermato che<\/span><\/a> <span style=\"font-weight: 400;\">il fianco orientale deve essere rafforzato per essere pronto a rappresentare la prima linea di difesa dell&#39;Europa contro l&#39;aggressione russa.<\/span><\/p>\n<p> <span style=\"font-weight: 400;\">L&#39;obiettivo del 5% \u00e8 di dividerlo con<\/span> <a href=\"https:\/\/www.government.nl\/topics\/nato-summit-2025\/news\/2025\/06\/26\/conclusion-nato-summit\" target=\"_blank\" rel=\"noopener\"><span style=\"font-weight: 400;\">il 3,5% per le spese militari e l&#39;1,5%<\/span><\/a> <span style=\"font-weight: 400;\">per le infrastrutture legate alla difesa, alla sicurezza informatica o alle strutture mediche. Gli alleati europei sperano che questo provvedimento calmi Donald Trump e le sue minacce di interrompere il sostegno alla difesa europea.<\/span><\/p>\n<p> <span style=\"font-weight: 400;\">Chi rappresenta il problema principale della sottospesa nella NATO? Quest&#39;anno \u00e8 la Spagna e il suo primo ministro, Pedro S\u00e1nchez, che<\/span> <a href=\"https:\/\/www.politico.eu\/article\/spain-nato-canada-defense-target-spending-gdp\/\" target=\"_blank\" rel=\"noopener\"><span style=\"font-weight: 400;\">ha affermato<\/span><\/a> <span style=\"font-weight: 400;\">che il suo Paese non ha bisogno dell&#39;aumento di bilancio del 5% del PIL. Ha anche<\/span> <a href=\"https:\/\/www.ft.com\/content\/5908b7ed-d971-4bde-9458-3d3193f456fe\" target=\"_blank\" rel=\"noopener\"><span style=\"font-weight: 400;\">ringraziato<\/span><\/a> <span style=\"font-weight: 400;\">gli alleati per aver rispettato la sovranit\u00e0 della Spagna, consentendogli di non partecipare alla decisione. Al secondo posto nella disputa sulla decisione della NATO c&#39;\u00e8 la Slovacchia, che<\/span> <a href=\"https:\/\/www.politico.eu\/article\/spain-nato-canada-defense-target-spending-gdp\/\" target=\"_blank\" rel=\"noopener\"><span style=\"font-weight: 400;\">ha affermato che<\/span><\/a> <span style=\"font-weight: 400;\">il suo Paese ha priorit\u00e0 diverse.<\/span><\/p>\n<p> <span style=\"font-weight: 400;\">S\u00e1nchez ha anche<\/span> <a href=\"https:\/\/www.lemonde.fr\/en\/international\/article\/2025\/06\/26\/spain-pm-accuses-israel-of-genocide-in-gaza-as-65-more-killed_6742755_4.html\" target=\"_blank\" rel=\"noopener\"><span style=\"font-weight: 400;\">definito<\/span><\/a> <span style=\"font-weight: 400;\">la guerra a Gaza un genocidio, essendo il funzionario di pi\u00f9 alto livello dell&#39;UE a farlo, in seguito a un rapporto dell&#39;UE sulle violazioni dei diritti umani da parte di Israele. Ha<\/span> <a href=\"https:\/\/www.dw.com\/en\/double-standards-spain-slams-eu-inaction-on-israel-deal\/a-73055177\" target=\"_blank\" rel=\"noopener\"><span style=\"font-weight: 400;\">criticato<\/span><\/a> <span style=\"font-weight: 400;\">i suoi colleghi dell&#39;UE per non aver sospeso l&#39;accordo commerciale con Israele.<\/span><\/p>\n<p> <span style=\"font-weight: 400;\">Il vertice ha anche ribadito l&#39;<\/span> <a href=\"https:\/\/www.nato.int\/cps\/eu\/natohq\/official_texts_17120.htm\" target=\"_blank\" rel=\"noopener\"><span style=\"font-weight: 400;\">articolo 5<\/span><\/a> <span style=\"font-weight: 400;\">della dichiarazione di Washington, secondo cui un attacco a un membro \u00e8 un attacco a tutti gli altri. La<\/span> <a href=\"https:\/\/www.nato.int\/cps\/en\/natohq\/official_texts_236705.htm\" target=\"_blank\" rel=\"noopener\"><span style=\"font-weight: 400;\">dichiarazione<\/span><\/a> <span style=\"font-weight: 400;\">del vertice<\/span> <a href=\"https:\/\/dennikn.sk\/minuta\/4714036\/?rtm_click=7a4071ad&amp;rtm_source=daily_digest&amp;rtm_medium=email&amp;rtm_campaign=daily_minute_26062025&amp;rtm_content=311081\" target=\"_blank\" rel=\"noopener\"><span style=\"font-weight: 400;\">promette<\/span><\/a> inoltre <span style=\"font-weight: 400;\">ulteriore sostegno all&#39;Ucraina, ma non definisce direttamente la Russia come aggressore.<\/span><\/p>\n<h3> <b>Operazione Scudo Arancione<\/b><\/h3>\n<p> <span style=\"font-weight: 400;\">I Paesi Bassi hanno dato il massimo:<\/span> <a href=\"https:\/\/www.reuters.com\/world\/dutch-launch-operation-orange-shield-keep-nato-summit-safe-2025-06-20\/\" target=\"_blank\" rel=\"noopener\"><span style=\"font-weight: 400;\">elicotteri da combattimento, pattugliamenti marittimi, squadre di artificieri, sistemi di difesa aerea e oltre 10.000 membri della polizia militare,<\/span><\/a> <span style=\"font-weight: 400;\">tutti pronti a proteggere i leader in arrivo all&#39;Aia.<\/span> <a href=\"https:\/\/www.euronews.com\/my-europe\/2025\/06\/24\/fences-drones-and-roadblocks-how-the-hague-ramped-up-security-for-nato-summit\" target=\"_blank\" rel=\"noopener\"><span style=\"font-weight: 400;\">Sono state erette recinzioni<\/span><\/a> <span style=\"font-weight: 400;\">in un raggio di circa 5 chilometri attorno alla sede del vertice e i voli entro un raggio di 16 chilometri intorno all&#39;Aia sono stati deviati. Inoltre, niente Wi-Fi; l&#39;intero vertice si \u00e8 svolto tramite una connessione internet via cavo che ha coperto l&#39;intera sede.<\/span><\/p>\n<h3> <b>Tutti gli occhi puntati su Trump<\/b><\/h3>\n<p> <span style=\"font-weight: 400;\">L&#39;incontro principale dei leader della NATO sarebbe stato abbreviato, perch\u00e9 il presidente degli Stati Uniti non ama le riunioni lunghe.<\/span> <a href=\"https:\/\/www.lemonde.fr\/idees\/article\/2025\/06\/25\/jusqu-ou-faut-il-aller-pour-menager-donald-trump-qui-ne-fait-aucun-mystere-de-son-dedain-pour-les-europeens_6615716_3232.html\" target=\"_blank\" rel=\"noopener\"><i><span style=\"font-weight: 400;\">Le Monde<\/span><\/i><\/a> <span style=\"font-weight: 400;\">ha criticato gli organizzatori per aver pianificato tutto in modo che Donald Trump non suscitasse scandalo. Un altro momento &quot;virale&quot; del vertice si \u00e8 verificato ancora prima dell&#39;arrivo di Trump, quando ha pubblicato i messaggi del Segretario Generale della NATO ed ex Primo Ministro dei Paesi Bassi, Mark Rutte. Leggete il messaggio qui sotto.<\/span> <\/p>\n<p><img loading=\"lazy\" decoding=\"async\" class=\"alignnone size-full wp-image-27516\" src=\"https:\/\/www.pulse-z.eu\/wp-content\/uploads\/2025\/06\/Screenshot-2025-06-26-172938.png\" alt=\"\" width=\"643\" height=\"364\" \/><\/p>\n<p> <span style=\"font-weight: 400;\">Fonte:<\/span> <a href=\"https:\/\/www.zdfheute.de\/politik\/ausland\/nato-gipfel-trump-rutte-sms-100.html\" target=\"_blank\" rel=\"noopener\"><span style=\"font-weight: 400;\">Verit\u00e0 sociale<\/span><\/a><\/p>\n<h3> <b>Cosa succede adesso?<\/b><\/h3>\n<h3> Come<a href=\"https:\/\/www.theguardian.com\/commentisfree\/2025\/jun\/26\/trump-the-hague-nato-europe-defence\" target=\"_blank\" rel=\"noopener\"><span style=\"font-weight: 400;\">riportato<\/span><\/a> <span style=\"font-weight: 400;\">dal Guardian<\/span> <span style=\"font-weight: 400;\">, una nuova et\u00e0 dell&#39;oro della NATO \u00e8 impossibile, almeno non con Donald Trump al potere. Nel complesso, si registrano troppi pochi progressi sui veri problemi che la NATO sta affrontando. In primo luogo, l&#39;Ucraina, il cui fabbisogno di aiuti militari non pu\u00f2 essere soddisfatto da nessun altro Paese se non dagli Stati Uniti. L&#39;obiettivo del 5% \u00e8 realistico? Donald Trump seguir\u00e0 la sua strada, portando con s\u00e9 tutte le garanzie di sicurezza? Vedremo quanto cambier\u00e0 prima del prossimo vertice NATO dell&#39;anno prossimo, che si terr\u00e0 in Turchia.<\/span><\/h3>\n","protected":false},"excerpt":{"rendered":"<p>Il Segretario Generale della NATO Mark Rutte e i Capi di Stato e di Governo della NATO, Fonte: NATO Qual \u00e8 stata la cosa principale che ha sentito sul vertice NATO all&#39;Aia del 24 e [&hellip;]<\/p>\n","protected":false},"author":356,"featured_media":27512,"comment_status":"closed","ping_status":"closed","sticky":false,"template":"","format":"standard","meta":{"_acf_changed":false,"footnotes":""},"categories":[682],"tags":[3597,1300,3598,3599,3600,3601,1731,3602,3603,2716,3221,908,3604],"post_formats":[626],"coauthors":[],"class_list":["post-27724","post","type-post","status-publish","format-standard","has-post-thumbnail","hentry","category-attualita","tag-budget-it","tag-defense-it","tag-gdp-it","tag-geopolitics-it","tag-leaders-it","tag-nato-it","tag-politics-it","tag-rutte-it","tag-spending-it","tag-summit-it","tag-trump-it","tag-ukraine-it","tag-war-it","post_formats-articoli"],"acf":[],"_links":{"self":[{"href":"https:\/\/www.pulse-z.eu\/it\/wp-json\/wp\/v2\/posts\/27724","targetHints":{"allow":["GET"]}}],"collection":[{"href":"https:\/\/www.pulse-z.eu\/it\/wp-json\/wp\/v2\/posts"}],"about":[{"href":"https:\/\/www.pulse-z.eu\/it\/wp-json\/wp\/v2\/types\/post"}],"author":[{"embeddable":true,"href":"https:\/\/www.pulse-z.eu\/it\/wp-json\/wp\/v2\/users\/356"}],"replies":[{"embeddable":true,"href":"https:\/\/www.pulse-z.eu\/it\/wp-json\/wp\/v2\/comments?post=27724"}],"version-history":[{"count":14,"href":"https:\/\/www.pulse-z.eu\/it\/wp-json\/wp\/v2\/posts\/27724\/revisions"}],"predecessor-version":[{"id":27797,"href":"https:\/\/www.pulse-z.eu\/it\/wp-json\/wp\/v2\/posts\/27724\/revisions\/27797"}],"wp:featuredmedia":[{"embeddable":true,"href":"https:\/\/www.pulse-z.eu\/it\/wp-json\/wp\/v2\/media\/27512"}],"wp:attachment":[{"href":"https:\/\/www.pulse-z.eu\/it\/wp-json\/wp\/v2\/media?parent=27724"}],"wp:term":[{"taxonomy":"category","embeddable":true,"href":"https:\/\/www.pulse-z.eu\/it\/wp-json\/wp\/v2\/categories?post=27724"},{"taxonomy":"post_tag","embeddable":true,"href":"https:\/\/www.pulse-z.eu\/it\/wp-json\/wp\/v2\/tags?post=27724"},{"taxonomy":"post_formats","embeddable":true,"href":"https:\/\/www.pulse-z.eu\/it\/wp-json\/wp\/v2\/post_formats?post=27724"},{"taxonomy":"author","embeddable":true,"href":"https:\/\/www.pulse-z.eu\/it\/wp-json\/wp\/v2\/coauthors?post=27724"}],"curies":[{"name":"wp","href":"https:\/\/api.w.org\/{rel}","templated":true}]}}