{"id":2643,"date":"2025-07-04T14:37:25","date_gmt":"2025-07-04T14:37:25","guid":{"rendered":"https:\/\/www.pulse-z.eu\/?p=2643"},"modified":"2026-03-24T11:34:00","modified_gmt":"2026-03-24T11:34:00","slug":"che-cosa-sono-le-politiche-di-coesione-europee-e-che-relazione-hanno-con-il-piano-di-riarmo","status":"publish","type":"post","link":"https:\/\/www.pulse-z.eu\/it\/che-cosa-sono-le-politiche-di-coesione-europee-e-che-relazione-hanno-con-il-piano-di-riarmo\/","title":{"rendered":"Che cosa sono le politiche di coesione europee e che relazione hanno con il piano di riarmo?"},"content":{"rendered":"\n<p>Articolo di Annalisa Girardi \u2013 Giornalista, Fanpage.it<\/p>\n<p> I fondi <a href=\"https:\/\/www.fanpage.it\/politica\/cosa-sono-le-politiche-di-coesione-dellue-gli-obiettivi-e-come-vengono-finanziati-i-fondi\/\" target=\"_blank\" rel=\"noopener\">della politica di coesione<\/a> rappresentano uno dei principali canali di finanziamento delle politiche europee. Nelle scorse settimane, la presidente della Commissione europea Ursula von der Leyen li ha menzionati, suggerendo di attingere a questo strumento come parte integrante del piano <a href=\"https:\/\/www.fanpage.it\/esteri\/von-der-leyen-presenta-il-piano-rearmeu-per-la-difesa-europea-il-tempo-delle-illusioni-e-finito\/\" target=\"_blank\" rel=\"noopener\">RearmEU<\/a> . Questa idea, tuttavia, non \u00e8 ben vista dall&#39;Italia: &quot;Non intendiamo dirottare un solo euro dai fondi di coesione per la difesa&quot;, ha dichiarato Giorgia Meloni al Parlamento europeo davanti al Consiglio.<\/p>\n<p> Analizziamo pi\u00f9 da vicino i fondi di coesione. <a href=\"https:\/\/www.europarl.europa.eu\/factsheets\/it\/sheet\/96\/fondo-di-coesione\" target=\"_blank\" rel=\"noopener\">Come spiega il Parlamento europeo<\/a> , i fondi di coesione sono stati istituiti &quot; <em>con l&#39;obiettivo di rafforzare la coesione economica, sociale e territoriale dell&#39;Unione europea al fine di promuovere lo sviluppo sostenibile<\/em> &quot;. Nel periodo 2021-2027, gli obiettivi da sostenere sono:<\/p>\n<ul>\n<li> investimenti in materia ambientale, compresi i settori legati allo sviluppo sostenibile e all&#39;energia che apportano benefici ambientali;<\/li>\n<li> Reti transeuropee in materia di infrastrutture di trasporto;<\/li>\n<li> assistenza tecnica.<\/li>\n<\/ul>\n<p> I fondi di coesione vengono utilizzati per finanziare diversi programmi e sono gestiti sia dalla Commissione che dalle autorit\u00e0 nazionali e regionali degli Stati membri.<\/p>\n<p>In sintesi, <a href=\"https:\/\/opencoesione.gov.it\/it\/politica_coesione\/#:~:text=La%20politica%20di%20coesione%20ha,e%20le%20persone%20pi%C3%B9%20fragili.\" target=\"_blank\" rel=\"noopener\">le politiche di coesione<\/a> mirano a <strong>ridurre i divari e le disparit\u00e0<\/strong> tra i territori e le regioni europee, concentrandosi in particolare sulle aree meno sviluppate, aumentando cos\u00ec le opportunit\u00e0 di sviluppo economico e sociale per le comunit\u00e0 pi\u00f9 vulnerabili. Tutte queste politiche sono finanziate da fondi strutturali, <a href=\"https:\/\/politichecoesione.governo.it\/it\/politica-di-coesione\/i-fondi-della-politica-di-coesione\/\" target=\"_blank\" rel=\"noopener\">di cui esistono tre tipologie principali<\/a> :<\/p>\n<ul>\n<li> Il <strong>Fondo europeo di sviluppo regionale (FESR)<\/strong> \u00e8 il principale strumento finanziario per promuovere la crescita economica e occupazionale nelle regioni europee e per ridurre le disparit\u00e0 e gli squilibri in materia di sviluppo.<\/li>\n<li> il <strong>Fondo sociale europeo (FSE)<\/strong> , il cui obiettivo principale \u00e8 sostenere gli Stati membri nel raggiungimento di livelli elevati e adeguati di occupazione qualificata e resiliente e di protezione sociale equa e inclusiva, contribuendo cos\u00ec alle priorit\u00e0 dell&#39;Unione;<\/li>\n<li> Il <strong>Fondo per una transizione giusta (JTF)<\/strong> sostiene gli investimenti per una transizione equa e sostenibile verso un&#39;economia dell&#39;Unione climaticamente neutra entro il 2050.<\/li>\n<\/ul>\n<p> Nel presentare il piano di riarmo, la presidente von der Leyen ha menzionato l&#39;utilizzo dei fondi di coesione tra i vari strumenti per sostenere la spesa per la difesa. Tuttavia, diversi Paesi nutrono dubbi al riguardo, e l&#39;Italia \u00e8 tra questi.<\/p>\n","protected":false},"excerpt":{"rendered":"<p>Articolo di Annalisa Girardi \u2013 Giornalista, Fanpage.it I fondi della politica di coesione rappresentano uno dei principali canali di finanziamento delle politiche europee. Nelle scorse settimane, la presidente della Commissione europea Ursula von der Leyen [&hellip;]<\/p>\n","protected":false},"author":173,"featured_media":0,"comment_status":"closed","ping_status":"closed","sticky":false,"template":"","format":"standard","meta":{"_acf_changed":false,"footnotes":""},"categories":[682],"tags":[865,3852,3850,3848,3851,3353,3849,3845,3846,3847],"post_formats":[626],"coauthors":[3918],"class_list":["post-2643","post","type-post","status-publish","format-standard","hentry","category-attualita","tag-eu-it","tag-european-parliament-it","tag-european-regional-development-fund","tag-european-social-fund","tag-giorgia-meloni-it","tag-italy-it","tag-just-transition-fund","tag-politiche-di-coesione","tag-rearmeu","tag-ursula-von-der-leyen","post_formats-articoli"],"acf":[],"_links":{"self":[{"href":"https:\/\/www.pulse-z.eu\/it\/wp-json\/wp\/v2\/posts\/2643","targetHints":{"allow":["GET"]}}],"collection":[{"href":"https:\/\/www.pulse-z.eu\/it\/wp-json\/wp\/v2\/posts"}],"about":[{"href":"https:\/\/www.pulse-z.eu\/it\/wp-json\/wp\/v2\/types\/post"}],"author":[{"embeddable":true,"href":"https:\/\/www.pulse-z.eu\/it\/wp-json\/wp\/v2\/users\/173"}],"replies":[{"embeddable":true,"href":"https:\/\/www.pulse-z.eu\/it\/wp-json\/wp\/v2\/comments?post=2643"}],"version-history":[{"count":18,"href":"https:\/\/www.pulse-z.eu\/it\/wp-json\/wp\/v2\/posts\/2643\/revisions"}],"predecessor-version":[{"id":92997,"href":"https:\/\/www.pulse-z.eu\/it\/wp-json\/wp\/v2\/posts\/2643\/revisions\/92997"}],"wp:attachment":[{"href":"https:\/\/www.pulse-z.eu\/it\/wp-json\/wp\/v2\/media?parent=2643"}],"wp:term":[{"taxonomy":"category","embeddable":true,"href":"https:\/\/www.pulse-z.eu\/it\/wp-json\/wp\/v2\/categories?post=2643"},{"taxonomy":"post_tag","embeddable":true,"href":"https:\/\/www.pulse-z.eu\/it\/wp-json\/wp\/v2\/tags?post=2643"},{"taxonomy":"post_formats","embeddable":true,"href":"https:\/\/www.pulse-z.eu\/it\/wp-json\/wp\/v2\/post_formats?post=2643"},{"taxonomy":"author","embeddable":true,"href":"https:\/\/www.pulse-z.eu\/it\/wp-json\/wp\/v2\/coauthors?post=2643"}],"curies":[{"name":"wp","href":"https:\/\/api.w.org\/{rel}","templated":true}]}}