{"id":16879,"date":"2025-06-22T11:55:55","date_gmt":"2025-06-22T11:55:55","guid":{"rendered":"https:\/\/www.pulse-z.eu\/?p=16879"},"modified":"2025-06-22T11:57:08","modified_gmt":"2025-06-22T11:57:08","slug":"dal-rischio-alla-resilienza-un-incontro-internazionale-sulla-sicurezza-dei-giornalisti-a-salonicco-organizzato-dallicsj","status":"publish","type":"post","link":"https:\/\/www.pulse-z.eu\/it\/dal-rischio-alla-resilienza-un-incontro-internazionale-sulla-sicurezza-dei-giornalisti-a-salonicco-organizzato-dallicsj\/","title":{"rendered":"Dal rischio alla resilienza: un incontro internazionale sulla sicurezza dei giornalisti a Salonicco organizzato dall&#39;ICSJ"},"content":{"rendered":"\n<div id=\"attachment_16817\" class=\"wp-caption aligncenter\" style=\"width: 792px;\">\n<p><img loading=\"lazy\" decoding=\"async\" class=\" wp-image-16817\" src=\"https:\/\/www.pulse-z.eu\/wp-content\/uploads\/2025\/06\/icsj-conference-2025-14-15-06.jpg\" sizes=\"auto, (max-width: 782px) 100vw, 782px\" srcset=\"https:\/\/www.pulse-z.eu\/wp-content\/uploads\/2025\/06\/icsj-conference-2025-14-15-06.jpg 1920w, https:\/\/www.pulse-z.eu\/wp-content\/uploads\/2025\/06\/icsj-conference-2025-14-15-06-768x432.jpg 768w, https:\/\/www.pulse-z.eu\/wp-content\/uploads\/2025\/06\/icsj-conference-2025-14-15-06-1536x864.jpg 1536w\" alt=\"\" width=\"782\" height=\"440\" aria-describedby=\"caption-attachment-16817\" \/><\/p>\n<h6 id=\"caption-attachment-16817\" class=\"wp-caption-text\"> \u00a9ICSJ<\/h6>\n<\/div>\n<h1> <b>La posta in gioco per la libert\u00e0 di stampa nel 2025<\/b><\/h1>\n<p> <span style=\"font-weight: 400;\">\u00c8 un dato di fatto che la libert\u00e0 di stampa sia messa a dura prova a livello internazionale in molti modi, dagli attacchi fisici contro i giornalisti in strada alle azioni legali contro la partecipazione pubblica (SLAPPS) e alla sorveglianza digitale. La sicurezza dei giornalisti non \u00e8 pi\u00f9 solo un requisito professionale. Sta diventando un pilastro del consolidamento democratico e della responsabilit\u00e0 pubblica. La natura multiforme di queste minacce richiede risposte complesse, a livello istituzionale o attraverso l&#39;offerta di supporto psicologico e legale, tra le altre cose.<\/span><\/p>\n<p> <span style=\"font-weight: 400;\">Questa esigenza ha dato origine all&#39;incontro internazionale di quest&#39;anno a Salonicco (14-15 giugno 2025), organizzato dal Centro Internazionale per la Sicurezza dei Giornalisti (ICSJ) in collaborazione con il Laboratorio di Giornalismo di Pace dell&#39;Universit\u00e0 Aristotele di Salonicco, il Segretariato Generale per l&#39;Informazione e la Comunicazione, l&#39;Unione dei Redattori di Macedonia e Tracia, ERT, ecc., con la cooperazione e il supporto del Rappresentante OSCE per la Libert\u00e0 dei Media e dell&#39;UNESCO. L&#39;obiettivo, come sottolineato in apertura, \u00e8 la transizione &quot;dal rischio alla resilienza&quot;, non solo come retorica astratta, ma come strategia operativa basata sulla cooperazione intersettoriale, sull&#39;empowerment educativo e sulla vigilanza istituzionale.<\/span><\/p>\n<p> <span style=\"font-weight: 400;\">Questa conferenza \u00e8 sembrata fungere da forum per un&#39;azione coordinata, in cui ricercatori, giornalisti, sindacati, avvocati e funzionari pubblici si sono riuniti per costruire un ecosistema giornalistico pi\u00f9 resiliente.<\/span><\/p>\n<\/p>\n<h2> <b>L&#39;ICSJ come centro di resilienza: dalla ricerca all&#39;azione<\/b><\/h2>\n<p> <span style=\"font-weight: 400;\">La conferenza di Salonicco ha rappresentato un momento cruciale nel processo di trasformazione dell&#39;ICSJ in un organismo internazionale multidisciplinare. Come ha affermato il professor Nikos Panagiotou, direttore del Centro, durante la conferenza:<\/span><\/p>\n<p> <span style=\"font-weight: 400;\">&quot;Questo incontro segna un passaggio per l&#39;ICSJ da centro di conoscenza a piattaforma di supporto concreto. Combinando la ricerca con collaborazioni intersettoriali e strumenti didattici, forniamo supporto pratico ai giornalisti che lavorano sotto pressione&quot; (Panagiotou, comunicazione personale, 15 giugno 2025).<\/span><\/p>\n<p> <span style=\"font-weight: 400;\">La variet\u00e0 di argomenti emersi, tra cui la sicurezza informatica, gli impatti psicologici e le garanzie istituzionali, riflette l&#39;ampliamento della missione del Centro, dove, secondo il signor Panagiotou, la necessit\u00e0 di riconoscere i giornalisti come un bene pubblico \u00e8 oggi pi\u00f9 che mai rilevante:<\/span><\/p>\n<p> <span style=\"font-weight: 400;\">&quot;L&#39;accesso a informazioni affidabili deve essere riconosciuto come un bene pubblico. Questa \u00e8 la pietra angolare di ogni grande impresa democratica&quot; (Panagiotou, comunicazione personale, 15 giugno 2025).<\/span> <\/p>\n<div id=\"attachment_16825\" class=\"wp-caption aligncenter\" style=\"width: 806px;\">\n<p><img loading=\"lazy\" decoding=\"async\" class=\" wp-image-16825\" src=\"https:\/\/www.pulse-z.eu\/wp-content\/uploads\/2025\/06\/ICSJ_2025_21-scaled.jpg\" sizes=\"auto, (max-width: 796px) 100vw, 796px\" srcset=\"https:\/\/www.pulse-z.eu\/wp-content\/uploads\/2025\/06\/ICSJ_2025_21-scaled.jpg 2560w, https:\/\/www.pulse-z.eu\/wp-content\/uploads\/2025\/06\/ICSJ_2025_21-768x432.jpg 768w, https:\/\/www.pulse-z.eu\/wp-content\/uploads\/2025\/06\/ICSJ_2025_21-1536x864.jpg 1536w, https:\/\/www.pulse-z.eu\/wp-content\/uploads\/2025\/06\/ICSJ_2025_21-2048x1152.jpg 2048w\" alt=\"\" width=\"796\" height=\"448\" aria-describedby=\"caption-attachment-16825\" \/><\/p>\n<h6 id=\"caption-attachment-16825\" class=\"wp-caption-text\"> Direttore dell&#39;ICSJ, Prof. Nikos Panagiotou<br \/> \u00a9ICSJ<\/h6>\n<\/div>\n<p> <span style=\"font-weight: 400;\">La conferenza ha evidenziato iniziative chiave che ampliano il ruolo internazionale dell&#39;ICSJ e ne rafforzano la missione intersettoriale. Da un lato, si sta organizzando un incontro internazionale specializzato dedicato al giornalismo sul trauma con l&#39;obiettivo di sviluppare congiuntamente pratiche di supporto psicologico. Questa iniziativa mira a riunire psicologi specializzati, corrispondenti di guerra e redattori attorno a un tavolo comune, gettando le basi per pratiche di supporto incentrate sul trauma.<\/span><\/p>\n<p> <span style=\"font-weight: 400;\">Allo stesso tempo, come ha sottolineato il Prof. Panagiotou, direttore dell&#39;ICSJ,<\/span> <span style=\"font-weight: 400;\">&quot;sono state avviate nuove collaborazioni con sindacati dei giornalisti, istituzioni accademiche e organizzazioni della societ\u00e0 civile per co-creare programmi di formazione, protocolli di sicurezza e reti di supporto legale&quot;.<\/span> <span style=\"font-weight: 400;\">Le partnership sono fondamentali per proteggere il giornalismo con mezzi concreti e garanzie istituzionali, sia a livello nazionale che internazionale.<\/span><\/p>\n<p> <span style=\"font-weight: 400;\">Inoltre, viene posta particolare enfasi sulla partecipazione della nuova generazione di giornalisti, attraverso workshop interattivi di problem-solving e di elaborazione di strategie, con la creativit\u00e0 e la competenza digitale dei professionisti pi\u00f9 giovani che costituiscono il nucleo per lo sviluppo di strategie di sicurezza sostenibili.<\/span> <\/p>\n<div id=\"attachment_16833\" class=\"wp-caption aligncenter\" style=\"width: 741px;\">\n<p><img loading=\"lazy\" decoding=\"async\" class=\"wp-image-16833 \" src=\"https:\/\/www.pulse-z.eu\/wp-content\/uploads\/2025\/06\/ICSJ_2025_10-scaled.jpg\" sizes=\"auto, (max-width: 731px) 100vw, 731px\" srcset=\"https:\/\/www.pulse-z.eu\/wp-content\/uploads\/2025\/06\/ICSJ_2025_10-scaled.jpg 2560w, https:\/\/www.pulse-z.eu\/wp-content\/uploads\/2025\/06\/ICSJ_2025_10-768x512.jpg 768w, https:\/\/www.pulse-z.eu\/wp-content\/uploads\/2025\/06\/ICSJ_2025_10-1536x1024.jpg 1536w, https:\/\/www.pulse-z.eu\/wp-content\/uploads\/2025\/06\/ICSJ_2025_10-2048x1365.jpg 2048w\" alt=\"\" width=\"731\" height=\"487\" aria-describedby=\"caption-attachment-16833\" \/><\/p>\n<h6 id=\"caption-attachment-16833\" class=\"wp-caption-text\"> Tavola rotonda 1: Promuovere la sicurezza dei giornalisti: politiche nazionali, sforzi legislativi e cooperazione internazionale Moderatore: Yannis Kotsifos, Direttore, Unione dei giornalisti di Macedonia e Tracia. Relatori: Nikolaos Panagiotou, Direttore, ICSJ, Professore, Dipartimento di Giornalismo e Comunicazione, Universit\u00e0 Aristotele. Guildo Keel, Consulente Senior dell&#39;Ufficio OSCE per la Sicurezza e la Comunicazione. Aikaterini Polyzou, Capo del Dipartimento per i Media Audiovisivi e Internet, Segreteria Generale per la Comunicazione e i Media. Nedjeljko Rudovic, Direttore Generale, Direzione Media, Governo del Montenegro. \u00a9ICSJ<\/h6>\n<\/div>\n<p> <span style=\"font-weight: 400;\">Il rafforzamento della missione dell&#39;ICSJ \u00e8 suggellato dal suo riconoscimento istituzionale a livello internazionale. La sua inclusione nel Repertorio globale dei meccanismi nazionali di sicurezza dell&#39;UNESCO e il suo ruolo di punto di contatto nazionale nella campagna Journalist Matters del Consiglio d&#39;Europa sono passi significativi che confermano il suo ruolo strategico di partner nazionale e internazionale per la protezione dei giornalisti e il rafforzamento della libert\u00e0 di stampa <a href=\"https:\/\/www.amna.gr\/mobile\/article\/910906\/Thessaloniki-Apo-ton-kinduno-stin-Anthektikotita\u2014I-asfaleia-ton-dimosiografon-sto-epikentro-diethnous-sunedriou\" target=\"_blank\" rel=\"noopener\">(1)<\/a> .<\/span><\/p>\n<h2> <b>La dimensione internazionale: UNESCO, OSCE, volont\u00e0 politica<\/b><\/h2>\n<p> <span style=\"font-weight: 400;\">Una caratteristica fondamentale della conferenza \u00e8 stata quella di non essere il prodotto di una singola iniziativa nazionale, ma anche un punto di convergenza per le voci istituzionali globali sul tema della sicurezza dei giornalisti, dove la forte presenza internazionale a livello istituzionale e retorico ha evidenziato la necessit\u00e0 di garantire la libert\u00e0 di stampa e la sicurezza dei giornalisti: due aspetti che non possono pi\u00f9 essere considerati separati. Al contrario, costituiscono il fondamento della coesione democratica e della responsabilit\u00e0 politica.<\/span><\/p>\n<p> <span style=\"font-weight: 400;\">Tawfik Jelassi, Direttore Generale Aggiunto per la Comunicazione e l&#39;Informazione dell&#39;UNESCO, ha posto particolare enfasi sul triplice approccio &quot;Prevenzione &#8211; Protezione &#8211; Prosecuzione&quot;, che costituisce la base del Piano d&#39;azione delle Nazioni Unite sulla sicurezza dei giornalisti e la questione dell&#39;impunit\u00e0. Con retorica incisiva e ben documentata, ha presentato gli ultimi rapporti dell&#39;Organizzazione:<\/span><\/p>\n<p> <span style=\"font-weight: 400;\">Tra il 2022 e il 2023, 162 giornalisti e operatori dei media sono stati uccisi in tutto il mondo. Si tratta di un aumento del 38% rispetto al biennio precedente. Ancora pi\u00f9 allarmante: l&#39;86% di questi crimini rimane irrisolto.<\/span><\/p>\n<p> <span style=\"font-weight: 400;\">Secondo Jelassi, la questione pi\u00f9 urgente ora \u00e8 l&#39;adozione di &quot;meccanismi di protezione istituzionale che non si limitino alla formazione occasionale, ma siano integrati nelle culture politiche nazionali&quot;. Allo stesso tempo, ha elogiato la decisione della Grecia di ospitare programmi istituzionali ed educativi come l&#39;ICSJ, aggiungendo:<\/span><\/p>\n<p> <span style=\"font-weight: 400;\">&quot;Elogiamo l&#39;ICSJ per la sua leadership in questo ambito. La sua inclusione nel Repertorio Globale dei Meccanismi Nazionali di Sicurezza dell&#39;UNESCO riflette un forte impegno verso gli standard nazionali e internazionali di sicurezza dei giornalisti.&quot;<\/span><\/p>\n<p> <span style=\"font-weight: 400;\">A nome dell&#39;Organizzazione per la sicurezza e la cooperazione in Europa, Jan Braathu, capo della Missione per la libert\u00e0 dei media, ha inviato un chiaro messaggio a favore della consapevolezza politica, riconoscendo le crescenti minacce a cui sono sottoposti i giornalisti negli Stati membri dell&#39;OSCE:<\/span><\/p>\n<p> <span style=\"font-weight: 400;\">\u201cIn tutta la regione dell\u2019OSCE, i giornalisti continuano a dover affrontare una serie di minacce: dall\u2019essere presi di mira e aggrediti quando coprono le manifestazioni, alle misure di sorveglianza e alle campagne denigratorie che mirano a screditare il loro ruolo\u201d.<\/span><\/p>\n<p> <span style=\"font-weight: 400;\">Braathu ha posto particolare enfasi sulla cooperazione istituzionale con l&#39;ICSJ, riconoscendone l&#39;importanza come luogo di formazione e pilastro simbolico per la legittimazione della missione giornalistica. Ha affermato che &quot;la sicurezza dei giornalisti non riguarda solo la loro integrit\u00e0 fisica. \u00c8 una questione di resilienza democratica&quot;, concludendo con:<\/span><\/p>\n<p> <span style=\"font-weight: 400;\">\u201cSolo i giornalisti sicuri possono contribuire efficacemente a fornire le informazioni di cui i cittadini hanno bisogno per partecipare alla governance democratica.\u201d<\/span><\/p>\n<p> <span style=\"font-weight: 400;\">Di particolare interesse \u00e8 stata la dichiarazione di Tamara Vujovi\u0107, Ministra della Cultura e dei Media del Montenegro, paese che, con una popolazione inferiore a 650.000 abitanti, conta oltre 200 testate giornalistiche attive e una sfera pubblica vivace, sebbene spesso polarizzata. Nonostante gli ostacoli strutturali e le sfide storiche nella regione dei Balcani occidentali, la Ministra ha sottolineato la volont\u00e0 politica del governo di creare un ambiente istituzionalmente garantito di sicurezza e indipendenza per i giornalisti.<\/span><\/p>\n<p> <span style=\"font-weight: 400;\">\u00abNon possiamo cambiare tutte le condizioni, ma possiamo costruire insieme un sistema che offra sicurezza a chi osa parlare apertamente. Abbiamo bisogno di istituzioni, non solo di buone intenzioni\u00bb <a href=\"https:\/\/www.amna.gr\/mobile\/article\/910906\/Thessaloniki-Apo-ton-kinduno-stin-Anthektikotita\u2014I-asfaleia-ton-dimosiografon-sto-epikentro-diethnous-sunedriou\" target=\"_blank\" rel=\"noopener\">(1)<\/a><\/span> <span style=\"font-weight: 400;\">.<\/span><\/p>\n<p> <span style=\"font-weight: 400;\">Il Ministro ha inoltre sottolineato l&#39;importanza della cooperazione transfrontaliera e degli strumenti comuni europei, rafforzando la convinzione che la sicurezza dei giornalisti non \u00e8 solo un problema delle &quot;grandi potenze&quot; o delle zone di guerra, ma una questione comune europea che riguarda anche le democrazie di transizione, dove le istituzioni sono messe alla prova quotidianamente e la protezione politica delle informazioni non \u00e8 scontata.<\/span><\/p>\n<p> <span style=\"font-weight: 400;\">Il denominatore comune degli interventi era la necessit\u00e0 di accedere a dati affidabili e di alta qualit\u00e0 per corroborare gli interventi, smantellare l&#39;impunit\u00e0 e costruire politiche su basi solide. Su questa base, la cooperazione intersettoriale e l&#39;istituzionalizzazione della responsabilit\u00e0 sono state presentate non come un&#39;&quot;ambizione&quot;, ma come una necessit\u00e0.<\/span><\/p>\n<\/p>\n<h2> <b>Fotogiornalismo in prima linea: traumi, resilienza e vulnerabilit\u00e0 umana<\/b><\/h2>\n<p> <span style=\"font-weight: 400;\">Uno dei momenti pi\u00f9 memorabili della conferenza \u00e8 stata la condivisione pubblica delle esperienze dei fotoreporter Lefteris Pitarakis e Kostas Tsironis. I due professionisti, con una lunga esperienza in zone di crisi, dalle zone di guerra alle aree colpite da calamit\u00e0 naturali, hanno dato voce a ci\u00f2 che spesso rimane inespresso: le conseguenze psicologiche del trauma professionale e il sottile confine tra il realismo dell&#39;obiettivo e la necessit\u00e0 di sopravvivenza della persona dietro di esso.<\/span><\/p>\n<p> <span style=\"font-weight: 400;\">Kostas Tsironis, fotoreporter dell&#39;ANA-MPA (Agenzia di Stampa di Atene-Agenzia di Stampa Macedone), ha parlato di &quot;una situazione bipolare&quot; tra momenti di adrenalina durante una missione e il ritorno alla normalit\u00e0.<\/span> <span style=\"font-weight: 400;\">&quot;Copri incendi, crisi, eventi estremi&#8230; e poi torni a casa, ed \u00e8 come se nulla fosse successo. Questa alternanza pu\u00f2 sconvolgere la mente&quot;.<\/span> <span style=\"font-weight: 400;\">La sua descrizione del periodo di crisi economica in Grecia \u00e8 stata profondamente personale e umana, con un punto di rottura di collasso mentale che gli ha ricordato che<\/span> <span style=\"font-weight: 400;\">&quot;n\u00e9 l&#39;alcol n\u00e9 i sostituti sono la soluzione&quot;.<\/span> <span style=\"font-weight: 400;\">Piuttosto, ci\u00f2 che serve \u00e8 &quot;<\/span> <span style=\"font-weight: 400;\">qualcuno vicino, che sia l\u00ec&quot;.<\/span> <span style=\"font-weight: 400;\">Allo stesso tempo, ha parlato con realismo del suo pessimismo riguardo alla prospettiva di un sostegno istituzionale da parte dei rispettivi sindacati, riconoscendo la<\/span> <span style=\"font-weight: 400;\">&quot;mentalit\u00e0 dura e resistente&quot;<\/span> <span style=\"font-weight: 400;\">che prevale, spesso a scapito dello stato mentale dei professionisti dei media.<\/span> <\/p>\n<div id=\"attachment_16977\" class=\"wp-caption aligncenter\" style=\"width: 777px;\">\n<p><img loading=\"lazy\" decoding=\"async\" class=\"wp-image-16977 \" src=\"https:\/\/www.pulse-z.eu\/wp-content\/uploads\/2025\/06\/WhatsApp-Image-2025-06-16-at-16.03.35.jpeg\" sizes=\"auto, (max-width: 767px) 100vw, 767px\" srcset=\"https:\/\/www.pulse-z.eu\/wp-content\/uploads\/2025\/06\/WhatsApp-Image-2025-06-16-at-16.03.35.jpeg 1600w, https:\/\/www.pulse-z.eu\/wp-content\/uploads\/2025\/06\/WhatsApp-Image-2025-06-16-at-16.03.35-768x512.jpeg 768w, https:\/\/www.pulse-z.eu\/wp-content\/uploads\/2025\/06\/WhatsApp-Image-2025-06-16-at-16.03.35-1536x1023.jpeg 1536w\" alt=\"\" width=\"767\" height=\"511\" aria-describedby=\"caption-attachment-16977\" \/><\/p>\n<h6 id=\"caption-attachment-16977\" class=\"wp-caption-text\"> Tavola rotonda: Frontline Frames: fotoreporter acclamati sulla documentazione di conflitti, crisi e diritti umani<br \/> Resilienza<br \/> Moderatore: Ilias Nikezis, Direttore esecutivo dell&#39;ICSJ<br \/> Relatori:<br \/> Lefteris Pitarakis, Videogiornalista, The Associated Press<br \/> Kostas Tsironis, fotoreporter, agenzia di stampa ateniese-macedone<br \/> \u00a9ICSJ<\/h6>\n<\/div>\n<p> <span style=\"font-weight: 400;\">Nello stesso contesto, Lefteris Pitarakis, fotoreporter e videoreporter dell&#39;Associated Press con esperienza in zone di guerra come Afghanistan, Palestina e Iraq, ha descritto la necessit\u00e0 di un distanziamento consapevole:<\/span> <span style=\"font-weight: 400;\">&quot;Dietro la telecamera c&#39;\u00e8 un coinvolgimento professionale, non personale&quot;.<\/span> <span style=\"font-weight: 400;\">Ciononostante, ha riconosciuto che la pressione mentale \u00e8 costante e che molti colleghi ricorrono a sostanze per affrontare il trauma: &quot;Non hai bisogno di whisky, hai bisogno di acqua e di qualcuno che ti sia accanto&quot;. Altrettanto significativo \u00e8 stato il suo riferimento al DART Centre for Journalism and Trauma, che ha sottolineato la necessit\u00e0 di integrare tali pratiche di salute mentale in quadri pi\u00f9 istituzionali e nazionali.<\/span><\/p>\n<p> <span style=\"font-weight: 400;\">In definitiva, entrambi gli interventi convergevano su una verit\u00e0 fondamentale: il primo passo per affrontare il trauma non \u00e8 il trattamento, ma la presenza, il semplice esserci. Un promemoria umano, semplice ed essenziale.<\/span><\/p>\n<h2> <b>Un seminario di sopravvivenza per giornalisti<\/b><\/h2>\n<p> <span style=\"font-weight: 400;\">Tra i workshop pratici che si sono distinti durante la conferenza, il seminario di Primo Soccorso per giornalisti sul campo \u00e8 stato uno degli interventi pi\u00f9 diretti e utili. Progettato per rispondere alle reali esigenze dei giornalisti che si occupano di proteste, zone di guerra o disastri naturali, il seminario ha offerto conoscenze di base ma fondamentali su come affrontare le emergenze.<\/span><\/p>\n<p> <span style=\"font-weight: 400;\">I partecipanti sono stati formati su competenze come il trattamento delle lesioni, l&#39;esecuzione della RCP, il riconoscimento dei sintomi critici e il trasporto sicuro dei feriti, attraverso scenari realistici e simulazioni in loco. La maggior parte dei partecipanti ha descritto l&#39;esperienza come &quot;una delle pi\u00f9 significative e necessarie che abbiamo mai vissuto&quot;, mentre molti hanno sottolineato che questo tipo di formazione pratica dovrebbe essere obbligatoria nei programmi di formazione giornalistica e nelle linee guida editoriali dei media.<\/span><\/p>\n<p> <span style=\"font-weight: 400;\">Il workshop ha rafforzato la filosofia della conferenza secondo cui la sicurezza non \u00e8 solo una questione istituzionale o tecnica, ma anche una questione di preparazione quotidiana, sopravvivenza e cameratismo sul campo.<\/span> <\/p>\n<div id=\"attachment_16849\" class=\"wp-caption aligncenter\" style=\"width: 720px;\">\n<p><img loading=\"lazy\" decoding=\"async\" class=\" wp-image-16849\" src=\"https:\/\/www.pulse-z.eu\/wp-content\/uploads\/2025\/06\/ICSJ_2025_37-scaled.jpg\" sizes=\"auto, (max-width: 710px) 100vw, 710px\" srcset=\"https:\/\/www.pulse-z.eu\/wp-content\/uploads\/2025\/06\/ICSJ_2025_37-scaled.jpg 2560w, https:\/\/www.pulse-z.eu\/wp-content\/uploads\/2025\/06\/ICSJ_2025_37-768x512.jpg 768w, https:\/\/www.pulse-z.eu\/wp-content\/uploads\/2025\/06\/ICSJ_2025_37-1536x1024.jpg 1536w, https:\/\/www.pulse-z.eu\/wp-content\/uploads\/2025\/06\/ICSJ_2025_37-2048x1365.jpg 2048w\" alt=\"\" width=\"710\" height=\"473\" aria-describedby=\"caption-attachment-16849\" \/><\/p>\n<h6 id=\"caption-attachment-16849\" class=\"wp-caption-text\"> \u00a9ICSJ<\/h6>\n<\/div>\n<h2> <b>Raccomandazioni politiche e il giorno dopo<\/b><\/h2>\n<p> <span style=\"font-weight: 400;\">Al termine della conferenza \u00e8 emerso chiaramente che la protezione dei giornalisti non pu\u00f2 limitarsi all&#39;advocacy, ma richiede interventi strutturali, quadri collaborativi e responsabilit\u00e0 politica, in modo che la sicurezza sia istituzionalizzata e attuata nella pratica, non come eccezione ma come regola.<\/span><\/p>\n<p> <span style=\"font-weight: 400;\">Come ha sottolineato Nikos Panagiotou, direttore dell&#39;ICSJ,<\/span> <span style=\"font-weight: 400;\">&quot;questa conferenza segna un passaggio dalla registrazione accademica alla co-creazione pratica di soluzioni. L&#39;ICSJ non \u00e8 solo un centro di ricerca, ma un campo di convergenza, intervento e cura per chi \u00e8 in prima linea nell&#39;informazione&quot;.<\/span> <span style=\"font-weight: 400;\">La partecipazione intersettoriale e le alleanze emerse, ha sottolineato,<\/span> <span style=\"font-weight: 400;\">&quot;aprono la strada alla creazione di strumenti istituzionali, sia all&#39;interno che all&#39;esterno dei confini&quot;.<\/span> <span style=\"font-weight: 400;\">Allo stesso tempo, la cooperazione con associazioni giornalistiche, istituzioni accademiche e ONG rappresenta un secondo pilastro di intervento. Le proposte specifiche riguardano:<\/span><\/p>\n<ul>\n<li style=\"font-weight: 400;\"> <span style=\"font-weight: 400;\">Integrare moduli di formazione sulla sicurezza nell&#39;istruzione superiore<\/span><\/li>\n<li style=\"font-weight: 400;\"> <span style=\"font-weight: 400;\">Creare reti congiunte di supporto legale per i giornalisti a rischio<\/span><\/li>\n<li style=\"font-weight: 400;\"> <span style=\"font-weight: 400;\">Stabilire protocolli di sicurezza interni all&#39;interno delle redazioni e delle organizzazioni giornalistiche.<\/span><\/li>\n<\/ul>\n<p> <span style=\"font-weight: 400;\">Un fattore chiave \u00e8 la partecipazione attiva delle giovani generazioni, considerata non solo un obbligo morale, ma anche una chiave pratica per l&#39;innovazione. I giovani giornalisti hanno partecipato a workshop interattivi e processi di co-creazione, proponendo, tra le altre cose, strumenti di allerta digitale in caso di attacco o sorveglianza, nonch\u00e9 campagne di informazione peer-to-peer sui social media.<\/span><\/p>\n<p> <span style=\"font-weight: 400;\">Come ha giustamente osservato l&#39;Ambasciatore Jan Braathu (OSCE),<\/span> <span style=\"font-weight: 400;\">&quot;solo giornalisti sicuri possono servire la democrazia. La sicurezza \u00e8 un prerequisito, non un privilegio&quot;.<\/span><\/p>\n<p> <span style=\"font-weight: 400;\">La discussione sulla creazione di un meccanismo paneuropeo di monitoraggio dei rischi \u00e8 stata presentata dai rappresentanti di organizzazioni internazionali e si prevede che verr\u00e0 ripresa in occasione della prossima conferenza. I lavori si sono conclusi con la comune convinzione che l&#39;impegno collettivo possa tradursi in politiche concrete e attuabili.<\/span><\/p>\n<p> Riferimenti:<\/p>\n<ul>\n<li class=\"p1\"> Agenzia di stampa Atene-Macedone. (2025, 14 giugno). \u0398\u03b5\u03c3\u03c3\u03b1\u03bb\u03bf\u03bd\u03af\u03ba\u03b7: \u00ab\u0391\u03c0\u03cc \u03c4\u03bf\u03bd \u03ba\u03af\u03bd\u03b4\u03c5\u03bd\u03bf \u03c3\u03c4\u03b7\u03bd \u0391\u03bd\u03b8\u03b5\u03ba\u03c4\u03b9\u03ba\u03cc\u03c4\u03b7\u03c4\u03b1\u00bb \u2013 \u0397 \u03b1\u03c3\u03c6\u03ac\u03bb\u03b5\u03b9\u03b1 \u03c4\u03c9\u03bd \u03b4\u03b7\u03bc\u03bf\u03c3\u03b9\u03bf\u03b3\u03c1\u03ac\u03c6\u03c9\u03bd \u03c3\u03c4\u03bf \u03b5\u03c0\u03af\u03ba\u03b5\u03bd\u03c4\u03c1\u03bf \u03b4\u03b9\u03b5\u03b8\u03bd\u03bf\u03cd\u03c2 \u03c3\u03c5\u03bd\u03b5\u03b4\u03c1\u03af\u03bf\u03c5. https:\/\/www.amna.gr\/mobile\/article\/910906\/Thessaloniki-Apo-ton-kinduno-stin-Anthektikotita\u2014I-asfaleia-ton-dimosiografon-sto-epikentro-diethnous-sunedriou<\/li>\n<li> <span style=\"font-weight: 400;\">ICSJ, Agenda Finale della Conferenza \u201cDal Rischio alla Resilienza: Un approccio multidisciplinare\u201d<\/span> <a href=\"https:\/\/www.pulse-z.eu\/wp-content\/uploads\/2025\/06\/SAFETY-Agenda-FINAL-12.pdf\">Agenda SICUREZZA FINALE 12<\/a><\/li>\n<\/ul>\n","protected":false},"excerpt":{"rendered":"<p>\u00a9ICSJ La posta in gioco per la libert\u00e0 di stampa nel 2025 \u00c8 un dato di fatto che la libert\u00e0 di stampa sia messa a dura prova a livello internazionale in molti modi, dagli attacchi [&hellip;]<\/p>\n","protected":false},"author":355,"featured_media":19831,"comment_status":"closed","ping_status":"closed","sticky":false,"template":"","format":"standard","meta":{"_acf_changed":false,"footnotes":""},"categories":[618],"tags":[1414,1415,1416,1417,1418,1419,1420,1421,1422,1423,1424,1425,1426,1427,1428,1429,1430,1431],"post_formats":[626],"coauthors":[],"class_list":["post-16879","post","type-post","status-publish","format-standard","has-post-thumbnail","hentry","category-collegare-i-punti","tag-digital-threats-it","tag-freedom-of-expression-it","tag-icsj-it","tag-international-cooperation-it","tag-journalist-safety-it","tag-journalist-wellbeing-it","tag-media-education-it","tag-media-policy-it","tag-media-resilience-it","tag-newsroom-protocols-it","tag-osce-it","tag-photojournalism-it","tag-press-freedom-it","tag-public-interest-journalism-it","tag-slapps-it","tag-thessaloniki-conference-it","tag-trauma-journalism-it","tag-unesco-it","post_formats-articoli"],"acf":[],"_links":{"self":[{"href":"https:\/\/www.pulse-z.eu\/it\/wp-json\/wp\/v2\/posts\/16879","targetHints":{"allow":["GET"]}}],"collection":[{"href":"https:\/\/www.pulse-z.eu\/it\/wp-json\/wp\/v2\/posts"}],"about":[{"href":"https:\/\/www.pulse-z.eu\/it\/wp-json\/wp\/v2\/types\/post"}],"author":[{"embeddable":true,"href":"https:\/\/www.pulse-z.eu\/it\/wp-json\/wp\/v2\/users\/355"}],"replies":[{"embeddable":true,"href":"https:\/\/www.pulse-z.eu\/it\/wp-json\/wp\/v2\/comments?post=16879"}],"version-history":[{"count":73,"href":"https:\/\/www.pulse-z.eu\/it\/wp-json\/wp\/v2\/posts\/16879\/revisions"}],"predecessor-version":[{"id":24862,"href":"https:\/\/www.pulse-z.eu\/it\/wp-json\/wp\/v2\/posts\/16879\/revisions\/24862"}],"wp:featuredmedia":[{"embeddable":true,"href":"https:\/\/www.pulse-z.eu\/it\/wp-json\/wp\/v2\/media\/19831"}],"wp:attachment":[{"href":"https:\/\/www.pulse-z.eu\/it\/wp-json\/wp\/v2\/media?parent=16879"}],"wp:term":[{"taxonomy":"category","embeddable":true,"href":"https:\/\/www.pulse-z.eu\/it\/wp-json\/wp\/v2\/categories?post=16879"},{"taxonomy":"post_tag","embeddable":true,"href":"https:\/\/www.pulse-z.eu\/it\/wp-json\/wp\/v2\/tags?post=16879"},{"taxonomy":"post_formats","embeddable":true,"href":"https:\/\/www.pulse-z.eu\/it\/wp-json\/wp\/v2\/post_formats?post=16879"},{"taxonomy":"author","embeddable":true,"href":"https:\/\/www.pulse-z.eu\/it\/wp-json\/wp\/v2\/coauthors?post=16879"}],"curies":[{"name":"wp","href":"https:\/\/api.w.org\/{rel}","templated":true}]}}