{"id":92926,"date":"2025-07-04T14:37:25","date_gmt":"2025-07-04T14:37:25","guid":{"rendered":"https:\/\/www.pulse-z.eu\/che-cosa-sono-le-politiche-di-coesione-europee-e-cosa-centrano-con-il-piano-di-riarmo\/"},"modified":"2026-03-24T11:33:53","modified_gmt":"2026-03-24T11:33:53","slug":"que-sont-les-politiques-de-cohesion-europeennes-et-quel-est-leur-lien-avec-le-plan-de-rearmement","status":"publish","type":"post","link":"https:\/\/www.pulse-z.eu\/fr\/que-sont-les-politiques-de-cohesion-europeennes-et-quel-est-leur-lien-avec-le-plan-de-rearmement\/","title":{"rendered":"Que sont les politiques de coh\u00e9sion europ\u00e9ennes et quel est leur lien avec le plan de r\u00e9armement ?"},"content":{"rendered":"\n<p>Article d&#39;Annalisa Girardi \u2013 Journaliste, Fanpage.it<\/p>\n<p> Les fonds <a href=\"https:\/\/www.fanpage.it\/politica\/cosa-sono-le-politiche-di-coesione-dellue-gli-obiettivi-e-come-vengono-finanziati-i-fondi\/\" target=\"_blank\" rel=\"noopener\">de coh\u00e9sion<\/a> constituent l&#39;un des principaux canaux de financement des politiques europ\u00e9ennes. Ces derni\u00e8res semaines, la pr\u00e9sidente de la Commission europ\u00e9enne, Ursula von der Leyen, les a \u00e9voqu\u00e9s, sugg\u00e9rant de recourir \u00e0 cet instrument dans le cadre du plan <a href=\"https:\/\/www.fanpage.it\/esteri\/von-der-leyen-presenta-il-piano-rearmeu-per-la-difesa-europea-il-tempo-delle-illusioni-e-finito\/\" target=\"_blank\" rel=\"noopener\">RearmEU<\/a> . Cette id\u00e9e ne fait toutefois pas l&#39;unanimit\u00e9 en Italie\u00a0: \u00ab\u00a0Nous n&#39;avons pas l&#39;intention de d\u00e9tourner un seul euro des fonds de coh\u00e9sion pour la d\u00e9fense\u00a0\u00bb, a d\u00e9clar\u00e9 Giorgia Meloni au Parlement devant le Conseil europ\u00e9en.<\/p>\n<p> Mais examinons de plus pr\u00e8s les fonds de coh\u00e9sion. <a href=\"https:\/\/www.europarl.europa.eu\/factsheets\/it\/sheet\/96\/fondo-di-coesione\" target=\"_blank\" rel=\"noopener\">Comme l\u2019explique le Parlement europ\u00e9en<\/a> , ces fonds ont \u00e9t\u00e9 cr\u00e9\u00e9s \u00ab<em>\u00a0dans le but de renforcer la coh\u00e9sion \u00e9conomique, sociale et territoriale de l\u2019Union europ\u00e9enne afin de promouvoir le d\u00e9veloppement durable<\/em>\u00a0\u00bb. Pour la p\u00e9riode 2021-2027, les objectifs \u00e0 soutenir sont les suivants\u00a0:<\/p>\n<ul>\n<li> investissements dans les questions environnementales, notamment dans les secteurs li\u00e9s au d\u00e9veloppement durable et \u00e0 l&#39;\u00e9nergie qui pr\u00e9sentent des avantages environnementaux\u00a0;<\/li>\n<li> r\u00e9seaux transeurop\u00e9ens en mati\u00e8re d&#39;infrastructures de transport ;<\/li>\n<li> assistance technique.<\/li>\n<\/ul>\n<p> Les fonds de coh\u00e9sion servent \u00e0 financer divers programmes et sont g\u00e9r\u00e9s conjointement par la Commission et les autorit\u00e9s nationales et r\u00e9gionales des \u00c9tats membres.<\/p>\n<p>En r\u00e9sum\u00e9, <a href=\"https:\/\/opencoesione.gov.it\/it\/politica_coesione\/#:~:text=La%20politica%20di%20coesione%20ha,e%20le%20persone%20pi%C3%B9%20fragili.\" target=\"_blank\" rel=\"noopener\">les politiques de coh\u00e9sion<\/a> visent \u00e0 <strong>r\u00e9duire les \u00e9carts et les disparit\u00e9s<\/strong> entre les territoires et les r\u00e9gions europ\u00e9ens, en ciblant notamment les zones les moins d\u00e9velopp\u00e9es, et en renfor\u00e7ant ainsi les perspectives de d\u00e9veloppement \u00e9conomique et social des populations les plus vuln\u00e9rables. Ces politiques sont financ\u00e9es par des fonds structurels, <a href=\"https:\/\/politichecoesione.governo.it\/it\/politica-di-coesione\/i-fondi-della-politica-di-coesione\/\" target=\"_blank\" rel=\"noopener\">qui se r\u00e9partissent en trois grandes cat\u00e9gories<\/a>\u00a0:<\/p>\n<ul>\n<li> Le <strong>Fonds europ\u00e9en de d\u00e9veloppement r\u00e9gional (FEDER)<\/strong> est le principal instrument financier destin\u00e9 \u00e0 promouvoir la croissance \u00e9conomique et l&#39;emploi dans les r\u00e9gions europ\u00e9ennes et \u00e0 r\u00e9duire les disparit\u00e9s et les d\u00e9s\u00e9quilibres de d\u00e9veloppement.<\/li>\n<li> le <strong>Fonds social europ\u00e9en (FSE)<\/strong> , dont l\u2019objectif principal est d\u2019aider les \u00c9tats membres \u00e0 atteindre des niveaux \u00e9lev\u00e9s et ad\u00e9quats d\u2019emploi qualifi\u00e9 et r\u00e9silient et une protection sociale juste et inclusive, contribuant ainsi aux priorit\u00e9s de l\u2019Union\u00a0;<\/li>\n<li> Le <strong>Fonds pour une transition juste (FTJ)<\/strong> , qui soutient les investissements pour une transition \u00e9quitable et durable vers une \u00e9conomie de l&#39;Union climatiquement neutre d&#39;ici \u00e0 2050.<\/li>\n<\/ul>\n<p> Lors de la pr\u00e9sentation du plan de r\u00e9armement, la pr\u00e9sidente von der Leyen a \u00e9voqu\u00e9 le recours aux fonds de coh\u00e9sion parmi les diff\u00e9rents instruments de soutien aux d\u00e9penses de d\u00e9fense. Cependant, plusieurs pays, dont l&#39;Italie, \u00e9mettent des r\u00e9serves \u00e0 ce sujet.<\/p>\n","protected":false},"excerpt":{"rendered":"<p>Article d&#39;Annalisa Girardi \u2013 Journaliste, Fanpage.it Les fonds de coh\u00e9sion constituent l&#39;un des principaux canaux de financement des politiques europ\u00e9ennes. Ces derni\u00e8res semaines, la pr\u00e9sidente de la Commission europ\u00e9enne, Ursula von der Leyen, les a [&hellip;]<\/p>\n","protected":false},"author":173,"featured_media":0,"comment_status":"closed","ping_status":"closed","sticky":false,"template":"","format":"standard","meta":{"_acf_changed":false,"footnotes":""},"categories":[597],"tags":[859,5854,27591,27592,3954,3345,27593,27594,27595,3957],"post_formats":[616],"coauthors":[3918],"class_list":["post-92926","post","type-post","status-publish","format-standard","hentry","category-actualites","tag-eu-fr","tag-european-parliament-fr","tag-european-regional-development-fund","tag-european-social-fund","tag-giorgia-meloni-fr","tag-italy-fr","tag-just-transition-fund","tag-politiche-di-coesione","tag-rearmeu","tag-ursula-von-der-leyen-fr","post_formats-articles-fr"],"acf":[],"_links":{"self":[{"href":"https:\/\/www.pulse-z.eu\/fr\/wp-json\/wp\/v2\/posts\/92926","targetHints":{"allow":["GET"]}}],"collection":[{"href":"https:\/\/www.pulse-z.eu\/fr\/wp-json\/wp\/v2\/posts"}],"about":[{"href":"https:\/\/www.pulse-z.eu\/fr\/wp-json\/wp\/v2\/types\/post"}],"author":[{"embeddable":true,"href":"https:\/\/www.pulse-z.eu\/fr\/wp-json\/wp\/v2\/users\/173"}],"replies":[{"embeddable":true,"href":"https:\/\/www.pulse-z.eu\/fr\/wp-json\/wp\/v2\/comments?post=92926"}],"version-history":[{"count":8,"href":"https:\/\/www.pulse-z.eu\/fr\/wp-json\/wp\/v2\/posts\/92926\/revisions"}],"predecessor-version":[{"id":92982,"href":"https:\/\/www.pulse-z.eu\/fr\/wp-json\/wp\/v2\/posts\/92926\/revisions\/92982"}],"wp:attachment":[{"href":"https:\/\/www.pulse-z.eu\/fr\/wp-json\/wp\/v2\/media?parent=92926"}],"wp:term":[{"taxonomy":"category","embeddable":true,"href":"https:\/\/www.pulse-z.eu\/fr\/wp-json\/wp\/v2\/categories?post=92926"},{"taxonomy":"post_tag","embeddable":true,"href":"https:\/\/www.pulse-z.eu\/fr\/wp-json\/wp\/v2\/tags?post=92926"},{"taxonomy":"post_formats","embeddable":true,"href":"https:\/\/www.pulse-z.eu\/fr\/wp-json\/wp\/v2\/post_formats?post=92926"},{"taxonomy":"author","embeddable":true,"href":"https:\/\/www.pulse-z.eu\/fr\/wp-json\/wp\/v2\/coauthors?post=92926"}],"curies":[{"name":"wp","href":"https:\/\/api.w.org\/{rel}","templated":true}]}}