{"id":88736,"date":"2026-03-13T14:45:54","date_gmt":"2026-03-13T14:45:54","guid":{"rendered":"https:\/\/www.pulse-z.eu\/euroconsumers-start-talking-webinar-teens-take-on-digital-fairness-my-experience-on-the-panel\/"},"modified":"2026-03-13T14:46:02","modified_gmt":"2026-03-13T14:46:02","slug":"webinaire-euroconsumers-start-talking-les-adolescents-sexpriment-sur-lequite-numerique-mon-experience-en-tant-que-membre-du-panel","status":"publish","type":"post","link":"https:\/\/www.pulse-z.eu\/fr\/webinaire-euroconsumers-start-talking-les-adolescents-sexpriment-sur-lequite-numerique-mon-experience-en-tant-que-membre-du-panel\/","title":{"rendered":"Webinaire Euroconsumers Start Talking \u2014 Les adolescents s&#39;expriment sur l&#39;\u00e9quit\u00e9 num\u00e9rique (Mon exp\u00e9rience en tant que membre du panel)"},"content":{"rendered":"\n<div>\n<div>\n<p data-start=\"0\" data-end=\"356\">Euroconsumers, a European consumer organization dedicated to protecting the rights and interests of consumers, recently hosted a webinar on digital fairness that brought together teenagers from across Europe. The discussion focused on a space that shapes much of our daily lives: the internet we grew up with and are now expected to navigate responsibly.<\/p>\n<p data-start=\"358\" data-end=\"770\" data-is-last-node=\"\" data-is-only-node=\"\">For the young people involved, the webinar was more than just a panel discussion. It was an opportunity to challenge assumptions, question existing systems, and highlight the realities that teenagers experience online. As a participant in the panel, I had the chance to share several key perspectives on digital fairness and the role young people play in shaping a safer and more transparent digital environment.<\/p>\n<\/div>\n<div>\n<h2>Influencers: Selling Products or Selling an Identity?<\/h2>\n<\/div>\n<div>\n<p>One of the biggest points raised was the role of influencers.<br \/>\nToday, they don\u2019t just sell products, they sell identities. Perfect lives, perfect bodies, perfect routines. This curated world hits vulnerable teenagers the hardest, pushing some to extreme lengths just to imitate what they see on a screen. The argument was clear: if influencers are shaping teen identity, then their content needs stronger regulation and accountability.<\/p>\n<\/div>\n<div>\n<h2>\u201cTeens Spend Too Much Time Online\u201d \u2014 A Lazy Assumption<\/h2>\n<\/div>\n<div>\n<p>Another debate revolved around whether teens are \u201calways online.\u201d My take? It\u2019s too simplistic. The data never tells the full story. Technology is part of school life, part of work, part of socialising, it\u2019s not just \u201cscreen time.\u201d It\u2019s daily life. Blaming teenagers ignores the reality that society itself is digital.<\/p>\n<\/div>\n<div>\n<h2>Addictive Design &amp; Anti-Social Behaviour<\/h2>\n<\/div>\n<div>\n<p>A point raised by another panelist focused on addictive design: apps engineered to keep people scrolling, notifications designed to create dependency, and features that subtly push anti-social behaviour. It sparked an important conversation about whether tech companies prioritize engagement over well-being, and how much of that burden falls on young people.<\/p>\n<\/div>\n<div>\n<h2>Should Social Media Be Restricted for Teens?<\/h2>\n<\/div>\n<div>\n<p>Elodie brought up how 13-year-olds look older than their age, partly due to social media pressure and online performance culture.<br \/>\nMy take?<br \/>\nYoung people will always find a way to use social media. Restricting access alone won\u2019t solve anything.<\/p>\n<\/div>\n<div>\n<p>What we actually need is:<br \/>\n&#8211;\u00a0 media literacy in schools,<br \/>\n&#8211;\u00a0 education about online risks,<br \/>\n&#8211;\u00a0 awareness of how content manipulates us.<\/p>\n<\/div>\n<div>\n<p>Restrictions may be a start, but not the only solution.<\/p>\n<\/div>\n<div>\n<h2>Data: Collected, Tracked &amp; Used Against Us<\/h2>\n<\/div>\n<div>\n<p>One major concern raised: There are not enough laws protecting young people\u2019s data. Corporations collect everything, what we watch, what we click, how long we pause on a post. This data is then used to influence behaviour, target insecurities, and shape decisions without us realizing. The message was clear: Young people should know where their data is going, and they deserve laws that actually safeguard them.<\/p>\n<\/div>\n<div>\n<h2>AI in Our Lives \u2014 Harm or Help?<\/h2>\n<\/div>\n<div>\n<p>I shared how I personally use AI: as a tool, not a replacement.<br \/>\nAI helps me draft, refine, organize, and automate, but I stay in charge of my creativity. It&#8217;s an assistant, not the author.<\/p>\n<\/div>\n<div>\n<p>Then came the big question:<br \/>\nWill AI steal our jobs?<\/p>\n<\/div>\n<div>\n<p>Just like the internet created new roles (hello data analysts), AI will create new ones too. The problem isn\u2019t AI\u2026 it\u2019s whether we adapt and learn how to use it.<\/p>\n<\/div>\n<div>\n<p>I also pointed out AI bias: humans are biased, and any machine they create and program will inherit that bias. That\u2019s why diverse perspectives are crucial in shaping AI responsibly.<\/p>\n<\/div>\n<\/div>\n<p><img loading=\"lazy\" decoding=\"async\" class=\"size-full wp-image-87592 aligncenter\" src=\"https:\/\/www.pulse-z.eu\/wp-content\/uploads\/2026\/03\/webinar-1.jpeg\" alt=\"\" width=\"703\" height=\"702\" srcset=\"https:\/\/www.pulse-z.eu\/wp-content\/uploads\/2026\/03\/webinar-1.jpeg 703w, https:\/\/www.pulse-z.eu\/wp-content\/uploads\/2026\/03\/webinar-1-150x150.jpeg 150w\" sizes=\"auto, (max-width: 703px) 100vw, 703px\" \/><\/p>\n<div>\n<div>\n<h2>My Experience on the Panel<\/h2>\n<\/div>\n<div>\n<p>The webinar was more than a discussion, it was a dynamic exchange of perspectives.<br \/>\nI listened, learned, challenged ideas, and strengthened my own public speaking skills.<\/p>\n<\/div>\n<div>\n<p>It pushed me to reflect on questions I had never deeply considered before:<br \/>\nWhat is digital fairness?<br \/>\nWho protects young people online?<br \/>\nAnd how can we create the internet we actually deserve?<\/p>\n<\/div>\n<div>\n<h2>Final Thoughts<\/h2>\n<\/div>\n<div>\n<p>Being part of this panel reminded me of something powerful: Teens aren\u2019t passive users of digital spaces, we understand them better than anyone. And when given the platform, we\u2019re more than ready to speak up. My message to policy makers was that they must put citizens\u2014and especially young people, at the heart of the discussion. Youth voices matter, and we\u2019re keeping our doors open.<\/p>\n<p><img loading=\"lazy\" decoding=\"async\" class=\"size-full wp-image-87600 aligncenter\" src=\"https:\/\/www.pulse-z.eu\/wp-content\/uploads\/2026\/03\/webinar-2.jpeg\" alt=\"\" width=\"701\" height=\"708\" srcset=\"https:\/\/www.pulse-z.eu\/wp-content\/uploads\/2026\/03\/webinar-2.jpeg 701w, https:\/\/www.pulse-z.eu\/wp-content\/uploads\/2026\/03\/webinar-2-150x150.jpeg 150w\" sizes=\"auto, (max-width: 701px) 100vw, 701px\" \/><\/p>\n<\/div>\n<\/div>\n<p>&nbsp;<\/p>\n<div style=\"position: relative; width: 100%; padding-top: 56.25%;\"><iframe style=\"position: absolute; top: 0; left: 0; width: 100%; height: 100%;\" title=\"YouTube video player\" src=\"https:\/\/www.youtube.com\/embed\/nrPgQ7jHgDA?si=jkFCX8HV5e8_wGAT\" frameborder=\"0\" allowfullscreen=\"allowfullscreen\"><\/iframe><\/div>\n","protected":false},"excerpt":{"rendered":"<p>Euroconsumers, a European consumer organization dedicated to protecting the rights and interests of consumers, recently hosted a webinar on digital fairness that brought together teenagers from across Europe. The discussion focused on a space that [&hellip;]<\/p>\n","protected":false},"author":1217,"featured_media":87610,"comment_status":"closed","ping_status":"closed","sticky":false,"template":"","format":"standard","meta":{"_acf_changed":false,"footnotes":""},"categories":[608,17454,566,679,678],"tags":[26704,26705,8310,2947,1160,16345],"post_formats":[616],"coauthors":[13821],"class_list":["post-88736","post","type-post","status-publish","format-standard","has-post-thumbnail","hentry","category-connecter-les-points","category-fun","category-general-fr","category-jeunesse","category-technologie","tag-youthevent","tag-ai-technology","tag-artificial-intelligence-fr","tag-eu-youth-fr","tag-european-union-fr","tag-technology-fr","post_formats-articles-fr"],"acf":[],"_links":{"self":[{"href":"https:\/\/www.pulse-z.eu\/fr\/wp-json\/wp\/v2\/posts\/88736","targetHints":{"allow":["GET"]}}],"collection":[{"href":"https:\/\/www.pulse-z.eu\/fr\/wp-json\/wp\/v2\/posts"}],"about":[{"href":"https:\/\/www.pulse-z.eu\/fr\/wp-json\/wp\/v2\/types\/post"}],"author":[{"embeddable":true,"href":"https:\/\/www.pulse-z.eu\/fr\/wp-json\/wp\/v2\/users\/1217"}],"replies":[{"embeddable":true,"href":"https:\/\/www.pulse-z.eu\/fr\/wp-json\/wp\/v2\/comments?post=88736"}],"version-history":[{"count":7,"href":"https:\/\/www.pulse-z.eu\/fr\/wp-json\/wp\/v2\/posts\/88736\/revisions"}],"predecessor-version":[{"id":88743,"href":"https:\/\/www.pulse-z.eu\/fr\/wp-json\/wp\/v2\/posts\/88736\/revisions\/88743"}],"wp:featuredmedia":[{"embeddable":true,"href":"https:\/\/www.pulse-z.eu\/fr\/wp-json\/wp\/v2\/media\/87610"}],"wp:attachment":[{"href":"https:\/\/www.pulse-z.eu\/fr\/wp-json\/wp\/v2\/media?parent=88736"}],"wp:term":[{"taxonomy":"category","embeddable":true,"href":"https:\/\/www.pulse-z.eu\/fr\/wp-json\/wp\/v2\/categories?post=88736"},{"taxonomy":"post_tag","embeddable":true,"href":"https:\/\/www.pulse-z.eu\/fr\/wp-json\/wp\/v2\/tags?post=88736"},{"taxonomy":"post_formats","embeddable":true,"href":"https:\/\/www.pulse-z.eu\/fr\/wp-json\/wp\/v2\/post_formats?post=88736"},{"taxonomy":"author","embeddable":true,"href":"https:\/\/www.pulse-z.eu\/fr\/wp-json\/wp\/v2\/coauthors?post=88736"}],"curies":[{"name":"wp","href":"https:\/\/api.w.org\/{rel}","templated":true}]}}