{"id":88516,"date":"2026-03-12T16:43:06","date_gmt":"2026-03-12T16:43:06","guid":{"rendered":"https:\/\/www.pulse-z.eu\/was-timothee-chalamet-actually-wrong-about-opera-and-ballet\/"},"modified":"2026-03-13T12:48:20","modified_gmt":"2026-03-13T12:48:20","slug":"timothee-chalamet-sest-il-vraiment-trompe-au-sujet-de-lopera-et-du-ballet","status":"publish","type":"post","link":"https:\/\/www.pulse-z.eu\/fr\/timothee-chalamet-sest-il-vraiment-trompe-au-sujet-de-lopera-et-du-ballet\/","title":{"rendered":"Timoth\u00e9e Chalamet s&#39;est-il vraiment tromp\u00e9 au sujet de l&#39;op\u00e9ra et du ballet ?"},"content":{"rendered":"<br \/>\n<blockquote>\n<h3 style=\"text-align: left;\"><em>\u00ab Je ne veux pas travailler dans le ballet ou l&#39;op\u00e9ra o\u00f9 l&#39;on nous dit : &quot;H\u00e9 ! Faites perdurer cet art&quot;, m\u00eame si plus personne ne s&#39;y int\u00e9resse. \u00bb<\/em> <span style=\"font-weight: 400;\">\u2013 Timoth\u00e9e Chalamet<\/span><\/h3>\n<\/blockquote>\n<p><span style=\"font-weight: 400;\">Arr\u00eatons-nous un instant, car<\/span> <a href=\"https:\/\/www.instagram.com\/reel\/DVj1xnODbDu\/?igsh=MThpaTM4eDVkOGNlYw==\" target=\"_blank\" rel=\"noopener\"><span style=\"font-weight: 400;\">la d\u00e9claration<\/span><\/a> de Timoth\u00e9e Chalamet <span style=\"font-weight: 400;\">est pour le moins \u00e9trange. Le 21 f\u00e9vrier, il \u00e9tait assis en face de<\/span> <a href=\"https:\/\/www.imdb.com\/name\/nm0000190\/\" target=\"_blank\" rel=\"noopener\"><span style=\"font-weight: 400;\">Matthew McConaughey<\/span><\/a> <span style=\"font-weight: 400;\">\u00e0 la<\/span> <a href=\"https:\/\/moody.utexas.edu\/\" target=\"_blank\" rel=\"noopener\"><span style=\"font-weight: 400;\">Moody College of Communication de l&#39;Universit\u00e9 du Texas \u00e0 Austin<\/span><\/a> <span style=\"font-weight: 400;\">, et il a gliss\u00e9 cette id\u00e9e dans la conversation, comme si de rien n&#39;\u00e9tait.<\/span><\/p>\n<p> <span style=\"font-weight: 400;\">Le contexte et son langage corporel sont importants. La fa\u00e7on dont il<\/span> <a href=\"https:\/\/www.yahoo.com\/entertainment\/celebrity\/article\/what-did-timothee-chalamet-say-about-ballet-and-opera-the-controversy-explained-160649942.html?guccounter=1&amp;guce_referrer=aHR0cHM6Ly93d3cuZ29vZ2xlLmNvbS8&amp;guce_referrer_sig=AQAAAIRPeVrPJ1IHv2ifRxp3QzO90hHKTZoxLy9q498XPwWsjHbGJt1LRd8GvBU1fIK9jbN0zZ_VV9FG2Hl_1QOBQtmNDAWFGM3HVPUDWcfsHXbDYi07LaN2HBJF0gnmGlrGDmA8vo4X879Ggeds9lAf8FHmIcYkCeSrUPayYB-ve0KN\" target=\"_blank\" rel=\"noopener\"><span style=\"font-weight: 400;\">a prononc\u00e9 cette phrase<\/span><\/a> <span style=\"font-weight: 400;\">a pu facilement \u00eatre per\u00e7ue comme m\u00e9prisante par certains auditeurs, m\u00eame s&#39;il ne s&#39;agissait peut-\u00eatre pas d&#39;un jugement direct. Son sourire narquois pouvait \u00eatre interpr\u00e9t\u00e9 comme une attitude \u00e9litiste. Personnellement, en tant que simple spectateur, j&#39;ai donc compris qu&#39;il disait\u00a0: \u00ab<\/span><i><span style=\"font-weight: 400;\">\u00a0J&#39;ai toujours \u00e9volu\u00e9 dans ce milieu, et pourtant je le d\u00e9sapprouve.\u00a0\u00bb<\/span><\/i><\/p>\n<p> <span style=\"font-weight: 400;\">Comment est-ce possible ? Contrairement \u00e0 ce qu&#39;il laisse entendre,<\/span> <a href=\"https:\/\/people.com\/timothee-chalamet-parents-everything-to-know-11917201\" target=\"_blank\" rel=\"noopener\"><span style=\"font-weight: 400;\">la famille de Chalamet<\/span><\/a> <span style=\"font-weight: 400;\">compte de nombreux danseurs de ballet : sa grand-m\u00e8re, sa m\u00e8re et sa s\u0153ur ont toutes dans\u00e9 au New York City Ballet.<\/span><\/p>\n<p> <span style=\"font-weight: 400;\">De plus, sa m\u00e8re, Nicole Flender, a \u00e9tudi\u00e9 la danse \u00e0<\/span> <a href=\"https:\/\/laguardiahsdance.org\/\" target=\"_blank\" rel=\"noopener\"><span style=\"font-weight: 400;\">LaGuardia<\/span><\/a> <span style=\"font-weight: 400;\">, a dans\u00e9 avec la compagnie et a jou\u00e9 dans des com\u00e9dies musicales de Broadway telles que<\/span> <a href=\"http:\/\/fiddlermusical.com\/\" target=\"_blank\" rel=\"noopener\"><span style=\"font-weight: 400;\">Un violon sur le toit.<\/span><\/a><\/p>\n<p> <span style=\"font-weight: 400;\">Chalamet a grandi \u00e0<\/span> <a href=\"https:\/\/share.google\/BbTtTCUoREDyFoKj2\" target=\"_blank\" rel=\"noopener\"><span style=\"font-weight: 400;\">Manhattan Plaza<\/span><\/a> <span style=\"font-weight: 400;\">, le m\u00eame immeuble qui a abrit\u00e9<\/span><a href=\"https:\/\/www.poetryfoundation.org\/poets\/tennessee-williams\" target=\"_blank\" rel=\"noopener\"><span style=\"font-weight: 400;\">Tennessee Williams<\/span><\/a> <span style=\"font-weight: 400;\">et<\/span> <a href=\"https:\/\/www.aliciakeys.com\/\" target=\"_blank\" rel=\"noopener\"><span style=\"font-weight: 400;\">Alicia Keys<\/span><\/a> <span style=\"font-weight: 400;\">. Il se d\u00e9crit lui-m\u00eame comme \u00ab<\/span> <a href=\"https:\/\/www.threads.com\/@amir_coincidence\/post\/DVnFiA8FFz7\/im-like-a-venn-diagram-of-the-best-cultural-influences-of-the-st-century\" target=\"_blank\" rel=\"noopener\"><span style=\"font-weight: 400;\">un diagramme de Venn des meilleures influences culturelles des XXIe et XXe si\u00e8cles \u00bb.<\/span><\/a><span style=\"font-weight: 400;\">\u00a0<\/span><\/p>\n<p><span style=\"font-weight: 400;\">Techniquement parlant, Chalamet, en tant que membre \u00ab\u00a0initi\u00e9\u00a0\u00bb de cette<\/span> <a href=\"https:\/\/www.researchgate.net\/publication\/348747935_Elite_culture_signs_features_examples\" target=\"_blank\" rel=\"noopener\"><span style=\"font-weight: 400;\">culture d&#39;\u00e9lite<\/span><\/a> <span style=\"font-weight: 400;\">, rejette les fondements m\u00eames dans lesquels il a \u00e9t\u00e9 \u00e9lev\u00e9.<\/span><\/p>\n<p> <span style=\"font-weight: 400;\">Ce qui rend la chose particuli\u00e8rement \u00e9trange, c&#39;est que Chalamet conna\u00eet parfaitement l&#39;impact du ballet et de l&#39;op\u00e9ra sur certaines communaut\u00e9s. Il a grandi dans les coulisses du<\/span> <a href=\"https:\/\/www.davidhkochtheater.com\/\" target=\"_blank\" rel=\"noopener\"><span style=\"font-weight: 400;\">Koch Theater,<\/span><\/a> <span style=\"font-weight: 400;\">entour\u00e9 de danseurs et de musiciens.<\/span><\/p>\n<p> <span style=\"font-weight: 400;\">Plus que quiconque, il sait combien de d\u00e9vouement et de sacrifices ces artistes doivent endurer. Pourtant, il a choisi de d\u00e9clarer que ces formes d&#39;art sont sans importance. Mais a-t-il tort\u00a0? C&#39;est l\u00e0 que les choses se compliquent.<\/span><\/p>\n<p><span style=\"font-weight: 400;\">Si l&#39;on se penche sur les donn\u00e9es historiques, l&#39;op\u00e9ra n&#39;a pas toujours \u00e9t\u00e9 consid\u00e9r\u00e9 comme un divertissement r\u00e9serv\u00e9 \u00e0 l&#39;\u00e9lite. Selon le<\/span> chapitre <a href=\"https:\/\/www.blackwellpublishing.com\/content\/bpl_images\/content_store\/sample_chapter\/0631222103\/001.pdf\" target=\"_blank\" rel=\"noopener\"><span style=\"font-weight: 400;\">de John Storey<\/span><\/a> <span style=\"font-weight: 400;\">intitul\u00e9 \u00ab Expecting Rain: Opera as Popular Culture? \u00bb, le premier op\u00e9ra a ouvert ses portes \u00e0 Venise en 1637, offrant un divertissement commercial accessible \u00e0 tous ceux qui pouvaient s&#39;offrir un billet. Le public de l&#39;op\u00e9ra v\u00e9nitien \u00e9tait alors issu de toutes les classes sociales.<\/span><\/p>\n<p> <span style=\"font-weight: 400;\">Au XIXe si\u00e8cle, les airs de Lucr\u00e8ce Borgia et de Don Giovanni \u00e9taient<\/span> <i><span style=\"font-weight: 400;\">\u00ab populaires partout \u00bb.<\/span><\/i> <span style=\"font-weight: 400;\">On pouvait les entendre dans les salons et les salles de concert, et m\u00eame les siffler dans les rues.<\/span><\/p>\n<p> <span style=\"font-weight: 400;\">Alors, qu&#39;est-ce qui a chang\u00e9\u00a0? Entre 1825 et 1850, les \u00e9lites new-yorkaises ont mis en place des strat\u00e9gies pour dissocier l&#39;op\u00e9ra des divertissements quotidiens, d&#39;apr\u00e8s les recherches de Storey. Elles ont cr\u00e9\u00e9 des b\u00e2timents d\u00e9di\u00e9s, impos\u00e9 des codes vestimentaires et exig\u00e9 que seul l&#39;op\u00e9ra en langue \u00e9trang\u00e8re r\u00e9ponde \u00e0 leurs crit\u00e8res.<\/span><\/p>\n<p> <span style=\"font-weight: 400;\">Lors de la soir\u00e9e d&#39;ouverture du Metropolitan Opera en 1883, les loges \u00e9taient occup\u00e9es par des personnes dont la fortune cumul\u00e9e \u00e9tait estim\u00e9e \u00e0 540 millions de dollars.<\/span> <a href=\"https:\/\/www.vogue.com\/article\/the-gilded-age-metropolitan-opera-house-socialite-feud\" target=\"_blank\" rel=\"noopener\"><span style=\"font-weight: 400;\">Vogue<\/span><\/a> <span style=\"font-weight: 400;\">observait que le b\u00e2timent<\/span> <i><span style=\"font-weight: 400;\">\u00ab avait \u00e9t\u00e9 ouvertement construit \u00e0 des fins sociales plut\u00f4t qu&#39;artistiques \u00bb.<\/span><\/i><\/p>\n<p> <span style=\"font-weight: 400;\">Les donn\u00e9es \u00e9conomiques ne font que confirmer ce constat. Ruth Towse affirme dans son<\/span> <a href=\"https:\/\/repub.eur.nl\/pub\/794\/TOWSE%20EBOOK_pages0354-0360.pdf\" target=\"_blank\" rel=\"noopener\"><span style=\"font-weight: 400;\">ouvrage *A Handbook of Cultural Economics*<\/span><\/a> <span style=\"font-weight: 400;\">que l&#39;op\u00e9ra re\u00e7oit la majeure partie des subventions publiques, bien qu&#39;il soit le moins populaire.<\/span><\/p>\n<p> <span style=\"font-weight: 400;\">Pour comprendre la persistance de ces tendances, il convient d&#39;examiner la situation financi\u00e8re de l&#39;une des institutions les plus prestigieuses au monde. Le Royal Ballet et le Royal Opera House offrent un aper\u00e7u \u00e9loquent de la situation \u00e9conomique actuelle de ces institutions. Selon un<\/span> <a href=\"https:\/\/www.civilsociety.co.uk\/news\/income-at-royal-ballet-and-opera-rises-by-nearly-a-third-to-over-170-m.html\" target=\"_blank\" rel=\"noopener\"><span style=\"font-weight: 400;\">rapport<\/span><\/a> <span style=\"font-weight: 400;\">publi\u00e9 par Arts Professional en juin 2024, le revenu total de l&#39;organisation a augment\u00e9 de pr\u00e8s d&#39;un tiers pour atteindre plus de 170 millions de livres sterling au cours de l&#39;exercice clos en ao\u00fbt 2023. Les recettes de billetterie ne repr\u00e9sentaient que 31 % du total, passant de 39,6 millions \u00e0 52,6 millions de livres sterling.<\/span><\/p>\n<p> <span style=\"font-weight: 400;\">Parall\u00e8lement, la subvention du Arts Council England ne repr\u00e9sentait que 15 % des recettes non affect\u00e9es, soit 23,6 millions de livres sterling. Plus surprenant encore, malgr\u00e9 un taux d&#39;occupation de 96 %, le th\u00e9\u00e2tre a d\u00fb faire face \u00e0 une r\u00e9duction de 20 % de ses subventions publiques, \u00e0 la hausse des co\u00fbts des services publics et \u00e0 un besoin urgent d&#39;au moins 50 millions de livres sterling de travaux de r\u00e9novation sur les trois prochaines ann\u00e9es, ne serait-ce que pour assurer son fonctionnement. Ces \u00e9l\u00e9ments d\u00e9montrent que le mod\u00e8le financier de l&#39;op\u00e9ra et du ballet reste inchang\u00e9, m\u00eame au plus haut niveau.<\/span><\/p>\n<p><span style=\"font-weight: 400;\">Si l&#39;on consid\u00e8re le contexte international, la situation est assez similaire. Une<\/span> <a href=\"https:\/\/www.marketreportsworld.com\/market-reports\/dance-ballet-performance-market-14721585\" target=\"_blank\" rel=\"noopener\"><span style=\"font-weight: 400;\">\u00e9tude de march\u00e9<\/span><\/a> <span style=\"font-weight: 400;\">publi\u00e9e en f\u00e9vrier 2026 \u00e9valuait le march\u00e9 international des spectacles de danse et de ballet \u00e0 environ 1,55 milliard de dollars en 2023. Cette \u00e9tude pr\u00e9voyait \u00e9galement une croissance du march\u00e9 \u00e0 plus de 1,9 milliard de dollars d&#39;ici 2032. L&#39;Europe repr\u00e9sente actuellement environ 40 % du volume mondial de billets, tandis que l&#39;Am\u00e9rique du Nord en repr\u00e9sente environ 35 %.<\/span><\/p>\n<p> <span style=\"font-weight: 400;\">Il est int\u00e9ressant de constater que de plus en plus d&#39;institutions et de compagnies adoptent des mod\u00e8les num\u00e9riques et hybrides. Par exemple, 60 % des compagnies de ballet proposent d\u00e9sormais des spectacles en direct sur Internet. Aux \u00c9tats-Unis, le programme \u00ab\u00a030 for 30\u00a0\u00bb du New York City Ballet illustre parfaitement une initiative destin\u00e9e aux jeunes. En une seule saison, il a permis de vendre 17\u00a0000 billets \u00e0 prix r\u00e9duit, contribuant ainsi \u00e0 une augmentation de la fr\u00e9quentation des moins de 50 ans, pass\u00e9e de 41\u00a0% en 2018 \u00e0 53\u00a0% en 2023.<\/span><\/p>\n<p> <span style=\"font-weight: 400;\">Ces tendances sugg\u00e8rent que, m\u00eame si les fondements \u00e9conomiques traditionnels de l&#39;op\u00e9ra et du ballet sont mis \u00e0 rude \u00e9preuve, il existe une v\u00e9ritable dynamique derri\u00e8re les efforts visant \u00e0 diversifier les publics et \u00e0 s&#39;adapter \u00e0 l&#39;\u00e9volution des habitudes de consommation.<\/span><\/p>\n<p> <span style=\"font-weight: 400;\">La situation aux \u00c9tats-Unis confirme ces inqui\u00e9tudes\u00a0: selon<\/span> <a href=\"https:\/\/slippedisc.com\/2024\/02\/how-opera-finances-have-slumped-in-america\/\" target=\"_blank\" rel=\"noopener\"><span style=\"font-weight: 400;\">Shivlock<\/span><\/a> <span style=\"font-weight: 400;\">, la billetterie de l\u2019Op\u00e9ra de San Francisco ne repr\u00e9sente plus que 16\u00a0% de ses recettes, contre 60\u00a0% dans les ann\u00e9es\u00a01960.<\/span><\/p>\n<p> <span style=\"font-weight: 400;\">Dans le m\u00eame ordre d&#39;id\u00e9es, une \u00e9tude de<\/span> <a href=\"https:\/\/today.ucsd.edu\/story\/why-its-not-just-about-money-who-goes-to-the-ballet-opera-and-symphony\" target=\"_blank\" rel=\"noopener\"><span style=\"font-weight: 400;\">la Rady School of Management de l&#39;UC San Diego<\/span><\/a> <span style=\"font-weight: 400;\">a r\u00e9v\u00e9l\u00e9 que le niveau d&#39;\u00e9ducation et les relations sociales sont plus importants que le revenu pour d\u00e9terminer qui fr\u00e9quente l&#39;op\u00e9ra et le ballet. M\u00eame si certaines personnes ont les moyens de s&#39;offrir un billet, elles peuvent ne pas s&#39;y sentir \u00e0 leur place.<\/span><\/p>\n<p> <span style=\"font-weight: 400;\">De m\u00eame,<\/span> <a href=\"https:\/\/theboar.org\/2020\/02\/ballet-elitism-classism-exclusivity\/\" target=\"_blank\" rel=\"noopener\"><span style=\"font-weight: 400;\">Lucy Martin<\/span><\/a> <span style=\"font-weight: 400;\">a affirm\u00e9 avec force que le ballet est \u00ab<\/span><i><span style=\"font-weight: 400;\">\u00a0r\u00e9ellement associ\u00e9 \u00e0 l\u2019\u00e9litisme et au classisme\u00a0\u00bb.<\/span><\/i> <span style=\"font-weight: 400;\">Fr\u00e9quenter le ballet ou l\u2019op\u00e9ra a traditionnellement \u00e9t\u00e9 une pratique associ\u00e9e aux \u00e9lites, et cette r\u00e9putation s\u2019est av\u00e9r\u00e9e difficile \u00e0 changer du jour au lendemain.<\/span><\/p>\n<p><span style=\"font-weight: 400;\">Et pourtant, voil\u00e0 un point qui m\u00e9rite r\u00e9flexion. Chalamet n&#39;est pas un h\u00e9ros issu de la classe ouvri\u00e8re d\u00e9non\u00e7ant l&#39;hypocrisie. Il est le produit m\u00eame de cet \u00e9litisme, et voil\u00e0 que, soudain, il a d\u00e9cid\u00e9 d&#39;ignorer cette part de lui-m\u00eame.<\/span><\/p>\n<p> <span style=\"font-weight: 400;\">Cela soul\u00e8ve une question cruciale quant au r\u00f4le de la classe sociale dans cet article. Que signifie l&#39;affirmation d&#39;une personne ayant un bagage culturel aussi solide selon laquelle ces formes d&#39;art ne font plus partie de la culture dominante\u00a0? Et \u00e0 qui fait-elle pr\u00e9cis\u00e9ment r\u00e9f\u00e9rence lorsqu&#39;elle parle de \u00ab\u00a0culture dominante\u00a0\u00bb\u00a0?<\/span><\/p>\n<p> <span style=\"font-weight: 400;\">L&#39;op\u00e9ra et le ballet sont toujours per\u00e7us comme des symboles culturels et des marqueurs de statut social, mais leur popularit\u00e9 a diminu\u00e9. Cela soul\u00e8ve des questions quant \u00e0 leur accessibilit\u00e9 \u00e0 tous, au sentiment d&#39;appartenance du public et \u00e0 leur \u00e9ventuelle exclusivit\u00e9. Chalamet affirme que ces formes artistiques sont d\u00e9nu\u00e9es d&#39;importance, alors qu&#39;il appartient au m\u00eame milieu qui leur a conf\u00e9r\u00e9 leur importance.<\/span><\/p>\n<p> <span style=\"font-weight: 400;\">Le 10 mars 2026,<\/span> <a href=\"https:\/\/www.vanityfair.com\/hollywood\/story\/timothee-chalamet-is-right-about-ballet-and-opera?srsltid=AfmBOopyjiQw2fHmBupln-ep07tbME_EPOCplCY2BD2kAwsEJJwUvITi\" target=\"_blank\" rel=\"noopener\"><span style=\"font-weight: 400;\">Chris Murphy \u00e9crivait<\/span><\/a> <span style=\"font-weight: 400;\">, d\u00e9fendant Chalamet en termes sans d\u00e9tour\u00a0:<\/span> <i><span style=\"font-weight: 400;\">\u00ab\u00a0Chalamet a-t-il dit quelque chose de mal\u00a0? Absolument pas.\u00a0\u00bb<\/span><\/i> <span style=\"font-weight: 400;\">Murphy soulignait que ces formes d\u2019art sont principalement soutenues par de riches m\u00e9c\u00e8nes et donateurs plut\u00f4t que par le grand public.<\/span><\/p>\n<p> <span style=\"font-weight: 400;\">C&#39;est ind\u00e9niable. Cependant, Chalamet aurait pu exprimer son point de vue avec plus de subtilit\u00e9, en reconnaissant ses propres origines et en t\u00e9moignant d&#39;un certain respect pour les artistes qui \u0153uvrent dans ces domaines, au lieu de les d\u00e9daigner. Au lieu de cela, la mani\u00e8re dont il a formul\u00e9 ses remarques a facilement pu laisser transpara\u00eetre chez certains une certaine condescendance, comme s&#39;il avait toujours tout eu et qu&#39;il s&#39;ennuyait tout simplement du monde qui l&#39;a vu grandir.<\/span><\/p>\n<p> <span style=\"font-weight: 400;\">Ceci \u00e9tant dit, voici o\u00f9 je vais proposer un contre-argument. Mettons de c\u00f4t\u00e9 un instant son parcours et sa fa\u00e7on de s&#39;exprimer. Demandons-nous si nous pr\u00e9f\u00e9rons une v\u00e9rit\u00e9 d\u00e9rangeante, m\u00eame si elle est dite maladroitement, ou un mensonge rassurant, mais distill\u00e9 avec \u00e9l\u00e9gance.<\/span><\/p>\n<p><span style=\"font-weight: 400;\">Les opinions de Chalamet refl\u00e8tent souvent la perception que le monde de l&#39;art savant a de l&#39;op\u00e9ra et du ballet aupr\u00e8s du grand public. Si l&#39;on demandait aux passants s&#39;ils connaissent quatre op\u00e9ras ou ballets, beaucoup seraient probablement incapables de r\u00e9pondre, comme le soulignait Murphy dans Vanity Fair.<\/span><\/p>\n<p> <span style=\"font-weight: 400;\">Par ailleurs, Gia Kourlas, critique de danse du New York Times,<\/span> <a href=\"https:\/\/www.yahoo.com\/entertainment\/celebrity\/article\/what-did-timothee-chalamet-say-about-ballet-and-opera-the-controversy-explained-160649942.html?guccounter=1&amp;guce_referrer=aHR0cHM6Ly93d3cuZ29vZ2xlLmNvbS8&amp;guce_referrer_sig=AQAAAIRPeVrPJ1IHv2ifRxp3QzO90hHKTZoxLy9q498XPwWsjHbGJt1LRd8GvBU1fIK9jbN0zZ_VV9FG2Hl_1QOBQtmNDAWFGM3HVPUDWcfsHXbDYi07LaN2HBJF0gnmGlrGDmA8vo4X879Ggeds9lAf8FHmIcYkCeSrUPayYB-ve0KN\" target=\"_blank\" rel=\"noopener\"><span style=\"font-weight: 400;\">l&#39;a \u00e9galement d\u00e9fendu<\/span><\/a> <span style=\"font-weight: 400;\">, \u00e9crivant que son argument<\/span> <i><span style=\"font-weight: 400;\">\u00ab\u00a0n&#39;\u00e9tait pas que le ballet et l&#39;op\u00e9ra n&#39;ont pas d&#39;importance, mais qu&#39;ils ne font pas vraiment partie de la culture dominante\u00a0\u00bb.<\/span><\/i> <span style=\"font-weight: 400;\">Elle a raison. La valeur du ballet et de l&#39;op\u00e9ra, et la perception qu&#39;en a le public, sont deux choses diff\u00e9rentes.<\/span><\/p>\n<p> <span style=\"font-weight: 400;\">N&#39;oublions pas que les milieux du ballet et de l&#39;op\u00e9ra ont r\u00e9agi avec v\u00e9h\u00e9mence \u00e0 ses propos. \u00c0 tel point que<\/span> <a href=\"https:\/\/www.instagram.com\/seattleopera\/?utm_source=ig_embed\" target=\"_blank\" rel=\"noopener\"><span style=\"font-weight: 400;\">l&#39;Op\u00e9ra de Seattle<\/span><\/a> <span style=\"font-weight: 400;\">a lanc\u00e9 un code de r\u00e9duction appel\u00e9 <em>\u00ab\u00a0TIMOTHEE\u00a0\u00bb<\/em> . En Italie, La Scala de Milan a partag\u00e9 un message vid\u00e9o affirmant que <em>\u00ab\u00a0quelqu&#39;un se soucie de nous\u00a0\u00bb<\/em> et invitant le public \u00e0 d\u00e9couvrir l&#39;op\u00e9ra par lui-m\u00eame.<\/span><\/p>\n<blockquote class=\"instagram-media\" style=\"background: #FFF; border: 0; border-radius: 3px; box-shadow: 0 0 1px 0 rgba(0,0,0,0.5),0 1px 10px 0 rgba(0,0,0,0.15); margin: 1px; max-width: 540px; min-width: 326px; padding: 0; width: calc(100% - 2px);\" data-instgrm-permalink=\"https:\/\/www.instagram.com\/p\/DVjn2oGAbgD\/?utm_source=ig_embed&amp;utm_campaign=loading\" data-instgrm-version=\"14\">\n<div style=\"padding: 16px;\">\n<div style=\"display: flex; flex-direction: row; align-items: center;\">\n<div style=\"background-color: #f4f4f4; border-radius: 50%; flex-grow: 0; height: 40px; margin-right: 14px; width: 40px;\"><\/div>\n<div style=\"display: flex; flex-direction: column; flex-grow: 1; justify-content: center;\">\n<div style=\"background-color: #f4f4f4; border-radius: 4px; flex-grow: 0; height: 14px; margin-bottom: 6px; width: 100px;\"><\/div>\n<div style=\"background-color: #f4f4f4; border-radius: 4px; flex-grow: 0; height: 14px; width: 60px;\"><\/div>\n<\/div>\n<\/div>\n<div style=\"padding: 19% 0;\"><\/div>\n<div style=\"display: block; height: 50px; margin: 0 auto 12px; width: 50px;\"><\/div>\n<div style=\"padding-top: 8px;\">\n<div style=\"color: #3897f0; font-family: Arial,sans-serif; font-size: 14px; font-style: normal; font-weight: 550; line-height: 18px;\"> Voir cette publication sur Instagram. <\/div>\n<\/div>\n<div style=\"padding: 12.5% 0;\"><\/div>\n<div style=\"display: flex; flex-direction: row; margin-bottom: 14px; align-items: center;\">\n<div>\n<div style=\"background-color: #f4f4f4; border-radius: 50%; height: 12.5px; width: 12.5px; transform: translateX(0px) translateY(7px);\"><\/div>\n<div style=\"background-color: #f4f4f4; height: 12.5px; transform: rotate(-45deg) translateX(3px) translateY(1px); width: 12.5px; flex-grow: 0; margin-right: 14px; margin-left: 2px;\"><\/div>\n<div style=\"background-color: #f4f4f4; border-radius: 50%; height: 12.5px; width: 12.5px; transform: translateX(9px) translateY(-18px);\"><\/div>\n<\/div>\n<div style=\"margin-left: 8px;\">\n<div style=\"background-color: #f4f4f4; border-radius: 50%; flex-grow: 0; height: 20px; width: 20px;\"><\/div>\n<div style=\"width: 0; height: 0; border-top: 2px solid transparent; border-left: 6px solid #f4f4f4; border-bottom: 2px solid transparent; transform: translateX(16px) translateY(-4px) rotate(30deg);\"><\/div>\n<\/div>\n<div style=\"margin-left: auto;\">\n<div style=\"width: 0px; border-top: 8px solid #F4F4F4; border-right: 8px solid transparent; transform: translateY(16px);\"><\/div>\n<div style=\"background-color: #f4f4f4; flex-grow: 0; height: 12px; width: 16px; transform: translateY(-4px);\"><\/div>\n<div style=\"width: 0; height: 0; border-top: 8px solid #F4F4F4; border-left: 8px solid transparent; transform: translateY(-4px) translateX(8px);\"><\/div>\n<\/div>\n<\/div>\n<div style=\"display: flex; flex-direction: column; flex-grow: 1; justify-content: center; margin-bottom: 24px;\">\n<div style=\"background-color: #f4f4f4; border-radius: 4px; flex-grow: 0; height: 14px; margin-bottom: 6px; width: 224px;\"><\/div>\n<div style=\"background-color: #f4f4f4; border-radius: 4px; flex-grow: 0; height: 14px; width: 144px;\"><\/div>\n<\/div>\n<p style=\"color: #c9c8cd; font-family: Arial,sans-serif; font-size: 14px; line-height: 17px; margin-bottom: 0; margin-top: 8px; overflow: hidden; padding: 8px 0 7px; text-align: center; text-overflow: ellipsis; white-space: nowrap;\"> <a style=\"color: #c9c8cd; font-family: Arial,sans-serif; font-size: 14px; font-style: normal; font-weight: normal; line-height: 17px; text-decoration: none;\" href=\"https:\/\/www.instagram.com\/p\/DVjn2oGAbgD\/?utm_source=ig_embed&amp;utm_campaign=loading\" target=\"_blank\" rel=\"noopener\">Le message a \u00e9t\u00e9 partag\u00e9 par l&#39;Op\u00e9ra de Seattle (@seattleopera)<\/a><\/p>\n<\/div>\n<\/blockquote>\n<p><script async src=\"\/\/www.instagram.com\/embed.js\"><\/script><\/p>\n<blockquote class=\"tiktok-embed\" style=\"max-width: 605px; min-width: 325px;\" cite=\"https:\/\/www.tiktok.com\/@teatroallascala\/video\/7614222791801425174\" data-video-id=\"7614222791801425174\">\n<section> <a title=\"@teatroallascala\" href=\"https:\/\/www.tiktok.com\/@teatroallascala?refer=embed\" target=\"_blank\" rel=\"noopener\">@teatroallascala<\/a> Quelqu&#39;un se soucie de vous \u2728 Et si vous nous rendez visite, vous aussi peut-\u00eatre. <a title=\"th\u00e9\u00e2treallascala\" href=\"https:\/\/www.tiktok.com\/tag\/teatroallascala?refer=embed\" target=\"_blank\" rel=\"noopener\">#teatroallascala<\/a> <a title=\"op\u00e9ra\" href=\"https:\/\/www.tiktok.com\/tag\/opera?refer=embed\" target=\"_blank\" rel=\"noopener\">#op\u00e9ra<\/a> <a title=\"ballet\" href=\"https:\/\/www.tiktok.com\/tag\/ballet?refer=embed\" target=\"_blank\" rel=\"noopener\">#ballet<\/a> <a title=\"thimotechalamet\" href=\"https:\/\/www.tiktok.com\/tag\/thimoteechalamet?refer=embed\" target=\"_blank\" rel=\"noopener\">#thimoteechalamet<\/a> <a title=\"\u266c audio originale - Th\u00e9\u00e2tre de la Scala\" href=\"https:\/\/www.tiktok.com\/music\/audio-originale-7614222807773235990?refer=embed\" target=\"_blank\" rel=\"noopener\">\u266c audio originale \u2013 Teatro alla Scala<\/a><\/section>\n<\/blockquote>\n<p><script async src=\"https:\/\/www.tiktok.com\/embed.js\"><\/script><\/p>\n<p><span style=\"font-weight: 400;\">De son c\u00f4t\u00e9, le Royal Opera House de Londres a publi\u00e9 une vid\u00e9o accompagn\u00e9e de la l\u00e9gende suivante\u00a0: \u00ab\u00a0Chaque soir, au Royal Opera House, des milliers de personnes se rassemblent pour assister \u00e0 des ballets et des op\u00e9ras. Pour la musique. Pour les histoires. Pour la magie pure du spectacle vivant. Si vous souhaitez reconsid\u00e9rer votre d\u00e9cision, @tchalamet, nos portes vous sont ouvertes.\u00a0\u00bb<\/span><\/p>\n<p> <span style=\"font-weight: 400;\">En y r\u00e9fl\u00e9chissant bien, il est assez ironique qu&#39;un acteur hollywoodien ait d\u00fb le souligner pour que l&#39;attention du public se porte enfin sur le sujet. Faisons-en un \u00e9lectrochoc et engageons enfin une discussion franche sur le v\u00e9ritable public auquel s&#39;adressent l&#39;op\u00e9ra et le ballet.<\/span><\/p>\n<\/p>\n<blockquote class=\"tiktok-embed\" style=\"max-width: 605px; min-width: 325px;\" cite=\"https:\/\/www.tiktok.com\/@royalballetandopera\/video\/7614147724786552097\" data-video-id=\"7614147724786552097\">\n<section> <a title=\"@royalballetandopera\" href=\"https:\/\/www.tiktok.com\/@royalballetandopera?refer=embed\" target=\"_blank\" rel=\"noopener\">@royalballetandopera<\/a> Chaque soir, au Royal Opera House, des milliers de personnes se rassemblent pour le ballet et l&#39;op\u00e9ra. Pour la musique. Pour les histoires. Pour la magie pure du spectacle vivant. Si vous souhaitez reconsid\u00e9rer votre d\u00e9cision, @tchalamet, nos portes vous sont ouvertes. \u2728 <a title=\"le ballet royal\" href=\"https:\/\/www.tiktok.com\/tag\/theroyalballet?refer=embed\" target=\"_blank\" rel=\"noopener\">#TheRoyalBallet<\/a> <a title=\"l&#039;op\u00e9ra royal\" href=\"https:\/\/www.tiktok.com\/tag\/theroyalopera?refer=embed\" target=\"_blank\" rel=\"noopener\">#TheRoyalOpera<\/a> <a title=\"op\u00e9ra de ballet royal\" href=\"https:\/\/www.tiktok.com\/tag\/royalballetandopera?refer=embed\" target=\"_blank\" rel=\"noopener\">#RoyalBalletAndOpera<\/a> <a title=\"\u266c Son original - Royal Ballet et Op\u00e9ra\" href=\"https:\/\/www.tiktok.com\/music\/original-sound-Royal-Ballet-and-Opera-7614147762816355105?refer=embed\" target=\"_blank\" rel=\"noopener\">\u266c original sound \u2013 Royal Ballet and Opera<\/a><\/section>\n<\/blockquote>\n<p><script async src=\"https:\/\/www.tiktok.com\/embed.js\"><\/script><\/p>\n","protected":false},"excerpt":{"rendered":"<p>\u00ab Je ne veux pas travailler dans le ballet ou l&#39;op\u00e9ra o\u00f9 l&#39;on nous dit : &quot;H\u00e9 ! Faites perdurer cet art&quot;, m\u00eame si plus personne ne s&#39;y int\u00e9resse. \u00bb \u2013 Timoth\u00e9e Chalamet Arr\u00eatons-nous un [&hellip;]<\/p>\n","protected":false},"author":2550,"featured_media":88241,"comment_status":"closed","ping_status":"closed","sticky":false,"template":"","format":"standard","meta":{"_acf_changed":false,"footnotes":""},"categories":[597,608,566,676,674],"tags":[6097,26424,26425,26426,26427,26428,26429,26430,26431,26432,26433,26434,26435,26436,26437,26438,26439,26440,26441,26442,18160,26443,26444,26445,26446,9220,26447,26448,26449,26450,26451,26452,26453,26454,26455,26456,26457,26458],"post_formats":[616],"coauthors":[22020],"class_list":["post-88516","post","type-post","status-publish","format-standard","has-post-thumbnail","hentry","category-actualites","category-connecter-les-points","category-general-fr","category-patrimoine","category-patrimoine-culturel","tag-accessibility-fr","tag-arts-criticism","tag-arts-elitism","tag-arts-funding","tag-arts-institutions","tag-audiences","tag-ballet","tag-ballet-audiences","tag-ballet-companies","tag-ballet-culture","tag-ballet-debate","tag-ballet-funding","tag-ballet-history","tag-ballet-market","tag-ballet-popularity","tag-ballet-tickets","tag-classical-arts","tag-cultural-class","tag-cultural-commentary","tag-cultural-economics","tag-culture","tag-elitism","tag-heritage","tag-high-culture","tag-mainstream-culture","tag-opera-fr","tag-opera-audiences","tag-opera-culture","tag-opera-debate","tag-opera-funding","tag-opera-history","tag-opera-houses","tag-opera-market","tag-opera-popularity","tag-opera-tickets","tag-performing-arts","tag-performing-arts-debate","tag-timothee-chalamet","post_formats-articles-fr"],"acf":[],"_links":{"self":[{"href":"https:\/\/www.pulse-z.eu\/fr\/wp-json\/wp\/v2\/posts\/88516","targetHints":{"allow":["GET"]}}],"collection":[{"href":"https:\/\/www.pulse-z.eu\/fr\/wp-json\/wp\/v2\/posts"}],"about":[{"href":"https:\/\/www.pulse-z.eu\/fr\/wp-json\/wp\/v2\/types\/post"}],"author":[{"embeddable":true,"href":"https:\/\/www.pulse-z.eu\/fr\/wp-json\/wp\/v2\/users\/2550"}],"replies":[{"embeddable":true,"href":"https:\/\/www.pulse-z.eu\/fr\/wp-json\/wp\/v2\/comments?post=88516"}],"version-history":[{"count":8,"href":"https:\/\/www.pulse-z.eu\/fr\/wp-json\/wp\/v2\/posts\/88516\/revisions"}],"predecessor-version":[{"id":88632,"href":"https:\/\/www.pulse-z.eu\/fr\/wp-json\/wp\/v2\/posts\/88516\/revisions\/88632"}],"wp:featuredmedia":[{"embeddable":true,"href":"https:\/\/www.pulse-z.eu\/fr\/wp-json\/wp\/v2\/media\/88241"}],"wp:attachment":[{"href":"https:\/\/www.pulse-z.eu\/fr\/wp-json\/wp\/v2\/media?parent=88516"}],"wp:term":[{"taxonomy":"category","embeddable":true,"href":"https:\/\/www.pulse-z.eu\/fr\/wp-json\/wp\/v2\/categories?post=88516"},{"taxonomy":"post_tag","embeddable":true,"href":"https:\/\/www.pulse-z.eu\/fr\/wp-json\/wp\/v2\/tags?post=88516"},{"taxonomy":"post_formats","embeddable":true,"href":"https:\/\/www.pulse-z.eu\/fr\/wp-json\/wp\/v2\/post_formats?post=88516"},{"taxonomy":"author","embeddable":true,"href":"https:\/\/www.pulse-z.eu\/fr\/wp-json\/wp\/v2\/coauthors?post=88516"}],"curies":[{"name":"wp","href":"https:\/\/api.w.org\/{rel}","templated":true}]}}