{"id":86886,"date":"2026-03-08T08:00:01","date_gmt":"2026-03-08T08:00:01","guid":{"rendered":"https:\/\/www.pulse-z.eu\/two-eu-countries-still-deny-women-the-right-to-choose\/"},"modified":"2026-03-08T08:00:35","modified_gmt":"2026-03-08T08:00:35","slug":"deux-pays-de-lue-refusent-encore-aux-femmes-le-droit-de-choisir","status":"publish","type":"post","link":"https:\/\/www.pulse-z.eu\/fr\/deux-pays-de-lue-refusent-encore-aux-femmes-le-droit-de-choisir\/","title":{"rendered":"Deux pays de l&#039;UE refusent encore aux femmes le droit de choisir"},"content":{"rendered":"\n<p><span style=\"font-weight: 400\">Si l&#039;on prenait du recul et que l&#039;on consid\u00e9rait l&#039;<\/span> <a href=\"https:\/\/european-union.europa.eu\/index_en\" target=\"_blank\" rel=\"noopener\"><span style=\"font-weight: 400\">Union europ\u00e9enne<\/span><\/a> dans son ensemble, on pourrait croire que les droits des femmes <span style=\"font-weight: 400\">, et plus particuli\u00e8rement<\/span><a href=\"https:\/\/reproductiverights.org\/europe-abortion-laws-2025\/\" target=\"_blank\" rel=\"noopener\"><span style=\"font-weight: 400\">le droit \u00e0 l&#039;avortement,<\/span><\/a> <span style=\"font-weight: 400\">figurent parmi les<\/span> <a href=\"https:\/\/european-union.europa.eu\/principles-countries-history\/principles-and-values\/aims-and-values_en\" target=\"_blank\" rel=\"noopener\"><span style=\"font-weight: 400\">valeurs europ\u00e9ennes<\/span><\/a> fondamentales. <span style=\"font-weight: 400\">Apr\u00e8s tout, l&#039;\u00e9galit\u00e9 entre les hommes et les femmes est l&#039;un des principes fondateurs de l&#039;Union europ\u00e9enne, qui remonte au<\/span> <a href=\"https:\/\/eur-lex.europa.eu\/EN\/legal-content\/glossary\/equality-between-women-and-men.html\" target=\"_blank\" rel=\"noopener\"><span style=\"font-weight: 400\">trait\u00e9 de Rome de 1957.<\/span><\/a> <span style=\"font-weight: 400\">Pourtant, aujourd&#039;hui, 8 mars 2026,<\/span> <a href=\"https:\/\/www.internationalwomensday.com\/\" target=\"_blank\" rel=\"noopener\"><span style=\"font-weight: 400\">Journ\u00e9e internationale des femmes<\/span><\/a> , deux \u00c9tats membres de l&#039;UE, <a href=\"https:\/\/reproductiverights.org\/news\/one-year-on-poland-has-yet-to-act-on-un-recommendations-for-abortion-law-reform\/\" target=\"_blank\" rel=\"noopener\"><span style=\"font-weight: 400\">la Pologne<\/span><\/a> <span style=\"font-weight: 400\">et<\/span> Malte, <span style=\"font-weight: 400\">ferment les yeux sur l&#039;avortement depuis trop longtemps<\/span> <a href=\"https:\/\/reproductiverights.org\/news\/maltas-amended-abortion-law-will-not-protect-womens-health-and-lives\/\" target=\"_blank\" rel=\"noopener\"><span style=\"font-weight: 400\">.<\/span><\/a><span style=\"font-weight: 400\">\u00a0<\/span><\/p>\n<p><span style=\"font-weight: 400\">L&#039;Union europ\u00e9enne s&#039;enorgueillit de disposer d&#039;instruments juridiques contraignants que les \u00c9tats membres sont tenus de respecter.<\/span> <a href=\"https:\/\/www.europarl.europa.eu\/ftu\/pdf\/en\/FTU_4.1.2.pdf\" target=\"_blank\" rel=\"noopener\"><span style=\"font-weight: 400\">L&#039;article 2<\/span><\/a> <span style=\"font-weight: 400\">du trait\u00e9 sur l&#039;Union europ\u00e9enne \u00e9rige l&#039;\u00e9galit\u00e9 en valeur fondamentale.<\/span> <a href=\"https:\/\/fra.europa.eu\/en\/eu-charter\/article\/3-right-integrity-person\" target=\"_blank\" rel=\"noopener\"><span style=\"font-weight: 400\">L&#039;article 3<\/span><\/a> <span style=\"font-weight: 400\">de la Charte des droits fondamentaux garantit le droit \u00e0 l&#039;int\u00e9grit\u00e9 physique. La<\/span> <a href=\"https:\/\/equineteurope.org\/wp-content\/uploads\/2025\/10\/EU-202-2030-Gender-Equality-Strategy-Consultation.pdf\" target=\"_blank\" rel=\"noopener\"><span style=\"font-weight: 400\">strat\u00e9gie de l&#039;UE en faveur de l&#039;\u00e9galit\u00e9 entre les femmes et les hommes pour la p\u00e9riode 2026-2030<\/span><\/a> <span style=\"font-weight: 400\">a \u00e9t\u00e9 \u00e9labor\u00e9e afin d&#039;acc\u00e9l\u00e9rer les actions en faveur des droits des femmes.<\/span><\/p>\n<p> <span style=\"font-weight: 400\">Pourtant, la<\/span> <a href=\"https:\/\/equineteurope.org\/wp-content\/uploads\/2025\/10\/EU-202-2030-Gender-Equality-Strategy-Consultation.pdf\" target=\"_blank\" rel=\"noopener\"><span style=\"font-weight: 400\">strat\u00e9gie elle-m\u00eame<\/span><\/a> <span style=\"font-weight: 400\">reconna\u00eet<\/span> <i><span style=\"font-weight: 400\">\u00ab des obstacles \u00e0 la contraception et des restrictions \u00e0 l\u2019avortement l\u00e9gal et s\u00e9curis\u00e9, m\u00eame dans certains \u00c9tats membres de l\u2019UE \u00bb.<\/span><\/i> <span style=\"font-weight: 400\">\u00c0 l\u2019int\u00e9rieur de ses propres fronti\u00e8res,<\/span> <a href=\"https:\/\/secure.avaaz.org\/campaign\/en\/my_voice_my_choice_1_0\/?fpla\" target=\"_blank\" rel=\"noopener\"><span style=\"font-weight: 400\">des millions de femmes<\/span><\/a> <span style=\"font-weight: 400\">se voient refuser le droit de choisir ce qui arrive \u00e0 leur corps.<\/span><\/p>\n<p> <span style=\"font-weight: 400\">Bien que le droit de l&#039;avortement rel\u00e8ve en grande partie de la comp\u00e9tence des \u00c9tats membres, l&#039;UE peut exercer une pression politique et fixer des normes d&#039;\u00e9galit\u00e9. Toutefois, des tensions persistent entre le droit p\u00e9nal national et les valeurs europ\u00e9ennes communes, qui sont au c\u0153ur du d\u00e9bat actuel.<\/span><\/p>\n<p><span style=\"font-weight: 400\">En consid\u00e9rant d&#039;abord la situation dans son ensemble, notamment les normes internationales en mati\u00e8re de sant\u00e9 et de droits de l&#039;homme, ils abordent l&#039;avortement avant tout comme<\/span> <a href=\"https:\/\/www.amnesty.org\/en\/what-we-do\/sexual-and-reproductive-rights\/abortion-facts\/\" target=\"_blank\" rel=\"noopener\"><span style=\"font-weight: 400\">un soin de sant\u00e9 et une question d&#039;autonomie corporelle<\/span><\/a> <span style=\"font-weight: 400\">, et non comme un homicide.<\/span><\/p>\n<p> <span style=\"font-weight: 400\">L\u2019<\/span><a href=\"https:\/\/www.who.int\/news-room\/fact-sheets\/detail\/abortion\" target=\"_blank\" rel=\"noopener\"><span style=\"font-weight: 400\">Organisation mondiale de la sant\u00e9<\/span><\/a> <span style=\"font-weight: 400\">consid\u00e8re l\u2019avortement comme une composante essentielle des soins de sant\u00e9 sexuelle et reproductive et<\/span> <a href=\"https:\/\/srhr.org\/abortioncare\/chapter-2\/recommendations-relating-to-regulation-of-abortion-2-2\/law-policy-recommendation-3-gestational-age-limits-2-2-3\/\" target=\"_blank\" rel=\"noopener\"><span style=\"font-weight: 400\">d\u00e9conseille<\/span><\/a> <span style=\"font-weight: 400\">les lois qui interdisent l\u2019avortement uniquement en fonction de<\/span> <a href=\"https:\/\/ec.europa.eu\/eurostat\/statistics-explained\/SEPDF\/cache\/7754.pdf\" target=\"_blank\" rel=\"noopener\"><span style=\"font-weight: 400\">l\u2019\u00e2ge gestationnel<\/span><\/a> <span style=\"font-weight: 400\">, car de telles restrictions retardent l\u2019acc\u00e8s et augmentent les risques au lieu de \u00ab prot\u00e9ger la vie \u00bb.<\/span><\/p>\n<p> <span style=\"font-weight: 400\">De m\u00eame, les<\/span> <span style=\"font-weight: 400\">organes conventionnels<\/span> <a href=\"https:\/\/www.un.org\/development\/desa\/pd\/sites\/www.un.org.development.desa.pd\/files\/undesa_pd_2017_abortion_laws_policies_country_profiles.pdf\" target=\"_blank\" rel=\"noopener\"><span style=\"font-weight: 400\">des Nations Unies<\/span><\/a> , tels que le <a href=\"https:\/\/www.who.int\/publications\/i\/item\/9789240039483\" target=\"_blank\" rel=\"noopener\"><span style=\"font-weight: 400\">Comit\u00e9 des droits de l&#039;homme<\/span><\/a> <span style=\"font-weight: 400\">, mettent \u00e9galement en garde contre la criminalisation des personnes qui interrompent une grossesse et soulignent les devoirs des pays de prot\u00e9ger la vie et la sant\u00e9 des femmes afin de pr\u00e9venir les souffrances caus\u00e9es par la poursuite forc\u00e9e d&#039;une grossesse.<\/span><\/p>\n<p> <span style=\"font-weight: 400\">Parall\u00e8lement, l\u2019OMS reconna\u00eet que le type de soins et le niveau de soutien varient souvent en fonction du stade de la grossesse. Par exemple, l\u2019OMS note que l\u2019avortement m\u00e9dicamenteux autog\u00e9r\u00e9 peut \u00eatre s\u00fbr et efficace avant la<\/span> <a href=\"https:\/\/cdn.who.int\/media\/docs\/default-source\/reproductive-health\/abortion\/summary-chart-medical-management-abortion.pdf?sfvrsn=c735d28a_3\" target=\"_blank\" rel=\"noopener\"><span style=\"font-weight: 400\">12e semaine<\/span><\/a> de grossesse <span style=\"font-weight: 400\">, \u00e0 condition d\u2019avoir acc\u00e8s \u00e0 des informations fiables et \u00e0 un soutien si n\u00e9cessaire.<\/span><\/p>\n<p> <span style=\"font-weight: 400\">En clair, tous ces organismes internationaux comprennent que la solution ne doit pas consister \u00e0 \u00ab punir \u00bb les femmes, mais \u00e0 garantir \u00e0 toutes les femmes l\u2019acc\u00e8s \u00e0 des soins m\u00e9dicaux s\u00fbrs, \u00e0 la dignit\u00e9 et au libre choix, en particulier lorsqu\u2019elles sont contraintes de recourir \u00e0 des m\u00e9thodes d\u2019avortement dangereuses.<\/span><\/p>\n<p><span style=\"font-weight: 400\">Malgr\u00e9 ce consensus international clair sur l&#039;avortement comme soin de sant\u00e9, la Pologne et Malte font figure d&#039;exceptions au sein de l&#039;UE en la mati\u00e8re. Comment l&#039;expliquer\u00a0? Ces deux pays accordent une grande importance \u00e0 la religion\u00a0: ils sont fortement attach\u00e9s \u00e0 la foi catholique,<\/span> <a href=\"https:\/\/timesofmalta.com\/article\/90-caucasian-83-roman-catholic-malta-census-statistics-released.1014045\" target=\"_blank\" rel=\"noopener\"><span style=\"font-weight: 400\">83\u00a0%<\/span><\/a> <span style=\"font-weight: 400\">des Maltais et<\/span> <a href=\"https:\/\/oko.press\/spis-powszechny-katolicy\" target=\"_blank\" rel=\"noopener\"><span style=\"font-weight: 400\">71\u00a0%<\/span><\/a> <span style=\"font-weight: 400\">des Polonais se d\u00e9clarant catholiques.<\/span><\/p>\n<p> <span style=\"font-weight: 400\">Ce lien entre le peuple et l&#039;\u00c9glise fa\u00e7onne encore aujourd&#039;hui les soci\u00e9t\u00e9s polonaise et maltaise, notamment en ce qui concerne les valeurs familiales, qui influencent fortement l&#039;opinion des citoyens sur l&#039;avortement. Malgr\u00e9 l&#039;existence de mouvements pro-choix actifs, la plupart de ces soci\u00e9t\u00e9s restent sceptiques. Pr\u00e8s de<\/span> <a href=\"https:\/\/www.maltatoday.com.mt\/news\/data_and_surveys\/118089\/maltatoday_survey_malta_anti_abortion_nation_but_opinion_is_shifting\" target=\"_blank\" rel=\"noopener\"><span style=\"font-weight: 400\">62 %<\/span><\/a> <span style=\"font-weight: 400\">des Maltais et<\/span> <a href=\"https:\/\/cbos.pl\/SPISKOM.POL\/2024\/K_020_24.PDF\" target=\"_blank\" rel=\"noopener\"><span style=\"font-weight: 400\">63 %<\/span><\/a> <span style=\"font-weight: 400\">des Polonais s&#039;opposent \u00e0 une lib\u00e9ralisation totale de la loi sur l&#039;avortement.<\/span><\/p>\n<p> <span style=\"font-weight: 400\">Malgr\u00e9 des attitudes similaires, la situation juridique des femmes polonaises semble plut\u00f4t favorable. Aucune loi ne criminalise explicitement l&#039;avortement m\u00e9dicamenteux auto-induit.<\/span><\/p>\n<p> <span style=\"font-weight: 400\">Bien que les pilules abortives ne puissent pas \u00eatre achet\u00e9es dans les pharmacies locales, elles peuvent \u00eatre command\u00e9es \u00e0 l&#039;\u00e9tranger via des r\u00e9seaux militants, tels que<\/span> <a href=\"https:\/\/womenhelp.org\/\" target=\"_blank\" rel=\"noopener\"><span style=\"font-weight: 400\">WomenHelpWomen<\/span><\/a> <span style=\"font-weight: 400\">, ou la toute premi\u00e8re clinique d&#039;avortement en Pologne \u2013<\/span> <a href=\"https:\/\/abotak.org\/\" target=\"_blank\" rel=\"noopener\"><span style=\"font-weight: 400\">Abotak<\/span><\/a> <span style=\"font-weight: 400\">.<\/span><\/p>\n<p> <span style=\"font-weight: 400\">Cependant, il est ill\u00e9gal d&#039;aider d\u00e9lib\u00e9r\u00e9ment et directement \u00e0 un avortement, ce qui signifie que commander des pilules pour une amie sous votre nom vous expose \u00e0 une peine pouvant aller jusqu&#039;\u00e0<\/span> <a href=\"https:\/\/sip.lex.pl\/akty-prawne\/dzu-dziennik-ustaw\/kodeks-karny-16798683\/art-152\" target=\"_blank\" rel=\"noopener\"><span style=\"font-weight: 400\">trois ans de prison<\/span><\/a> <span style=\"font-weight: 400\">.<\/span><\/p>\n<p> <span style=\"font-weight: 400\">\u00c0 Malte, en revanche, l&#039;avortement reste ill\u00e9gal dans la plupart des cas, sauf exceptions limit\u00e9es<\/span> <a href=\"https:\/\/www.amnesty.org\/en\/location\/europe-and-central-asia\/western-central-and-south-eastern-europe\/malta\/report-malta\/\" target=\"_blank\" rel=\"noopener\"><span style=\"font-weight: 400\">o\u00f9 la vie ou la sant\u00e9 de la patiente est en danger et avant la viabilit\u00e9 f\u0153tale<\/span><\/a> <span style=\"font-weight: 400\">. En vertu du Code p\u00e9nal maltais,<\/span> <i><span style=\"font-weight: 400\">le fait de provoquer soi-m\u00eame une fausse couche ou de consentir \u00e0 l&#039;utilisation de moyens ayant men\u00e9 \u00e0 une fausse couche<\/span><\/i> <span style=\"font-weight: 400\">est passible d&#039;une peine pouvant aller jusqu&#039;\u00e0<\/span> <a href=\"https:\/\/www.safeabortionmalta.com\/#:~:text=in%20the%20EU.-,%E2%80%8B,twenty%20five%20years%20at%20least.\" target=\"_blank\" rel=\"noopener\"><span style=\"font-weight: 400\">trois ans d&#039;emprisonnement<\/span><\/a> <span style=\"font-weight: 400\">. Face \u00e0 l&#039;augmentation du co\u00fbt des avortements \u00e0 l&#039;\u00e9tranger (<\/span> <a href=\"https:\/\/www.amphora.media\/2025\/04\/alone-constant-fear-of-being-caught-over-2000-self-managed-abortions-in-malta-in-last-five-years-despite-near-blanket-ban\" target=\"_blank\" rel=\"noopener\"><span style=\"font-weight: 400\">entre 2\u00a0000 et 3\u00a0000\u00a0\u20ac<\/span><\/a> <span style=\"font-weight: 400\">), le nombre d&#039;avortements m\u00e9dicamenteux autog\u00e9r\u00e9s \u00e0 Malte<\/span> <a href=\"https:\/\/www.amphora.media\/2025\/04\/alone-constant-fear-of-being-caught-over-2000-self-managed-abortions-in-malta-in-last-five-years-despite-near-blanket-ban\" target=\"_blank\" rel=\"noopener\"><span style=\"font-weight: 400\">a doubl\u00e9<\/span><\/a> <span style=\"font-weight: 400\">entre 2020 et 2024.<\/span><\/p>\n<\/p>\n<p><span style=\"font-weight: 400\">Bien que ces deux pays partagent des points communs, ils diff\u00e8rent consid\u00e9rablement quant \u00e0 l&#039;\u00e9volution de leur l\u00e9gislation sur l&#039;avortement et \u00e0 la mani\u00e8re dont ce sujet est abord\u00e9 publiquement.<\/span> <span style=\"font-weight: 400\">La premi\u00e8re distinction r\u00e9side dans leur histoire juridique. En<\/span> <a href=\"https:\/\/pubmed.ncbi.nlm.nih.gov\/1777450\/\" target=\"_blank\" rel=\"noopener\"><span style=\"font-weight: 400\">Pologne,<\/span><\/a> <span style=\"font-weight: 400\">durant la p\u00e9riode communiste (ann\u00e9es 1950-1989), l&#039;avortement \u00e9tait l\u00e9gal et largement accessible. Malte, en revanche, a toujours maintenu une interdiction, ce qui en fait l&#039;un des pays europ\u00e9ens dot\u00e9s d&#039;un cadre juridique parmi les plus restrictifs.<\/span><\/p>\n<p> <span style=\"font-weight: 400\">Une autre diff\u00e9rence concerne la visibilit\u00e9 m\u00e9diatique et le discours public. \u00c0<\/span> <span style=\"font-weight: 400\">Malte, l&#039;avortement est devenu un sujet de d\u00e9bat public important dans des \u00e9missions t\u00e9l\u00e9vis\u00e9es telles que<\/span> <a href=\"https:\/\/youtu.be\/44ZEsl8O3UI?feature=shared\" target=\"_blank\" rel=\"noopener\"><span style=\"font-weight: 400\">Popolin<\/span><\/a> <span style=\"font-weight: 400\">, dans les reportages et sur les r\u00e9seaux sociaux, notamment<\/span> <a href=\"https:\/\/lovinmalta.com\/lifestyle\/health\/reproductive-health\/maltese-activists-urge-eu-to-back-my-voice-my-choice-abortion-proposal\/\" target=\"_blank\" rel=\"noopener\"><span style=\"font-weight: 400\">Lovin Malta<\/span><\/a> <span style=\"font-weight: 400\">et<\/span> <a href=\"https:\/\/youtu.be\/cW8_UlWfixA?si=rOY3wXHkP-sn3xx3\" target=\"_blank\" rel=\"noopener\"><span style=\"font-weight: 400\">Freehour<\/span><\/a> <span style=\"font-weight: 400\">.<\/span><\/p>\n<p> <span style=\"font-weight: 400\">Plus r\u00e9cemment, l&#039;association \u00e9tudiante de l&#039;universit\u00e9 KSU (Kunsill Studenti Universitarji) a publi\u00e9 les r\u00e9sultats de son enqu\u00eate sur l&#039;avortement, r\u00e9v\u00e9lant qu&#039;une majorit\u00e9 d&#039;\u00e9tudiants participants s&#039;opposent \u00e0 sa l\u00e9galisation\u00a0: environ 58\u00a0% y sont oppos\u00e9s et 42\u00a0% y sont favorables. Cela t\u00e9moigne de l&#039;opinion des \u00e9tudiants sur la question.<\/span><\/p>\n<p> <span style=\"font-weight: 400\">Il est n\u00e9anmoins important de rappeler que, malgr\u00e9 les progr\u00e8s accomplis, la censure persiste ; des discussions ont parfois \u00e9t\u00e9 bloqu\u00e9es, y compris \u00e0 l&#039;<\/span> <a href=\"https:\/\/www.maltatoday.com.mt\/news\/national\/131507\/ksu_removes_moviment_graffitti_freshers_stand_due_to_prochoice_material\" target=\"_blank\" rel=\"noopener\"><span style=\"font-weight: 400\">Universit\u00e9 de Malte.<\/span><\/a><\/p>\n<p> <span style=\"font-weight: 400\">En Pologne, l&#039;avortement est un sujet largement d\u00e9battu, mais tr\u00e8s polaris\u00e9 en raison des r\u00e9cents bouleversements l\u00e9gislatifs. Par exemple, en 2020, le<\/span> <a href=\"https:\/\/www.theguardian.com\/world\/2020\/oct\/22\/poland-rules-abortion-due-to-foetal-defects-unconstitutional\" target=\"_blank\" rel=\"noopener\"><span style=\"font-weight: 400\">Tribunal constitutionnel<\/span><\/a> <span style=\"font-weight: 400\">a statu\u00e9 en restreignant davantage l&#039;acc\u00e8s \u00e0 l&#039;avortement en interdisant la plupart des cas d&#039;anomalies f\u0153tales. Cette d\u00e9cision a entra\u00een\u00e9 d&#039;importantes manifestations \u00e0 travers le pays, organis\u00e9es notamment par le mouvement Og\u00f3lnopolski Strajk Kobiet (Gr\u00e8ve des femmes).<\/span> <a href=\"https:\/\/www.theguardian.com\/world\/2020\/oct\/22\/poland-rules-abortion-due-to-foetal-defects-unconstitutional\" target=\"_blank\" rel=\"noopener\"><span style=\"font-weight: 400\">\u00a0<\/span><\/a><\/p>\n<p><span style=\"font-weight: 400\">Durant les confinements li\u00e9s \u00e0 la COVID-19, des \u00e9tudiants polonais ont utilis\u00e9 les cours en ligne comme espaces de protestation symbolique en changeant leur photo de profil pour l&#039;\u00e9clair rouge du mouvement<\/span> <a href=\"https:\/\/strajkkobiet.eu\/\" target=\"_blank\" rel=\"noopener\"><span style=\"font-weight: 400\">Strajk Kobiet<\/span><\/a> <span style=\"font-weight: 400\">(Gr\u00e8ve des femmes polonaises) suite \u00e0 la d\u00e9cision de 2020 sur l&#039;avortement.<\/span> <a href=\"https:\/\/bip.brpo.gov.pl\/pl\/content\/rpo-profesorka-przerwala-wyklad-z-powodu-symbolu-strajku-kobiet\" target=\"_blank\" rel=\"noopener\"><span style=\"font-weight: 400\">\u00c0 l&#039;Universit\u00e9 de Sil\u00e9sie,<\/span><\/a> <span style=\"font-weight: 400\">un professeur a m\u00eame interrompu un cours car un \u00e9tudiant affichait ce symbole. Cet incident illustre les tensions entre les institutions universitaires et la libert\u00e9 d&#039;expression des \u00e9tudiants.<\/span><\/p>\n<p> <span style=\"font-weight: 400\">Un troisi\u00e8me facteur est l&#039;\u00e9chelle. \u00c0 Malte, la petite population et la communaut\u00e9 soud\u00e9e font que les sujets sensibles se diffusent rapidement par le bouche-\u00e0-oreille et les m\u00e9dias. En Pologne, en revanche, la population plus importante et l&#039;\u00e9tendue du territoire permettent aux opinions et \u00e0 l&#039;activisme de varier consid\u00e9rablement d&#039;une r\u00e9gion \u00e0 l&#039;autre.<\/span><\/p>\n<blockquote>\n<p><em><span style=\"font-weight: 400\">\u00ab Le b\u00e9b\u00e9 p\u00e8se 485 g. Pour l&#039;instant, \u00e0 cause de la loi sur l&#039;avortement, je suis oblig\u00e9e de rester allong\u00e9e et ils ne peuvent rien faire. Ils vont attendre qu&#039;il meure, ou que quelque chose se produise, et si ce n&#039;est pas le cas, je risque une septic\u00e9mie. \u00bb \u2013<\/span> <span style=\"font-weight: 400\">Izabela, 30 ans<\/span><\/em><\/p>\n<\/blockquote>\n<p> <span style=\"font-weight: 400\">Malheureusement, m\u00eame dans les rares cas o\u00f9 l&#039;avortement est justifi\u00e9, ce n&#039;est pas toujours le cas.<\/span> <span style=\"font-weight: 400\">Ce furent parmi les derni\u00e8res paroles d&#039;<\/span> <a href=\"https:\/\/www.medonet.pl\/biznes-system-i-zdrowie\/trendy-w-ochronie-zdrowia,blagala-o-pomoc--tragiczna-smierc-ciezarnej-izabeli-z-pszczyny--lekarze-skazani,artykul,28021791.html\" target=\"_blank\" rel=\"noopener\"><span style=\"font-weight: 400\">Izabela, 30 ans<\/span><\/a> <span style=\"font-weight: 400\">, admise dans un h\u00f4pital de Pszczyna, en Pologne. Elle est d\u00e9c\u00e9d\u00e9e, laissant sa fille orpheline de m\u00e8re.<\/span><\/p>\n<p> <a href=\"https:\/\/www.medonet.pl\/biznes-system-i-zdrowie\/trendy-w-ochronie-zdrowia,blagala-o-pomoc--tragiczna-smierc-ciezarnej-izabeli-z-pszczyny--lekarze-skazani,artykul,28021791.html\" target=\"_blank\" rel=\"noopener\"><span style=\"font-weight: 400\">Izabela<\/span><\/a> <span style=\"font-weight: 400\">a clairement exprim\u00e9 son d\u00e9sir de vivre et le fait qu&#039;elle avait une raison de vivre. Malgr\u00e9 ses sympt\u00f4mes, on lui a seulement dit qu&#039;elle devait attendre, car le c\u0153ur du f\u0153tus battait encore. Finalement, nous avons perdu tout contact avec elle. \u00c0 l&#039;h\u00f4pital, elle avait d\u00e9j\u00e0 re\u00e7u de puissants s\u00e9datifs et n&#039;\u00e9tait plus capable de parler, d&#039;agir ni de demander de l&#039;aide. Nous \u00e9tions impuissants, coup\u00e9s de toute information et de toute personne.<\/span><\/p>\n<p> <span style=\"font-weight: 400\">Le d\u00e9c\u00e8s d&#039;Izabela<\/span> <a href=\"https:\/\/time.com\/6320172\/poland-abortion-laws-maternal-health-care\/\" target=\"_blank\" rel=\"noopener\"><span style=\"font-weight: 400\">n&#039;\u00e9tait pas le seul<\/span><\/a> <span style=\"font-weight: 400\">\u00e0 \u00eatre caus\u00e9 par la loi r\u00e9cemment modifi\u00e9e, ce qui a d\u00e9clench\u00e9 des manifestations \u00e0 travers le pays. En 2024, la loi a \u00e9t\u00e9 clarifi\u00e9e par la ministre de la Sant\u00e9, Izabela Leszczyna, qui a introduit une disposition suppl\u00e9mentaire autorisant l&#039;interruption de grossesse lorsque la vie ou la sant\u00e9 de la m\u00e8re, y compris son \u00e9tat mental, est en danger.<\/span><\/p>\n<p> <strong>Au moment o\u00f9 nous \u00e9crivons cet article, la vie d&#039;une autre femme est en jeu.<\/strong><\/p>\n<p> <span style=\"font-weight: 400\">Lela, une G\u00e9orgienne vivant en Pologne, fait des allers-retours \u00e0 l&#039;h\u00f4pital provincial sp\u00e9cialis\u00e9 d&#039;Olsztyn depuis d\u00e9cembre 2025.<\/span><\/p>\n<p> <span style=\"font-weight: 400\">Depuis le d\u00e9but de sa grossesse, Lela souffre de sympt\u00f4mes somatiques importants. \u00c0 15 semaines de grossesse, son \u00e9tat s&#039;est aggrav\u00e9 fin f\u00e9vrier. Souffrant d&#039;une inflammation chronique et d&#039;une ulc\u00e9ration de l&#039;\u0153sophage, Lela a commenc\u00e9 \u00e0 vomir du sang. Les m\u00e9decins ont alors interrompu son traitement en raison de sa grossesse.<\/span><\/p>\n<blockquote>\n<p style=\"text-align: center\"> <a href=\"https:\/\/oko.press\/lela-czeka-na-aborcje\" target=\"_blank\" rel=\"noopener\"><i><span style=\"font-weight: 400\">J&#039;ai un mari.<\/span><\/i><\/a><\/p>\n<p style=\"text-align: center\"> <a href=\"https:\/\/oko.press\/lela-czeka-na-aborcje\" target=\"_blank\" rel=\"noopener\"><i><span style=\"font-weight: 400\">J&#039;ai des enfants.<\/span><\/i><\/a><\/p>\n<p style=\"text-align: center\"> <a href=\"https:\/\/oko.press\/lela-czeka-na-aborcje\" target=\"_blank\" rel=\"noopener\"><i><span style=\"font-weight: 400\">J&#039;ai des gens pour qui vivre.<\/span><\/i><\/a><\/p>\n<\/blockquote>\n<p> <span style=\"font-weight: 400\">Selon des militantes de la<\/span> <a href=\"https:\/\/www.google.com\/search?q=polish+feminist+grouo+full+name+FEDERA&amp;rlz=1C1GCEA_enMT1094MT1094&amp;oq=polish+feminist+grouo+full+name+FEDERA&amp;gs_lcrp=EgZjaHJvbWUyBggAEEUYOTIJCAEQIRgKGKABMgkIAhAhGAoYoAEyBwgDECEYjwIyBwgEECEYjwIyBwgFECEYjwLSAQg1ODg5ajBqN6gCALACAA&amp;sourceid=chrome&amp;ie=UTF-8#:~:text=FEDERA%20is%20the-,Foundation%20for%20Women%20and%20Family%20Planning,-(formerly%20the%20Federation\" target=\"_blank\" rel=\"noopener\"><span style=\"font-weight: 400\">Fondation pour les femmes et la planification familiale<\/span><\/a> <span style=\"font-weight: 400\">(FEDERA), une organisation f\u00e9ministe polonaise, Lela a signal\u00e9 \u00e0 plusieurs reprises \u00e0 l&#039;h\u00f4pital, pendant au moins un mois, son souhait d&#039;interrompre sa grossesse pour raisons de sant\u00e9 graves, ce qui reste l\u00e9gal en vertu de la loi polonaise. Elle a d\u00e9pos\u00e9 une demande officielle aupr\u00e8s de l&#039;h\u00f4pital, r\u00e9dig\u00e9e en polonais et en g\u00e9orgien, afin d&#039;obtenir l&#039;avortement auquel elle a droit.<\/span><\/p>\n<p> <span style=\"font-weight: 400\">Malgr\u00e9 les efforts des militants, l&#039;h\u00f4pital continue de refuser l&#039;intervention, alors m\u00eame que l&#039;\u00e9tat de leur patiente s&#039;aggrave. Lela est faible, incapable de marcher ou de s&#039;alimenter seule, et vomit du sang.<\/span><\/p>\n<p><span style=\"font-weight: 400\">Les histoires d&#039;Izabela et de Lela n&#039;ont pas \u00e9t\u00e9 sans r\u00e9ponse.<\/span> <span style=\"font-weight: 400\">L&#039;<\/span> <a href=\"https:\/\/citizens-initiative.europa.eu\/_en\" target=\"_blank\" rel=\"noopener\"><span style=\"font-weight: 400\">Initiative citoyenne europ\u00e9enne<\/span><\/a> <span style=\"font-weight: 400\">(ICE) \u00ab<\/span> <a href=\"https:\/\/citizens-initiative.europa.eu\/my-voice-my-choice-safe-and-accessible-abortion_en\" target=\"_blank\" rel=\"noopener\"><span style=\"font-weight: 400\">Ma voix, mon choix \u00bb<\/span><\/a> <span style=\"font-weight: 400\">a rassembl\u00e9 plus de 14 pays et 300 organisations \u00e0 travers l&#039;UE, recueillant plus de 1,2 million de signatures pour demander \u00e0 l&#039;UE de garantir l&#039;acc\u00e8s \u00e0 l&#039;avortement en toute s\u00e9curit\u00e9 pour tous les citoyens europ\u00e9ens. La campagne exigeait que l&#039;UE cr\u00e9e un m\u00e9canisme financier pour aider les \u00c9tats membres \u00e0 fournir volontairement des soins d&#039;avortement s\u00e9curis\u00e9s aux personnes qui n&#039;y ont pas acc\u00e8s.<\/span><\/p>\n<p> <span style=\"font-weight: 400\">Le 17 d\u00e9cembre 2025, une r\u00e9solution a \u00e9t\u00e9 adopt\u00e9e au<\/span> <a href=\"https:\/\/oeil.europarl.europa.eu\/oeil\/en\/document-summary?id=1880954\" target=\"_blank\" rel=\"noopener\"><span style=\"font-weight: 400\">Parlement europ\u00e9en<\/span><\/a> <span style=\"font-weight: 400\">par 358 voix pour, 202 contre et 79 abstentions.<\/span> <span style=\"font-weight: 400\">Les eurod\u00e9put\u00e9s polonais ont vot\u00e9 majoritairement<\/span> <a href=\"https:\/\/howtheyvote.eu\/votes\/182767\" target=\"_blank\" rel=\"noopener\"><span style=\"font-weight: 400\">pour<\/span><\/a> <span style=\"font-weight: 400\">. Par exemple, Robert Biedro\u0144 (S&amp;D) et Bartosz Ar\u0142ukowicz (PPE) l&#039;ont soutenue, tandis que certains, comme Adam Bielan (ECR), ont vot\u00e9 contre.<\/span><\/p>\n<p> <span style=\"font-weight: 400\">Cependant, tous les eurod\u00e9put\u00e9s maltais ont vot\u00e9 contre ou se sont abstenus, contrairement \u00e0 la Pologne o\u00f9 certains repr\u00e9sentants ont soutenu la mesure malgr\u00e9 les positions restrictives des deux pays en mati\u00e8re d&#039;avortement.<\/span> <span style=\"font-weight: 400\">Plus r\u00e9cemment, la<\/span> <a href=\"https:\/\/www.bbc.com\/news\/articles\/cvgv92p6qzqo\" target=\"_blank\" rel=\"noopener\"><span style=\"font-weight: 400\">Commission europ\u00e9enne<\/span><\/a> <span style=\"font-weight: 400\">a adopt\u00e9 sa r\u00e9ponse \u00e0 l&#039;initiative citoyenne europ\u00e9enne, soulignant que pr\u00e8s de 500\u00a0000 avortements non m\u00e9dicalis\u00e9s ont lieu chaque ann\u00e9e dans l&#039;UE.<\/span><\/p>\n<p> <span style=\"font-weight: 400\">La commissaire europ\u00e9enne \u00e0 l&#039;\u00c9galit\u00e9,<\/span> <a href=\"https:\/\/www.facebook.com\/eudebates.tv\/videos\/my-voice-my-choice-europe-has-acted-hadja-lahbib-announces-eu-funding-path-for-w\/1443303873854816\/\" target=\"_blank\" rel=\"noopener\"><span style=\"font-weight: 400\">Hadja Lahbib<\/span><\/a> <span style=\"font-weight: 400\">, a d\u00e9clar\u00e9 que<\/span> <em>\u00ab la s\u00e9curit\u00e9 et la libert\u00e9 ne doivent jamais d\u00e9pendre de votre lieu de r\u00e9sidence ni de vos revenus \u00bb.<\/em> <span style=\"font-weight: 400\">Qu&#039;est-ce que cela signifie concr\u00e8tement pour les femmes vivant \u00e0 Malte et en Pologne\u00a0? Gr\u00e2ce \u00e0 cette initiative, elles pourront b\u00e9n\u00e9ficier d&#039;un h\u00e9bergement gratuit et de la prise en charge de leurs frais de d\u00e9placement pour se faire avorter en toute s\u00e9curit\u00e9 et l\u00e9galit\u00e9 dans un autre \u00c9tat membre.<\/span><\/p>\n<p> <span style=\"font-weight: 400\">En conclusion, des progr\u00e8s sont r\u00e9alis\u00e9s. L\u2019<\/span> initiative <a href=\"https:\/\/citizens-initiative.europa.eu\/my-voice-my-choice-safe-and-accessible-abortion_en\" target=\"_blank\" rel=\"noopener\"><span style=\"font-weight: 400\">\u00ab Ma voix, mon choix \u00bb<\/span><\/a> <span style=\"font-weight: 400\">repr\u00e9sente une bou\u00e9e de sauvetage, offrant un soutien financier aux femmes contraintes de se rendre \u00e0 l\u2019\u00e9tranger pour obtenir des soins s\u00fbrs et l\u00e9gaux. Pour la premi\u00e8re fois, l\u2019UE a reconnu que l\u2019acc\u00e8s \u00e0 l\u2019avortement ne devrait pas d\u00e9pendre du lieu de r\u00e9sidence.<\/span><\/p>\n<p> <span style=\"font-weight: 400\">Pourtant, la stigmatisation persiste\u00a0: dans les deux pays, parler ouvertement d\u2019avortement suscite encore jugement et honte. On attend des femmes qu\u2019elles souffrent en silence, et celles qui brisent ce silence risquent l\u2019exclusion sociale.<\/span> <span style=\"font-weight: 400\">Aujourd\u2019hui, \u00e0 l\u2019occasion de la Journ\u00e9e internationale des femmes, des millions de femmes dans l\u2019UE ne peuvent toujours pas prendre de d\u00e9cisions concernant leur propre corps sans craindre des poursuites judiciaires, la pauvret\u00e9 ou la condamnation publique.<\/span><\/p>\n<p> <strong><em>L&#039;\u00e9galit\u00e9 demeure une valeur fondatrice europ\u00e9enne. Il est temps qu&#039;elle devienne une r\u00e9alit\u00e9 v\u00e9cue.<\/em><\/strong><\/p><\/p>\n","protected":false},"excerpt":{"rendered":"<p>Si l&#039;on prenait du recul et que l&#039;on consid\u00e9rait l&#039; Union europ\u00e9enne dans son ensemble, on pourrait croire que les droits des femmes , et plus particuli\u00e8rementle droit \u00e0 l&#039;avortement, figurent parmi les valeurs europ\u00e9ennes [&hellip;]<\/p>\n","protected":false},"author":2550,"featured_media":86698,"comment_status":"closed","ping_status":"closed","sticky":false,"template":"","format":"standard","meta":{"_acf_changed":false,"footnotes":""},"categories":[8,21],"tags":[7217,18705,25373,11890,25375,7704,25379,18733,2756,25380,443,25378,856,268,18704,60,101,25377,4239,25376,41,25374,257,3782,805,25372,18706,25371,3560,1546],"post_formats":[616],"coauthors":[22020,25370,6831],"class_list":["post-86886","post","type-post","status-publish","format-standard","has-post-thumbnail","hentry","category-connecting-the-dots","category-current-affairs","tag-malta","tag-abortion-rights","tag-access-to-abortion","tag-activism","tag-bodily-autonomy","tag-civil-society","tag-conservative-backlash","tag-council-of-the-eu","tag-criminalisation","tag-cross-border-influence","tag-democratic-resilience","tag-disinformation-networks","tag-eu-values","tag-european-commission","tag-european-court-of-human-rights","tag-european-parliament","tag-european-union","tag-feminist-movements","tag-gender-equality","tag-healthcare-policy","tag-human-rights","tag-legal-restrictions","tag-poland","tag-protests","tag-public-health","tag-reproductive-healthcare","tag-reproductive-rights","tag-right-to-choose","tag-rule-of-law","tag-womens-rights","post_formats-articles-fr"],"acf":[],"_links":{"self":[{"href":"https:\/\/www.pulse-z.eu\/fr\/wp-json\/wp\/v2\/posts\/86886","targetHints":{"allow":["GET"]}}],"collection":[{"href":"https:\/\/www.pulse-z.eu\/fr\/wp-json\/wp\/v2\/posts"}],"about":[{"href":"https:\/\/www.pulse-z.eu\/fr\/wp-json\/wp\/v2\/types\/post"}],"author":[{"embeddable":true,"href":"https:\/\/www.pulse-z.eu\/fr\/wp-json\/wp\/v2\/users\/2550"}],"replies":[{"embeddable":true,"href":"https:\/\/www.pulse-z.eu\/fr\/wp-json\/wp\/v2\/comments?post=86886"}],"version-history":[{"count":8,"href":"https:\/\/www.pulse-z.eu\/fr\/wp-json\/wp\/v2\/posts\/86886\/revisions"}],"predecessor-version":[{"id":87068,"href":"https:\/\/www.pulse-z.eu\/fr\/wp-json\/wp\/v2\/posts\/86886\/revisions\/87068"}],"wp:featuredmedia":[{"embeddable":true,"href":"https:\/\/www.pulse-z.eu\/fr\/wp-json\/wp\/v2\/media\/86698"}],"wp:attachment":[{"href":"https:\/\/www.pulse-z.eu\/fr\/wp-json\/wp\/v2\/media?parent=86886"}],"wp:term":[{"taxonomy":"category","embeddable":true,"href":"https:\/\/www.pulse-z.eu\/fr\/wp-json\/wp\/v2\/categories?post=86886"},{"taxonomy":"post_tag","embeddable":true,"href":"https:\/\/www.pulse-z.eu\/fr\/wp-json\/wp\/v2\/tags?post=86886"},{"taxonomy":"post_formats","embeddable":true,"href":"https:\/\/www.pulse-z.eu\/fr\/wp-json\/wp\/v2\/post_formats?post=86886"},{"taxonomy":"author","embeddable":true,"href":"https:\/\/www.pulse-z.eu\/fr\/wp-json\/wp\/v2\/coauthors?post=86886"}],"curies":[{"name":"wp","href":"https:\/\/api.w.org\/{rel}","templated":true}]}}