{"id":86800,"date":"2026-03-01T11:52:17","date_gmt":"2026-03-01T11:52:17","guid":{"rendered":"https:\/\/www.pulse-z.eu\/croatias-military-service-experiment-begins-a-generation-reports-for-duty\/"},"modified":"2026-03-05T13:44:21","modified_gmt":"2026-03-05T13:44:21","slug":"service-militaire-obligatoire-en-croatie-debut-en-2026-une-generation-se-presente-au-service-militaire","status":"publish","type":"post","link":"https:\/\/www.pulse-z.eu\/fr\/service-militaire-obligatoire-en-croatie-debut-en-2026-une-generation-se-presente-au-service-militaire\/","title":{"rendered":"Service militaire obligatoire en Croatie\u00a0: d\u00e9but en 2026 \u2013 Une g\u00e9n\u00e9ration se pr\u00e9sente au service militaire"},"content":{"rendered":"\n<p><span style=\"font-weight: 400;\">The 2026 Mandate in Action: A New Model of Service<\/span><\/p>\n<p><span style=\"font-weight: 400;\">The system for <\/span><a href=\"https:\/\/www.morh.hr\/osnovne-informacije-tvo-pages\/\" target=\"_blank\" rel=\"noopener\"><span style=\"font-weight: 400;\">Croatia&#8217;s compulsory military service in 2026 <\/span><\/a><span style=\"font-weight: 400;\">is now fully operational. The mandate, applying to male citizens aged 18 to 27, sees young men called up for an eight-week basic training cycle. Administrative machinery processes deferments for students and exemptions on health or social grounds. Alongside them, the first conscientious objectors have commenced their six-month civilian service in civil protection, healthcare, and social institutions.<\/span><\/p>\n<p><span style=\"font-weight: 400;\">The government, led by Defence Minister Ivan Anusic, frames <\/span><a href=\"https:\/\/vlada.gov.hr\/anusic-morh-spreman-za-uvodjenje-obveznog-vojnog-roka-ceka-se-politicka-odluka\/43036\" target=\"_blank\" rel=\"noopener\"><span style=\"font-weight: 400;\">Croatia&#8217;s compulsory military service not as a nostalgic return but as an essential adaptation.<\/span><\/a><\/p>\n<p><span style=\"font-weight: 400;\">&#8220;We are not militarizing society; we are preparing it for modern crises,&#8221; Anusic states, highlighting a curriculum that includes cyber threats, hybrid warfare, and disaster response to build societal resilience.<\/span><\/p>\n<p><br style=\"font-weight: 400;\" \/><br style=\"font-weight: 400;\" \/><\/p>\n<p><span style=\"font-weight: 400;\">A Generation&#8217;s Plans Meet National Duty<\/span><\/p>\n<p><span style=\"font-weight: 400;\">The theoretical debate about Croatia&#8217;s compulsory military service in 2026 has ended for young men like Leon Milic from Zagreb. A recent graduate in mechanical engineering, he is among the first to trade civilian plans for a military ID. <\/span><\/p>\n<p><span style=\"font-weight: 400;\">&#8220;The uncertainty is over\u2014now it&#8217;s about adapting,&#8221; Leon says from his induction center. &#8220;I&#8217;m focusing on the skills I can gain. But the delay to my university applications is real, and my entire friend group is navigating this new disruption together.&#8221;<\/span><\/p>\n<p><span style=\"font-weight: 400;\">For young professionals, the economic pause mandated by Croatia&#8217;s compulsory military service is palpable. Ivan Jerkic, a software engineer from Split, has handed over his projects.<\/span><\/p>\n<p><span style=\"font-weight: 400;\"> &#8220;My team has reshuffled deadlines. In IT, two months is an eternity. The economic cost isn&#8217;t abstract; it&#8217;s in delayed updates, strained colleagues, and missed opportunities. We are the test case for whether the economy can absorb this shock,&#8221; he notes.<\/span><\/p>\n<p>&nbsp;<\/p>\n<p><br style=\"font-weight: 400;\" \/><br style=\"font-weight: 400;\" \/><\/p>\n<p><span style=\"font-weight: 400;\">Croatia&#8217;s Compulsory Service in a Europe Relearning Conscription<\/span><\/p>\n<p><span style=\"font-weight: 400;\">Croatia&#8217;s compulsory military service in 2026 places it within a continent-wide recalibration. <\/span><a href=\"https:\/\/www.forsvarsmakten.se\/en\/\" target=\"_blank\" rel=\"noopener\"><span style=\"font-weight: 400;\">Sweden&#8217;s selective conscription<\/span><\/a><span style=\"font-weight: 400;\">, reintroduced in 2018, is now established. <\/span><a href=\"https:\/\/kam.lt\/en\/\" target=\"_blank\" rel=\"noopener\"><span style=\"font-weight: 400;\">Lithuania (since 2015) <\/span><\/a><span style=\"font-weight: 400;\">and <\/span><a href=\"https:\/\/www.mod.gov.lv\/en\/national-defence-service\" target=\"_blank\" rel=\"noopener\"><span style=\"font-weight: 400;\">Latvia (since 2023) <\/span><\/a><span style=\"font-weight: 400;\">maintain their drafts as direct responses to regional threats. Norway&#8217;s service, which includes women, continues as a model. In Germany and Denmark, debates over national service grow louder, informed by observing active implementations like Croatia&#8217;s.<\/span><\/p>\n<p><span style=\"font-weight: 400;\">The war in Ukraine remains the defining backdrop, making civilian readiness the new pillar of European security. Croatia&#8217;s compulsory military service is a tangible step in shifting from alliance dependency to integrated national preparedness.<\/span><\/p>\n<p><br style=\"font-weight: 400;\" \/><br style=\"font-weight: 400;\" \/><\/p>\n<p><span style=\"font-weight: 400;\">A Regional Test Case in the Balkans<\/span><\/p>\n<p><span style=\"font-weight: 400;\">All eyes in the Western Balkans are on the rollout of Croatia&#8217;s compulsory military service. Serbia, which retains legal provisions for conscription, watches closely. Professional armies remain the standard in Bosnia and Herzegovina, Montenegro, North Macedonia, and Albania.<\/span><\/p>\n<p><span style=\"font-weight: 400;\">As the first country in the region to fully reinstate and enact the draft, Croatia is now the live test. Analysts monitor whether this modernized compulsory military service can enhance security without awakening lingering historical tensions in the region.<\/span><\/p>\n<p><br style=\"font-weight: 400;\" \/><br style=\"font-weight: 400;\" \/><\/p>\n<p><span style=\"font-weight: 400;\">The Economic Cost of Readiness: Early Indicators<\/span><\/p>\n<p><span style=\"font-weight: 400;\">According to the <\/span><a href=\"https:\/\/www.morh.hr\/ministar-anusic-predstavio-proracun-obrane-16-milijardi-eura-za-modernizaciju-i-poboljsanje-statusa-vojnika\/\" target=\"_blank\" rel=\"noopener\"><span style=\"font-weight: 400;\">Defense Strategy of the Republic of Croatia<\/span><\/a><span style=\"font-weight: 400;\">, the introduction of compulsory military service will require significant financial resources for training, equipment, and infrastructure.With direct costs estimated at \u20ac5,000\u2013\u20ac7,000 per recruit, the state is funding the initial intake of roughly 10,000 young men. Concurrent infrastructure investments in renovated barracks and new equipment are underway.<\/span><\/p>\n<p><span style=\"font-weight: 400;\">Economists like Goran Redzepovic are monitoring early indicators. &#8220;The temporary exit of thousands from the workforce has begun,&#8221; he notes. &#8220;We are watching sectors like IT, tourism, and healthcare for strain. The predicted 0.3% annual GDP pressure from the compulsory military service is now a real risk we must manage.&#8221; <\/span><\/p>\n<p><span style=\"font-weight: 400;\">The Croatian Chamber of Commerce advocates for flexible employer coordination to cushion the impact.<\/span><\/p>\n<p><br style=\"font-weight: 400;\" \/><br style=\"font-weight: 400;\" \/><\/p>\n<p><span style=\"font-weight: 400;\">Four Potential Paths from Here<\/span><\/p>\n<p><span style=\"font-weight: 400;\">With Croatia&#8217;s compulsory military service experiment underway, its trajectory could follow several distinct paths:<\/span><\/p>\n<ul>\n<li style=\"font-weight: 400;\" aria-level=\"1\"><span style=\"font-weight: 400;\">Integration and Acceptance: The program becomes a normalized, valued rite of passage that builds skills and social cohesion without major disruption.<\/span><\/li>\n<li style=\"font-weight: 400;\" aria-level=\"1\"><span style=\"font-weight: 400;\">Systemic Resistance: A rise in conscientious objection, legal challenges, and public dissent undermines participation and trust in the institution.<\/span><\/li>\n<li style=\"font-weight: 400;\" aria-level=\"1\"><span style=\"font-weight: 400;\">Evolution to a Hybrid Model: Feedback leads to a more flexible system, blending shorter military modules with certified civilian service options, better aligning with career and educational pathways.<\/span><\/li>\n<li style=\"font-weight: 400;\" aria-level=\"1\"><span style=\"font-weight: 400;\">Regional Catalyst: Croatia&#8217;s experience, whether seen as a success or a cautionary tale, directly influences defense policy debates in neighboring capitals.<\/span><\/li>\n<\/ul>\n<p><span style=\"font-weight: 400;\">The Trust Deficit is the Real Frontline<\/span><\/p>\n<p><span style=\"font-weight: 400;\">Croatia&#8217;s compulsory military service in 2026 is no longer a policy\u2014it is a live social contract. The state has called, and a generation has answered. The ultimate battle will not be won in training exercises alone, but in the perceived fairness, relevance, and respect the system shows for the futures of these young citizens.<\/span><\/p>\n<p><span style=\"font-weight: 400;\">If managed with rigidity, it risks breeding lasting generational resentment. If adapted with transparency and genuine flexibility, offering a clear return on investment in skills and civic education, the compulsory military service could forge a more resilient and united society.<\/span><\/p>\n<p><span style=\"font-weight: 400;\">As the first cohort marches through its eight-week term, Croatia is writing a manual for modern conscription. The outcome of compulsory military service in 2026 will measure more than defense readiness; it will gauge a nation&#8217;s ability to secure its sovereignty without compromising the potential of the generation tasked with protecting it.<\/span><\/p>\n<p><br style=\"font-weight: 400;\" \/><br style=\"font-weight: 400;\" \/><\/p>\n","protected":false},"excerpt":{"rendered":"<p>The 2026 Mandate in Action: A New Model of Service The system for Croatia&#8217;s compulsory military service in 2026 is now fully operational. The mandate, applying to male citizens aged 18 to 27, sees young [&hellip;]<\/p>\n","protected":false},"author":1397,"featured_media":86794,"comment_status":"closed","ping_status":"closed","sticky":false,"template":"","format":"standard","meta":{"_acf_changed":false,"footnotes":""},"categories":[597,566,679],"tags":[25416,25417,25418,25419,1160,25420,1723,1725,25421],"post_formats":[616],"coauthors":[17262],"class_list":["post-86800","post","type-post","status-publish","format-standard","has-post-thumbnail","hentry","category-actualites","category-general-fr","category-jeunesse","tag-balkans-security","tag-compulsory-service-2026","tag-croatia-military-service","tag-european-defence","tag-european-union-fr","tag-nato-readiness","tag-politics-fr","tag-youth-fr","tag-youth-opinions","post_formats-articles-fr"],"acf":[],"_links":{"self":[{"href":"https:\/\/www.pulse-z.eu\/fr\/wp-json\/wp\/v2\/posts\/86800","targetHints":{"allow":["GET"]}}],"collection":[{"href":"https:\/\/www.pulse-z.eu\/fr\/wp-json\/wp\/v2\/posts"}],"about":[{"href":"https:\/\/www.pulse-z.eu\/fr\/wp-json\/wp\/v2\/types\/post"}],"author":[{"embeddable":true,"href":"https:\/\/www.pulse-z.eu\/fr\/wp-json\/wp\/v2\/users\/1397"}],"replies":[{"embeddable":true,"href":"https:\/\/www.pulse-z.eu\/fr\/wp-json\/wp\/v2\/comments?post=86800"}],"version-history":[{"count":2,"href":"https:\/\/www.pulse-z.eu\/fr\/wp-json\/wp\/v2\/posts\/86800\/revisions"}],"predecessor-version":[{"id":86802,"href":"https:\/\/www.pulse-z.eu\/fr\/wp-json\/wp\/v2\/posts\/86800\/revisions\/86802"}],"wp:featuredmedia":[{"embeddable":true,"href":"https:\/\/www.pulse-z.eu\/fr\/wp-json\/wp\/v2\/media\/86794"}],"wp:attachment":[{"href":"https:\/\/www.pulse-z.eu\/fr\/wp-json\/wp\/v2\/media?parent=86800"}],"wp:term":[{"taxonomy":"category","embeddable":true,"href":"https:\/\/www.pulse-z.eu\/fr\/wp-json\/wp\/v2\/categories?post=86800"},{"taxonomy":"post_tag","embeddable":true,"href":"https:\/\/www.pulse-z.eu\/fr\/wp-json\/wp\/v2\/tags?post=86800"},{"taxonomy":"post_formats","embeddable":true,"href":"https:\/\/www.pulse-z.eu\/fr\/wp-json\/wp\/v2\/post_formats?post=86800"},{"taxonomy":"author","embeddable":true,"href":"https:\/\/www.pulse-z.eu\/fr\/wp-json\/wp\/v2\/coauthors?post=86800"}],"curies":[{"name":"wp","href":"https:\/\/api.w.org\/{rel}","templated":true}]}}