{"id":86359,"date":"2026-03-03T13:55:29","date_gmt":"2026-03-03T13:55:29","guid":{"rendered":"https:\/\/www.pulse-z.eu\/womens-dialogue-across-the-belgrade-pristina-divide-dialogue-academy-network-of-alumnae-dana\/"},"modified":"2026-03-03T13:55:41","modified_gmt":"2026-03-03T13:55:41","slug":"la-salle-de-la-paix-dialogue-entre-femmes-de-part-et-dautre-de-la-fracture-belgrade-pristina-reseau-des-anciennes-eleves-de-lacademie-du-dialogue-dana","status":"publish","type":"post","link":"https:\/\/www.pulse-z.eu\/fr\/la-salle-de-la-paix-dialogue-entre-femmes-de-part-et-dautre-de-la-fracture-belgrade-pristina-reseau-des-anciennes-eleves-de-lacademie-du-dialogue-dana\/","title":{"rendered":"La Salle de la Paix\u00a0: Dialogue entre femmes de part et d\u2019autre de la fracture Belgrade-Pristina | R\u00e9seau des anciennes \u00e9l\u00e8ves de l\u2019Acad\u00e9mie du Dialogue (DANA)"},"content":{"rendered":"\n<div style=\"display: flex; justify-content: center;\"><iframe loading=\"lazy\" style=\"border-radius: 12px;\" src=\"https:\/\/open.spotify.com\/embed\/episode\/3XPBfVr51DKQuB5FgOsFoh\/video?utm_source=generator\" width=\"496\" height=\"279\" frameborder=\"0\" allowfullscreen=\"allowfullscreen\" data-testid=\"embed-iframe\"><\/iframe><\/div>\n<p> Women\u2019s Dialogue Across the Belgrade-Pristina Divide (DANA) <\/p>\n<p><span style=\"font-weight: 400;\">Belgrade and Pristina aren\u2019t just places on a map\u2014they\u2019re lived realities. In this episode, DANA members Anja Joki\u0107 and Amina Kaja pull peacebuilding out of the abstract and into the daily grind: volunteer work, limited time, low trust, youth fatigue, and the slow craft of building relationships that don\u2019t collapse at the first political storm. They talk about a feminist approach as something practical\u2014women drawing on shared and different lived experiences to shape projects, language learning, mentoring, and community work\u2014while also naming the hard part: you can\u2019t plaster over \u201cthe elephant in the room.\u201d From Belfast\u2019s lessons to the Balkans\u2019 pressures at home, the question stays sharp: can long-term human ties outlast the border logic?\u00a0<\/span><\/p>\n<p>&nbsp;<\/p>\n<p> The Peace Room <\/p>\n<p><span style=\"font-weight: 400;\">This <\/span><a href=\"https:\/\/open.spotify.com\/show\/6dM3n2M6rzMt0bluqHowik?si=09bf3670a0234c10\" target=\"_blank\" rel=\"noopener\"><span style=\"font-weight: 400;\">podcast<\/span><\/a><span style=\"font-weight: 400;\"> enters the spaces where official diplomacy rarely looks \u2014 the contact zones built by ordinary people. We explore the micro-diplomacy, quiet negotiations, and community stitching that keep fragile societies standing. Each episode uncovers how peace is sustained from below. These are stories of unarmed voices, shared courage, and the everyday work of resilience. This is the world of grassroots peacebuilding, one conversation at a time.<\/span><\/p>\n<p>&nbsp;<\/p>\n<p> About Anja Joki\u0107 <\/p>\n<p><span style=\"font-weight: 400;\">Anja bridges policy, advocacy, and grassroots action across the Western Balkans and Europe. Her work focuses on inclusive participation\u2014especially women\u2019s and youth engagement\u2014and on turning international frameworks like YPS and WPS into concrete, on-the-ground action.<\/span><\/p>\n<p> About Amina Kaja <\/p>\n<p>Amina is an activist and medical student from Pristina, and a former Young European Ambassador. She has spent nearly a decade working on youth engagement and community initiatives in Kosovo. In 2024, she received RYCO Prishtina\u2019s Harmony Hero award, and she channels her drive for change through both poetry and activism.<\/p>\n<div style=\"position: relative; width: 100%; padding-top: 56.25%;\"><iframe style=\"position: absolute; top: 0; left: 0; width: 100%; height: 100%;\" title=\"YouTube video player\" src=\"https:\/\/www.youtube.com\/embed\/4-WI3Jy2m_g?si=axR1Nj8ZVsF0-83u\" frameborder=\"0\" allowfullscreen=\"allowfullscreen\"><\/iframe><\/div>\n","protected":false},"excerpt":{"rendered":"<p>Women\u2019s Dialogue Across the Belgrade-Pristina Divide (DANA) Belgrade and Pristina aren\u2019t just places on a map\u2014they\u2019re lived realities. In this episode, DANA members Anja Joki\u0107 and Amina Kaja pull peacebuilding out of the abstract and [&hellip;]<\/p>\n","protected":false},"author":355,"featured_media":84768,"comment_status":"closed","ping_status":"closed","sticky":false,"template":"","format":"standard","meta":{"_acf_changed":false,"footnotes":""},"categories":[597,598,608,566,679],"tags":[25233,25234,25235,24290,25236,25237,24293,25238,25239,25240,24949,8104,24297,24299,25241,21825,1406,25242,25243,24954,12699,25244,24955,24303,12846,24305,25245,19497,25246,2961],"post_formats":[738],"coauthors":[4037,21878],"class_list":["post-86359","post","type-post","status-publish","format-standard","has-post-thumbnail","hentry","category-actualites","category-celebrer-la-diversite","category-connecter-les-points","category-general-fr","category-jeunesse","tag-belfast","tag-belgrade","tag-community-resilience","tag-conflict-resolution","tag-cross-community-cooperation","tag-dana","tag-dialogue","tag-dialogue-academy","tag-european-youth-press","tag-feminist-peacebuilding","tag-grassroots-diplomacy","tag-journalism-fr","tag-kosovo","tag-mediation","tag-micro-diplomacy","tag-northern-ireland","tag-osce-fr","tag-osce-mission-in-kosovo","tag-osce-mission-to-serbia","tag-peace-journalism","tag-peacebuilding-fr","tag-pristina","tag-pulse-z","tag-reconciliation","tag-serbia-fr","tag-the-peace-room","tag-trust-building","tag-western-balkans","tag-women-peacebuilders","tag-youth-activism-fr","post_formats-podcast-fr"],"acf":[],"_links":{"self":[{"href":"https:\/\/www.pulse-z.eu\/fr\/wp-json\/wp\/v2\/posts\/86359","targetHints":{"allow":["GET"]}}],"collection":[{"href":"https:\/\/www.pulse-z.eu\/fr\/wp-json\/wp\/v2\/posts"}],"about":[{"href":"https:\/\/www.pulse-z.eu\/fr\/wp-json\/wp\/v2\/types\/post"}],"author":[{"embeddable":true,"href":"https:\/\/www.pulse-z.eu\/fr\/wp-json\/wp\/v2\/users\/355"}],"replies":[{"embeddable":true,"href":"https:\/\/www.pulse-z.eu\/fr\/wp-json\/wp\/v2\/comments?post=86359"}],"version-history":[{"count":2,"href":"https:\/\/www.pulse-z.eu\/fr\/wp-json\/wp\/v2\/posts\/86359\/revisions"}],"predecessor-version":[{"id":86361,"href":"https:\/\/www.pulse-z.eu\/fr\/wp-json\/wp\/v2\/posts\/86359\/revisions\/86361"}],"wp:featuredmedia":[{"embeddable":true,"href":"https:\/\/www.pulse-z.eu\/fr\/wp-json\/wp\/v2\/media\/84768"}],"wp:attachment":[{"href":"https:\/\/www.pulse-z.eu\/fr\/wp-json\/wp\/v2\/media?parent=86359"}],"wp:term":[{"taxonomy":"category","embeddable":true,"href":"https:\/\/www.pulse-z.eu\/fr\/wp-json\/wp\/v2\/categories?post=86359"},{"taxonomy":"post_tag","embeddable":true,"href":"https:\/\/www.pulse-z.eu\/fr\/wp-json\/wp\/v2\/tags?post=86359"},{"taxonomy":"post_formats","embeddable":true,"href":"https:\/\/www.pulse-z.eu\/fr\/wp-json\/wp\/v2\/post_formats?post=86359"},{"taxonomy":"author","embeddable":true,"href":"https:\/\/www.pulse-z.eu\/fr\/wp-json\/wp\/v2\/coauthors?post=86359"}],"curies":[{"name":"wp","href":"https:\/\/api.w.org\/{rel}","templated":true}]}}