{"id":8625,"date":"2025-06-10T08:00:20","date_gmt":"2025-06-10T08:00:20","guid":{"rendered":"https:\/\/www.pulse-z.eu\/from-brexit-to-breakthrough-eu-and-uk-launch-bold-new-era-of-cooperation-2\/"},"modified":"2025-06-13T09:25:17","modified_gmt":"2025-06-13T09:25:17","slug":"du-brexit-a-la-percee-lue-et-le-royaume-uni-lancent-une-nouvelle-ere-de-cooperation-audacieuse","status":"publish","type":"post","link":"https:\/\/www.pulse-z.eu\/fr\/du-brexit-a-la-percee-lue-et-le-royaume-uni-lancent-une-nouvelle-ere-de-cooperation-audacieuse\/","title":{"rendered":"Du Brexit \u00e0 la perc\u00e9e : l&#39;UE et le Royaume-Uni lancent une nouvelle \u00e8re de coop\u00e9ration audacieuse"},"content":{"rendered":"<br \/>\n<h3><b>Un tournant dans les relations UE-Royaume-Uni<\/b><\/h3>\n<p> <span style=\"font-weight: 400;\">Le<\/span> <a href=\"https:\/\/www.consilium.europa.eu\/en\/meetings\/international-summit\/2025\/05\/19\/\" target=\"_blank\" rel=\"noopener\"><span style=\"font-weight: 400;\">sommet de Londres<\/span><\/a> <span style=\"font-weight: 400;\">, qui s&#39;est tenu le 19 mai, a marqu\u00e9 ce qui pourrait \u00eatre un moment historique dans les relations UE-Royaume-Uni. La pr\u00e9sidente de la Commission europ\u00e9enne, Ursula von der Leyen, le pr\u00e9sident du Conseil europ\u00e9en, Ant\u00f3nio Costa, et le Premier ministre britannique, Keir Starmer, se sont rencontr\u00e9s dans la capitale britannique pour annoncer une nouvelle \u00e8re de collaboration.<\/span><\/p>\n<p> <span style=\"font-weight: 400;\">Les dirigeants ont d\u00e9voil\u00e9 une s\u00e9rie d&#39;<\/span> <a href=\"https:\/\/www.consilium.europa.eu\/en\/press\/press-releases\/2025\/05\/19\/eu-uk-summit-2025-outcome-documents\/\" target=\"_blank\" rel=\"noopener\"><span style=\"font-weight: 400;\">accords<\/span><\/a> audacieux <span style=\"font-weight: 400;\">con\u00e7us pour b\u00e9n\u00e9ficier aux deux c\u00f4t\u00e9s de la Manche, prouvant que le Brexit ne signifie pas la fin du partenariat strat\u00e9gique.<\/span><\/p>\n<p> Faire \u00e9quipe pour la s\u00e9curit\u00e9 et la d\u00e9fense <\/p>\n<p><span style=\"font-weight: 400;\">L&#39;un des r\u00e9sultats les plus significatifs a \u00e9t\u00e9 un nouveau<\/span> <a href=\"https:\/\/www.eeas.europa.eu\/eeas\/security-and-defence-eu-and-uk-conclude-security-and-defence-partnership_en\" target=\"_blank\" rel=\"noopener\"><b>partenariat de s\u00e9curit\u00e9 et de d\u00e9fense<\/b><\/a> <b>.<\/b> <span style=\"font-weight: 400;\">Dans le cadre de ce plan, le Royaume-Uni pourra participer aux projets d&#39;approvisionnement en mati\u00e8re de d\u00e9fense de l&#39;UE par le biais de l&#39;initiative SAFE, un programme permettant \u00e0 la Commission europ\u00e9enne de mettre en commun jusqu&#39;\u00e0 150 milliards d&#39;euros pour des investissements conjoints en mati\u00e8re de d\u00e9fense.<\/span><\/p>\n<p> <span style=\"font-weight: 400;\">Bien que le Royaume-Uni ne soit plus membre de l\u2019UE, il sera d\u00e9sormais autoris\u00e9 \u00e0 participer \u00e0 des appels d\u2019offres et \u00e0 des projets, am\u00e9liorant ainsi l\u2019interop\u00e9rabilit\u00e9 avec ses alli\u00e9s europ\u00e9ens et r\u00e9duisant le co\u00fbt de ses propres d\u00e9penses de d\u00e9fense.<\/span><\/p>\n<p> <span style=\"font-weight: 400;\">Les deux parties ont \u00e9galement convenu d&#39;explorer un accord sp\u00e9cifique permettant aux entreprises britanniques d&#39;acc\u00e9der au march\u00e9 des achats de d\u00e9fense de l&#39;UE &#8211; une d\u00e9marche qui souligne \u00e0 la fois l&#39;ouverture de l&#39;UE et la force industrielle du Royaume-Uni.<\/span><\/p>\n<p> Unis pour l&#39;Ukraine <\/p>\n<p><span style=\"font-weight: 400;\">Lors de la conf\u00e9rence de presse de cl\u00f4ture, la pr\u00e9sidente von der Leyen a soulign\u00e9 que la coop\u00e9ration renforc\u00e9e en mati\u00e8re de s\u00e9curit\u00e9 va au-del\u00e0 des formalit\u00e9s administratives : il s&#39;agit d&#39;actions concr\u00e8tes, notamment en mati\u00e8re de soutien \u00e0 l&#39;Ukraine.<\/span><\/p>\n<p> <span style=\"font-weight: 400;\">Le partenariat UE-Royaume-Uni comprendra l\u2019achat conjoint d\u2019armes pour l\u2019Ukraine et des investissements dans son industrie de d\u00e9fense nationale.<\/span><\/p>\n<blockquote>\n<p> <span style=\"font-weight: 400;\">\u00ab Il s&#39;agit de v\u00e9ritables capacit\u00e9s \u00bb,<\/span> <a href=\"https:\/\/newsroom.consilium.europa.eu\/events\/20250519-eu-uk-summit\/148952-2-joint-press-conference-president-von-der-leyen-20250519\" target=\"_blank\" rel=\"noopener\"><span style=\"font-weight: 400;\">a d\u00e9clar\u00e9<\/span><\/a> von der Leyen <span style=\"font-weight: 400;\">. \u00ab Nous voulons non seulement que l&#39;Ukraine survive, mais qu&#39;elle renforce ses capacit\u00e9s de d\u00e9fense \u00e0 long terme. Nous sommes unis pour une paix juste et durable fond\u00e9e sur un cessez-le-feu inconditionnel. \u00bb<\/span><\/p>\n<\/blockquote>\n<p> <span style=\"font-weight: 400;\">Cette d\u00e9claration intervient \u00e0 un moment o\u00f9 les appels internationaux se multiplient en faveur d\u2019une aide plus coordonn\u00e9e \u00e0 Kiev \u2013 et envoie un message fort d\u2019unit\u00e9, malgr\u00e9 les tensions li\u00e9es au Brexit.<\/span><\/p>\n<p> Nouveaux accords sur le commerce et la p\u00eache <\/p>\n<p><span style=\"font-weight: 400;\">Au-del\u00e0 de la d\u00e9fense, le sommet a \u00e9galement permis la conclusion d&#39;accords \u00e9conomiques cl\u00e9s. L&#39;un des plus marquants est la d\u00e9cision de maintenir l&#39;acc\u00e8s mutuel aux zones de p\u00eache jusqu&#39;en 2038, une d\u00e9cision qui offre une stabilit\u00e9 \u00e0 long terme aux communaut\u00e9s de p\u00eacheurs locales des deux c\u00f4t\u00e9s.<\/span><\/p>\n<p> <span style=\"font-weight: 400;\">Une autre avanc\u00e9e majeure a \u00e9t\u00e9 la poursuite du commerce sans droits de douane des produits sid\u00e9rurgiques, particuli\u00e8rement important dans un contexte o\u00f9 les co\u00fbts de production augmentent et o\u00f9 les march\u00e9s fluctuent.<\/span><\/p>\n<p> <span style=\"font-weight: 400;\">Des n\u00e9gociations devraient \u00e9galement d\u00e9buter sur la simplification des proc\u00e9dures frontali\u00e8res pour les produits animaux et v\u00e9g\u00e9taux. L&#39;accord sanitaire et phytosanitaire (SPS) envisag\u00e9 contribuerait \u00e0 supprimer certains des contr\u00f4les douaniers frustrants qui p\u00e8sent sur les exportateurs depuis le Brexit.<\/span><\/p>\n<p> \u00c9nergie et climat : syst\u00e8mes partag\u00e9s, ambitions partag\u00e9es <\/p>\n<p><span style=\"font-weight: 400;\">Le Royaume-Uni et l&#39;UE ont \u00e9galement exprim\u00e9 un vif int\u00e9r\u00eat pour un renforcement de leur coop\u00e9ration en mati\u00e8re de politique \u00e9nerg\u00e9tique et climatique. Une id\u00e9e majeure est \u00e0 l&#39;ordre du jour\u00a0: l&#39;adh\u00e9sion du Royaume-Uni au march\u00e9 europ\u00e9en de l&#39;\u00e9lectricit\u00e9. Cela pourrait se traduire par une plus grande stabilit\u00e9 des prix et une plus grande s\u00e9curit\u00e9 \u00e9nerg\u00e9tique, notamment dans le contexte de la transition europ\u00e9enne vers des sources d&#39;\u00e9nergie plus vertes.<\/span><\/p>\n<p> <span style=\"font-weight: 400;\">Un lien potentiel entre les syst\u00e8mes d&#39;\u00e9change de quotas d&#39;\u00e9mission de l&#39;UE et du Royaume-Uni est \u00e9galement \u00e0 l&#39;\u00e9tude. Si ce lien est approuv\u00e9, il pourrait ouvrir la voie \u00e0 des exemptions d&#39;ajustement carbone aux fronti\u00e8res, permettant ainsi aux industries de rester comp\u00e9titives tout en atteignant les objectifs climatiques.<\/span><\/p>\n<p> Retour d&#39;Erasmus+\u00a0: investir dans les liens entre les jeunes <\/p>\n<p><span style=\"font-weight: 400;\">L&#39;une des annonces les plus chaleureusement accueillies concernait la mobilit\u00e9 des jeunes. Ursula von der Leyen a confirm\u00e9 que le Royaume-Uni et l&#39;UE \u00e9taient parvenus \u00e0 un accord permettant au Royaume-Uni de r\u00e9int\u00e9grer Erasmus+, quoique sous une forme plus limit\u00e9e.<\/span><\/p>\n<p> <span style=\"font-weight: 400;\">Un nouveau programme d\u2019\u00e9change de jeunes est \u00e9galement en cours de cr\u00e9ation pour donner aux jeunes la chance d\u2019\u00e9tudier ou de travailler de l\u2019autre c\u00f4t\u00e9 de la Manche \u2013 une initiative consid\u00e9r\u00e9e comme une \u00e9tape majeure dans la reconstruction des liens humains.<\/span><\/p>\n<blockquote>\n<p> <span style=\"font-weight: 400;\">\u00ab Des millions de familles et d&#39;amis vivent des deux c\u00f4t\u00e9s \u00bb,<\/span> <a href=\"https:\/\/newsroom.consilium.europa.eu\/events\/20250519-eu-uk-summit\/148952-2-joint-press-conference-president-von-der-leyen-20250519\" target=\"_blank\" rel=\"noopener\"><span style=\"font-weight: 400;\">a d\u00e9clar\u00e9<\/span><\/a> von der Leyen <span style=\"font-weight: 400;\">. \u00ab Nous devons donner \u00e0 la jeune g\u00e9n\u00e9ration la possibilit\u00e9 de nouer des liens et des amiti\u00e9s durables qui r\u00e9sisteront \u00e0 l&#39;\u00e9preuve du temps. \u00bb<\/span><\/p>\n<\/blockquote>\n<p> <span style=\"font-weight: 400;\">M\u00eame si le nouveau syst\u00e8me aura<\/span> <b>des limites d\u2019\u00e2ge et de dur\u00e9e<\/b> <span style=\"font-weight: 400;\">, il marque un retour symbolique puissant \u00e0 l\u2019\u00e9change mutuel et aux opportunit\u00e9s.<\/span><\/p>\n<p> Dialogue institutionnalis\u00e9 \u2013 Un partenariat \u00e0 l&#39;\u00e9preuve du temps <\/p>\n<p><span style=\"font-weight: 400;\">Afin de maintenir cette dynamique, les deux parties se sont engag\u00e9es \u00e0 mener des consultations r\u00e9guli\u00e8res et structur\u00e9es. D\u00e9sormais, les hauts dirigeants se rencontreront au moins une fois par an, et les ministres des Affaires \u00e9trang\u00e8res et de la D\u00e9fense se r\u00e9uniront tous les six mois. Le Haut Repr\u00e9sentant de l&#39;UE pour les affaires \u00e9trang\u00e8res y participera \u00e9galement.<\/span><\/p>\n<p> <span style=\"font-weight: 400;\">Ce dispositif institutionnel vise \u00e0 emp\u00eacher un nouveau gel des relations et \u00e0 garantir que les deux parties puissent r\u00e9agir rapidement aux changements mondiaux et r\u00e9gionaux.<\/span><\/p>\n<h3><b>Un retour strat\u00e9gique<\/b><\/h3>\n<p> <span style=\"font-weight: 400;\">Le sommet de Londres a clairement d\u00e9montr\u00e9 que malgr\u00e9 un pass\u00e9 mouvement\u00e9, la coop\u00e9ration entre l&#39;UE et le Royaume-Uni est non seulement possible, mais essentielle. Face \u00e0 l&#39;aggravation des d\u00e9fis mondiaux, le retour \u00e0 un partenariat strat\u00e9gique est non seulement judicieux, mais n\u00e9cessaire.<\/span><\/p>\n<p> <span style=\"font-weight: 400;\">Pour les jeunes de toute l\u2019Europe, ce changement pourrait signifier davantage d\u2019opportunit\u00e9s, davantage de mobilit\u00e9 et un sentiment d\u2019unit\u00e9 plus fort face \u00e0 l\u2019incertitude mondiale.<\/span><\/p>\n","protected":false},"excerpt":{"rendered":"<p>Un tournant dans les relations UE-Royaume-Uni Le sommet de Londres , qui s&#39;est tenu le 19 mai, a marqu\u00e9 ce qui pourrait \u00eatre un moment historique dans les relations UE-Royaume-Uni. La pr\u00e9sidente de la Commission [&hellip;]<\/p>\n","protected":false},"author":158,"featured_media":7333,"comment_status":"closed","ping_status":"closed","sticky":false,"template":"","format":"standard","meta":{"_acf_changed":false,"footnotes":""},"categories":[597],"tags":[],"post_formats":[616],"coauthors":[],"class_list":["post-8625","post","type-post","status-publish","format-standard","has-post-thumbnail","hentry","category-actualites","post_formats-articles-fr"],"acf":[],"_links":{"self":[{"href":"https:\/\/www.pulse-z.eu\/fr\/wp-json\/wp\/v2\/posts\/8625","targetHints":{"allow":["GET"]}}],"collection":[{"href":"https:\/\/www.pulse-z.eu\/fr\/wp-json\/wp\/v2\/posts"}],"about":[{"href":"https:\/\/www.pulse-z.eu\/fr\/wp-json\/wp\/v2\/types\/post"}],"author":[{"embeddable":true,"href":"https:\/\/www.pulse-z.eu\/fr\/wp-json\/wp\/v2\/users\/158"}],"replies":[{"embeddable":true,"href":"https:\/\/www.pulse-z.eu\/fr\/wp-json\/wp\/v2\/comments?post=8625"}],"version-history":[{"count":2,"href":"https:\/\/www.pulse-z.eu\/fr\/wp-json\/wp\/v2\/posts\/8625\/revisions"}],"predecessor-version":[{"id":12118,"href":"https:\/\/www.pulse-z.eu\/fr\/wp-json\/wp\/v2\/posts\/8625\/revisions\/12118"}],"wp:featuredmedia":[{"embeddable":true,"href":"https:\/\/www.pulse-z.eu\/fr\/wp-json\/wp\/v2\/media\/7333"}],"wp:attachment":[{"href":"https:\/\/www.pulse-z.eu\/fr\/wp-json\/wp\/v2\/media?parent=8625"}],"wp:term":[{"taxonomy":"category","embeddable":true,"href":"https:\/\/www.pulse-z.eu\/fr\/wp-json\/wp\/v2\/categories?post=8625"},{"taxonomy":"post_tag","embeddable":true,"href":"https:\/\/www.pulse-z.eu\/fr\/wp-json\/wp\/v2\/tags?post=8625"},{"taxonomy":"post_formats","embeddable":true,"href":"https:\/\/www.pulse-z.eu\/fr\/wp-json\/wp\/v2\/post_formats?post=8625"},{"taxonomy":"author","embeddable":true,"href":"https:\/\/www.pulse-z.eu\/fr\/wp-json\/wp\/v2\/coauthors?post=8625"}],"curies":[{"name":"wp","href":"https:\/\/api.w.org\/{rel}","templated":true}]}}