{"id":8316,"date":"2025-06-21T16:16:48","date_gmt":"2025-06-21T16:16:48","guid":{"rendered":"https:\/\/www.pulse-z.eu\/?p=8316"},"modified":"2025-06-20T16:21:36","modified_gmt":"2025-06-20T16:21:36","slug":"gamification-du-nationalisme-lafd-et-la-politique-de-lappartenance-emotionnelle","status":"publish","type":"post","link":"https:\/\/www.pulse-z.eu\/fr\/gamification-du-nationalisme-lafd-et-la-politique-de-lappartenance-emotionnelle\/","title":{"rendered":"Gamification du nationalisme\u00a0: l&#39;AfD et la politique de l&#39;appartenance \u00e9motionnelle"},"content":{"rendered":"\n<div id=\"attachment_3800\" class=\"wp-caption alignnone\" style=\"width: 1043px;\">\n<p><span style=\"color: #000000;\"><img loading=\"lazy\" decoding=\"async\" class=\"wp-image-3800 \" src=\"https:\/\/www.pulse-z.eu\/wp-content\/uploads\/2025\/06\/Seneca-at-the-Gym-Stoicism-and-Toxic-Masculinity-1-scaled.png\" sizes=\"auto, (max-width: 1033px) 100vw, 1033px\" srcset=\"https:\/\/www.pulse-z.eu\/wp-content\/uploads\/2025\/06\/Seneca-at-the-Gym-Stoicism-and-Toxic-Masculinity-1-scaled.png 2560w, https:\/\/www.pulse-z.eu\/wp-content\/uploads\/2025\/06\/Seneca-at-the-Gym-Stoicism-and-Toxic-Masculinity-1-768x230.png 768w, https:\/\/www.pulse-z.eu\/wp-content\/uploads\/2025\/06\/Seneca-at-the-Gym-Stoicism-and-Toxic-Masculinity-1-1536x461.png 1536w, https:\/\/www.pulse-z.eu\/wp-content\/uploads\/2025\/06\/Seneca-at-the-Gym-Stoicism-and-Toxic-Masculinity-1-2048x614.png 2048w\" alt=\"Collage de Yorgos Karagiorgos\u00c9l\u00e9ments : \u00a9 Muhammet Okur \/ Al Jazeera \u00b7 \u00a9 RomaToday (graffiti : \u00ab Il Ritorno \u00bb \u2013 affiche de Laika, repr\u00e9sentant Alice Weidel en uniforme nazi avec la moustache d&#39;Hitler) Titre : Die R\u00fcckkehr \u2013 Il Ritorno\" width=\"1033\" height=\"310\" aria-describedby=\"caption-attachment-3800\" \/><\/span><\/p>\n<h6 id=\"caption-attachment-3800\" class=\"wp-caption-text\"> <span style=\"color: #000000;\">Collage de Yorgos Karagiorgos \u00c9l\u00e9ments : \u00a9 Muhammet Okur \/ Al Jazeera \u00b7 \u00a9 RomaToday (graffiti : \u00ab Il Ritorno \u00bb \u2013 affiche de Laika, repr\u00e9sentant Alice Weidel en uniforme nazi avec la moustache d&#39;Hitler) Titre : Die R\u00fcckkehr \u2013 Il Ritorno<\/span><\/h6>\n<\/div>\n<h1> <span style=\"color: #000000;\"><b>Le visage de la nouvelle propagande<\/b><\/span><\/h1>\n<p> <span style=\"color: #000000;\"><span style=\"font-weight: 400;\">Faites d\u00e9filer, faites d\u00e9filer, faites d\u00e9filer &#8211; Une jeune femme sourit, tenant un ballon en forme d&#39;avion ; la l\u00e9gende dit \u00ab Compagnies a\u00e9riennes de d\u00e9portation \u00bb. Faites d\u00e9filer, faites d\u00e9filer, faites d\u00e9filer &#8211; un homme allemand g\u00e9n\u00e9r\u00e9 par l&#39;IA, blond et masculin, prot\u00e8ge le \u00ab march\u00e9 allemand \u00bb des immigrants g\u00e9n\u00e9r\u00e9s par l&#39;IA, accompagn\u00e9s de tous les st\u00e9r\u00e9otypes pertinents, qui vendent de la drogue. Ce qui pr\u00e9c\u00e8de n&#39;est pas le produit d&#39;un \u00e9pisode de \u00ab Black Mirror \u00bb ; la r\u00e9alit\u00e9 l&#39;a d\u00e9pass\u00e9. Le contenu pertinent fait partie de v\u00e9ritables publicit\u00e9s \u00e9lectorales de l&#39;AfD [AfD, Alternative pour l&#39;Allemagne. Il s&#39;agit d&#39;un parti nationaliste d&#39;extr\u00eame droite connu pour ses opinions anti-immigration et anti-UE], de montages TikTok et de contenu g\u00e9n\u00e9r\u00e9 par les fans, fa\u00e7onnant un nouvel univers politique o\u00f9 le pouvoir ne repose pas seulement sur la persuasion par la rh\u00e9torique ou l&#39;id\u00e9ologie, mais sur l&#39;engagement \u00e9motionnel de l&#39;identit\u00e9 avec le public<\/span> (<a style=\"color: #000000;\" href=\"https:\/\/marcusboesch.de\/how-far-right-parties-are-winning-tiktok\/\" target=\"_blank\" rel=\"noopener\">4<\/a> ); <a style=\"color: #000000;\" href=\"https:\/\/doi.org\/10.1177\/14614448241251804\" target=\"_blank\" rel=\"noopener\">(5<\/a> ); <a style=\"color: #000000;\" href=\"https:\/\/tiktoktiktoktiktok.substack.com\/p\/140-pan-european-propaganda\" target=\"_blank\" rel=\"noopener\">(11<\/a> ).<\/span><\/p>\n<p> <span style=\"color: #000000;\"><span style=\"font-weight: 400;\">Cette description r\u00e9sume le concept de propagande participative, avec une interaction active avec le contenu par le partage et la production selon les m\u00eames codes. La diffusion de ce contenu cr\u00e9e un syst\u00e8me o\u00f9 l&#39;id\u00e9ologie est remix\u00e9e et esth\u00e9tis\u00e9e, tout en incitant les utilisateurs \u00e0 cocr\u00e9er du contenu avec des m\u00e8mes, des sons, des visuels d&#39;IA et des hashtags, afin de cr\u00e9er une communaut\u00e9 d&#39;une nation imaginaire o\u00f9 le public collabore \u00e0 la diffusion de r\u00e9cits racistes, contestataires et n\u00e9o-nationalistes<\/span><a style=\"color: #000000;\" href=\"https:\/\/marcusboesch.de\/how-far-right-parties-are-winning-tiktok\/\" target=\"_blank\" rel=\"noopener\"><span style=\"font-weight: 400;\">(<\/span> <span style=\"font-weight: 400;\">4<\/span><\/a> <span style=\"font-weight: 400;\">).<\/span><\/span><\/p>\n<p> <span style=\"color: #000000;\"><span style=\"font-weight: 400;\">La cosmogonie esth\u00e9tique de l&#39;AfD ne se limite pas \u00e0 une simple multiplication de ses adeptes\u00a0; gr\u00e2ce \u00e0 une strat\u00e9gie fond\u00e9e sur la moquerie, les m\u00e8mes, la rediffusion virale et l&#39;utilisation de la musique, elle a r\u00e9ussi \u00e0 investir dans une esth\u00e9tique qui rend la politique reconnaissable, et donc efficace, car elle suscite des \u00e9motions associ\u00e9es \u00e0 cette politique, favorisant l&#39;hostilit\u00e9, l&#39;humour et la peur. Des personnalit\u00e9s politiques comme <a style=\"color: #000000;\" href=\"https:\/\/www.reuters.com\/world\/europe\/german-far-right-leader-is-chinese-speaking-economist-with-foreign-partner-2025-02-22\/?utm_source=chatgpt.com\" target=\"_blank\" rel=\"noopener\">Alice Weidel<\/a> (leader de l&#39;AfD) acqui\u00e8rent le statut d&#39;\u00ab\u00a0influenceuses\u00a0\u00bb, tandis que la participation des utilisateurs au discours num\u00e9rique cr\u00e9e l&#39;illusion d&#39;une co-cr\u00e9ation politique<\/span><a style=\"color: #000000;\" href=\"https:\/\/marcusboesch.de\/how-far-right-parties-are-winning-tiktok\/\" target=\"_blank\" rel=\"noopener\"><span style=\"font-weight: 400;\">(<\/span> <span style=\"font-weight: 400;\">4<\/span><\/a> <span style=\"font-weight: 400;\">).<\/span><\/span> <\/p>\n<blockquote class=\"tiktok-embed\" style=\"max-width: 605px; min-width: 325px;\" cite=\"https:\/\/www.tiktok.com\/@revo.2025\/video\/7504320513469156630\" data-video-id=\"7504320513469156630\" data-embed-from=\"oembed\">\n<section> <a title=\"@revo.2025\" href=\"https:\/\/www.tiktok.com\/@revo.2025?refer=embed\" target=\"_blank\" rel=\"noopener\">@revo.2025<\/a> Alice Weidel zerlegt die Linken et benennt die wahren Extremisten | <a title=\"l&#039;AFD\" href=\"https:\/\/www.tiktok.com\/tag\/afd?refer=embed\" target=\"_blank\" rel=\"noopener\">#afd<\/a> <a title=\"aliceweidel\" href=\"https:\/\/www.tiktok.com\/tag\/aliceweidel?refer=embed\" target=\"_blank\" rel=\"noopener\">#aliceweidel<\/a> <a title=\"dielinke\" href=\"https:\/\/www.tiktok.com\/tag\/dielinke?refer=embed\" target=\"_blank\" rel=\"noopener\">#dielinke<\/a> <a title=\"politique\" href=\"https:\/\/www.tiktok.com\/tag\/politik?refer=embed\" target=\"_blank\" rel=\"noopener\">#politik<\/a> <a title=\"Allemagne\" href=\"https:\/\/www.tiktok.com\/tag\/deutschland?refer=embed\" target=\"_blank\" rel=\"noopener\">#deutschland<\/a> <a title=\"extr\u00e9misme\" href=\"https:\/\/www.tiktok.com\/tag\/extremismus?refer=embed\" target=\"_blank\" rel=\"noopener\">#extremismus<\/a> <a title=\"Allemagne\" href=\"https:\/\/www.tiktok.com\/tag\/germany?refer=embed\" target=\"_blank\" rel=\"noopener\">#germany<\/a> <a title=\"politique\" href=\"https:\/\/www.tiktok.com\/tag\/politics?refer=embed\" target=\"_blank\" rel=\"noopener\">#politics<\/a> <a title=\"\u266c sonido original - \ud83d\udd31 Brosly \ud83d\udd31\" href=\"https:\/\/www.tiktok.com\/music\/sonido-original-7314902219806608134?refer=embed\" target=\"_blank\" rel=\"noopener\">\u266c sonido original \u2013 \ud83d\udd31 Brosly \ud83d\udd31<\/a><\/p>\n<\/section>\n<\/blockquote>\n<p> <span style=\"color: #000000;\"><span style=\"font-weight: 400;\">Le nombre de comptes de fans promouvant des contenus en faveur de l&#39;AfD (12\u00a0790, contre seulement 873 pour le SPD) montre que la participation \u00e0 l&#39;expansion de cet univers esth\u00e9tique est renforc\u00e9e par les affordances elles-m\u00eames, avec un enrichissement gr\u00e2ce aux outils de remix, \u00e0 la musique et \u00e0 un engagement accru gr\u00e2ce aux commentaires, ce qui entra\u00eene une augmentation du nombre de vues g\u00e9n\u00e9r\u00e9e par l&#39;algorithme. L&#39;utilisateur moyen ayant un penchant pour l&#39;AfD peut devenir producteur de r\u00e9cits politiques, utilisant des slogans tels que \u00ab\u00a0Deutschland braucht die AfD\u00a0\u00bb (L&#39;Allemagne a besoin de l&#39;AfD) et des dessins anim\u00e9s. Il en r\u00e9sulte une d\u00e9politisation de la politique, le contenu devenant attrayant non pas en raison de ses id\u00e9es, mais en raison de la mani\u00e8re dont il est transform\u00e9 en un produit esth\u00e9tique et de consommation, cr\u00e9ant \u2013 sinon une prise de conscience \u2013 du moins des tendances<\/span> <span style=\"font-weight: 400;\">(<\/span> <a style=\"color: #000000;\" href=\"https:\/\/www.fes.de\/public\/FES\/Newsletter-Bilder_APB\/PDFs\/FES-Analyse-Swipe-Like-Vote-v09.pdf\" target=\"_blank\" rel=\"noopener\"><span style=\"font-weight: 400;\">1<\/span><\/a> <span style=\"font-weight: 400;\">)\u00a0;<\/span><a style=\"color: #000000;\" href=\"https:\/\/marcusboesch.de\/how-far-right-parties-are-winning-tiktok\/\" target=\"_blank\" rel=\"noopener\"><span style=\"font-weight: 400;\">(<\/span> <span style=\"font-weight: 400;\">4<\/span><\/a> <span style=\"font-weight: 400;\">).<\/span><\/span><\/p>\n<p> <span style=\"color: #000000;\"><span style=\"font-weight: 400;\">Selon Julian Hohner, cette participation n&#39;est cependant pas spontan\u00e9e mais calcul\u00e9e, car cette campagne num\u00e9rique est renforc\u00e9e par un algorithme qui \u00ab\u00a0pousse les utilisateurs dans des pi\u00e8ges radicaux\u00a0\u00bb, o\u00f9 l&#39;extr\u00eame devient courant. L&#39;id\u00e9alisation visuelle de la \u00ab\u00a0puret\u00e9\u00a0\u00bb allemande et la pr\u00e9sentation simultan\u00e9e des immigrants comme des \u00ab\u00a0ombres\u00a0\u00bb par le biais d&#39;images g\u00e9n\u00e9r\u00e9es par l&#39;IA s&#39;inscrivent dans la continuit\u00e9 des motifs de propagande de la p\u00e9riode nazie, d\u00e9sormais renforc\u00e9s par des outils d&#39;intelligence artificielle (<\/span> <a style=\"color: #000000;\" href=\"https:\/\/www.npr.org\/2024\/04\/18\/1245478934\/germanys-far-right-afd-is-thriving-on-tiktok-why\" target=\"_blank\" rel=\"noopener\"><span style=\"font-weight: 400;\">9<\/span><\/a> <span style=\"font-weight: 400;\">).<\/span><\/span><\/p>\n<p> <span style=\"color: #000000;\"><span style=\"font-weight: 400;\">Cependant, la conscience du fait que ce contenu \u00ab superficiel \u00bb sera promu n\u2019implique pas n\u00e9cessairement que la gamification superficielle du contenu politique conduit non seulement \u00e0 la d\u00e9politisation, mais aussi que ces cr\u00e9ateurs ne sont pas des activistes politiquement organis\u00e9s, mais de jeunes utilisateurs qui abordent TikTok comme une sc\u00e8ne o\u00f9 le style l\u2019emporte sur le fond et o\u00f9 l\u2019esth\u00e9tique de l\u2019AfD est reproduite sous forme de mode ou de m\u00e8mes (<\/span> <a style=\"color: #000000;\" href=\"https:\/\/doi.org\/10.1177\/14614448241251804\" target=\"_blank\" rel=\"noopener\"><span style=\"font-weight: 400;\">5<\/span><\/a> <span style=\"font-weight: 400;\">).<\/span><\/span><\/p>\n<p> <span style=\"color: #000000;\"><span style=\"font-weight: 400;\">Un exemple typique de reproduction de l&#39;id\u00e9ologie de l&#39;AfD par le biais d&#39;un contenu esth\u00e9tique \u2013 qui, toutefois, ne s&#39;y r\u00e9f\u00e8re pas directement, mais indirectement et id\u00e9ologiquement \u2013 \u200b\u200best le chant \u00ab\u00a0Ausl\u00e4nder raus, Deutschland den Deutschen\u00a0\u00bb (\u00c9trangers dehors, l&#39;Allemagne aux Allemands), chant\u00e9 par divers jeunes riches qui font la f\u00eate, non pas dans le cadre d&#39;une lutte id\u00e9ologique, mais dans une repr\u00e9sentation du pouvoir, de la r\u00e9action et de l&#39;opposition culturelle. Ainsi, la politique devient une exp\u00e9rience, un \u00e9l\u00e9ment suppl\u00e9mentaire de l&#39;ambiance du fil d&#39;actualit\u00e9, n\u00e9cessaire non pas parce qu&#39;elle est persuasive, mais parce qu&#39;elle offre une identit\u00e9, un sentiment d&#39;appartenance et un cadre esth\u00e9tique dans lequel on peut \u00ab\u00a0\u00eatre quelqu&#39;un\u00a0\u00bb, m\u00eame temporairement, m\u00eame ironiquement, m\u00eame avec l\u00e9g\u00e8ret\u00e9 (<\/span> <a style=\"color: #000000;\" href=\"https:\/\/p.dw.com\/p\/4gLe4\" target=\"_blank\" rel=\"noopener\"><span style=\"font-weight: 400;\">6<\/span><\/a> <span style=\"font-weight: 400;\">).<\/span><\/span> <\/p>\n<blockquote class=\"tiktok-embed\" style=\"max-width: 605px; min-width: 325px;\" cite=\"https:\/\/www.tiktok.com\/@fantasymo\/video\/7470847858355277078\" data-video-id=\"7470847858355277078\" data-embed-from=\"oembed\">\n<section> <a title=\"@fantasymo\" href=\"https:\/\/www.tiktok.com\/@fantasymo?refer=embed\" target=\"_blank\" rel=\"noopener\">@fantasymo<\/a> AFD WON <a title=\"IA\" href=\"https:\/\/www.tiktok.com\/tag\/ai?refer=embed\" target=\"_blank\" rel=\"noopener\">#ai<\/a> <a title=\"animation\" href=\"https:\/\/www.tiktok.com\/tag\/animation?refer=embed\" target=\"_blank\" rel=\"noopener\">#animation<\/a> <a title=\"politique\" href=\"https:\/\/www.tiktok.com\/tag\/politics?refer=embed\" target=\"_blank\" rel=\"noopener\">#politique<\/a> <a title=\"histoire\" href=\"https:\/\/www.tiktok.com\/tag\/history?refer=embed\" target=\"_blank\" rel=\"noopener\">#histoire<\/a> <a title=\"Allemagne\" href=\"https:\/\/www.tiktok.com\/tag\/germany?refer=embed\" target=\"_blank\" rel=\"noopener\">#allemagne<\/a> <a title=\"fyp\" href=\"https:\/\/www.tiktok.com\/tag\/fyp?refer=embed\" target=\"_blank\" rel=\"noopener\">#fyp<\/a> <a title=\"\u266c Fin du d\u00e9but - Djo\" href=\"https:\/\/www.tiktok.com\/music\/End-of-Beginning-7302500653593561898?refer=embed\" target=\"_blank\" rel=\"noopener\">\u266c Fin du commencement \u2013 \u200b\u200bDjo<\/a><\/p>\n<\/section>\n<\/blockquote>\n<h3> <span style=\"color: #000000;\"><strong>R\u00e9inventer l&#39;identit\u00e9 nationale gr\u00e2ce \u00e0 l&#39;IA<\/strong><\/span><\/h3>\n<p> <span style=\"color: #000000;\"><span style=\"font-weight: 400;\">Ces \u00e9l\u00e9ments t\u00e9moignent d&#39;un changement conscient dans la communication politique actuelle. Dans le Brandebourg, o\u00f9 le parti est en t\u00eate des sondages, une s\u00e9rie de publicit\u00e9s g\u00e9n\u00e9r\u00e9es par l&#39;IA a \u00e9t\u00e9 diffus\u00e9e, pr\u00e9sentant un monde bipolaire o\u00f9, d&#39;un c\u00f4t\u00e9, nous avons des villes allemandes propres, bien organis\u00e9es et \u00ab heureuses \u00bb avec des citoyens \u00ab aryens \u00bb, et de l&#39;autre, des villes sombres peupl\u00e9es d&#39;\u00ab envahisseurs \u00bb venus du Moyen-Orient et d&#39;Afrique qui ont \u00e9lev\u00e9 une frange fictive \u00e0 la normale, menant l&#39;Allemagne \u00e0 la d\u00e9sint\u00e9gration (<\/span> <a style=\"color: #000000;\" href=\"https:\/\/tiktoktiktoktiktok.substack.com\/p\/140-pan-european-propaganda\" target=\"_blank\" rel=\"noopener\"><span style=\"font-weight: 400;\">11<\/span><\/a> <span style=\"font-weight: 400;\">)<\/span> <b>.<\/b><\/span><\/p>\n<p> <span style=\"color: #000000;\"><span style=\"font-weight: 400;\">Cette esth\u00e9tique manich\u00e9enne, par le biais de l&#39;IA, produit des images et des sc\u00e9narios d\u00e9pourvus de toute r\u00e9f\u00e9rence exp\u00e9rientielle, mais qui activent des arch\u00e9types culturels, des pr\u00e9jug\u00e9s o\u00f9, \u00e0 travers le conflit entre \u00ab\u00a0le bien et le mal\u00a0\u00bb, les identit\u00e9s se construisent non pas de mani\u00e8re rationnelle, mais \u00e0 travers une d\u00e9rive \u00e9motionnelle o\u00f9 r\u00e8gnent la peur et l&#39;ins\u00e9curit\u00e9 (<\/span> <a style=\"color: #000000;\" href=\"https:\/\/tiktoktiktoktiktok.substack.com\/p\/140-pan-european-propaganda\" target=\"_blank\" rel=\"noopener\"><span style=\"font-weight: 400;\">11<\/span><\/a> <span style=\"font-weight: 400;\">). Ce n&#39;est pas un hasard si ces vid\u00e9os ont \u00e9t\u00e9 vues des centaines de milliers de fois, malgr\u00e9 des \u00ab\u00a0d\u00e9fauts\u00a0\u00bb \u00e9vidents dans la repr\u00e9sentation, tels que des bugs.<\/span><\/span> <\/p>\n<\/p>\n<blockquote class=\"tiktok-embed\" style=\"max-width: 605px; min-width: 325px;\" cite=\"https:\/\/www.tiktok.com\/@lifecreator777\/video\/7461406764282449174\" data-video-id=\"7461406764282449174\" data-embed-from=\"oembed\">\n<section> <a title=\"@lifecreator777\" href=\"https:\/\/www.tiktok.com\/@lifecreator777?refer=embed\" target=\"_blank\" rel=\"noopener\">@lifecreator777<\/a> <a title=\"libert\u00e9\" href=\"https:\/\/www.tiktok.com\/tag\/freedom?refer=embed\" target=\"_blank\" rel=\"noopener\">#freedom<\/a> <a title=\"fra\u00eecheur\" href=\"https:\/\/www.tiktok.com\/tag\/freicheit?refer=embed\" target=\"_blank\" rel=\"noopener\">#freicheit<\/a> <a title=\"Allemagne\ud83c\udde9\ud83c\uddea\" href=\"https:\/\/www.tiktok.com\/tag\/gernany%F0%9F%87%A9%F0%9F%87%AA?refer=embed\" target=\"_blank\" rel=\"noopener\">#gernany\ud83c\udde9\ud83c\uddea<\/a> <a title=\"\u266c Bande-annonce cin\u00e9matique de guerre \u00e9pique (1537552) - Chau\" href=\"https:\/\/www.tiktok.com\/music\/epic-war-cinematic-trailer-1537552-7358900599401777168?refer=embed\" target=\"_blank\" rel=\"noopener\">\u266c bande-annonce cin\u00e9matographique de guerre \u00e9pique (1537552) \u2013 Chau<\/a><\/p>\n<\/section>\n<\/blockquote>\n<p> <span style=\"color: #000000;\"><span style=\"font-weight: 400;\">Selon Marcus B\u00f6sch, il s&#39;agit de \u00ab slopaganda \u00bb, un type de propagande aux standards esth\u00e9tiques bas mais \u00e0 forte charge \u00e9motionnelle. L&#39;esth\u00e9tique r\u00e9trofuturiste, les drapeaux de l&#39;UE plac\u00e9s au centre et les th\u00e8mes vantant la \u00ab grandeur europ\u00e9enne \u00bb sont pr\u00e9sent\u00e9s en termes impressionnants \u2013 une tendance qui semble gagner un caract\u00e8re paneurop\u00e9en, constatant son succ\u00e8s et suscitant des inqui\u00e9tudes, car la pr\u00e9valence de l&#39;\u00e9motion sur les arguments et la gestion rationnelle des id\u00e9es \u00e0 une \u00e9poque de crises multiples, dans une Europe qui tente de se reconstruire, peut conduire \u00e0 la t\u00e9ratog\u00e9n\u00e8se (<\/span><a style=\"color: #000000;\" href=\"https:\/\/marcusboesch.de\/how-far-right-parties-are-winning-tiktok\/\" target=\"_blank\" rel=\"noopener\"><span style=\"font-weight: 400;\">4<\/span><\/a> <span style=\"font-weight: 400;\">);(<\/span> <a style=\"color: #000000;\" href=\"https:\/\/doi.org\/10.1177\/14614448241251804\" target=\"_blank\" rel=\"noopener\"><span style=\"font-weight: 400;\">5<\/span><\/a> <span style=\"font-weight: 400;\">).<\/span><\/span><\/p>\n<\/p>\n<h3> <span style=\"color: #000000;\"><strong>Comment l\u2019AfD assimile-t-elle les jeunes ?<\/strong><\/span><\/h3>\n<p> <span style=\"color: #000000;\"><span style=\"font-weight: 400;\">Apr\u00e8s tout, ce qui donne \u00e0 ce type de propagande son nom, \u00ab participatif \u00bb, est aussi la raison de son succ\u00e8s, \u00e0 savoir l&#39;unification de la politique et de la communaut\u00e9. Les \u00ab fan edits \u00bb d&#39;Alice Weidel, ses chansons \u00e0 connotation nationaliste, ses imitations de discours et ses slogans r\u00e9p\u00e9titifs (\u00ab Deutschland braucht die AfD = L&#39;Allemagne a besoin de l&#39;AfD \u00bb) constituent une nouvelle forme de participation politique. Les partisans de l&#39;AfD ne semblent pas avoir le sentiment de d\u00e9fendre un parti dans le sens d&#39;un renforcement de son pouvoir politique, mais plut\u00f4t d&#39;appartenir \u00e0 un mouvement num\u00e9rique qui exprime leur anxi\u00e9t\u00e9 nationale d&#39;une mani\u00e8re esth\u00e9tiquement famili\u00e8re et socialement reconnaissable. Par cons\u00e9quent, le succ\u00e8s communicatif r\u00e9side \u00e9galement dans une politique populiste de la familiarit\u00e9 qui modifie notre compr\u00e9hension de la participation d\u00e9mocratique \u00e0 l&#39;\u00e8re m\u00e9ta (<\/span> <a style=\"color: #000000;\" href=\"https:\/\/eucoda.org\/publications\/the-social-media-domination-of-the-german-far-right\/\" target=\"_blank\" rel=\"noopener\"><span style=\"font-weight: 400;\">2<\/span><\/a> <span style=\"font-weight: 400;\">);<\/span><a style=\"color: #000000;\" href=\"https:\/\/marcusboesch.de\/how-far-right-parties-are-winning-tiktok\/\" target=\"_blank\" rel=\"noopener\"><span style=\"font-weight: 400;\">(<\/span> <span style=\"font-weight: 400;\">4<\/span><\/a> <span style=\"font-weight: 400;\">);<\/span> <a style=\"color: #000000;\" href=\"https:\/\/techpolicy.press\/what-afds-dark-campaign-in-germany-tells-us-about-disinformation\/\" target=\"_blank\" rel=\"noopener\"><span style=\"font-weight: 400;\">(<\/span> <span style=\"font-weight: 400;\">8<\/span><\/a> <span style=\"font-weight: 400;\">);<\/span> <a style=\"color: #000000;\" href=\"https:\/\/vsquare.org\/how-the-far-right-and-far-left-went-viral-on-german-tiktok\/\" target=\"_blank\" rel=\"noopener\"><span style=\"font-weight: 400;\">(<\/span> <span style=\"font-weight: 400;\">10<\/span><\/a> <span style=\"font-weight: 400;\">).<\/span><\/span><\/p>\n<p> <span style=\"color: #000000;\"><span style=\"font-weight: 400;\">Dans une \u00e9tude connexe, l\u2019Institut \u00e9conomique allemand et l\u2019<\/span> <a style=\"color: #000000;\" href=\"https:\/\/www.fes.de\/public\/FES\/Newsletter-Bilder_APB\/PDFs\/FES-Analyse-Swipe-Like-Vote-v09.pdf\" target=\"_blank\" rel=\"noopener\"><span style=\"font-weight: 400;\">Amadeu Antonio Stiftung<\/span><\/a> <span style=\"font-weight: 400;\">montrent que l\u2019AfD a construit l\u2019\u00e9cosyst\u00e8me TikTok de \u00ab fans \u00bb le plus \u00e9tendu que tout autre parti, signe non seulement de succ\u00e8s num\u00e9rique mais aussi d\u2019h\u00e9g\u00e9monie narrative num\u00e9rique<\/span> <a style=\"color: #000000;\" href=\"https:\/\/www.fes.de\/public\/FES\/Newsletter-Bilder_APB\/PDFs\/FES-Analyse-Swipe-Like-Vote-v09.pdf\" target=\"_blank\" rel=\"noopener\"><span style=\"font-weight: 400;\">(1)<\/span><\/a> <span style=\"font-weight: 400;\">.<\/span><\/span><\/p>\n<p> <span style=\"color: #000000;\"><span style=\"font-weight: 400;\">Fran\u00e7ais La plateforme TikTok transforme la politique en une exp\u00e9rience culturelle continue, accessible en quelques secondes de son et d&#39;image, permettant \u00e0 des r\u00e9cits pertinents d&#39;\u00ab entrer \u00bb sur la \u00ab place publique \u00bb avec une enveloppe de divertissement, incorporant un groupe d&#39;\u00e2ge politiquement immature et l&#39;exposant \u00e0 un contenu id\u00e9ologique qui n&#39;est pas au niveau des id\u00e9es, comme cela a \u00e9t\u00e9 not\u00e9, n\u00e9gligeant peut-\u00eatre les origines politiques de ce \u00e0 quoi ils participent. L&#39;acceptation significative de l&#39;AfD par les jeunes, avec 22 % des 14-29 ans qui la soutiennent, selon un sondage r\u00e9cent, r\u00e9v\u00e8le un changement critique, \u00e0 savoir que la nouvelle g\u00e9n\u00e9ration n&#39;est pas repouss\u00e9e par le radicalisme mais le vit comme une authenticit\u00e9, dans un paysage politique qu&#39;elle per\u00e7oit comme un cercle \u00ab ferm\u00e9 \u00bb et plut\u00f4t corrompu de personnes et de pratiques<\/span> <a style=\"color: #000000;\" href=\"https:\/\/www.fes.de\/public\/FES\/Newsletter-Bilder_APB\/PDFs\/FES-Analyse-Swipe-Like-Vote-v09.pdf\" target=\"_blank\" rel=\"noopener\"><span style=\"font-weight: 400;\">(1)<\/span><\/a> <span style=\"font-weight: 400;\">,<\/span> <a style=\"color: #000000;\" href=\"https:\/\/eucoda.org\/publications\/the-social-media-domination-of-the-german-far-right\/\" target=\"_blank\" rel=\"noopener\"><span style=\"font-weight: 400;\">(2)<\/span><\/a> <span style=\"font-weight: 400;\">,<\/span><a style=\"color: #000000;\" href=\"https:\/\/marcusboesch.de\/how-far-right-parties-are-winning-tiktok\/\" target=\"_blank\" rel=\"noopener\"><span style=\"font-weight: 400;\">(4)<\/span><\/a> <b>.<\/b><\/span><\/p>\n<p> <span style=\"color: #000000;\"><span style=\"font-weight: 400;\">La ludification de la politique fonctionne \u00e9galement comme un outil d&#39;inclusion sociale pour les jeunes en situation d&#39;ali\u00e9nation ou s&#39;identifiant comme contestataires. La possibilit\u00e9 de contribuer \u00e0 la communication de l&#39;AfD leur offre une visibilit\u00e9 num\u00e9rique, leur permettant d&#39;\u00eatre entendus et vus sur la place publique comme jamais auparavant. Ces utilisateurs trouvent dans l&#39;activisme num\u00e9rique en faveur de l&#39;AfD non seulement du contenu, mais aussi de la reconnaissance, de la participation et de l&#39;esprit communautaire, l&#39;AfD b\u00e9n\u00e9ficiant de l&#39;absence d&#39;un langage \u00e9motionnel correspondant de la part des partis d\u00e9mocratiques (<\/span> <a style=\"color: #000000;\" href=\"https:\/\/doi.org\/10.1177\/14614448241251804\" target=\"_blank\" rel=\"noopener\"><span style=\"font-weight: 400;\">5<\/span><\/a> <span style=\"font-weight: 400;\">).<\/span><\/span><\/p>\n<p> <span style=\"color: #000000;\"><span style=\"font-weight: 400;\">Bien entendu, le public vis\u00e9 par ce contenu n&#39;est pas seulement les personnes marginalis\u00e9es de la vie politique, mais aussi les jeunes issus de couches sociales privil\u00e9gi\u00e9es, comme l&#39;a montr\u00e9 l&#39;incident sur l&#39;\u00eele de Sylt (une \u00eele luxueuse d&#39;Allemagne, r\u00e9put\u00e9e pour sa richesse, ses clubs de plage et sa client\u00e8le d&#39;\u00e9lite). Pour ce groupe social, l&#39;enjeu n&#39;est pas la visibilit\u00e9 et le besoin de participer \u2013 ni m\u00eame l&#39;identification compl\u00e8te \u00e0 ces id\u00e9es \u2013 mais plut\u00f4t une relation privil\u00e9gi\u00e9e avec un monde sans fronti\u00e8res (coexistence) et le comblement du vide existentiel par la qu\u00eate d&#39;identit\u00e9. Les \u00ab Wohlstandsverwahrloste \u00bb (jeunes ayant grandi dans l&#39;abondance, mais sans orientation morale ni proximit\u00e9 \u00e9motionnelle) sont attir\u00e9s par l&#39;esprit de confrontation et la fa\u00e7ade \u00ab anti-establishment \u00bb de l&#39;extr\u00eame droite. L&#39;AfD, par une position anti-establishment qui ne menace pas leurs int\u00e9r\u00eats, leur offre une voix \u00ab r\u00e9volutionnaire \u00bb et un objectif. La reproduction des slogans nazis \u00e0 Sylt sert ainsi de test identitaire dans un environnement sans cons\u00e9quences, confirmant que la radicalisation n&#39;est pas un ph\u00e9nom\u00e8ne de classe, mais une construction culturelle consciente, qui peut aussi \u00eatre socialement enrichissante pour ses participants. En fin de compte, l&#39;AfD ne leur offre pas de solutions, mais plut\u00f4t l&#39;int\u00e9gration, l&#39;identit\u00e9 et un adversaire \u2013 et donc un objectif (<\/span> <a style=\"color: #000000;\" href=\"https:\/\/p.dw.com\/p\/4gLe4\" target=\"_blank\" rel=\"noopener\"><span style=\"font-weight: 400;\">6<\/span><\/a> <span style=\"font-weight: 400;\">).<\/span><\/span><\/p>\n<\/p>\n<h2> <span style=\"color: #000000;\"><strong>De la campagne \u00e0 l&#39;exp\u00e9rience<\/strong><\/span><\/h2>\n<p> <span style=\"color: #000000;\"><span style=\"font-weight: 400;\">En conclusion, le nouveau type de propagande de l&#39;AfD r\u00e9v\u00e8le qu&#39;une communication politique efficace \u00e0 l&#39;\u00e8re num\u00e9rique ne fonctionne pas seulement de mani\u00e8re dialectique, \u00e0 travers des positions et des propositions, mais atteint bien plus de r\u00e9sultats lorsqu&#39;elle s&#39;aventure dans le domaine de l&#39;esth\u00e9tique, de l&#39;identit\u00e9 et de l&#39;engagement \u00e9motionnel. La visualisation de l&#39;id\u00e9ologie ne recherche pas n\u00e9cessairement les votes\u00a0; elle recherche les partages, les m\u00e8mes et la co-cr\u00e9ation. Cela fa\u00e7onne un nouveau type de \u00ab\u00a0participation\u00a0\u00bb, plus exp\u00e9rientielle et \u00e9motionnelle que rationnelle (<\/span> <a style=\"color: #000000;\" href=\"https:\/\/doi.org\/10.1177\/14614448241251804\" target=\"_blank\" rel=\"noopener\"><span style=\"font-weight: 400;\">5<\/span><\/a> <span style=\"font-weight: 400;\">).<\/span><\/span><\/p>\n<p> <span style=\"color: #000000;\"><span style=\"font-weight: 400;\">L&#39;AfD n&#39;a pas simplement capitalis\u00e9 sur la communication gr\u00e2ce aux capacit\u00e9s de la plateforme, mais a construit un fantasme hypernational num\u00e9rique. Apr\u00e8s tout, les nations ne sont pas de simples communaut\u00e9s biologiques, mais des \u00ab\u00a0constructions imaginaires fond\u00e9es sur des formes performatives de m\u00e9moire et de tradition\u00a0\u00bb (<\/span> <a style=\"color: #000000;\" href=\"https:\/\/doi.org\/10.1017\/CBO9781107295636\" target=\"_blank\" rel=\"noopener\"><span style=\"font-weight: 400;\">7<\/span><\/a> <span style=\"font-weight: 400;\">). Dans le cas de l&#39;AfD, cette performativit\u00e9 ne se reproduit plus dans les c\u00e9l\u00e9brations nationales et les manuels scolaires, mais dans les boucles TikTok, dans les sons et les filtres d&#39;une Allemagne nostalgique et \u00ab\u00a0pure\u00a0\u00bb \u200b\u200bqui n&#39;a peut-\u00eatre jamais exist\u00e9.<\/span><\/span><\/p>\n<p> <span style=\"font-weight: 400; color: #000000;\">Ce contre quoi le ph\u00e9nom\u00e8ne de la \u00ab propagande participative \u00bb nous met en garde \u00e0 travers le cas de l\u2019AfD, c\u2019est que la sph\u00e8re publique d\u00e9mocratique est menac\u00e9e non seulement par la r\u00e9pression mais aussi par la participation bas\u00e9e sur les tendances, une identification possible par l\u2019ironie, la peur et la construction d\u2019une communaut\u00e9 charg\u00e9e d\u2019\u00e9motion qui prot\u00e8ge la nation et vous appelle \u00e0 cette croisade num\u00e9rique de m\u00e8mes.<\/span><\/p>\n<p> <span style=\"color: #000000;\"><span style=\"font-weight: 400;\">La r\u00e9ponse \u00e0 ce ph\u00e9nom\u00e8ne ne peut se r\u00e9sumer \u00e0 une simple d\u00e9construction\u00a0; au contraire, il est imp\u00e9ratif de r\u00e9inventer une culture d\u00e9mocratique d&#39;appartenance, o\u00f9 puissent s&#39;exprimer les besoins existentiels des jeunes\u00a0: une voix, une communaut\u00e9, un r\u00f4le. Car si la nation peut se r\u00e9inventer avec des filtres et des artifices faciles, alors la d\u00e9mocratie peut \u2013 et doit \u2013 devenir une exp\u00e9rience participative\u00a0; apr\u00e8s tout, c&#39;est ainsi qu&#39;elle a commenc\u00e9, et un retour aux sources, par la rationalit\u00e9 plut\u00f4t que par des r\u00eaves illusoires, peut raviver des souvenirs tels qu&#39;une nouvelle articulation de<\/span> <a style=\"color: #000000;\" href=\"https:\/\/www.crisiscritique.org\/storage\/app\/media\/2018-11-29\/ranciere.pdf?utm_source=chatgpt.com\" target=\"_blank\" rel=\"noopener\"><span style=\"font-weight: 400;\">l&#39;imagination au pouvoir<\/span><\/a> <span style=\"font-weight: 400;\">.<\/span><\/span><\/p>\n<h3><\/h3>\n<h3> <span style=\"color: #000000;\"><b>Notes de fin<\/b><\/span><\/h3>\n<p> <span style=\"color: #000000;\"><span style=\"font-weight: 400;\">1.Amadeu Antonio Stiftung et Else-Frenkel-Brunswik-Institut. (2024).<\/span> <i><span style=\"font-weight: 400;\">Swipe, like, vote : Rechtsextreme Radikalisierung und Gegenstrategien auf TikTok<\/span><\/i> <span style=\"font-weight: 400;\">. Fondation Friedrich-Ebert. https:\/\/www.fes.de\/public\/FES\/Newsletter-Bilder_APB\/PDFs\/FES-Analyse-Swipe-Like-Vote-v09.pdf<\/span><\/span><\/p>\n<\/p>\n<p> <span style=\"color: #000000;\"><span style=\"font-weight: 400;\">2. Beauduin, A. (mars 2025).<\/span> <i><span style=\"font-weight: 400;\">La domination de l&#39;extr\u00eame droite allemande sur les r\u00e9seaux sociaux<\/span><\/i> <span style=\"font-weight: 400;\">. Centre europ\u00e9en pour l&#39;action num\u00e9rique. https:\/\/eucoda.org\/publications\/the-social-media-domination-of-the-german-far-right\/<\/span><\/span><\/p>\n<\/p>\n<p> <span style=\"color: #000000;\"><span style=\"font-weight: 400;\">3. Blumenthaler, L. (26 mars 2024).<\/span> <i><span style=\"font-weight: 400;\">Warum die AfD on TikTok geade so erfolgreich ist<\/span><\/i> <span style=\"font-weight: 400;\">. Fondation Amadeu Antonio. https:\/\/www.amadeu-antonio-stiftung.de\/warum-die-afd-auf-tiktok-gerade-so-erfolgreich-ist-110311\/<\/span><\/span><\/p>\n<\/p>\n<p> <span style=\"color: #000000;\"><span style=\"font-weight: 400;\">4. B\u00f6sch, M. (2023).<\/span> <i><span style=\"font-weight: 400;\">Comment les partis d&#39;extr\u00eame droite gagnent sur TikTok<\/span><\/i> <span style=\"font-weight: 400;\">. marcusboesch.de. https:\/\/marcusboesch.de\/how-far-right-parties-are-winning-tiktok\/<\/span><\/span><\/p>\n<\/p>\n<p> <span style=\"color: #000000;\"><span style=\"font-weight: 400;\">5. B\u00f6sch, M., et Divon, T. (2024).<\/span> <i><span style=\"font-weight: 400;\">Le son de la d\u00e9sinformation\u00a0: TikTok, la propagande informatique et l\u2019invasion de l\u2019Ukraine<\/span><\/i> <span style=\"font-weight: 400;\">.<\/span> <i><span style=\"font-weight: 400;\">Nouveaux m\u00e9dias et soci\u00e9t\u00e9, 26<\/span><\/i> <span style=\"font-weight: 400;\">(9). https:\/\/doi.org\/10.1177\/14614448241251804<\/span><\/span><\/p>\n<\/p>\n<p> <span style=\"color: #000000;\"><span style=\"font-weight: 400;\">6. Thurau, K. (27 mai 2024).<\/span> <i><span style=\"font-weight: 400;\">Pourquoi les slogans nazis et la x\u00e9nophobie s\u00e9duisent les enfants de riches<\/span><\/i> <span style=\"font-weight: 400;\">.<\/span> <i><span style=\"font-weight: 400;\">Deutsche Welle<\/span><\/i> <span style=\"font-weight: 400;\">. https:\/\/p.dw.com\/p\/4gLe4<\/span><\/span><\/p>\n<\/p>\n<p> <span style=\"color: #000000;\"><span style=\"font-weight: 400;\">7. Hobsbawm, E., et Ranger, T. (\u00e9d.). (1983).<\/span> <i><span style=\"font-weight: 400;\">L&#39;invention de la tradition<\/span><\/i> <span style=\"font-weight: 400;\">. Presses universitaires de Cambridge. https:\/\/doi.org\/10.1017\/CBO9781107295636<\/span><\/span><\/p>\n<p> <span style=\"color: #000000;\"><span style=\"font-weight: 400;\">8. Kartte, F. (3 octobre 2024).<\/span> <i><span style=\"font-weight: 400;\">Ce que la campagne sombre de l&#39;AfD en Allemagne nous apprend sur la d\u00e9sinformation<\/span><\/i> <span style=\"font-weight: 400;\">.<\/span> <i><span style=\"font-weight: 400;\">Tech Policy Press<\/span><\/i> <span style=\"font-weight: 400;\">. https:\/\/techpolicy.press\/what-afds-dark-campaign-in-germany-tells-us-about-disinformation\/<\/span><\/span><\/p>\n<\/p>\n<p> <span style=\"color: #000000;\"><span style=\"font-weight: 400;\">9. Schmitz, R. (18 avril 2024).<\/span> <i><span style=\"font-weight: 400;\">L&#39;AfD, parti d&#39;extr\u00eame droite allemand, prosp\u00e8re sur TikTok. Pourquoi\u00a0?<\/span><\/i> <i><span style=\"font-weight: 400;\">NPR<\/span><\/i> <span style=\"font-weight: 400;\">. https:\/\/www.npr.org\/2024\/04\/18\/1245478934\/germanys-far-right-afd-is-thriving-on-tiktok-why<\/span><\/span><\/p>\n<\/p>\n<p> <span style=\"color: #000000;\"><span style=\"font-weight: 400;\">10. \u0160lerka, J. (17 avril 2025).<\/span> <i><span style=\"font-weight: 400;\">Comment l&#39;extr\u00eame droite et l&#39;extr\u00eame gauche sont devenues virales sur TikTok en Allemagne<\/span><\/i> <span style=\"font-weight: 400;\">.<\/span> <i><span style=\"font-weight: 400;\">Investigace.cz \/ Vsquare<\/span><\/i> <span style=\"font-weight: 400;\">.<\/span> <a style=\"color: #000000;\" href=\"https:\/\/vsquare.org\/how-the-far-right-and-far-left-went-viral-on-german-tiktok\/\" target=\"_blank\" rel=\"noopener\"><span style=\"font-weight: 400;\">https:\/\/vsquare.org\/how-the-far-right-and-far-left-went-viral-on-german-tiktok\/<\/span><\/a><\/span><\/p>\n<\/p>\n<p> <span style=\"color: #000000;\"><span style=\"font-weight: 400;\">11. B\u00f6sch, M. (4 mars 2025).<\/span> <i><span style=\"font-weight: 400;\">140 : Propagande paneurop\u00e9enne<\/span><\/i> <span style=\"font-weight: 400;\">. Sous-pile. https:\/\/tiktoktiktoktiktok.substack.com\/p\/140-pan-european-propaganda<\/span><\/span><\/p>\n","protected":false},"excerpt":{"rendered":"<p>Collage de Yorgos Karagiorgos \u00c9l\u00e9ments : \u00a9 Muhammet Okur \/ Al Jazeera \u00b7 \u00a9 RomaToday (graffiti : \u00ab Il Ritorno \u00bb \u2013 affiche de Laika, repr\u00e9sentant Alice Weidel en uniforme nazi avec la moustache d&#39;Hitler) [&hellip;]<\/p>\n","protected":false},"author":355,"featured_media":7641,"comment_status":"closed","ping_status":"closed","sticky":false,"template":"","format":"standard","meta":{"_acf_changed":false,"footnotes":""},"categories":[597,677,566,678],"tags":[2413,1722,2008],"post_formats":[616],"coauthors":[],"class_list":["post-8316","post","type-post","status-publish","format-standard","has-post-thumbnail","hentry","category-actualites","category-desinformation","category-general-fr","category-technologie","tag-disinformation-fr","tag-misinformation-fr","tag-platform-governance-fr","post_formats-articles-fr"],"acf":[],"_links":{"self":[{"href":"https:\/\/www.pulse-z.eu\/fr\/wp-json\/wp\/v2\/posts\/8316","targetHints":{"allow":["GET"]}}],"collection":[{"href":"https:\/\/www.pulse-z.eu\/fr\/wp-json\/wp\/v2\/posts"}],"about":[{"href":"https:\/\/www.pulse-z.eu\/fr\/wp-json\/wp\/v2\/types\/post"}],"author":[{"embeddable":true,"href":"https:\/\/www.pulse-z.eu\/fr\/wp-json\/wp\/v2\/users\/355"}],"replies":[{"embeddable":true,"href":"https:\/\/www.pulse-z.eu\/fr\/wp-json\/wp\/v2\/comments?post=8316"}],"version-history":[{"count":78,"href":"https:\/\/www.pulse-z.eu\/fr\/wp-json\/wp\/v2\/posts\/8316\/revisions"}],"predecessor-version":[{"id":23297,"href":"https:\/\/www.pulse-z.eu\/fr\/wp-json\/wp\/v2\/posts\/8316\/revisions\/23297"}],"wp:featuredmedia":[{"embeddable":true,"href":"https:\/\/www.pulse-z.eu\/fr\/wp-json\/wp\/v2\/media\/7641"}],"wp:attachment":[{"href":"https:\/\/www.pulse-z.eu\/fr\/wp-json\/wp\/v2\/media?parent=8316"}],"wp:term":[{"taxonomy":"category","embeddable":true,"href":"https:\/\/www.pulse-z.eu\/fr\/wp-json\/wp\/v2\/categories?post=8316"},{"taxonomy":"post_tag","embeddable":true,"href":"https:\/\/www.pulse-z.eu\/fr\/wp-json\/wp\/v2\/tags?post=8316"},{"taxonomy":"post_formats","embeddable":true,"href":"https:\/\/www.pulse-z.eu\/fr\/wp-json\/wp\/v2\/post_formats?post=8316"},{"taxonomy":"author","embeddable":true,"href":"https:\/\/www.pulse-z.eu\/fr\/wp-json\/wp\/v2\/coauthors?post=8316"}],"curies":[{"name":"wp","href":"https:\/\/api.w.org\/{rel}","templated":true}]}}