{"id":79323,"date":"2026-01-18T11:00:34","date_gmt":"2026-01-18T11:00:34","guid":{"rendered":"https:\/\/www.pulse-z.eu\/how-to-talk-about-war-and-be-more-resilient-in-a-complicated-world-an-interview-with-martin-poliacik\/"},"modified":"2026-01-19T11:40:53","modified_gmt":"2026-01-19T11:40:53","slug":"comment-parler-de-la-guerre-et-etre-plus-resilient-dans-un-monde-complexe-un-entretien-avec-martin-poliacik","status":"publish","type":"post","link":"https:\/\/www.pulse-z.eu\/fr\/comment-parler-de-la-guerre-et-etre-plus-resilient-dans-un-monde-complexe-un-entretien-avec-martin-poliacik\/","title":{"rendered":"Comment parler de la guerre et \u00eatre plus r\u00e9silient dans un monde complexe \u2013 un entretien avec Martin Polia\u010dik"},"content":{"rendered":"\n<p class=\"e-91090-text encore-text-body-medium\" data-encore-id=\"text\" data-slate-node=\"element\"> <span data-slate-node=\"text\"><span class=\"sc-dfyheH cjSZKs\" data-slate-leaf=\"true\">Nous avons parl\u00e9 des probl\u00e8mes li\u00e9s au rapatriement et de la mani\u00e8re d&#39;aborder le sujet de la guerre avec ses proches. Nous avons \u00e9galement \u00e9voqu\u00e9 comment d\u00e9velopper sa r\u00e9silience dans un monde de plus en plus complexe. \u00c0 ce propos, le livre \u00ab <a class=\"e-91090-text-link e-91090-baseline e-91090-overflow-wrap-anywhere encore-internal-color-text-announcement e-91090-text-link--use-focus sc-hHRjXH gLIqfM\" href=\"https:\/\/www.radioteka.cz\/detail\/croebook-1042070-porazme-hoaxy?srsltid=AfmBOorCS4TaokQOBU_QE9UgTWKdq_0pPf4eOXmTzgp-B-NJ1R5KBnMH\" data-encore-id=\"textLink\" data-slate-node=\"element\" data-slate-inline=\"true\" target=\"_blank\" rel=\"noopener\"><span contenteditable=\"false\">\u00a0Porazme<\/span> hoaxy <span contenteditable=\"false\">!<\/span><\/a>\u00a0\u00bb de <a class=\"e-91090-text-link e-91090-baseline e-91090-overflow-wrap-anywhere encore-internal-color-text-announcement e-91090-text-link--use-focus sc-hHRjXH gLIqfM\" href=\"https:\/\/www.instagram.com\/krotimehoaxy\/?hl=cs\" data-encore-id=\"textLink\" data-slate-node=\"element\" data-slate-inline=\"true\" target=\"_blank\" rel=\"noopener\"><span contenteditable=\"false\">Vladim\u00edr<\/span> <span contenteditable=\"false\">\u0160n\u00eddl<\/span><\/a> est pertinent.<\/span><\/span> <\/p>\n<p class=\"e-91090-text encore-text-body-medium\" data-encore-id=\"text\" data-slate-node=\"element\" data-slate-fragment=\"JTVCJTdCJTIydHlwZSUyMiUzQSUyMnBhcmFncmFwaCUyMiUyQyUyMmNoaWxkcmVuJTIyJTNBJTVCJTdCJTIydGV4dCUyMiUzQSUyMldlJTIwdGFsa2VkJTIwYWJvdXQlMjB0aGUlMjBwcm9ibGVtcyUyMHRoYXQlMjByZXBhdHJpYXRpb24lMjBicmluZ3MlMkMlMjBhbmQlMjBob3clMjB0byUyMHRhbGslMjB0byUyMGFjcXVhaW50YW5jZXMlMkMlMjBmYW1pbHklMjBvciUyMGZyaWVuZHMlMjBhYm91dCUyMHRoZSUyMHdhci4lMjBCdXQlMjB3ZSUyMGFsc28lMjBkaXNjdXNzZWQlMjBob3clMjB0byUyMHRyeSUyMHRvJTIwYmUlMjBtb3JlJTIwcmVzaWxpZW50JTIwaW4lMjBhbiUyMGluY3JlYXNpbmdseSUyMGNvbXBsaWNhdGVkJTIwd29ybGQuJTIwJUYwJTlGJUFBJTk2JTIyJTdEJTVEJTdEJTJDJTdCJTIydHlwZSUyMiUzQSUyMnBhcmFncmFwaCUyMiUyQyUyMmNoaWxkcmVuJTIyJTNBJTVCJTdCJTIydGV4dCUyMiUzQSUyMiUyMiU3RCU1RCU3RCUyQyU3QiUyMnR5cGUlMjIlM0ElMjJwYXJhZ3JhcGglMjIlMkMlMjJjaGlsZHJlbiUyMiUzQSU1QiU3QiUyMnRleHQlMjIlM0ElMjJUaGVyZSUyMGFyZSUyMG1vcmUlMjB0b3BpY3MlMjB0aGF0JTIwd2UlMjBkaXNjdXNzZWQlMkMlMjBhbmQlMjB5b3UlMjBjYW4lMjBmaW5kJTIwdGhlbSUyMGFsbCUyMGluJTIwdGhlJTIwbGF0ZXN0JTIwZXBpc29kZSUyMG9mJTIwdGhlJTIwcG9kY2FzdCUyMGZvciUyMFB1bHNlWiElMjAlRTIlOUMlODUlMjIlN0QlNUQlN0QlNUQ=\"> <span data-slate-node=\"text\"><span class=\"sc-dfyheH cjSZKs\" data-slate-leaf=\"true\">Nous avons abord\u00e9 d&#39;autres sujets, et vous pouvez tous les retrouver dans le dernier \u00e9pisode du podcast pour PulseZ !<\/span><\/span><\/p>\n<p> Cet \u00e9pisode de podcast est en slovaque.<\/p>\n","protected":false},"excerpt":{"rendered":"<p>Nous avons parl\u00e9 des probl\u00e8mes li\u00e9s au rapatriement et de la mani\u00e8re d&#39;aborder le sujet de la guerre avec ses proches. Nous avons \u00e9galement \u00e9voqu\u00e9 comment d\u00e9velopper sa r\u00e9silience dans un monde de plus en [&hellip;]<\/p>\n","protected":false},"author":457,"featured_media":0,"comment_status":"closed","ping_status":"closed","sticky":false,"template":"","format":"standard","meta":{"_acf_changed":false,"footnotes":""},"categories":[597],"tags":[7801,12832,5042,902,3596],"post_formats":[738],"coauthors":[4435],"class_list":["post-79323","post","type-post","status-publish","format-standard","hentry","category-actualites","tag-children-fr","tag-critical-thinking-fr","tag-resilience-fr","tag-ukraine-fr","tag-war-fr","post_formats-podcast-fr"],"acf":[],"_links":{"self":[{"href":"https:\/\/www.pulse-z.eu\/fr\/wp-json\/wp\/v2\/posts\/79323","targetHints":{"allow":["GET"]}}],"collection":[{"href":"https:\/\/www.pulse-z.eu\/fr\/wp-json\/wp\/v2\/posts"}],"about":[{"href":"https:\/\/www.pulse-z.eu\/fr\/wp-json\/wp\/v2\/types\/post"}],"author":[{"embeddable":true,"href":"https:\/\/www.pulse-z.eu\/fr\/wp-json\/wp\/v2\/users\/457"}],"replies":[{"embeddable":true,"href":"https:\/\/www.pulse-z.eu\/fr\/wp-json\/wp\/v2\/comments?post=79323"}],"version-history":[{"count":9,"href":"https:\/\/www.pulse-z.eu\/fr\/wp-json\/wp\/v2\/posts\/79323\/revisions"}],"predecessor-version":[{"id":79392,"href":"https:\/\/www.pulse-z.eu\/fr\/wp-json\/wp\/v2\/posts\/79323\/revisions\/79392"}],"wp:attachment":[{"href":"https:\/\/www.pulse-z.eu\/fr\/wp-json\/wp\/v2\/media?parent=79323"}],"wp:term":[{"taxonomy":"category","embeddable":true,"href":"https:\/\/www.pulse-z.eu\/fr\/wp-json\/wp\/v2\/categories?post=79323"},{"taxonomy":"post_tag","embeddable":true,"href":"https:\/\/www.pulse-z.eu\/fr\/wp-json\/wp\/v2\/tags?post=79323"},{"taxonomy":"post_formats","embeddable":true,"href":"https:\/\/www.pulse-z.eu\/fr\/wp-json\/wp\/v2\/post_formats?post=79323"},{"taxonomy":"author","embeddable":true,"href":"https:\/\/www.pulse-z.eu\/fr\/wp-json\/wp\/v2\/coauthors?post=79323"}],"curies":[{"name":"wp","href":"https:\/\/api.w.org\/{rel}","templated":true}]}}