{"id":67715,"date":"2025-11-23T10:10:08","date_gmt":"2025-11-23T10:10:08","guid":{"rendered":"https:\/\/www.pulse-z.eu\/the-menstrual-cycle-in-girls-with-special-needs-in-north-macedonia-who-cares-for-them\/"},"modified":"2025-11-24T10:46:16","modified_gmt":"2025-11-24T10:46:16","slug":"le-cycle-menstruel-chez-les-filles-ayant-des-besoins-speciaux-en-macedoine-du-nord-qui-soccupe-delles","status":"publish","type":"post","link":"https:\/\/www.pulse-z.eu\/fr\/le-cycle-menstruel-chez-les-filles-ayant-des-besoins-speciaux-en-macedoine-du-nord-qui-soccupe-delles\/","title":{"rendered":"Le cycle menstruel chez les filles ayant des besoins sp\u00e9ciaux en Mac\u00e9doine du Nord : qui s&#39;occupe d&#39;elles ?"},"content":{"rendered":"\n<p>Vivre avec un handicap en Mac\u00e9doine du Nord repr\u00e9sente un d\u00e9fi quotidien. Le syst\u00e8me de sant\u00e9, les infrastructures et les mentalit\u00e9s sociales ne parviennent souvent pas \u00e0 apporter le soutien n\u00e9cessaire \u00e0 ces personnes, les laissant, ainsi que leurs familles, confront\u00e9es \u00e0 une dure r\u00e9alit\u00e9. Pour s&#39;en rendre compte, il suffit de passer un peu de temps au centre de jour CFKD (Soins aux enfants handicap\u00e9s). Ce centre est un lieu chaleureux o\u00f9 se m\u00ealent soins, \u00e9ducation et socialisation pour 14 personnes \u00e2g\u00e9es de 13 \u00e0 55 ans. Malgr\u00e9 des diagnostics diff\u00e9rents, faute de pouvoir former des groupes s\u00e9par\u00e9s, elles passent la plupart de leur temps ensemble.<\/p>\n<p> \u00ab\u00a0La diff\u00e9rence d\u2019\u00e2ge n\u2019est pas un facteur important dans leurs relations. La plupart ont tiss\u00e9 des liens de toutes sortes, qu\u2019ils soient \u00e9troits ou distants. Pour ces personnes, la communication verbale n\u2019est pas toujours privil\u00e9gi\u00e9e\u00a0; leurs relations reposent donc sur diff\u00e9rentes formes de communication \u00e0 travers lesquelles elles expriment leurs opinions, leurs accords et d\u00e9saccords, ainsi que leurs \u00e9motions\u00a0\u00bb, explique Aleksandra Nestoroska, psychologue au sein du centre.<\/p>\n<p> S&#39;il est difficile d&#39;\u00eatre une personne en situation de handicap, il est encore plus compliqu\u00e9 d&#39;\u00eatre une femme dans cette situation. Dans une soci\u00e9t\u00e9 encore domin\u00e9e par les normes patriarcales, les femmes handicap\u00e9es subissent une double discrimination\u00a0: \u00e0 la fois en tant que personnes handicap\u00e9es et en tant que femmes. De ce fait, pour beaucoup d&#39;entre elles, l&#39;acc\u00e8s \u00e0 l&#39;\u00e9ducation, \u00e0 l&#39;emploi ou \u00e0 une vie autonome est quasiment impossible.<\/p>\n<p> \u00ab Je crois que la difficult\u00e9 des soins d\u00e9pend en grande partie du degr\u00e9 de handicap de la personne, mais je peux \u00e9galement confirmer que la nature m\u00eame du sexe f\u00e9minin repr\u00e9sente un d\u00e9fi suppl\u00e9mentaire dans les soins prodigu\u00e9s \u00bb, explique Aleksandra.<\/p>\n<h2> Les d\u00e9fis d&#39;une fille atteinte du syndrome de Down : quand son propre corps devient un obstacle de plus<\/h2>\n<p> Imaginez maintenant \u00eatre une fille atteinte de trisomie 21, d&#39;autisme ou d&#39;un autre diagnostic. En plus des difficult\u00e9s quotidiennes li\u00e9es \u00e0 l&#39;apprentissage, \u00e0 l&#39;int\u00e9gration sociale et aux soins m\u00e9dicaux, vous devez faire face \u00e0 un autre probl\u00e8me chaque mois\u00a0: les menstruations. Pour la plupart des filles et des femmes, les menstruations sont un processus fatigant et parfois douloureux, mais pour une fille ayant des besoins sp\u00e9cifiques, ce cycle naturel devient un v\u00e9ritable d\u00e9fi.<\/p>\n<p> \u00ab Souvent, ces personnes sont incapables de maintenir une hygi\u00e8ne personnelle autonome et ont besoin d&#39;aide ou de surveillance. La compr\u00e9hension des menstruations en tant que ph\u00e9nom\u00e8ne biologique varie consid\u00e9rablement\u00a0: certaines sont capables de comprendre le ph\u00e9nom\u00e8ne et de prendre soin d&#39;elles-m\u00eames ou d&#39;accepter de l&#39;aide, tandis que d&#39;autres sont totalement incapables de le comprendre ou de maintenir une hygi\u00e8ne personnelle de mani\u00e8re ind\u00e9pendante. De plus, chacune r\u00e9agit diff\u00e9remment aux sympt\u00f4mes des menstruations et du syndrome pr\u00e9menstruel, tels que les douleurs, l&#39;irritabilit\u00e9 et autres troubles similaires \u00bb, souligne Aleksandra.<\/p>\n<p> En Mac\u00e9doine du Nord, m\u00eame les filles sans handicap peinent \u00e0 se procurer des protections menstruelles en raison de leur prix \u00e9lev\u00e9 et du manque d&#39;acc\u00e8s \u00e0 l&#39;\u00e9ducation menstruelle. Pour une fille ayant des besoins sp\u00e9cifiques, la situation est encore plus probl\u00e9matique, car elle peut ne pas savoir comment utiliser les protections ou avoir des difficult\u00e9s \u00e0 les changer r\u00e9guli\u00e8rement. Dans ces cas-l\u00e0, la pr\u00e9sence d&#39;un parent ou d&#39;un tuteur est essentielle, non seulement pour fournir financi\u00e8rement les produits d&#39;hygi\u00e8ne, mais aussi pour accompagner la fillette tout au long du processus.<\/p>\n<p> \u00ab Oui, c\u2019est la r\u00e9alit\u00e9 pour ces personnes et leurs familles. Cela ne touche pas seulement la personne handicap\u00e9e, mais aussi toutes celles qui l\u2019aident. Les handicaps intellectuels et physiques ne les dispensent pas de la nature biologique du corps f\u00e9minin. Je pense que le grand public n\u2019a m\u00eame pas encore pris conscience de cette r\u00e9alit\u00e9 pour les femmes handicap\u00e9es et leurs aidants \u00bb, explique Aleksandra.<\/p>\n<h2> Pourquoi un soutien accru est-il si important ?<\/h2>\n<p> L\u2019\u00c9tat doit prendre des mesures pour que les personnes ayant des besoins sp\u00e9cifiques, notamment les femmes et les filles, ne soient pas marginalis\u00e9es. Des programmes d\u2019\u00e9ducation \u00e0 l\u2019hygi\u00e8ne menstruelle sont indispensables pour toutes les filles, quelles que soient leurs capacit\u00e9s. De plus, des centres de soutien devraient \u00eatre mis en place pour que les filles atteintes de trisomie 21 et les femmes en situation de handicap puissent b\u00e9n\u00e9ficier de soins de sant\u00e9 et d\u2019un accompagnement social adapt\u00e9s.<\/p>\n<p> Il est injuste qu&#39;une fille en situation de handicap doive faire face \u00e0 une double difficult\u00e9, non seulement en raison de son handicap, mais aussi \u00e0 cause du manque de soutien de la soci\u00e9t\u00e9 et de l&#39;\u00c9tat. Il est temps que la soci\u00e9t\u00e9 change d&#39;approche et les consid\u00e8re comme des individus \u00e0 part enti\u00e8re, dot\u00e9s des m\u00eames droits, et non comme un fardeau \u00e0 cacher ou \u00e0 n\u00e9gliger.<\/p>\n<p> D\u2019apr\u00e8s le recensement de 2021, le nombre de femmes en situation de handicap en Mac\u00e9doine du Nord est sup\u00e9rieur \u00e0 celui des hommes. Au total, 52\u00a0203 femmes vivent avec un handicap (mobilit\u00e9, vision, audition, communication ou autre), contre 42\u00a0209 hommes.<\/p>\n","protected":false},"excerpt":{"rendered":"<p>Vivre avec un handicap en Mac\u00e9doine du Nord repr\u00e9sente un d\u00e9fi quotidien. Le syst\u00e8me de sant\u00e9, les infrastructures et les mentalit\u00e9s sociales ne parviennent souvent pas \u00e0 apporter le soutien n\u00e9cessaire \u00e0 ces personnes, les [&hellip;]<\/p>\n","protected":false},"author":197,"featured_media":6304,"comment_status":"closed","ping_status":"closed","sticky":false,"template":"","format":"standard","meta":{"_acf_changed":false,"footnotes":""},"categories":[675,566],"tags":[17457,15465,3344,17458,17459,17460],"post_formats":[616],"coauthors":[17383],"class_list":["post-67715","post","type-post","status-publish","format-standard","has-post-thumbnail","hentry","category-diversite-et-inclusion","category-general-fr","tag-disability","tag-healthcare-fr","tag-infrastructure-fr","tag-menstruation","tag-north-macedonia","tag-period-poverty","post_formats-articles-fr"],"acf":[],"_links":{"self":[{"href":"https:\/\/www.pulse-z.eu\/fr\/wp-json\/wp\/v2\/posts\/67715","targetHints":{"allow":["GET"]}}],"collection":[{"href":"https:\/\/www.pulse-z.eu\/fr\/wp-json\/wp\/v2\/posts"}],"about":[{"href":"https:\/\/www.pulse-z.eu\/fr\/wp-json\/wp\/v2\/types\/post"}],"author":[{"embeddable":true,"href":"https:\/\/www.pulse-z.eu\/fr\/wp-json\/wp\/v2\/users\/197"}],"replies":[{"embeddable":true,"href":"https:\/\/www.pulse-z.eu\/fr\/wp-json\/wp\/v2\/comments?post=67715"}],"version-history":[{"count":13,"href":"https:\/\/www.pulse-z.eu\/fr\/wp-json\/wp\/v2\/posts\/67715\/revisions"}],"predecessor-version":[{"id":67778,"href":"https:\/\/www.pulse-z.eu\/fr\/wp-json\/wp\/v2\/posts\/67715\/revisions\/67778"}],"wp:featuredmedia":[{"embeddable":true,"href":"https:\/\/www.pulse-z.eu\/fr\/wp-json\/wp\/v2\/media\/6304"}],"wp:attachment":[{"href":"https:\/\/www.pulse-z.eu\/fr\/wp-json\/wp\/v2\/media?parent=67715"}],"wp:term":[{"taxonomy":"category","embeddable":true,"href":"https:\/\/www.pulse-z.eu\/fr\/wp-json\/wp\/v2\/categories?post=67715"},{"taxonomy":"post_tag","embeddable":true,"href":"https:\/\/www.pulse-z.eu\/fr\/wp-json\/wp\/v2\/tags?post=67715"},{"taxonomy":"post_formats","embeddable":true,"href":"https:\/\/www.pulse-z.eu\/fr\/wp-json\/wp\/v2\/post_formats?post=67715"},{"taxonomy":"author","embeddable":true,"href":"https:\/\/www.pulse-z.eu\/fr\/wp-json\/wp\/v2\/coauthors?post=67715"}],"curies":[{"name":"wp","href":"https:\/\/api.w.org\/{rel}","templated":true}]}}