{"id":66355,"date":"2025-11-18T20:00:39","date_gmt":"2025-11-18T20:00:39","guid":{"rendered":"https:\/\/www.pulse-z.eu\/democracy-without-streets\/"},"modified":"2025-11-18T20:00:51","modified_gmt":"2025-11-18T20:00:51","slug":"quelle-sorte-de-democratie-y-a-t-il-sans-rues","status":"publish","type":"post","link":"https:\/\/www.pulse-z.eu\/fr\/quelle-sorte-de-democratie-y-a-t-il-sans-rues\/","title":{"rendered":"Quelle sorte de d\u00e9mocratie y a-t-il sans rues ?"},"content":{"rendered":"\n<p><span style=\"font-weight: 400\">Le droit de manifester est un pilier de la d\u00e9mocratie europ\u00e9enne. La possibilit\u00e9 de descendre dans la rue et de formuler des revendications est l&#039;essence m\u00eame de la d\u00e9mocratie \u2013 et non un privil\u00e8ge superflu. Au contraire, c&#039;est un moyen intemporel de faire pression sur les institutions qui restent sourdes aux demandes. Pourtant, partout en<\/span> <a href=\"https:\/\/www.liberties.eu\/en\/stories\/rule-of-law-2025-protests\/45384\" target=\"_blank\" rel=\"noopener\"><span style=\"font-weight: 400\">Europe<\/span><\/a> <span style=\"font-weight: 400\">, ce droit semble se restreindre, la r\u00e9pression des rassemblements pacifiques devenant une pratique courante en mati\u00e8re de s\u00e9curit\u00e9 int\u00e9rieure, formalis\u00e9e par des interdictions strictes, voire des modifications l\u00e9gislatives criminalisant la protestation elle-m\u00eame. L&#039;Italie est actuellement \u00e0 l&#039;avant-garde de ce changement.<\/span> <span style=\"font-weight: 400\">Bien entendu, cette question est intimement li\u00e9e \u00e0 la notion d&#039;\u00ab<\/span> <a href=\"https:\/\/www.euractiv.com\/news\/rapporteur-the-dangers-of-urgency-mindset\/\" target=\"_blank\" rel=\"noopener\"><span style=\"font-weight: 400\">urgence<\/span><\/a> <span style=\"font-weight: 400\">\u00bb, \u00e0 l&#039;heure o\u00f9 les citoyens de tout le continent descendent dans la rue et o\u00f9 les gouvernements invoquent de plus en plus le concept d&#039;\u00ab urgence absolue \u00bb. La pr\u00e9sidente de la Commission, Ursula von der Leyen, appelle \u00e0 un \u00ab sentiment d&#039;urgence \u00bb dans les politiques de l&#039;UE, une approche qui risque pr\u00e9cis\u00e9ment de court-circuiter les processus d\u00e9mocratiques qui prot\u00e8gent le pluralisme et les voix critiques.<\/span><\/p>\n<p><span style=\"font-weight: 400\">En Italie, le 22 septembre 2025, des milliers de personnes ont manifest\u00e9 dans les rues, de Milan \u00e0 la Sicile, pour<\/span> <a href=\"https:\/\/www.theguardian.com\/world\/2025\/sep\/22\/disruption-across-italy-as-tens-of-thousands-protest-against-gaza-war\" target=\"_blank\" rel=\"noopener\"><span style=\"font-weight: 400\">protester<\/span><\/a> <span style=\"font-weight: 400\">contre le g\u00e9nocide \u00e0 Gaza. La situation a paralys\u00e9 le pays\u00a0: gares, \u00e9coles et ports, comme G\u00eanes et Livourne, ont \u00e9t\u00e9 ferm\u00e9s. \u00c0 G\u00eanes, les dockers ont bloqu\u00e9 le trafic de marchandises, d\u00e9non\u00e7ant l\u2019utilisation de l\u2019Italie comme plaque tournante du transport d\u2019armes vers Isra\u00ebl. \u00c0 Rome, plus de 20\u00a0000 personnes ont scand\u00e9 \u00ab\u00a0Palestine libre\u00a0\u00bb devant la gare Termini. La tension est mont\u00e9e d\u2019un cran lors des manifestations\u00a0: des groupes v\u00eatus de noir ont tent\u00e9 de forcer l\u2019entr\u00e9e principale de la gare de Milan, des fumig\u00e8nes et des pierres ont \u00e9t\u00e9 lanc\u00e9s, et la police a ripost\u00e9 avec du gaz poivre. Dix personnes ont \u00e9t\u00e9 arr\u00eat\u00e9es et soixante policiers ont \u00e9t\u00e9 bless\u00e9s. La Premi\u00e8re ministre Giorgia Meloni a condamn\u00e9 ces incidents, les attribuant \u00e0 des \u00ab\u00a0minorit\u00e9s violentes sans aucun lien avec la solidarit\u00e9\u00a0\u00bb.<\/span><\/p>\n<p> <span style=\"font-weight: 400\">D\u00e9but octobre, suite aux affrontements, les autorit\u00e9s locales de Bologne<\/span> <a href=\"https:\/\/www.reuters.com\/world\/middle-east\/italy-bans-pro-palestinian-october-7-demonstration-bologna-tensions-rise-2025-10-06\/\" target=\"_blank\" rel=\"noopener\"><span style=\"font-weight: 400\">ont interdit<\/span><\/a> <span style=\"font-weight: 400\">une manifestation pro-palestinienne au motif d&#039;un \u00ab risque s\u00e9rieux de troubles \u00bb. L&#039;organisation Giovani Palestinesi a annonc\u00e9 son intention de maintenir le rassemblement malgr\u00e9 l&#039;interdiction. L&#039;ambassadeur d&#039;Isra\u00ebl en Italie a d\u00e9clar\u00e9 que \u00ab l&#039;\u00e9v\u00e9nement glorifierait le 7 octobre \u00bb et qu&#039;il avait \u00ab coop\u00e9r\u00e9 avec les autorit\u00e9s \u00bb pour l&#039;annuler. En<\/span> <a href=\"https:\/\/www.amnesty.org\/en\/latest\/news\/2025\/05\/italy-draconian-new-law-criminalizing-peaceful-protest-while-expanding-police-powers-must-be-rejected\/\" target=\"_blank\" rel=\"noopener\"><span style=\"font-weight: 400\">mai<\/span><\/a> <span style=\"font-weight: 400\">2025, le gouvernement italien a pr\u00e9sent\u00e9 au Parlement un projet de loi criminalisant m\u00eame les formes traditionnelles de d\u00e9sob\u00e9issance civile. Le d\u00e9cret-loi 48\/2025 criminalise \u00ab l&#039;occupation ill\u00e9gale de biens \u00bb, passible de sept ans de prison, et l&#039;entrave \u00e0 la circulation, passible de deux ans de prison. Ce texte l\u00e9gislatif renforce \u00e9galement les pouvoirs de la police et accorde un soutien financier aux policiers qui outrepassent leurs fonctions. En r\u00e9action, Amnesty International a qualifi\u00e9 cette l\u00e9gislation de \u00ab draconienne, cr\u00e9ant un climat hostile et visant \u00e0 \u00e9touffer la dissidence \u00bb, exposant ainsi de mani\u00e8re disproportionn\u00e9e les militants \u00e9cologistes, les personnes vivant dans la pauvret\u00e9 et les communaut\u00e9s raciales \u00e0 ses cons\u00e9quences.<\/span><\/p>\n<p><span style=\"font-weight: 400\">Le gouvernement Meloni s&#039;efforce d&#039;\u00e9riger la notion de \u00ab s\u00e9curit\u00e9 \u00bb en principe politique fondamental.<\/span> <a href=\"https:\/\/www.reuters.com\/world\/italy-cracks-down-protests-squatters-cannabis-2025-06-04\/?\" target=\"_blank\" rel=\"noopener\"><span style=\"font-weight: 400\">Le d\u00e9cret-loi<\/span><\/a> <span style=\"font-weight: 400\">48\/2025 en constitue le c\u0153ur, traitant d\u00e9sormais les manifestations pacifiques, la r\u00e9sistance passive et les blocages routiers et ferroviaires comme des infractions p\u00e9nales potentielles. Ce changement marque un glissement de l&#039;espace public, passant d&#039;un lieu de consultation \u00e0 un espace de contr\u00f4le o\u00f9 la protestation est consid\u00e9r\u00e9e \u2013 de par la loi \u2013 comme un trouble \u00e0 l&#039;ordre public. Parall\u00e8lement, l&#039;octroi d&#039;une protection financi\u00e8re et juridique aux forces de l&#039;ordre (par exemple, le droit \u00e0 10\u00a0000 \u20ac de frais de d\u00e9fense) illustre l&#039;objectif de cette l\u00e9gislation\u00a0: le gouvernement place la police sous une protection excessive et en fait un groupe privil\u00e9gi\u00e9, exempt\u00e9 de toute consid\u00e9ration l\u00e9gale. Dans le contexte de l&#039;\u00ab\u00a0urgence europ\u00e9enne\u00a0\u00bb, le gouvernement italien, utilisant un vocabulaire commun comme strat\u00e9gie politique, notamment en temps de crise (politique, \u00e9conomique et internationale), permet \u00e0 Meloni d&#039;acc\u00e9l\u00e9rer le processus d\u00e9cisionnel et de court-circuiter la consultation.<\/span><\/p>\n<p><span style=\"font-weight: 400\">L&#039;Italie, cependant, ne fait pas exception, mais illustre plut\u00f4t la tendance.<\/span> <a href=\"https:\/\/www.liberties.eu\/en\/stories\/rule-of-law-2025-protests\/45384\" target=\"_blank\" rel=\"noopener\"><span style=\"font-weight: 400\">Le rapport<\/span><\/a> annuel sur l&#039;\u00e9tat de droit de cette ann\u00e9e <span style=\"font-weight: 400\">a constat\u00e9 une augmentation des restrictions aux manifestations dans tous les \u00c9tats \u2013 allant des interdictions pr\u00e9ventives aux violences disproportionn\u00e9es et aux r\u00e9formes l\u00e9gislatives punitives. En Allemagne, une interdiction g\u00e9n\u00e9rale temporaire des manifestations pro-palestiniennes a \u00e9t\u00e9 impos\u00e9e \u00e0 Berlin\u00a0; en Estonie, la police a interdit une manifestation qui a ensuite \u00e9t\u00e9 jug\u00e9e ill\u00e9gale\u00a0; en Belgique, des amendes et des sanctions administratives ont \u00e9t\u00e9 inflig\u00e9es pour la simple possession d&#039;un drapeau palestinien, tandis qu&#039;en Hongrie, d\u00e9sormais reconnue comme l&#039;exp\u00e9rience europ\u00e9enne des pratiques autoritaires, 15 tentatives d&#039;organisation de manifestations ont \u00e9t\u00e9 successivement interdites au nom de la \u00ab\u00a0s\u00e9curit\u00e9 publique\u00a0\u00bb. Bien que l&#039;Italie ne soit pas la seule \u00e0 appliquer ces pratiques, elle n&#039;est heureusement pas le seul pays \u00e0 r\u00e9agir \u00e0 ces restrictions. Le conflit social en Europe cr\u00e9e un paradoxe\u00a0: alors que les gouvernements restreignent de plus en plus le droit de manifester, la mobilisation sociale non seulement se poursuit, mais s&#039;amplifie. L&#039;Europe traverse une p\u00e9riode de<\/span> <a href=\"https:\/\/www.youtube.com\/watch?v=nw2EJ2V02Zo&amp;t=756s\" target=\"_blank\" rel=\"noopener\"><span style=\"font-weight: 400\">\u00ab\u00a0r\u00e9gression d\u00e9mocratique, mais aussi de forte r\u00e9sistance\u00a0\u00bb<\/span><\/a> <span style=\"font-weight: 400\">. et la solidarit\u00e9 avec Gaza a donn\u00e9 lieu \u00e0 une \u00abvaste vague\u00bb d\u2019activisme, souvent confront\u00e9e \u00e0 une \u00abforte r\u00e9pression\u00bb.<\/span><\/p>\n<p> <span style=\"font-weight: 400\">Les manifestations n&#039;ont peut-\u00eatre pas emp\u00each\u00e9 le g\u00e9nocide, par exemple, et il n&#039;incombe pas aux manifestants \u2013 mais aux gouvernements \u2013 d&#039;exercer un contr\u00f4le et de faire respecter le droit international, plut\u00f4t que de restreindre les revendications et leurs modalit\u00e9s d&#039;expression. Ces actions ont chang\u00e9 quelque chose de plus profond\u00a0: la mani\u00e8re dont les citoyens ordinaires s&#039;engagent en politique, sous le coup de l&#039;\u00e9motion, et se r\u00e9approprient la responsabilit\u00e9 d\u00e9mocratique. La voix de la rue continue de se faire entendre, ce qui rend la d\u00e9mocratie et ses m\u00e9canismes pertinents et actifs, malgr\u00e9 les r\u00e9actions \u00e0 sa d\u00e9gradation, cette derni\u00e8re \u00e9tant davantage le fait de ceux qui souhaitent la corrompre que de ceux qui la d\u00e9fendent.<\/span><\/p>\n","protected":false},"excerpt":{"rendered":"<p>Le droit de manifester est un pilier de la d\u00e9mocratie europ\u00e9enne. La possibilit\u00e9 de descendre dans la rue et de formuler des revendications est l&#039;essence m\u00eame de la d\u00e9mocratie \u2013 et non un privil\u00e8ge superflu. [&hellip;]<\/p>\n","protected":false},"author":355,"featured_media":61692,"comment_status":"closed","ping_status":"closed","sticky":false,"template":"","format":"standard","meta":{"_acf_changed":false,"footnotes":""},"categories":[8,21,1],"tags":[12843,17086,17087,17088,3649,6913,13910,4902,1953,1778,17089,17090,2551,3345,17091,17092,3658,17093,969,17094,3659,17095,11762,17096,17097],"post_formats":[616],"coauthors":[4037],"class_list":["post-66355","post","type-post","status-publish","format-standard","has-post-thumbnail","hentry","category-connecting-the-dots","category-current-affairs","category-general","tag-activism-fr","tag-authoritarian-drift","tag-civil-disobedience","tag-civil-rights","tag-democracy-fr","tag-democratic-backsliding-fr","tag-dissent-fr","tag-eu-politics-fr","tag-europe-fr","tag-european-commission-fr","tag-freedom-of-assembly","tag-gaza-protests","tag-human-rights-fr","tag-italy-fr","tag-meloni","tag-police-powers","tag-protest-fr","tag-public-order","tag-public-space-fr","tag-repression","tag-rule-of-law-fr","tag-security-policy","tag-social-movements-fr","tag-solidarity","tag-street-politics","post_formats-articles-fr"],"acf":[],"_links":{"self":[{"href":"https:\/\/www.pulse-z.eu\/fr\/wp-json\/wp\/v2\/posts\/66355","targetHints":{"allow":["GET"]}}],"collection":[{"href":"https:\/\/www.pulse-z.eu\/fr\/wp-json\/wp\/v2\/posts"}],"about":[{"href":"https:\/\/www.pulse-z.eu\/fr\/wp-json\/wp\/v2\/types\/post"}],"author":[{"embeddable":true,"href":"https:\/\/www.pulse-z.eu\/fr\/wp-json\/wp\/v2\/users\/355"}],"replies":[{"embeddable":true,"href":"https:\/\/www.pulse-z.eu\/fr\/wp-json\/wp\/v2\/comments?post=66355"}],"version-history":[{"count":14,"href":"https:\/\/www.pulse-z.eu\/fr\/wp-json\/wp\/v2\/posts\/66355\/revisions"}],"predecessor-version":[{"id":66508,"href":"https:\/\/www.pulse-z.eu\/fr\/wp-json\/wp\/v2\/posts\/66355\/revisions\/66508"}],"wp:featuredmedia":[{"embeddable":true,"href":"https:\/\/www.pulse-z.eu\/fr\/wp-json\/wp\/v2\/media\/61692"}],"wp:attachment":[{"href":"https:\/\/www.pulse-z.eu\/fr\/wp-json\/wp\/v2\/media?parent=66355"}],"wp:term":[{"taxonomy":"category","embeddable":true,"href":"https:\/\/www.pulse-z.eu\/fr\/wp-json\/wp\/v2\/categories?post=66355"},{"taxonomy":"post_tag","embeddable":true,"href":"https:\/\/www.pulse-z.eu\/fr\/wp-json\/wp\/v2\/tags?post=66355"},{"taxonomy":"post_formats","embeddable":true,"href":"https:\/\/www.pulse-z.eu\/fr\/wp-json\/wp\/v2\/post_formats?post=66355"},{"taxonomy":"author","embeddable":true,"href":"https:\/\/www.pulse-z.eu\/fr\/wp-json\/wp\/v2\/coauthors?post=66355"}],"curies":[{"name":"wp","href":"https:\/\/api.w.org\/{rel}","templated":true}]}}