{"id":65279,"date":"2025-11-13T12:39:03","date_gmt":"2025-11-13T12:39:03","guid":{"rendered":"https:\/\/www.pulse-z.eu\/pacification-or-liberation-palestine-with-cleo-alexopoulou\/"},"modified":"2025-11-13T12:47:08","modified_gmt":"2025-11-13T12:47:08","slug":"pacification-ou-liberation-la-palestine-avec-cleo-alexopoulou","status":"publish","type":"post","link":"https:\/\/www.pulse-z.eu\/fr\/pacification-ou-liberation-la-palestine-avec-cleo-alexopoulou\/","title":{"rendered":"Pacification ou lib\u00e9ration ? La Palestine avec Cleo Alexopoulou"},"content":{"rendered":"\n<p><iframe loading=\"lazy\" style=\"border-radius: 12px;\" src=\"https:\/\/open.spotify.com\/embed\/episode\/0l3utATPGG4H7CxrWGtBzg?utm_source=generator\" width=\"100%\" height=\"152\" frameborder=\"0\" allowfullscreen=\"allowfullscreen\" data-testid=\"embed-iframe\"><\/iframe><\/p>\n<p> Pacification ou lib\u00e9ration ? <\/p>\n<p><span style=\"font-weight: 400;\">Que signifie la lib\u00e9ration lorsque l&#39;humanitaire se heurte aux syst\u00e8mes de domination ?<\/span><\/p>\n<p> <span style=\"font-weight: 400;\">Dans cet \u00e9pisode, nous accueillons<\/span> <a href=\"https:\/\/en.wikipedia.org\/wiki\/Kleoniki_Alexopoulou\" target=\"_blank\" rel=\"noopener\">Cleo Alexopoulou<\/a> <span style=\"font-weight: 400;\">\u2014 historienne, chercheuse et membre de la Flottille mondiale Sumud \u2014 pour explorer comment la solidarit\u00e9, la r\u00e9sistance et le droit international s&#39;entrecroisent dans la lutte pour l&#39;autod\u00e9termination palestinienne.<\/span><\/p>\n<p> <span style=\"font-weight: 400;\">Nous passons de la th\u00e9orie d\u00e9coloniale \u00e0 l&#39;exp\u00e9rience v\u00e9cue\u00a0: des enjeux politiques de la reconnaissance et des limites des \u00ab\u00a0interlocuteurs acceptables\u00a0\u00bb, \u00e0 la d\u00e9tention de Cleo apr\u00e8s sa mission aupr\u00e8s de la flottille de Gaza. Elle \u00e9voque ce que signifie entendre les explosions de bombes depuis un bateau \u00e0 soixante-cinq kilom\u00e8tres des c\u00f4tes, comment les initiatives humanitaires se transforment en mouvements de d\u00e9fense des droits humains, et pourquoi, m\u00eame en prison, des chansons, des dessins et des messages dissimul\u00e9s dans les murs constituent une archive silencieuse d&#39;espoir.<\/span><\/p>\n<p> <span style=\"font-weight: 400;\">Ce dialogue remet en question le vocabulaire de la paix, les structures internationales qui normalisent l&#39;impunit\u00e9 et le fardeau \u00e9motionnel port\u00e9 par celles et ceux qui refusent de d\u00e9tourner le regard. Surtout, il nous rappelle que la justice n&#39;est pas un avenir abstrait, mais le combat quotidien des communaut\u00e9s pour faire respecter leur dignit\u00e9.<\/span><\/p>\n<p> <span style=\"font-weight: 400;\">\ud83c\udf99\ufe0f Produit par Georgios Karagiorgos pour European Youth Press et Pulse-Z<\/span><\/p>\n<\/p>\n<p> Qu&#39;est-ce que Vox Civica ? <\/p>\n<p><a href=\"https:\/\/open.spotify.com\/show\/7Cjs8AE7zUhx6Pa7Gz6VIS?si=ffa0490f0a6b4e47\" target=\"_blank\" rel=\"noopener\"><span style=\"font-weight: 400;\">Vox Civica \u2013 L\u00e0 o\u00f9 la d\u00e9mocratie a une voix<\/span><\/a> <span style=\"font-weight: 400;\">\u2013 est un podcast qui explore la mani\u00e8re dont la d\u00e9mocratie est v\u00e9cue, mise \u00e0 l&#39;\u00e9preuve et r\u00e9invent\u00e9e dans le monde moderne. Il plonge les auditeurs au c\u0153ur des d\u00e9bats et des conflits qui d\u00e9finissent la vie civique contemporaine, des rues o\u00f9 naissent les protestations aux institutions o\u00f9 se concr\u00e9tisent les politiques publiques. Chaque \u00e9pisode donne la parole \u00e0 des personnalit\u00e9s issues du journalisme, du militantisme, du monde universitaire et des mouvements de d\u00e9fense des droits num\u00e9riques, qui analysent comment les citoyens s&#39;opposent au pouvoir, d\u00e9fendent les libert\u00e9s et adaptent les valeurs d\u00e9mocratiques \u00e0 l&#39;\u00e8re de la surveillance, de la d\u00e9sinformation et des mutations technologiques rapides. En bref, c&#39;est un espace o\u00f9 l&#39;esprit critique rencontre l&#39;imagination civique, retra\u00e7ant les luttes, les id\u00e9es et les collaborations qui font vivre la d\u00e9mocratie au XXIe si\u00e8cle.<\/span><\/p>\n<p><b>\u00c0 propos de l&#39;invit\u00e9 :<\/b><\/p>\n<p> <span style=\"font-weight: 400;\">Kleoniki Alexopoulou est historienne \u00e9conomique et sociale, sp\u00e9cialiste des pays du Sud. Elle est actuellement professeure invit\u00e9e \u00e0 l&#39;Universit\u00e9 nationale et capodistrienne d&#39;Ath\u00e8nes et a \u00e9t\u00e9, au cours de l&#39;ann\u00e9e \u00e9coul\u00e9e, chercheuse postdoctorale \u00e0 l&#39;Institut d&#39;\u00e9tudes internationales et r\u00e9gionales de Princeton. Ses recherches portent sur la formation des \u00c9tats coloniaux, les r\u00e9gimes fiscaux, le travail et le d\u00e9veloppement de la protection sociale dans les contextes p\u00e9riph\u00e9riques. Ses travaux ont \u00e9t\u00e9 pr\u00e9sent\u00e9s lors de conf\u00e9rences internationales et publi\u00e9s dans des revues \u00e0 comit\u00e9 de lecture et des ouvrages collectifs, s&#39;appuyant sur de vastes recherches de terrain men\u00e9es dans plusieurs r\u00e9gions d&#39;Afrique. Parall\u00e8lement, elle si\u00e8ge au comit\u00e9 de pilotage de la Flottille mondiale Sumud.<\/span><\/p>\n","protected":false},"excerpt":{"rendered":"<p>Pacification ou lib\u00e9ration ? Que signifie la lib\u00e9ration lorsque l&#39;humanitaire se heurte aux syst\u00e8mes de domination ? Dans cet \u00e9pisode, nous accueillons Cleo Alexopoulou \u2014 historienne, chercheuse et membre de la Flottille mondiale Sumud \u2014 [&hellip;]<\/p>\n","protected":false},"author":355,"featured_media":60853,"comment_status":"closed","ping_status":"closed","sticky":false,"template":"","format":"standard","meta":{"_acf_changed":false,"footnotes":""},"categories":[597,608,566],"tags":[16522,12843,14401,16523,16524,16525,16526,16527,16528,16529,16530,2551,16531,2140,16532,16533,16534,16535,8426,16536,16537,16538,11762,16539],"post_formats":[738],"coauthors":[4037],"class_list":["post-65279","post","type-post","status-publish","format-standard","has-post-thumbnail","hentry","category-actualites","category-connecter-les-points","category-general-fr","tag-academic-research-fr","tag-activism-fr","tag-civil-society-fr","tag-cleo-alexopoulou-fr","tag-colonial-legacies-fr","tag-decolonial-theory-fr","tag-detention-fr","tag-gaza-flotilla-fr","tag-global-justice-fr","tag-global-south-fr","tag-global-sumud-flotilla-fr","tag-human-rights-fr","tag-humanitarian-missions-fr","tag-international-law-fr","tag-liberation-movements-fr","tag-mediterranean-politics-fr","tag-middle-east-politics-fr","tag-occupation-fr","tag-palestine-fr","tag-political-recognition-fr","tag-resistance-fr","tag-self-determination-fr","tag-social-movements-fr","tag-solidarity-movements-fr","post_formats-podcast-fr"],"acf":[],"_links":{"self":[{"href":"https:\/\/www.pulse-z.eu\/fr\/wp-json\/wp\/v2\/posts\/65279","targetHints":{"allow":["GET"]}}],"collection":[{"href":"https:\/\/www.pulse-z.eu\/fr\/wp-json\/wp\/v2\/posts"}],"about":[{"href":"https:\/\/www.pulse-z.eu\/fr\/wp-json\/wp\/v2\/types\/post"}],"author":[{"embeddable":true,"href":"https:\/\/www.pulse-z.eu\/fr\/wp-json\/wp\/v2\/users\/355"}],"replies":[{"embeddable":true,"href":"https:\/\/www.pulse-z.eu\/fr\/wp-json\/wp\/v2\/comments?post=65279"}],"version-history":[{"count":8,"href":"https:\/\/www.pulse-z.eu\/fr\/wp-json\/wp\/v2\/posts\/65279\/revisions"}],"predecessor-version":[{"id":65337,"href":"https:\/\/www.pulse-z.eu\/fr\/wp-json\/wp\/v2\/posts\/65279\/revisions\/65337"}],"wp:featuredmedia":[{"embeddable":true,"href":"https:\/\/www.pulse-z.eu\/fr\/wp-json\/wp\/v2\/media\/60853"}],"wp:attachment":[{"href":"https:\/\/www.pulse-z.eu\/fr\/wp-json\/wp\/v2\/media?parent=65279"}],"wp:term":[{"taxonomy":"category","embeddable":true,"href":"https:\/\/www.pulse-z.eu\/fr\/wp-json\/wp\/v2\/categories?post=65279"},{"taxonomy":"post_tag","embeddable":true,"href":"https:\/\/www.pulse-z.eu\/fr\/wp-json\/wp\/v2\/tags?post=65279"},{"taxonomy":"post_formats","embeddable":true,"href":"https:\/\/www.pulse-z.eu\/fr\/wp-json\/wp\/v2\/post_formats?post=65279"},{"taxonomy":"author","embeddable":true,"href":"https:\/\/www.pulse-z.eu\/fr\/wp-json\/wp\/v2\/coauthors?post=65279"}],"curies":[{"name":"wp","href":"https:\/\/api.w.org\/{rel}","templated":true}]}}