{"id":64528,"date":"2025-11-10T14:55:54","date_gmt":"2025-11-10T14:55:54","guid":{"rendered":"https:\/\/www.pulse-z.eu\/latvia-parliament-votes-to-withdraw-from-istanbul-convention-blow-to-womens-rights-protection\/"},"modified":"2025-12-03T14:55:52","modified_gmt":"2025-12-03T14:55:52","slug":"lettonie-le-retrait-de-la-lettonie-de-la-convention-distanbul-suspendu-apres-le-veto-presidentiel-et-les-manifestations-de-masse","status":"publish","type":"post","link":"https:\/\/www.pulse-z.eu\/fr\/lettonie-le-retrait-de-la-lettonie-de-la-convention-distanbul-suspendu-apres-le-veto-presidentiel-et-les-manifestations-de-masse\/","title":{"rendered":"Lettonie\u00a0: Le retrait de la Lettonie de la Convention d\u2019Istanbul suspendu apr\u00e8s le veto pr\u00e9sidentiel et les manifestations de masse"},"content":{"rendered":"\n<p><span style=\"font-weight: 400;\">La Lettonie est devenue l&#39;\u00e9picentre d&#39;une intense confrontation politique et sociale concernant les droits des femmes, les engagements internationaux et l&#39;influence des mouvements anti-genres. Fin octobre 2025, le Parlement letton a vot\u00e9 de justesse en faveur du lancement du processus de retrait de la<\/span> <a href=\"https:\/\/bip.brpo.gov.pl\/sites\/default\/files\/Konwencja%20Stambulska%20-%20tekst.pdf\" target=\"_blank\" rel=\"noopener\"><span style=\"font-weight: 400;\">Convention d&#39;Istanbul<\/span><\/a> <span style=\"font-weight: 400;\">, le trait\u00e9 le plus complet du Conseil de l&#39;Europe sur la pr\u00e9vention et la lutte contre la violence \u00e0 l&#39;\u00e9gard des femmes. Cette d\u00e9cision a imm\u00e9diatement<\/span> <a href=\"https:\/\/freepolicybriefs.org\/2025\/11\/17\/latvia-istanbul-convention-withdrawal\/#:~:text=Latvia%20ratified%20the%20Istanbul%20Convention,from%20the%20Convention&#039;s%20core%20principles.\" target=\"_blank\" rel=\"noopener\"><span style=\"font-weight: 400;\">suscit\u00e9<\/span><\/a> <span style=\"font-weight: 400;\">l&#39;indignation nationale, l&#39;inqui\u00e9tude internationale et un conflit constitutionnel qui laisse planer l&#39;incertitude quant \u00e0 l&#39;avenir des relations du pays avec la Convention.<\/span><\/p>\n<\/p>\n<h2> <b>Une d\u00e9cision parlementaire profond\u00e9ment clivante<\/b><\/h2>\n<p> <span style=\"font-weight: 400;\">Le<\/span> <a href=\"https:\/\/www.rmf24.pl\/polityka\/news-historyczna-decyzja-lotewskiego-parlamentu-w-kraju-protesty,nId,8036199\" target=\"_blank\" rel=\"noopener\"><span style=\"font-weight: 400;\">vote<\/span><\/a> <span style=\"font-weight: 400;\">du 30 octobre 2025 a fait suite \u00e0 plus de treize heures de d\u00e9bats houleux. Cinquante-six d\u00e9put\u00e9s ont vot\u00e9 pour le retrait, trente-deux s&#39;y sont oppos\u00e9s et deux se sont abstenus. Cette initiative \u00e9tait port\u00e9e par les partis conservateurs et nationalistes, qui estimaient que la d\u00e9finition du genre dans la Convention comme un r\u00f4le socialement construit promouvait une id\u00e9ologie inacceptable. Ils affirmaient que la l\u00e9gislation lettone en vigueur traitait d\u00e9j\u00e0 des violences domestiques et que la Convention \u00e9tait superflue, voire intrusive. Ces arguments refl\u00e9taient des tensions culturelles et politiques plus larges qui se sont intensifi\u00e9es ces derni\u00e8res ann\u00e9es, les normes de genre \u00e9tant devenues un enjeu majeur de la vie politique lettone.<\/span><\/p>\n<p> <span style=\"font-weight: 400;\">Les opposants, parmi lesquels des organisations de la soci\u00e9t\u00e9 civile, des juristes et de nombreux membres de la coalition au pouvoir, ont soulign\u00e9 que ces<\/span> <a href=\"https:\/\/www.reuters.com\/world\/latvian-parliament-votes-quit-convention-protecting-women-2025-10-30\/\" target=\"_blank\" rel=\"noopener\"><span style=\"font-weight: 400;\">affirmations<\/span><\/a> <span style=\"font-weight: 400;\">d\u00e9naturent les objectifs de la Convention. Le trait\u00e9 ne red\u00e9finit pas le sexe biologique et n&#39;impose aucune modification des structures familiales\u00a0; il oblige les \u00c9tats \u00e0 pr\u00e9venir les violences, \u00e0 prot\u00e9ger les victimes et \u00e0 poursuivre les auteurs. Les critiques ont averti que le retrait compromettrait la s\u00e9curit\u00e9 des femmes, nuirait \u00e0 la cr\u00e9dibilit\u00e9 internationale de la Lettonie et l&#39;\u00e9loignerait des normes europ\u00e9ennes en mati\u00e8re de droits humains. Le moment choisi pour cette d\u00e9cision a suscit\u00e9 des interrogations suppl\u00e9mentaires, car elle est intervenue quelques jours seulement avant une visite d&#39;\u00e9valuation pr\u00e9vue du GREVIO, l&#39;organe ind\u00e9pendant de surveillance de la Convention.<\/span><\/p>\n<div id=\"attachment_62174\" style=\"width: 610px\" class=\"wp-caption alignnone\"><img aria-describedby=\"caption-attachment-62174\" loading=\"lazy\" decoding=\"async\" class=\" wp-image-62174\" src=\"https:\/\/www.pulse-z.eu\/wp-content\/uploads\/2025\/10\/Evika-Silin-Latvia-Prime-minister--scaled.jpg\" alt=\"\" width=\"600\" height=\"400\" srcset=\"https:\/\/www.pulse-z.eu\/wp-content\/uploads\/2025\/10\/Evika-Silin-Latvia-Prime-minister--scaled.jpg 2560w, https:\/\/www.pulse-z.eu\/wp-content\/uploads\/2025\/10\/Evika-Silin-Latvia-Prime-minister--768x512.jpg 768w, https:\/\/www.pulse-z.eu\/wp-content\/uploads\/2025\/10\/Evika-Silin-Latvia-Prime-minister--1536x1024.jpg 1536w, https:\/\/www.pulse-z.eu\/wp-content\/uploads\/2025\/10\/Evika-Silin-Latvia-Prime-minister--2048x1365.jpg 2048w\" sizes=\"auto, (max-width: 600px) 100vw, 600px\" \/><\/p>\n<p id=\"caption-attachment-62174\" class=\"wp-caption-text\"> Evika SILI\u0145A (Premier ministre de Lettonie). Source : <a href=\"https:\/\/newsroom.consilium.europa.eu\/permalink\/p212388\" target=\"_blank\" rel=\"noopener\">Conseil de l&#39;Europe<\/a><\/p>\n<\/div>\n<div id=\"attachment_62182\" style=\"width: 610px\" class=\"wp-caption alignnone\"><img aria-describedby=\"caption-attachment-62182\" loading=\"lazy\" decoding=\"async\" class=\" wp-image-62182\" src=\"https:\/\/www.pulse-z.eu\/wp-content\/uploads\/2025\/10\/Antonio-COSTA-President-of-the-European-Council-Evika-SILINA-Prime-Minister-Latvia-scaled.jpg\" alt=\"\" width=\"600\" height=\"400\" srcset=\"https:\/\/www.pulse-z.eu\/wp-content\/uploads\/2025\/10\/Antonio-COSTA-President-of-the-European-Council-Evika-SILINA-Prime-Minister-Latvia-scaled.jpg 2560w, https:\/\/www.pulse-z.eu\/wp-content\/uploads\/2025\/10\/Antonio-COSTA-President-of-the-European-Council-Evika-SILINA-Prime-Minister-Latvia-768x512.jpg 768w, https:\/\/www.pulse-z.eu\/wp-content\/uploads\/2025\/10\/Antonio-COSTA-President-of-the-European-Council-Evika-SILINA-Prime-Minister-Latvia-1536x1025.jpg 1536w, https:\/\/www.pulse-z.eu\/wp-content\/uploads\/2025\/10\/Antonio-COSTA-President-of-the-European-Council-Evika-SILINA-Prime-Minister-Latvia-2048x1366.jpg 2048w\" sizes=\"auto, (max-width: 600px) 100vw, 600px\" \/><\/p>\n<p id=\"caption-attachment-62182\" class=\"wp-caption-text\"> Ant\u00f3nio COSTA (Pr\u00e9sident du Conseil europ\u00e9en), Evika SILI\u0145A (Premier ministre, Lettonie). Source : <a href=\"https:\/\/newsroom.consilium.europa.eu\/permalink\/p210137\" target=\"_blank\" rel=\"noopener\">Consilium Europe<\/a><\/p>\n<\/div>\n<h2><b>Le pr\u00e9sident intervient<\/b><\/h2>\n<p> <span style=\"font-weight: 400;\">Les r\u00e9percussions politiques se sont intensifi\u00e9es lorsque le pr\u00e9sident<\/span> <b>Edgars Rink\u0113vi\u010ds<\/b> <span style=\"font-weight: 400;\">a annonc\u00e9, le 3 novembre 2025, qu&#39;il<\/span> <a href=\"https:\/\/www.euronews.com\/2025\/11\/03\/latvias-president-sends-law-withdrawing-from-istanbul-convention-back-to-saeima\" target=\"_blank\" rel=\"noopener\"><span style=\"font-weight: 400;\">ne<\/span><\/a> <span style=\"font-weight: 400;\">signerait pas le projet de loi de retrait. Dans une explication d\u00e9taill\u00e9e, il a fait valoir que cette loi mena\u00e7ait la s\u00e9curit\u00e9 des femmes, \u00e9tait d\u00e9pourvue de fondement juridique clair et risquait de compromettre la position de la Lettonie au sein de l&#39;Union europ\u00e9enne. Il a soulign\u00e9 que le retrait d&#39;un trait\u00e9 relatif aux droits humains cr\u00e9erait un pr\u00e9c\u00e9dent dangereux, faisant de la Lettonie le premier \u00c9tat membre de l&#39;UE \u00e0 prendre une telle d\u00e9cision et le deuxi\u00e8me pays au monde \u00e0 quitter la Convention d&#39;Istanbul. Le pr\u00e9sident a renvoy\u00e9 le projet de loi au Parlement, recommandant que tout examen ult\u00e9rieur soit report\u00e9 apr\u00e8s les prochaines \u00e9lections l\u00e9gislatives, en octobre 2026.<\/span><\/p>\n<p> <span style=\"font-weight: 400;\">Suite \u00e0 son intervention, le Parlement a renvoy\u00e9 le projet de loi \u00e0 la Commission des affaires \u00e9trang\u00e8res pour un examen approfondi. La proc\u00e9dure est donc suspendue et l&#39;avenir du retrait reste incertain. Certains parlementaires ont sugg\u00e9r\u00e9 qu&#39;un r\u00e9f\u00e9rendum national pourrait \u00eatre n\u00e9cessaire pour trancher la question.<\/span><\/p>\n<\/p>\n<h2> <b>Mobilisation publique<\/b><\/h2>\n<p> <span style=\"font-weight: 400;\">Le vote initial a d\u00e9clench\u00e9 la<\/span> <a href=\"https:\/\/www.lastradainternational.org\/news\/latvian-parliament-voted-to-withdraw-from-the-istanbul-convention\/#:~:text=In%20October%2C%20Latvia&#039;s%20parliament%20voted,gender%20norms%20remain%20deeply%20traditional.\" target=\"_blank\" rel=\"noopener\"><span style=\"font-weight: 400;\">plus grande<\/span><\/a> <span style=\"font-weight: 400;\">vague de mobilisation citoyenne en Lettonie ces derni\u00e8res ann\u00e9es. Des milliers de personnes ont d\u00e9fil\u00e9 dans les rues de Riga pour exiger le maintien de la Lettonie dans la Convention. Les organisations de la soci\u00e9t\u00e9 civile se sont rapidement mobilis\u00e9es, coordonnant manifestations, d\u00e9bats et campagnes de sensibilisation. Une p\u00e9tition publique demandant l&#39;annulation de la d\u00e9cision est devenue la plus importante de l&#39;histoire du pays. Des partenaires internationaux, dont des ambassadeurs de quinze pays et des dirigeants parlementaires de toute la r\u00e9gion nordique et baltique, ont publiquement exhort\u00e9 la Lettonie \u00e0 respecter ses engagements. Leurs appels ont soulign\u00e9 la crainte qu&#39;un retrait n&#39;encourage les mouvements anti-droits, n&#39;affaiblisse la solidarit\u00e9 r\u00e9gionale et ne compromette les efforts collectifs europ\u00e9ens de lutte contre les violences faites aux femmes.<\/span><\/p>\n<div id=\"attachment_62190\" style=\"width: 609px\" class=\"wp-caption alignnone\"><img aria-describedby=\"caption-attachment-62190\" loading=\"lazy\" decoding=\"async\" class=\" wp-image-62190\" src=\"https:\/\/www.pulse-z.eu\/wp-content\/uploads\/2025\/10\/Latvia-Source-Canva.jpg\" alt=\"\" width=\"599\" height=\"337\" srcset=\"https:\/\/www.pulse-z.eu\/wp-content\/uploads\/2025\/10\/Latvia-Source-Canva.jpg 1920w, https:\/\/www.pulse-z.eu\/wp-content\/uploads\/2025\/10\/Latvia-Source-Canva-768x432.jpg 768w, https:\/\/www.pulse-z.eu\/wp-content\/uploads\/2025\/10\/Latvia-Source-Canva-1536x864.jpg 1536w\" sizes=\"auto, (max-width: 599px) 100vw, 599px\" \/><\/p>\n<p id=\"caption-attachment-62190\" class=\"wp-caption-text\"> Lettonie [Source : Canva]<\/p>\n<\/div>\n<div id=\"attachment_62198\" style=\"width: 611px\" class=\"wp-caption alignnone\"><img aria-describedby=\"caption-attachment-62198\" loading=\"lazy\" decoding=\"async\" class=\" wp-image-62198\" src=\"https:\/\/www.pulse-z.eu\/wp-content\/uploads\/2025\/10\/Latvia-Source-Canva-1.jpg\" alt=\"\" width=\"601\" height=\"338\" srcset=\"https:\/\/www.pulse-z.eu\/wp-content\/uploads\/2025\/10\/Latvia-Source-Canva-1.jpg 1920w, https:\/\/www.pulse-z.eu\/wp-content\/uploads\/2025\/10\/Latvia-Source-Canva-1-768x432.jpg 768w, https:\/\/www.pulse-z.eu\/wp-content\/uploads\/2025\/10\/Latvia-Source-Canva-1-1536x864.jpg 1536w\" sizes=\"auto, (max-width: 601px) 100vw, 601px\" \/><\/p>\n<p id=\"caption-attachment-62198\" class=\"wp-caption-text\"> Lettonie [Source : Canva]<\/p>\n<\/div>\n<h2><b>Un point chaud politique et g\u00e9opolitique<\/b><\/h2>\n<p> <span style=\"font-weight: 400;\">Le d\u00e9bat autour de la Convention a profond\u00e9ment modifi\u00e9 le paysage politique letton. La coalition au pouvoir s&#39;est trouv\u00e9e d\u00e9stabilis\u00e9e et divis\u00e9e, tandis que les partis d&#39;opposition ont instrumentalis\u00e9 la controverse pour mobiliser les \u00e9lecteurs autour des th\u00e8mes de l&#39;identit\u00e9 nationale et de la souverainet\u00e9. Les analystes ont constat\u00e9 que la rh\u00e9torique entourant la Convention fait \u00e9cho \u00e0 des tendances europ\u00e9ennes plus larges, avec la mont\u00e9e en puissance des mouvements populistes et anti-genre, souvent aliment\u00e9s par des discours de d\u00e9sinformation attribu\u00e9s \u00e0 l&#39;influence du Kremlin. Les m\u00e9dias russophones lettons ont jou\u00e9 un r\u00f4le d\u00e9terminant dans la diffusion des arguments contre la Convention, la pr\u00e9sentant comme une menace pour les valeurs traditionnelles.<\/span><\/p>\n<p> <span style=\"font-weight: 400;\">Au niveau europ\u00e9en, la d\u00e9cision de la Lettonie a suscit\u00e9 des inqui\u00e9tudes quant \u00e0 l&#39;int\u00e9grit\u00e9 des cadres relatifs aux droits humains et au risque de mesures similaires dans d&#39;autres \u00c9tats. Bien que la nouvelle directive de l&#39;Union europ\u00e9enne relative \u00e0 la lutte contre la violence \u00e0 l&#39;\u00e9gard des femmes demeure contraignante pour tous les \u00c9tats membres, elle ne constitue qu&#39;une norme minimale et ne dispose pas du m\u00e9canisme de contr\u00f4le ind\u00e9pendant pr\u00e9vu par la Convention d&#39;Istanbul. La Lettonie pourrait, en th\u00e9orie, remplir ses obligations juridiques envers l&#39;UE tout en se retirant de la Convention, mais une telle d\u00e9marche serait essentiellement symbolique et politiquement d\u00e9licate, plut\u00f4t que fond\u00e9e sur une n\u00e9cessit\u00e9 juridique.<\/span><\/p>\n<\/p>\n<h2> <b>Un avenir incertain<\/b><\/h2>\n<p> <span style=\"font-weight: 400;\">Fin 2025,<\/span> <b>la Lettonie n&#39;avait pas encore retir\u00e9 ses droits \u00e0 la Convention d&#39;Istanbul<\/b> <span style=\"font-weight: 400;\">. Le processus est<\/span> <a href=\"https:\/\/equalitynow.org\/news\/news-and-insights\/whats-happening-in-latvia-with-the-istanbul-convention\/\" target=\"_blank\" rel=\"noopener\"><span style=\"font-weight: 400;\">suspendu<\/span><\/a> <span style=\"font-weight: 400;\">et le pays demeure li\u00e9 par le trait\u00e9. La question devrait refaire surface \u00e0 l&#39;approche des \u00e9lections l\u00e9gislatives d&#39;octobre 2026, o\u00f9 elle deviendra probablement un sujet central du d\u00e9bat politique. Parall\u00e8lement, les organisations de d\u00e9fense des droits des femmes, les observateurs internationaux et les partenaires d\u00e9mocratiques continuent de suivre de pr\u00e8s l&#39;\u00e9volution de la situation, conscients que ses cons\u00e9quences d\u00e9passent largement les fronti\u00e8res de la Lettonie.<\/span><\/p>\n<p> <span style=\"font-weight: 400;\">La lutte autour de la Convention d&#39;Istanbul repr\u00e9sente un moment d\u00e9cisif pour l&#39;engagement de la Lettonie en faveur des droits humains et de l&#39;\u00e9galit\u00e9 des genres. Elle met \u00e9galement \u00e0 l&#39;\u00e9preuve la r\u00e9silience d\u00e9mocratique face \u00e0 la d\u00e9sinformation, \u00e0 la polarisation politique et aux pressions g\u00e9opolitiques. Le maintien ou non de la Lettonie dans la Convention enverra un signal fort \u00e0 l&#39;Europe\u00a0: soit elle r\u00e9affirmera l&#39;engagement commun du continent \u00e0 prot\u00e9ger les femmes et les filles contre la violence, soit elle ouvrira la voie \u00e0 un recul sans pr\u00e9c\u00e9dent des obligations internationales en mati\u00e8re de droits humains.<\/span><\/p>\n","protected":false},"excerpt":{"rendered":"<p>La Lettonie est devenue l&#39;\u00e9picentre d&#39;une intense confrontation politique et sociale concernant les droits des femmes, les engagements internationaux et l&#39;influence des mouvements anti-genres. Fin octobre 2025, le Parlement letton a vot\u00e9 de justesse en [&hellip;]<\/p>\n","protected":false},"author":227,"featured_media":62176,"comment_status":"closed","ping_status":"closed","sticky":false,"template":"","format":"standard","meta":{"_acf_changed":false,"footnotes":""},"categories":[597,675,679,674],"tags":[15801,15802,15803,5855,1160,8159,15804,2551,15805,8009,15806,15807,15808,15809,15810],"post_formats":[616],"coauthors":[4032],"class_list":["post-64528","post","type-post","status-publish","format-standard","has-post-thumbnail","hentry","category-actualites","category-diversite-et-inclusion","category-jeunesse","category-patrimoine-culturel","tag-civil-protests-fr","tag-conservative-movement-fr","tag-domestic-violence-fr","tag-european-politics-fr","tag-european-union-fr","tag-gender-equality-fr","tag-gender-ideology-fr","tag-human-rights-fr","tag-istanbul-convention-fr","tag-latvia-fr","tag-parliament-vote-fr","tag-political-division-fr","tag-riga-demonstrations-fr","tag-social-debate-fr","tag-womens-rights-fr","post_formats-articles-fr"],"acf":[],"_links":{"self":[{"href":"https:\/\/www.pulse-z.eu\/fr\/wp-json\/wp\/v2\/posts\/64528","targetHints":{"allow":["GET"]}}],"collection":[{"href":"https:\/\/www.pulse-z.eu\/fr\/wp-json\/wp\/v2\/posts"}],"about":[{"href":"https:\/\/www.pulse-z.eu\/fr\/wp-json\/wp\/v2\/types\/post"}],"author":[{"embeddable":true,"href":"https:\/\/www.pulse-z.eu\/fr\/wp-json\/wp\/v2\/users\/227"}],"replies":[{"embeddable":true,"href":"https:\/\/www.pulse-z.eu\/fr\/wp-json\/wp\/v2\/comments?post=64528"}],"version-history":[{"count":9,"href":"https:\/\/www.pulse-z.eu\/fr\/wp-json\/wp\/v2\/posts\/64528\/revisions"}],"predecessor-version":[{"id":70639,"href":"https:\/\/www.pulse-z.eu\/fr\/wp-json\/wp\/v2\/posts\/64528\/revisions\/70639"}],"wp:featuredmedia":[{"embeddable":true,"href":"https:\/\/www.pulse-z.eu\/fr\/wp-json\/wp\/v2\/media\/62176"}],"wp:attachment":[{"href":"https:\/\/www.pulse-z.eu\/fr\/wp-json\/wp\/v2\/media?parent=64528"}],"wp:term":[{"taxonomy":"category","embeddable":true,"href":"https:\/\/www.pulse-z.eu\/fr\/wp-json\/wp\/v2\/categories?post=64528"},{"taxonomy":"post_tag","embeddable":true,"href":"https:\/\/www.pulse-z.eu\/fr\/wp-json\/wp\/v2\/tags?post=64528"},{"taxonomy":"post_formats","embeddable":true,"href":"https:\/\/www.pulse-z.eu\/fr\/wp-json\/wp\/v2\/post_formats?post=64528"},{"taxonomy":"author","embeddable":true,"href":"https:\/\/www.pulse-z.eu\/fr\/wp-json\/wp\/v2\/coauthors?post=64528"}],"curies":[{"name":"wp","href":"https:\/\/api.w.org\/{rel}","templated":true}]}}