{"id":63867,"date":"2025-11-08T17:00:26","date_gmt":"2025-11-08T17:00:26","guid":{"rendered":"https:\/\/www.pulse-z.eu\/the-rhetoric-of-mandelas-inspiration\/"},"modified":"2025-11-09T19:16:11","modified_gmt":"2025-11-09T19:16:11","slug":"la-rhetorique-de-linspiration-de-mandela","status":"publish","type":"post","link":"https:\/\/www.pulse-z.eu\/fr\/la-rhetorique-de-linspiration-de-mandela\/","title":{"rendered":"La rh\u00e9torique de l&#39;inspiration de Mandela"},"content":{"rendered":"\n<p>La discrimination raciale s&#39;est install\u00e9e comme une fatalit\u00e9, engendrant de graves probl\u00e8mes sociaux et politiques, notamment la violence, la pauvret\u00e9 et, surtout, l&#39;injustice. Ce syst\u00e8me bafouant les droits humains fondamentaux, non seulement sur le plan juridique mais aussi d&#39;un point de vue purement moral et humain, la population locale a entam\u00e9 un mouvement d\u00e9mocratique.<\/p>\n<p> Nelson Mandela fut l&#39;une des figures de proue de ce processus. N\u00e9 en 1918 en Afrique du Sud, il \u00e9tudia le droit et rejoignit le <a href=\"https:\/\/www.britannica.com\/topic\/African-National-Congress\" target=\"_blank\" rel=\"noopener\">Congr\u00e8s national africain<\/a> (ANC), principale organisation de lutte contre l&#39;apartheid.<br \/> En 1962, apr\u00e8s des ann\u00e9es de lutte, Mandela fut arr\u00eat\u00e9 et condamn\u00e9 \u00e0 la prison \u00e0 vie pour son combat pour la libert\u00e9 et l&#39;\u00e9galit\u00e9. En 1990, apr\u00e8s de nombreuses ann\u00e9es d&#39;incarc\u00e9ration, il fut lib\u00e9r\u00e9 et, en 1994, il devint le premier pr\u00e9sident noir d&#39;Afrique du Sud, promettant \u00e0 la nation la paix, l&#39;unit\u00e9 et la fin des divisions.<\/p>\n<p> Nelson Mandela commen\u00e7a sa scolarit\u00e9 dans le petit village de Mvezo, en Afrique du Sud, o\u00f9 il \u00e9tudia aupr\u00e8s du chef local. Il poursuivit ensuite ses \u00e9tudes \u00e0 la Prince&#39;s Far East Academy, o\u00f9 il \u00e9tudia l&#39;anglais, l&#39;histoire et la g\u00e9ographie. Mandela entreprit alors des \u00e9tudes de droit \u00e0 l&#39;universit\u00e9 de Fort Hare, mais les interrompit suite \u00e0 une protestation contre la politique de l&#39;\u00e9tablissement. Il poursuivit ensuite ses \u00e9tudes par correspondance. Il obtint finalement son dipl\u00f4me de droit \u00e0 l&#39;universit\u00e9 du Witwatersrand en 1942.<\/p>\n<\/p>\n<p>Son \u00e9ducation transparaissait dans son \u00e9loquence, un atout diplomatique essentiel pour Mandela. Ses discours refl\u00e9taient non seulement sa d\u00e9termination, mais aussi son engagement \u00e0 instaurer la justice et la libert\u00e9 pour tous. Parmi ses discours les plus c\u00e9l\u00e8bres figure celui qu&#39;il a prononc\u00e9 pendant trois heures depuis le box des accus\u00e9s. Malgr\u00e9 l&#39;impact de ce discours, il ne fut pas lib\u00e9r\u00e9.<br \/> Ce n&#39;est que 27 ans plus tard, sous la pression de l&#39;opinion publique, que cela se produisit. Il commen\u00e7a alors \u00e0 participer \u00e0 des n\u00e9gociations de paix au Congo, au Burundi et dans plusieurs autres pays africains en conflit. Ainsi, en 1993, Mandela re\u00e7ut le prix Nobel de la paix, ainsi que 250 autres distinctions, dont l&#39; <a href=\"https:\/\/en.wikipedia.org\/wiki\/Orders,_decorations,_and_medals_of_Bulgaria#Orders\" target=\"_blank\" rel=\"noopener\">Ordre de Stara Planina<\/a> , le <a href=\"https:\/\/www.europarl.europa.eu\/sakharovprize\/en\/home\" target=\"_blank\" rel=\"noopener\">prix Sakharov<\/a> , le <a href=\"https:\/\/www.unesco.org\/en\/prizes\/felix-houphouet-boigny\" target=\"_blank\" rel=\"noopener\">prix F\u00e9lix Houphou\u00ebt-Boigny de l&#39;UNESCO pour la paix<\/a> , et bien d&#39;autres.<\/p>\n<p> Il est l&#39;auteur de plusieurs ouvrages, dont \u00ab<a href=\"https:\/\/www.goodreads.com\/book\/show\/370775.No_Easy_Walk_to_Freedom\" target=\"_blank\" rel=\"noopener\">\u00a0There Is No Easy Walk to Freedom<\/a>\u00a0\u00bb. Son plus grand accomplissement est d&#39;\u00eatre devenu le premier pr\u00e9sident noir \u00e9lu au suffrage universel direct.<br \/> L&#39;une des citations les plus c\u00e9l\u00e8bres de Mandela est : \u00ab L&#39;\u00e9ducation est l&#39;arme la plus puissante que vous puissiez utiliser pour changer le monde. \u00bb Ce principe est un \u00e9l\u00e9ment fondamental de sa philosophie de transformation de la soci\u00e9t\u00e9 par l&#39;\u00e9ducation.<br \/> Dans un autre discours prononc\u00e9 en 1994, il exprime principalement sa gratitude pour ce qui a \u00e9t\u00e9 accompli\u00a0:<\/p>\n<p> \u00ab Le temps est venu de panser les plaies. Le moment est venu de surmonter les foss\u00e9s qui nous divisent. \u00bb<br \/> L&#39;heure est \u00e0 la construction. Nous avons enfin conquis notre \u00e9mancipation politique. Nous sommes d\u00e9termin\u00e9s \u00e0 lib\u00e9rer tout notre peuple de l&#39;esclavage persistant de la pauvret\u00e9, du d\u00e9nuement, de la souffrance, du sexisme et de toute autre discrimination.<\/p>\n<p> Le proc\u00e9d\u00e9 rh\u00e9torique qu&#39;il emploie ici est le principe de r\u00e9p\u00e9tition, qui souligne son d\u00e9sir. En l&#39;occurrence, il s&#39;agit d&#39;espoir pour l&#39;avenir, car ses projets sont plus ambitieux qu&#39;il n&#39;y para\u00eet. Nelson Mandela d\u00e9crit les raisons de ses actions avec humanit\u00e9 et patriotisme\u00a0: \u00ab\u00a0Jamais, jamais et plus jamais cette belle terre ne subira l&#39;oppression d&#39;un homme par un autre et n&#39;aura l&#39;humiliation d&#39;\u00eatre le paria du monde.\u00a0\u00bb<br \/> Il a \u00e9galement exprim\u00e9 ses objectifs pour l&#39;avenir lors d&#39;un discours prononc\u00e9 aux Nations Unies en 1990\u00a0: \u00ab\u00a0Le chemin qu&#39;il nous reste \u00e0 parcourir n&#39;est pas long. Parcourons-le ensemble. Par nos actions communes, d\u00e9fendons les objectifs pour lesquels cette organisation a \u00e9t\u00e9 cr\u00e9\u00e9e et \u0153uvrons \u00e0 ce que sa <a href=\"https:\/\/www.un.org\/en\/about-us\/un-charter\" target=\"_blank\" rel=\"noopener\">Charte<\/a> et la <a href=\"https:\/\/www.un.org\/en\/about-us\/universal-declaration-of-human-rights\" target=\"_blank\" rel=\"noopener\">D\u00e9claration universelle des droits de l&#39;homme<\/a> fassent partie int\u00e9grante du syst\u00e8me l\u00e9gislatif sur lequel reposera l&#39;ordre politique et social de la nouvelle Afrique du Sud. Notre victoire commune est assur\u00e9e.\u00a0\u00bb Il fait ici r\u00e9f\u00e9rence aux efforts communs d&#39;une nation unie, ce qui constitue son r\u00eave et la raison de son combat.<\/p>\n<p> Nelson Mandela \u00e9tait un orateur hors pair, dot\u00e9 d&#39;un talent unique pour rendre accessibles \u00e0 tous des concepts complexes tels que la justice, l&#39;\u00e9galit\u00e9 et la r\u00e9conciliation. Sa voix, empreinte de calme et de force, magnifiait ses silences et son intonation, donnant \u00e0 ses discours une puissance et une force m\u00e9morables. Ce qui le rendait v\u00e9ritablement inspirant, c&#39;\u00e9tait l&#39;authenticit\u00e9 et la profondeur de ses propos, nourris par son v\u00e9cu : ses ann\u00e9es de lutte contre l&#39;apartheid, sa longue incarc\u00e9ration et son engagement pour le pardon conf\u00e9raient \u00e0 ses paroles une authenticit\u00e9 et un poids consid\u00e9rables. Bien plus que de simples discours informatifs ou persuasifs, les interventions de Mandela incitaient les gens \u00e0 esp\u00e9rer, \u00e0 agir et \u00e0 croire en un monde plus juste et uni.<\/p>\n","protected":false},"excerpt":{"rendered":"<p>La discrimination raciale s&#39;est install\u00e9e comme une fatalit\u00e9, engendrant de graves probl\u00e8mes sociaux et politiques, notamment la violence, la pauvret\u00e9 et, surtout, l&#39;injustice. Ce syst\u00e8me bafouant les droits humains fondamentaux, non seulement sur le plan [&hellip;]<\/p>\n","protected":false},"author":500,"featured_media":63858,"comment_status":"closed","ping_status":"closed","sticky":false,"template":"","format":"standard","meta":{"_acf_changed":false,"footnotes":""},"categories":[1,679],"tags":[],"post_formats":[616],"coauthors":[6504],"class_list":["post-63867","post","type-post","status-publish","format-standard","has-post-thumbnail","hentry","category-general","category-jeunesse","post_formats-articles-fr"],"acf":[],"_links":{"self":[{"href":"https:\/\/www.pulse-z.eu\/fr\/wp-json\/wp\/v2\/posts\/63867","targetHints":{"allow":["GET"]}}],"collection":[{"href":"https:\/\/www.pulse-z.eu\/fr\/wp-json\/wp\/v2\/posts"}],"about":[{"href":"https:\/\/www.pulse-z.eu\/fr\/wp-json\/wp\/v2\/types\/post"}],"author":[{"embeddable":true,"href":"https:\/\/www.pulse-z.eu\/fr\/wp-json\/wp\/v2\/users\/500"}],"replies":[{"embeddable":true,"href":"https:\/\/www.pulse-z.eu\/fr\/wp-json\/wp\/v2\/comments?post=63867"}],"version-history":[{"count":10,"href":"https:\/\/www.pulse-z.eu\/fr\/wp-json\/wp\/v2\/posts\/63867\/revisions"}],"predecessor-version":[{"id":64234,"href":"https:\/\/www.pulse-z.eu\/fr\/wp-json\/wp\/v2\/posts\/63867\/revisions\/64234"}],"wp:featuredmedia":[{"embeddable":true,"href":"https:\/\/www.pulse-z.eu\/fr\/wp-json\/wp\/v2\/media\/63858"}],"wp:attachment":[{"href":"https:\/\/www.pulse-z.eu\/fr\/wp-json\/wp\/v2\/media?parent=63867"}],"wp:term":[{"taxonomy":"category","embeddable":true,"href":"https:\/\/www.pulse-z.eu\/fr\/wp-json\/wp\/v2\/categories?post=63867"},{"taxonomy":"post_tag","embeddable":true,"href":"https:\/\/www.pulse-z.eu\/fr\/wp-json\/wp\/v2\/tags?post=63867"},{"taxonomy":"post_formats","embeddable":true,"href":"https:\/\/www.pulse-z.eu\/fr\/wp-json\/wp\/v2\/post_formats?post=63867"},{"taxonomy":"author","embeddable":true,"href":"https:\/\/www.pulse-z.eu\/fr\/wp-json\/wp\/v2\/coauthors?post=63867"}],"curies":[{"name":"wp","href":"https:\/\/api.w.org\/{rel}","templated":true}]}}