{"id":57151,"date":"2025-10-12T09:55:03","date_gmt":"2025-10-12T09:55:03","guid":{"rendered":"https:\/\/www.pulse-z.eu\/cosa-pensano-gli-italiani-delleuropa-lultimo-sondaggio-svela-le-opinioni-sullue-2\/"},"modified":"2025-10-12T09:55:30","modified_gmt":"2025-10-12T09:55:30","slug":"ce-que-les-italiens-pensent-de-leurope-le-dernier-sondage-revele-leurs-opinions-sur-lue-2","status":"publish","type":"post","link":"https:\/\/www.pulse-z.eu\/fr\/ce-que-les-italiens-pensent-de-leurope-le-dernier-sondage-revele-leurs-opinions-sur-lue-2\/","title":{"rendered":"Ce que les Italiens pensent de l&#039;Europe\u00a0: le dernier sondage r\u00e9v\u00e8le leurs opinions sur l&#039;UE"},"content":{"rendered":"\n<p>Article de Francesca Moriero \u2013 Journaliste, Fanpage.it<\/p>\n<p> Lorsqu&#039;il est question de l&#039;Europe, les opinions sont souvent partag\u00e9es entre enthousiasme et scepticisme. Mais qu&#039;en pensent r\u00e9ellement les citoyens\u00a0? Pour le comprendre, le Parlement europ\u00e9en commande chaque ann\u00e9e une s\u00e9rie d&#039;enqu\u00eates, l&#039;Eurobarom\u00e8tre, qui <a href=\"https:\/\/www.europarl.europa.eu\/at-your-service\/files\/be-heard\/eurobarometer\/2025\/en-plenary-insights-april-2025.pdf.\" target=\"_blank\" rel=\"noopener\">recueille l&#039;opinion des citoyens des 27 \u00c9tats membres sur des questions concernant l&#039;Union et son r\u00f4le dans le monde<\/a> . L&#039;\u00e9dition d&#039;hiver 2025 capture un moment d\u00e9licat\u00a0: entre instabilit\u00e9 internationale, changement climatique, d\u00e9fis technologiques et crises \u00e9conomiques, l&#039;Union europ\u00e9enne est appel\u00e9e \u00e0 renforcer sa voix et sa capacit\u00e9 d&#039;action. Mais qu&#039;attendent les citoyens\u00a0? O\u00f9 per\u00e7oivent-ils les atouts de l&#039;UE\u00a0? O\u00f9 per\u00e7oivent-ils ses faiblesses\u00a0?<\/p>\n<p> L&#039;examen des r\u00e9sultats italiens r\u00e9v\u00e8le un sentiment g\u00e9n\u00e9ralis\u00e9\u00a0: un m\u00e9lange de r\u00e9alisme, d&#039;attentes, mais aussi de distance. Les comparer \u00e0 la moyenne europ\u00e9enne permet de comprendre non seulement nos propres opinions, mais aussi notre place dans le contexte plus large des peuples europ\u00e9ens.<\/p>\n<h2> Le r\u00f4le de l&#039;UE dans le monde : une importance croissante, mais l&#039;Italie reste prudente<\/h2>\n<p> Lorsqu&#039;on leur demande comment le r\u00f4le de l&#039;Union europ\u00e9enne dans le monde \u00e9voluera dans les ann\u00e9es \u00e0 venir, 44 % des Europ\u00e9ens r\u00e9pondent qu&#039;il sera \u00ab plus important \u00bb. Ce point de vue est \u00e9galement partag\u00e9 en Italie (43 %), mais il s&#039;accompagne d&#039;une plus grande prudence et d&#039;une plus grande incertitude\u00a0: un pourcentage significatif d&#039;Italiens (5 %) d\u00e9clarent ne pas avoir d&#039;opinion, contre une moyenne europ\u00e9enne de 3\u00a0%. Ce l\u00e9ger \u00e9cart peut para\u00eetre marginal, mais il r\u00e9v\u00e8le quelque chose de plus profond\u00a0: une distance \u00e9motionnelle, voire un manque de r\u00e9f\u00e9rences concr\u00e8tes. En Italie, on per\u00e7oit un certain d\u00e9calage entre l&#039;institution \u00ab\u00a0europ\u00e9enne\u00a0\u00bb et la vie quotidienne\u00a0; comme si de nombreux citoyens peinaient \u00e0 reconna\u00eetre le r\u00f4le de l&#039;UE dans les grands \u00e9v\u00e9nements internationaux, ou du moins ne se sentaient pas pleinement connect\u00e9s \u00e0 elle.<\/p>\n<h2>D\u00e9fense et s\u00e9curit\u00e9 : la confiance dans l&#039;UE, mais avec quelques r\u00e9serves<\/h2>\n<p> Dans un paysage mondial de plus en plus instable, la question de la s\u00e9curit\u00e9 est revenue avec force au premier plan des d\u00e9bats. Et \u00e0 cet \u00e9gard, l&#039;Union europ\u00e9enne est per\u00e7ue comme un acteur important. 66 % des Europ\u00e9ens estiment que l&#039;UE joue un r\u00f4le fondamental dans la protection contre les crises internationales et les menaces \u00e0 la s\u00e9curit\u00e9. En Italie, ce point de vue est \u00e9galement partag\u00e9 par 63 % des citoyens. Mais, une fois de plus, le soutien italien semble plus mod\u00e9r\u00e9, plus froid. On n&#039;observe pas de rejet clair, ni m\u00eame d&#039;adh\u00e9sion convaincue. C&#039;est comme si l&#039;Union \u00e9tait davantage per\u00e7ue comme une n\u00e9cessit\u00e9 pratique que comme un projet politique sinc\u00e8re. Un parapluie utile, donc, mais pas toujours fiable.<\/p>\n<h2> Sur quoi l&#039;UE devrait-elle se concentrer\u00a0? Les priorit\u00e9s des Italiens et des Europ\u00e9ens.<\/h2>\n<p> Les r\u00e9pondants ont ensuite \u00e9t\u00e9 interrog\u00e9s sur les mesures que l&#039;UE devrait prendre pour accro\u00eetre son impact mondial. Les r\u00e9ponses pr\u00e9sentent une certaine coh\u00e9rence entre les pays\u00a0: la comp\u00e9titivit\u00e9 \u00e9conomique et industrielle est cit\u00e9e comme une priorit\u00e9 absolue (32\u00a0% en Italie, 34\u00a0% en Europe). Dans un contexte o\u00f9 les grandes puissances \u2013 Chine, \u00c9tats-Unis et Inde \u2013 rivalisent pour le leadership \u00e9conomique, le renforcement de l&#039;industrie europ\u00e9enne semble presque in\u00e9vitable. Mais parall\u00e8lement \u00e0 la croissance \u00e9conomique, de nouveaux besoins urgents apparaissent\u00a0: en Italie, par exemple, 36\u00a0% des citoyens estiment qu&#039;il est essentiel d&#039;investir dans la d\u00e9fense et la s\u00e9curit\u00e9 commune, un pourcentage sup\u00e9rieur \u00e0 la moyenne europ\u00e9enne (31\u00a0%). L&#039;ind\u00e9pendance \u00e9nerg\u00e9tique est \u00e9galement per\u00e7ue comme strat\u00e9gique\u00a0: 33\u00a0% des Italiens la citent comme une priorit\u00e9, contre 27\u00a0% des Europ\u00e9ens. Ce n&#039;est pas une co\u00efncidence\u00a0: la guerre en Ukraine et la hausse des factures d&#039;\u00e9nergie ont mis en \u00e9vidence que l&#039;\u00e9nergie n&#039;est pas seulement un enjeu \u00e9conomique, mais aussi g\u00e9opolitique.<\/p>\n<p> L&#039;attention port\u00e9e par l&#039;Italie \u00e0 la s\u00e9curit\u00e9 alimentaire (25 %) est \u00e9galement sup\u00e9rieure \u00e0 la moyenne europ\u00e9enne (23 %). Cela refl\u00e8te peut-\u00eatre le r\u00f4le central de la cha\u00eene d&#039;approvisionnement agroalimentaire dans notre pays, mais aussi une plus grande pr\u00e9occupation pour la stabilit\u00e9 et la qualit\u00e9 de notre approvisionnement alimentaire.<\/p>\n<h2>Une Europe plus unie ? Les Italiens disent oui.<\/h2>\n<p> L&#039;id\u00e9e que l&#039;Union europ\u00e9enne doit \u00eatre plus coh\u00e9sive est largement partag\u00e9e\u00a0: 89\u00a0% des Europ\u00e9ens et 88\u00a0% des Italiens estiment que les \u00c9tats membres devraient collaborer plus \u00e9troitement pour relever les d\u00e9fis mondiaux. C&#039;est l&#039;un des r\u00e9sultats les plus clairs et les plus coh\u00e9rents de l&#039;enqu\u00eate\u00a0: l&#039;unit\u00e9 n&#039;est donc pas seulement souhait\u00e9e, elle est ressentie comme une n\u00e9cessit\u00e9.<\/p>\n<p> Mais l&#039;Italie se distingue \u00e9galement par une autre conviction\u00a0: pour fonctionner pleinement, l&#039;Union a besoin de davantage d&#039;outils et de ressources. 82\u00a0% des Italiens partagent cet avis, contre 76\u00a0% en moyenne dans l&#039;UE. Ce chiffre refl\u00e8te peut-\u00eatre une certaine frustration\u00a0: l&#039;id\u00e9e que l&#039;Europe \u00ab\u00a0pourrait faire plus\u00a0\u00bb sans se voir accorder les pouvoirs n\u00e9cessaires.<\/p>\n<h2> Les v\u00e9ritables pr\u00e9occupations des citoyens : l\u2019inflation, le travail, la pauvret\u00e9<\/h2>\n<p> Lorsque l&#039;on passe des strat\u00e9gies globales aux besoins quotidiens, les r\u00e9ponses deviennent encore plus r\u00e9v\u00e9latrices. Les Italiens mettent clairement en avant trois priorit\u00e9s\u00a0:<\/p>\n<ul>\n<li> Le co\u00fbt de la vie, aliment\u00e9 par l\u2019inflation, constitue la principale pr\u00e9occupation (43%).<\/li>\n<li> Vient ensuite le travail, qui en Italie est un sujet beaucoup plus pr\u00e9occupant que la moyenne europ\u00e9enne (37% contre 29%).<\/li>\n<li> Troisi\u00e8mement, et non des moindres, la lutte contre la pauvret\u00e9 et l\u2019exclusion sociale (31 %).<\/li>\n<\/ul>\n<p> On voit clairement ici que les priorit\u00e9s sont concr\u00e8tes, quotidiennes et li\u00e9es \u00e0 la qualit\u00e9 de vie. On observe \u00e9galement un int\u00e9r\u00eat accru pour des questions telles que l&#039;aide au d\u00e9veloppement et l&#039;\u00e9galit\u00e9 des sexes, qui re\u00e7oivent en Italie une attention l\u00e9g\u00e8rement sup\u00e9rieure \u00e0 la moyenne europ\u00e9enne. <a href=\"https:\/\/www.fanpage.it\/politica\/la-prima-preoccupazione-degli-italiani-non-sono-piu-i-migranti-ma-il-costo-della-vita-il-sondaggio\/\" target=\"_blank\" rel=\"noopener\">La migration, en revanche, est \u00e0 contre-<\/a> courant\u00a0: pour 22\u00a0% des Europ\u00e9ens, elle constitue une priorit\u00e9, contre seulement 13\u00a0% en Italie. Ces donn\u00e9es doivent \u00eatre interpr\u00e9t\u00e9es avec prudence\u00a0: plut\u00f4t qu&#039;un d\u00e9sint\u00e9r\u00eat, elles pourraient indiquer une r\u00e9solution du d\u00e9bat apr\u00e8s des ann\u00e9es de perception d&#039;urgence.<\/p>\n<h2>Les Italiens ont peu confiance en leur avenir personnel.<\/h2>\n<p> Enfin, la statistique la plus am\u00e8re est peut-\u00eatre celle-ci\u00a0: seuls 11\u00a0% des Italiens estiment que leur niveau de vie s\u2019am\u00e9liorera au cours des cinq prochaines ann\u00e9es. C\u2019est l\u2019un des pourcentages les plus faibles d\u2019Europe\u00a0: la majorit\u00e9 (76\u00a0%) pense que rien ne changera, tandis que 11\u00a0% anticipent une d\u00e9gradation. Il ne s\u2019agit pas forc\u00e9ment de pessimisme, mais plut\u00f4t d\u2019une perspective lasse et peut-\u00eatre d\u00e9sillusionn\u00e9e. Comme si une \u00e9volution positive \u00e9tait per\u00e7ue comme rare, presque improbable.<\/p>\n","protected":false},"excerpt":{"rendered":"<p>Article de Francesca Moriero \u2013 Journaliste, Fanpage.it Lorsqu&#039;il est question de l&#039;Europe, les opinions sont souvent partag\u00e9es entre enthousiasme et scepticisme. Mais qu&#039;en pensent r\u00e9ellement les citoyens\u00a0? Pour le comprendre, le Parlement europ\u00e9en commande chaque [&hellip;]<\/p>\n","protected":false},"author":173,"featured_media":54907,"comment_status":"closed","ping_status":"closed","sticky":false,"template":"","format":"standard","meta":{"_acf_changed":false,"footnotes":""},"categories":[21,1],"tags":[6890,13005,6891,13006,6892,6837],"post_formats":[616],"coauthors":[3918],"class_list":["post-57151","post","type-post","status-publish","format-standard","has-post-thumbnail","hentry","category-current-affairs","category-general","tag-eurobarometro-fr","tag-futuro-fr","tag-italia-fr","tag-ottimismo-fr","tag-ue-fr","tag-unione-europea-fr","post_formats-articles-fr"],"acf":[],"_links":{"self":[{"href":"https:\/\/www.pulse-z.eu\/fr\/wp-json\/wp\/v2\/posts\/57151","targetHints":{"allow":["GET"]}}],"collection":[{"href":"https:\/\/www.pulse-z.eu\/fr\/wp-json\/wp\/v2\/posts"}],"about":[{"href":"https:\/\/www.pulse-z.eu\/fr\/wp-json\/wp\/v2\/types\/post"}],"author":[{"embeddable":true,"href":"https:\/\/www.pulse-z.eu\/fr\/wp-json\/wp\/v2\/users\/173"}],"replies":[{"embeddable":true,"href":"https:\/\/www.pulse-z.eu\/fr\/wp-json\/wp\/v2\/comments?post=57151"}],"version-history":[{"count":8,"href":"https:\/\/www.pulse-z.eu\/fr\/wp-json\/wp\/v2\/posts\/57151\/revisions"}],"predecessor-version":[{"id":57687,"href":"https:\/\/www.pulse-z.eu\/fr\/wp-json\/wp\/v2\/posts\/57151\/revisions\/57687"}],"wp:featuredmedia":[{"embeddable":true,"href":"https:\/\/www.pulse-z.eu\/fr\/wp-json\/wp\/v2\/media\/54907"}],"wp:attachment":[{"href":"https:\/\/www.pulse-z.eu\/fr\/wp-json\/wp\/v2\/media?parent=57151"}],"wp:term":[{"taxonomy":"category","embeddable":true,"href":"https:\/\/www.pulse-z.eu\/fr\/wp-json\/wp\/v2\/categories?post=57151"},{"taxonomy":"post_tag","embeddable":true,"href":"https:\/\/www.pulse-z.eu\/fr\/wp-json\/wp\/v2\/tags?post=57151"},{"taxonomy":"post_formats","embeddable":true,"href":"https:\/\/www.pulse-z.eu\/fr\/wp-json\/wp\/v2\/post_formats?post=57151"},{"taxonomy":"author","embeddable":true,"href":"https:\/\/www.pulse-z.eu\/fr\/wp-json\/wp\/v2\/coauthors?post=57151"}],"curies":[{"name":"wp","href":"https:\/\/api.w.org\/{rel}","templated":true}]}}