{"id":55553,"date":"2025-10-06T13:23:41","date_gmt":"2025-10-06T13:23:41","guid":{"rendered":"https:\/\/www.pulse-z.eu\/from-buzzword-to-blueprint-youth-power-at-the-osce-with-assel-murat\/"},"modified":"2025-10-06T13:27:33","modified_gmt":"2025-10-06T13:27:33","slug":"du-slogan-au-projet-le-pouvoir-des-jeunes-a-losce-avec-assel-murat","status":"publish","type":"post","link":"https:\/\/www.pulse-z.eu\/fr\/du-slogan-au-projet-le-pouvoir-des-jeunes-a-losce-avec-assel-murat\/","title":{"rendered":"Du slogan au projet : le pouvoir des jeunes \u00e0 l&#39;OSCE avec Assel Murat"},"content":{"rendered":"\n<p><iframe title=\"Spotify Embed\u00a0: Du slogan au projet\u00a0: Le pouvoir des jeunes \u00e0 l&#39;OSCE avec Assel Murat\" style=\"border-radius: 12px\" width=\"100%\" height=\"152\" frameborder=\"0\" allowfullscreen allow=\"autoplay; clipboard-write; encrypted-media; fullscreen; picture-in-picture\" loading=\"lazy\" src=\"https:\/\/open.spotify.com\/embed\/episode\/3w0jf59Vsp6XcViL9laMCx?si=vZWE0Sw_TtibJN4_4tRqGw&#038;utm_source=oembed\"><\/iframe><\/p>\n<\/p>\n<p><span style=\"font-weight: 400;\">\u00c0 quoi ressemble l&#39;engagement r\u00e9el des jeunes dans la diplomatie internationale\u00a0? Dans cet \u00e9pisode de Vox Civica, nous recevons Assel Murat, coordinateur du portefeuille <a href=\"https:\/\/www.osce.org\/youth\" target=\"_blank\" rel=\"noopener\">Jeunesse<\/a> \u00e0 l&#39;OSCE, pour explorer comment la plus grande organisation de s\u00e9curit\u00e9 r\u00e9gionale au monde va au-del\u00e0 des gestes symboliques et s&#39;oriente vers une participation structurelle.<\/span><\/p>\n<p> <span style=\"font-weight: 400;\">Nous examinons en d\u00e9tail comment l&#39;OSCE int\u00e8gre la jeunesse \u00e0 ses op\u00e9rations, l&#39;impact du Groupe de jeunes experts et le r\u00f4le du Groupe des amis sur la jeunesse et la s\u00e9curit\u00e9 dans la mobilisation de la volont\u00e9 politique. Assel nous pr\u00e9sente les cadres institutionnels, les d\u00e9fis du passage du symbolique \u00e0 la co-cr\u00e9ation, et les modalit\u00e9s concr\u00e8tes du succ\u00e8s sur le terrain.<\/span><\/p>\n<p> <span style=\"font-weight: 400;\">Des tables rondes aux programmes de consolidation de la paix, les jeunes ne repr\u00e9sentent pas seulement l\u2019avenir : ils fa\u00e7onnent le pr\u00e9sent.<\/span><\/p>\n<p> <span style=\"font-weight: 400;\">D\u00e9couvrez-en plus en cliquant sur cette conversation !<\/span><\/p>\n<p> <span style=\"font-weight: 400;\">\ud83c\udf99\ufe0f H\u00e9berg\u00e9 par <a href=\"https:\/\/www.linkedin.com\/in\/georgios-karagiorgos-400a74251\/\" target=\"_blank\" rel=\"noopener\">Georgios Karagiorgos<\/a><\/span><\/p>\n<p><span style=\"font-weight: 400;\"><strong>\u00c0 propos de l&#39;invit\u00e9<br \/><\/strong><br \/> <a href=\"https:\/\/www.linkedin.com\/in\/assel-murat1\/\" target=\"_blank\" rel=\"noopener\">Assel Murat<\/a> coordonne le portefeuille Jeunesse au Secr\u00e9tariat de l&#39;OSCE \u00e0 Vienne. Elle poss\u00e8de plus de six ans d&#39;exp\u00e9rience progressive en gestion de projets ax\u00e9s sur les droits humains, l&#39;\u00e9galit\u00e9 des sexes, la jeunesse, la libert\u00e9 des m\u00e9dias et l&#39;\u00c9tat de droit. Elle a \u00e9galement \u00e9t\u00e9 cheffe de projet et chercheuse en droits humains au sein d&#39;organisations internationales et de la soci\u00e9t\u00e9 civile, ainsi que de groupes de r\u00e9flexion en Asie centrale.<\/span><\/p>\n","protected":false},"excerpt":{"rendered":"<p>\u00c0 quoi ressemble l&#39;engagement r\u00e9el des jeunes dans la diplomatie internationale\u00a0? Dans cet \u00e9pisode de Vox Civica, nous recevons Assel Murat, coordinateur du portefeuille Jeunesse \u00e0 l&#39;OSCE, pour explorer comment la plus grande organisation de [&hellip;]<\/p>\n","protected":false},"author":355,"featured_media":54374,"comment_status":"closed","ping_status":"closed","sticky":false,"template":"","format":"standard","meta":{"_acf_changed":false,"footnotes":""},"categories":[597,608,566,679],"tags":[1997,3649,12696,12697,12698,1406,12699,4136,12700,12701,12702,12703,12704,12705,2961,12706,4951,12707,12708,11031],"post_formats":[738],"coauthors":[4037],"class_list":["post-55553","post","type-post","status-publish","format-standard","has-post-thumbnail","hentry","category-actualites","category-connecter-les-points","category-general-fr","category-jeunesse","tag-civic-engagement-fr","tag-democracy-fr","tag-global-governance-fr","tag-international-diplomacy-fr","tag-international-organizations-fr","tag-osce-fr","tag-peacebuilding-fr","tag-podcast-fr","tag-policy-making-fr","tag-public-diplomacy-fr","tag-structural-participation-fr","tag-tokenism-vs-co-creation-fr","tag-vox-civica-fr","tag-young-experts-fr","tag-youth-activism-fr","tag-youth-and-security-fr","tag-youth-engagement-fr","tag-youth-in-diplomacy-fr","tag-youth-leadership-fr","tag-youth-participation-fr","post_formats-podcast-fr"],"acf":[],"_links":{"self":[{"href":"https:\/\/www.pulse-z.eu\/fr\/wp-json\/wp\/v2\/posts\/55553","targetHints":{"allow":["GET"]}}],"collection":[{"href":"https:\/\/www.pulse-z.eu\/fr\/wp-json\/wp\/v2\/posts"}],"about":[{"href":"https:\/\/www.pulse-z.eu\/fr\/wp-json\/wp\/v2\/types\/post"}],"author":[{"embeddable":true,"href":"https:\/\/www.pulse-z.eu\/fr\/wp-json\/wp\/v2\/users\/355"}],"replies":[{"embeddable":true,"href":"https:\/\/www.pulse-z.eu\/fr\/wp-json\/wp\/v2\/comments?post=55553"}],"version-history":[{"count":13,"href":"https:\/\/www.pulse-z.eu\/fr\/wp-json\/wp\/v2\/posts\/55553\/revisions"}],"predecessor-version":[{"id":55616,"href":"https:\/\/www.pulse-z.eu\/fr\/wp-json\/wp\/v2\/posts\/55553\/revisions\/55616"}],"wp:featuredmedia":[{"embeddable":true,"href":"https:\/\/www.pulse-z.eu\/fr\/wp-json\/wp\/v2\/media\/54374"}],"wp:attachment":[{"href":"https:\/\/www.pulse-z.eu\/fr\/wp-json\/wp\/v2\/media?parent=55553"}],"wp:term":[{"taxonomy":"category","embeddable":true,"href":"https:\/\/www.pulse-z.eu\/fr\/wp-json\/wp\/v2\/categories?post=55553"},{"taxonomy":"post_tag","embeddable":true,"href":"https:\/\/www.pulse-z.eu\/fr\/wp-json\/wp\/v2\/tags?post=55553"},{"taxonomy":"post_formats","embeddable":true,"href":"https:\/\/www.pulse-z.eu\/fr\/wp-json\/wp\/v2\/post_formats?post=55553"},{"taxonomy":"author","embeddable":true,"href":"https:\/\/www.pulse-z.eu\/fr\/wp-json\/wp\/v2\/coauthors?post=55553"}],"curies":[{"name":"wp","href":"https:\/\/api.w.org\/{rel}","templated":true}]}}