{"id":48658,"date":"2025-09-17T11:36:14","date_gmt":"2025-09-17T11:36:14","guid":{"rendered":"https:\/\/www.pulse-z.eu\/5-european-festivals-with-political-roots\/"},"modified":"2025-09-18T09:32:02","modified_gmt":"2025-09-18T09:32:02","slug":"plus-que-de-la-musique-5-festivals-europeens-aux-racines-politiques","status":"publish","type":"post","link":"https:\/\/www.pulse-z.eu\/fr\/plus-que-de-la-musique-5-festivals-europeens-aux-racines-politiques\/","title":{"rendered":"Plus que de la musique : 5 festivals europ\u00e9ens aux racines politiques"},"content":{"rendered":"\n<p>Les festivals de musique ont toujours \u00e9t\u00e9 des lieux paradoxaux. En apparence, tout est question d&#39;h\u00e9donisme\u00a0: terrains boueux, danses arros\u00e9es de bi\u00e8re, sound systems qui explosent toute la nuit et la perte de sa tente \u00e0 5\u00a0h du matin. Ce sont des \u00e9chappatoires fugaces au monde r\u00e9el, concentr\u00e9es et distill\u00e9es en week-ends perdus.<\/p>\n<div id=\"attachment_1553\" style=\"width: 810px\" class=\"wp-caption alignnone\"><img aria-describedby=\"caption-attachment-1553\" loading=\"lazy\" decoding=\"async\" class=\"wp-image-1553\" src=\"https:\/\/www.pulse-z.eu\/wp-content\/uploads\/2025\/04\/pexels-vishnurnair-1105666-scaled.jpg\" alt=\"\" width=\"800\" height=\"533\" srcset=\"https:\/\/www.pulse-z.eu\/wp-content\/uploads\/2025\/04\/pexels-vishnurnair-1105666-scaled.jpg 2560w, https:\/\/www.pulse-z.eu\/wp-content\/uploads\/2025\/04\/pexels-vishnurnair-1105666-768x512.jpg 768w, https:\/\/www.pulse-z.eu\/wp-content\/uploads\/2025\/04\/pexels-vishnurnair-1105666-1536x1024.jpg 1536w, https:\/\/www.pulse-z.eu\/wp-content\/uploads\/2025\/04\/pexels-vishnurnair-1105666-2048x1365.jpg 2048w\" sizes=\"auto, (max-width: 800px) 100vw, 800px\" \/><\/p>\n<p id=\"caption-attachment-1553\" class=\"wp-caption-text\"> Photo de Vishnu R Nair<\/p>\n<\/div>\n<h2 data-start=\"848\" data-end=\"1178\"> Les origines m\u00e9di\u00e9vales des festivals de musique<\/h2>\n<p data-start=\"848\" data-end=\"1178\"> Mais si l&#39;on gratte la surface, on constate qu&#39;il ne s&#39;agit jamais seulement de faire la f\u00eate. Depuis leurs origines dans le carnaval m\u00e9di\u00e9val \u2013 o\u00f9 les sujets se d\u00e9guisaient, bousculaient les normes et se moquaient de l&#39;ordre \u00e9tabli \u2013 les festivals ont une longue histoire de contestation et d&#39;impact culturel.<\/p>\n<p class=\"\" data-start=\"848\" data-end=\"1178\"> Dans l&#39;Europe moderne, cet h\u00e9ritage de dissidence br\u00fble encore de mille feux. Derri\u00e8re les programmations en t\u00eate des charts, les publications d&#39;influenceurs et les sponsorings internationaux, les festivals de musique ont souvent une histoire profond\u00e9ment politique, charg\u00e9e d&#39;un sens souvent oubli\u00e9 dans le discours de la culture pop moderne.<\/p>\n<p data-start=\"848\" data-end=\"1178\"> Les festivals refl\u00e8tent souvent leur \u00e9poque politique ou s&#39;y opposent ouvertement. Des manifestations de jeunes contre la dictature aux mouvements pour les droits des minorit\u00e9s et la libert\u00e9 artistique, ces rassemblements ont fa\u00e7onn\u00e9 leur \u00e9poque et ont \u00e9t\u00e9 fa\u00e7onn\u00e9s par elle.<\/p>\n<p data-start=\"1210\" data-end=\"1685\"> Cette ann\u00e9e, ces courants politiques sous-jacents ont refait surface. Alors que la saison estivale des festivals touche \u00e0 sa fin et que les tentes sont repli\u00e9es jusqu&#39;\u00e0 l&#39;ann\u00e9e prochaine, 2025 restera dans les m\u00e9moires pour une s\u00e9rie de moments qui ont propuls\u00e9 les festivals au-del\u00e0 des pages musicales et au c\u0153ur du d\u00e9bat culturel et politique. Des manifestations sur sc\u00e8ne aux boycotts internationaux, la saison nous a rappel\u00e9 que la sc\u00e8ne reste un espace de r\u00e9sistance.<\/p>\n<p data-start=\"1687\" data-end=\"1922\"> Les cinq festivals suivants \u2014 des champs du Somerset en Angleterre aux murs de la forteresse de Novi Sad en Serbie \u2014 montrent \u00e0 quel point la politique occupe toujours une place importante dans l\u2019exp\u00e9rience du festival.<\/p>\n<h3 data-start=\"0\" data-end=\"126\"> EXIT Festival (Serbie) <\/h3>\n<p><img loading=\"lazy\" decoding=\"async\" class=\"aligncenter wp-image-1576\" src=\"https:\/\/www.pulse-z.eu\/wp-content\/uploads\/2025\/04\/dance-arena_01.jpg\" alt=\"\" width=\"1000\" height=\"667\" srcset=\"https:\/\/www.pulse-z.eu\/wp-content\/uploads\/2025\/04\/dance-arena_01.jpg 1800w, https:\/\/www.pulse-z.eu\/wp-content\/uploads\/2025\/04\/dance-arena_01-768x512.jpg 768w, https:\/\/www.pulse-z.eu\/wp-content\/uploads\/2025\/04\/dance-arena_01-1536x1024.jpg 1536w\" sizes=\"auto, (max-width: 1000px) 100vw, 1000px\" \/><\/p>\n<p class=\"\" data-start=\"0\" data-end=\"126\"> Le festival EXIT a lieu chaque \u00e9t\u00e9 dans la forteresse Petrovaradin de Novi Sad, avec des sc\u00e8nes s&#39;\u00e9tendant des grandes cours \u00e0 une ar\u00e8ne de danse \u00e9clair\u00e9e par le lever du soleil dans les anciennes douves.<\/p>\n<p class=\"\" data-start=\"0\" data-end=\"126\"> <strong>AVANT\u00a0:<\/strong> Lanc\u00e9 en 2000 pour une manifestation \u00e9tudiante de 100\u00a0jours contre Slobodan Milo\u0161evi\u0107, il visait \u00e0 mobiliser la jeunesse et \u00e0 exiger des changements. Apr\u00e8s la chute du dictateur, le festival s&#39;est install\u00e9 dans la forteresse en 2001, devenant ainsi un symbole du nouvel esprit d\u00e9mocratique serbe et l&#39;un des plus grands festivals de musique d&#39;Europe.<\/p>\n<p data-start=\"0\" data-end=\"126\"> <strong>MAINTENANT :<\/strong> En 2025, l&#39;h\u00e9ritage politique d&#39;EXIT a \u00e9t\u00e9 boucl\u00e9. Apr\u00e8s avoir exprim\u00e9 leur soutien aux manifestations anti-corruption plus t\u00f4t cette ann\u00e9e, les organisateurs ont averti que le festival pourrait \u00eatre contraint de s&#39;exiler, voire de quitter la Serbie. Leur d\u00e9claration \u00e9voquait l&#39;hostilit\u00e9 de l&#39;\u00c9tat, la r\u00e9duction des financements et un climat peu propice \u00e0 la contestation.<\/p>\n<h2 data-start=\"0\" data-end=\"126\"> Glastonbury (Angleterre) <\/h2>\n<div id=\"attachment_48589\" style=\"width: 1010px\" class=\"wp-caption alignnone\"><img aria-describedby=\"caption-attachment-48589\" loading=\"lazy\" decoding=\"async\" class=\"wp-image-48589\" src=\"https:\/\/www.pulse-z.eu\/wp-content\/uploads\/2025\/04\/aranxa-esteve-pOXHU0UEDcg-unsplash-1-scaled.jpg\" alt=\"\" width=\"1000\" height=\"668\" srcset=\"https:\/\/www.pulse-z.eu\/wp-content\/uploads\/2025\/04\/aranxa-esteve-pOXHU0UEDcg-unsplash-1-scaled.jpg 2560w, https:\/\/www.pulse-z.eu\/wp-content\/uploads\/2025\/04\/aranxa-esteve-pOXHU0UEDcg-unsplash-1-768x513.jpg 768w, https:\/\/www.pulse-z.eu\/wp-content\/uploads\/2025\/04\/aranxa-esteve-pOXHU0UEDcg-unsplash-1-1536x1026.jpg 1536w, https:\/\/www.pulse-z.eu\/wp-content\/uploads\/2025\/04\/aranxa-esteve-pOXHU0UEDcg-unsplash-1-2048x1368.jpg 2048w\" sizes=\"auto, (max-width: 1000px) 100vw, 1000px\" \/><\/p>\n<p id=\"caption-attachment-48589\" class=\"wp-caption-text\"> Photo d&#39;Aranxa Esteve sur Unsplash (aranxaesteve.com)<\/p>\n<\/div>\n<p data-start=\"0\" data-end=\"126\"> <a href=\"https:\/\/www.glastonburyfestivals.co.uk\/\" target=\"_blank\" rel=\"noopener\">Glastonbury<\/a> est l&#39;un des festivals de musique les plus embl\u00e9matiques et les plus respect\u00e9s d&#39;Europe. Il se tient chaque ann\u00e9e \u00e0 Worthy Farm, dans le Somerset, et constitue le week-end de passage incontournable pour les m\u00e9lomanes, avec des centaines d&#39;heures de diffusion en ligne et sur la BBC, la cha\u00eene publique britannique.<\/p>\n<p data-start=\"0\" data-end=\"126\"> <strong data-start=\"961\" data-end=\"970\">Avant :<\/strong> Cr\u00e9\u00e9 en 1970, Glastonbury puise ses racines dans la contre-culture et l&#39;esprit contestataire, s&#39;inspirant des festivals gratuits et des mouvements de protestation des ann\u00e9es 1960. Connue pour son caract\u00e8re non lucratif, elle a, au fil des ans, d\u00e9fendu avec force les enjeux environnementaux et de justice sociale et a nou\u00e9 un partenariat de longue date avec le CND et de nombreuses associations caritatives.<\/p>\n<p data-start=\"0\" data-end=\"126\"><br data-start=\"1186\" data-end=\"1189\" \/> <strong data-start=\"1189\" data-end=\"1197\">Aujourd&#39;hui\u00a0:<\/strong> La controverse a \u00e9clat\u00e9 en 2025 lorsque le duo punk-hip-hop britannique <strong data-start=\"1258\" data-end=\"1271\">Bob Vylan<\/strong> a scand\u00e9 \u00ab\u00a0Mort \u00e0 l&#39;arm\u00e9e isra\u00e9lienne\u00a0\u00bb pendant son concert, d\u00e9clenchant une enqu\u00eate polici\u00e8re et un toll\u00e9 m\u00e9diatique national. Pendant ce temps, le groupe de rap irlandais <strong data-start=\"1415\" data-end=\"1426\">Kneecap<\/strong> a relanc\u00e9 le d\u00e9bat politique avec des slogans pro-palestiniens. Kneecap a commenc\u00e9 son concert en entra\u00eenant la foule dans des chants de \u00ab\u00a0F**k Keir Starmer\u00a0\u00bb, apr\u00e8s que le Premier ministre britannique eut d\u00e9clar\u00e9 qu&#39;il \u00e9tait \u00ab\u00a0inappropri\u00e9\u00a0\u00bb que Kneecap joue. Kneecap a \u00e9galement r\u00e9pliqu\u00e9 par un communiqu\u00e9 sur les r\u00e9seaux sociaux\u00a0: \u00ab\u00a0Tu sais ce qui n&#39;est pas appropri\u00e9, Keir\u00a0? Armer un putain de g\u00e9nocide\u00a0\u00bb, en r\u00e9f\u00e9rence au soutien du Royaume-Uni \u00e0 la campagne militaire isra\u00e9lienne \u00e0 Gaza.<\/p>\n<h2 data-start=\"0\" data-end=\"126\"> Sziget (Hongrie) <\/h2>\n<div id=\"attachment_48599\" style=\"width: 1010px\" class=\"wp-caption alignnone\"><img aria-describedby=\"caption-attachment-48599\" loading=\"lazy\" decoding=\"async\" class=\"wp-image-48599\" src=\"https:\/\/www.pulse-z.eu\/wp-content\/uploads\/2025\/09\/pexels-bence-szemerey-337043-7081216-scaled.jpg\" alt=\"\" width=\"1000\" height=\"666\" srcset=\"https:\/\/www.pulse-z.eu\/wp-content\/uploads\/2025\/09\/pexels-bence-szemerey-337043-7081216-scaled.jpg 2560w, https:\/\/www.pulse-z.eu\/wp-content\/uploads\/2025\/09\/pexels-bence-szemerey-337043-7081216-768x512.jpg 768w, https:\/\/www.pulse-z.eu\/wp-content\/uploads\/2025\/09\/pexels-bence-szemerey-337043-7081216-1536x1024.jpg 1536w, https:\/\/www.pulse-z.eu\/wp-content\/uploads\/2025\/09\/pexels-bence-szemerey-337043-7081216-2048x1365.jpg 2048w\" sizes=\"auto, (max-width: 1000px) 100vw, 1000px\" \/><\/p>\n<p id=\"caption-attachment-48599\" class=\"wp-caption-text\"> Photo de Bence Szemerey sur Pexels (Instagram.com\/benceszemerey)<\/p>\n<\/div>\n<p data-start=\"0\" data-end=\"126\"> <strong data-start=\"1646\" data-end=\"1655\">Avant :<\/strong> Sziget a \u00e9t\u00e9 fond\u00e9 en 1993 dans la Hongrie postcommuniste, \u00e0 l&#39;origine comme une manifestation \u00e9tudiante populaire contre un vide culturel et un gouvernement qui n\u00e9gligeait les arts. Depuis des d\u00e9cennies, il est un symbole de libert\u00e9 d&#39;expression et d&#39;engagement des jeunes en Hongrie. Son slogan est toujours \u00ab\u00a0L&#39;\u00eele de la libert\u00e9\u00a0\u00bb.<br data-start=\"1805\" data-end=\"1808\" \/> <strong data-start=\"1808\" data-end=\"1816\">Aujourd&#39;hui :<\/strong> En 2025, le Sziget est devenu un foyer inattendu de dissidence politique. Des milliers de festivaliers ont entonn\u00e9 des chants anti-gouvernementaux visant le r\u00e9gime de Viktor Orb\u00e1n. Ces chants refl\u00e9taient la frustration croissante face aux pr\u00e9tendues attaques contre la d\u00e9mocratie et le d\u00e9senchantement de la jeunesse hongroise. La tension a atteint son paroxysme lorsque le groupe de rap irlandais Kneecap a \u00e9t\u00e9 interdit de se produire, mais a r\u00e9ussi \u00e0 diffuser un message de d\u00e9fi tard dans la nuit sur les \u00e9crans du festival, accusant Orb\u00e1n de censure et de soutien \u00e0 la guerre d&#39;Isra\u00ebl contre Gaza. La foule a explos\u00e9 en hu\u00e9es et en chants, tandis que la vid\u00e9o se terminait par des appels \u00e0 s&#39;opposer au g\u00e9nocide et \u00e0 soutenir la libert\u00e9 palestinienne.<\/p>\n<h2 data-start=\"154\" data-end=\"526\"> <strong data-start=\"154\" data-end=\"185\">Roskilde (Danemark)<\/strong> <\/h2>\n<div id=\"attachment_48620\" style=\"width: 1010px\" class=\"wp-caption alignnone\"><img aria-describedby=\"caption-attachment-48620\" loading=\"lazy\" decoding=\"async\" class=\"wp-image-48620\" src=\"https:\/\/www.pulse-z.eu\/wp-content\/uploads\/2025\/09\/roskilde-festival-2006-1240060-scaled.jpg\" alt=\"\" width=\"1000\" height=\"750\" srcset=\"https:\/\/www.pulse-z.eu\/wp-content\/uploads\/2025\/09\/roskilde-festival-2006-1240060-scaled.jpg 2560w, https:\/\/www.pulse-z.eu\/wp-content\/uploads\/2025\/09\/roskilde-festival-2006-1240060-768x576.jpg 768w, https:\/\/www.pulse-z.eu\/wp-content\/uploads\/2025\/09\/roskilde-festival-2006-1240060-1536x1152.jpg 1536w, https:\/\/www.pulse-z.eu\/wp-content\/uploads\/2025\/09\/roskilde-festival-2006-1240060-2048x1536.jpg 2048w\" sizes=\"auto, (max-width: 1000px) 100vw, 1000px\" \/><\/p>\n<p id=\"caption-attachment-48620\" class=\"wp-caption-text\"> Photo de freeimages.com<\/p>\n<\/div>\n<p data-start=\"154\" data-end=\"526\"> <a href=\"https:\/\/www.roskilde-festival.dk\/en\" target=\"_blank\" rel=\"noopener\">Roskilde<\/a> est le festival le plus important et le plus engag\u00e9 de Scandinavie\u00a0: un rassemblement d&#39;une semaine de 130\u00a0000 personnes aux portes de Copenhague. Chaque \u00e9t\u00e9, Roskilde devient la \u00ab\u00a0troisi\u00e8me ville du Danemark\u00a0\u00bb, avec une philosophie commune\u00a0: musique, activisme et communaut\u00e9 radicale.<\/p>\n<p data-start=\"528\" data-end=\"840\"> <strong data-start=\"528\" data-end=\"537\">Avant :<\/strong> Roskilde a \u00e9t\u00e9 lanc\u00e9 en 1971 par deux \u00e9tudiants inspir\u00e9s par les mouvements contre-culturels de l&#39;\u00e9poque. Le festival est devenu une institution r\u00e9solument ind\u00e9pendante et \u00e0 but non lucratif, consacrant ses b\u00e9n\u00e9fices \u00e0 des causes humanitaires, environnementales et culturelles depuis plus de 50 ans.<\/p>\n<p data-start=\"842\" data-end=\"1251\" data-is-last-node=\"\" data-is-only-node=\"\"> <strong data-start=\"842\" data-end=\"850\">Aujourd&#39;hui :<\/strong> En 2025, les racines militantes de Roskilde ont occup\u00e9 le devant de la sc\u00e8ne. Des installations contestataires de Led By Donkeys (qui se moquaient de Donald Trump, d&#39;Elon Musk et de Farage, homme politique britannique d&#39;extr\u00eame droite) ont \u00e9t\u00e9 mises en avant sur le site, tandis que des performances et des ateliers abordaient la justice climatique, la solidarit\u00e9 avec les r\u00e9fugi\u00e9s et les droits num\u00e9riques. Lorsque les responsables politiques ont remis en question la politisation du festival, les organisateurs ont clairement affirm\u00e9 que telle \u00e9tait la mission d\u00e9finie d\u00e8s le premier jour. <\/p>\n<article class=\"text-token-text-primary w-full focus:outline-none scroll-mt-[calc(var(--header-height)+min(200px,max(70px,20svh)))]\" dir=\"auto\" tabindex=\"-1\" data-turn-id=\"request-67f5a4d5-75a0-8008-8fb8-1c87b002c83d-11\" data-testid=\"conversation-turn-82\" data-scroll-anchor=\"true\" data-turn=\"assistant\">\n<div class=\"text-base my-auto mx-auto pb-10 [--thread-content-margin:--spacing(4)] thread-sm:[--thread-content-margin:--spacing(6)] thread-lg:[--thread-content-margin:--spacing(16)] px-(--thread-content-margin)\">\n<div class=\"[--thread-content-max-width:40rem] thread-lg:[--thread-content-max-width:48rem] mx-auto max-w-(--thread-content-max-width) flex-1 group\/turn-messages focus-visible:outline-hidden relative flex w-full min-w-0 flex-col agent-turn\" tabindex=\"-1\">\n<div class=\"flex max-w-full flex-col grow\">\n<div class=\"min-h-8 text-message relative flex w-full flex-col items-end gap-2 text-start break-words whitespace-normal [.text-message+&amp;]:mt-5\" dir=\"auto\" data-message-author-role=\"assistant\" data-message-id=\"ce32d20b-7be7-44af-8c6b-c50348b72a5a\" data-message-model-slug=\"gpt-4o\">\n<div class=\"flex w-full flex-col gap-1 empty:hidden first:pt-[3px]\">\n<div class=\"markdown prose dark:prose-invert w-full break-words light markdown-new-styling\">\n<h2 data-start=\"1660\" data-end=\"2036\"> <strong data-start=\"1660\" data-end=\"1694\">Festival Pol&#39;and&#39;Rock (Pologne)<\/strong> <\/h2>\n<blockquote class=\"instagram-media\" style=\"background: #FFF; border: 0; border-radius: 3px; box-shadow: 0 0 1px 0 rgba(0,0,0,0.5),0 1px 10px 0 rgba(0,0,0,0.15); margin: 1px; max-width: 540px; min-width: 326px; padding: 0; width: calc(100% - 2px);\" data-instgrm-captioned=\"\" data-instgrm-permalink=\"https:\/\/www.instagram.com\/p\/DONiAx4jNyL\/?utm_source=ig_embed&amp;utm_campaign=loading\" data-instgrm-version=\"14\">\n<div style=\"padding: 16px;\">\n<div style=\"display: flex; flex-direction: row; align-items: center;\">\n<div style=\"background-color: #f4f4f4; border-radius: 50%; flex-grow: 0; height: 40px; margin-right: 14px; width: 40px;\"><\/div>\n<div style=\"display: flex; flex-direction: column; flex-grow: 1; justify-content: center;\">\n<div style=\"background-color: #f4f4f4; border-radius: 4px; flex-grow: 0; height: 14px; margin-bottom: 6px; width: 100px;\"><\/div>\n<div style=\"background-color: #f4f4f4; border-radius: 4px; flex-grow: 0; height: 14px; width: 60px;\"><\/div>\n<\/div>\n<\/div>\n<div style=\"padding: 19% 0;\"><\/div>\n<div style=\"display: block; height: 50px; margin: 0 auto 12px; width: 50px;\"><\/div>\n<div style=\"padding-top: 8px;\">\n<div style=\"color: #3897f0; font-family: Arial,sans-serif; font-size: 14px; font-style: normal; font-weight: 550; line-height: 18px;\"> Voir ce post sur Instagram <\/div>\n<\/div>\n<div style=\"padding: 12.5% 0;\"><\/div>\n<div style=\"display: flex; flex-direction: row; margin-bottom: 14px; align-items: center;\">\n<div>\n<div style=\"background-color: #f4f4f4; border-radius: 50%; height: 12.5px; width: 12.5px; transform: translateX(0px) translateY(7px);\"><\/div>\n<div style=\"background-color: #f4f4f4; height: 12.5px; transform: rotate(-45deg) translateX(3px) translateY(1px); width: 12.5px; flex-grow: 0; margin-right: 14px; margin-left: 2px;\"><\/div>\n<div style=\"background-color: #f4f4f4; border-radius: 50%; height: 12.5px; width: 12.5px; transform: translateX(9px) translateY(-18px);\"><\/div>\n<\/div>\n<div style=\"margin-left: 8px;\">\n<div style=\"background-color: #f4f4f4; border-radius: 50%; flex-grow: 0; height: 20px; width: 20px;\"><\/div>\n<div style=\"width: 0; height: 0; border-top: 2px solid transparent; border-left: 6px solid #f4f4f4; border-bottom: 2px solid transparent; transform: translateX(16px) translateY(-4px) rotate(30deg);\"><\/div>\n<\/div>\n<div style=\"margin-left: auto;\">\n<div style=\"width: 0px; border-top: 8px solid #F4F4F4; border-right: 8px solid transparent; transform: translateY(16px);\"><\/div>\n<div style=\"background-color: #f4f4f4; flex-grow: 0; height: 12px; width: 16px; transform: translateY(-4px);\"><\/div>\n<div style=\"width: 0; height: 0; border-top: 8px solid #F4F4F4; border-left: 8px solid transparent; transform: translateY(-4px) translateX(8px);\"><\/div>\n<\/div>\n<\/div>\n<div style=\"display: flex; flex-direction: column; flex-grow: 1; justify-content: center; margin-bottom: 24px;\">\n<div style=\"background-color: #f4f4f4; border-radius: 4px; flex-grow: 0; height: 14px; margin-bottom: 6px; width: 224px;\"><\/div>\n<div style=\"background-color: #f4f4f4; border-radius: 4px; flex-grow: 0; height: 14px; width: 144px;\"><\/div>\n<\/div>\n<p style=\"color: #c9c8cd; font-family: Arial,sans-serif; font-size: 14px; line-height: 17px; margin-bottom: 0; margin-top: 8px; overflow: hidden; padding: 8px 0 7px; text-align: center; text-overflow: ellipsis; white-space: nowrap;\"> <a style=\"color: #c9c8cd; font-family: Arial,sans-serif; font-size: 14px; font-style: normal; font-weight: normal; line-height: 17px; text-decoration: none;\" href=\"https:\/\/www.instagram.com\/p\/DONiAx4jNyL\/?utm_source=ig_embed&amp;utm_campaign=loading\" target=\"_blank\" rel=\"noopener\">Une publication partag\u00e9e par Pol&#39;and&#39;Rock Festival (@polandrockfestival)<\/a> <\/p>\n<\/div>\n<\/blockquote>\n<p><script async src=\"\/\/www.instagram.com\/embed.js\"><\/script><\/p>\n<p data-start=\"1660\" data-end=\"2036\"> Souvent surnomm\u00e9 \u00ab\u00a0le Woodstock polonais\u00a0\u00bb, <a href=\"https:\/\/en.polandrockfestival.pl\/\" target=\"_blank\" rel=\"noopener\">Pol&#39;and&#39;Rock<\/a> est \u00e0 la fois un festival de rock, une manifestation citoyenne et une c\u00e9l\u00e9bration inclusive d&#39;une soci\u00e9t\u00e9 ouverte. Ce festival gratuit a lieu chaque ann\u00e9e \u00e0 Czaplinek. L&#39;entr\u00e9e est gratuite et organis\u00e9e.<\/p>\n<p data-start=\"2038\" data-end=\"2451\"> <strong data-start=\"2038\" data-end=\"2047\">Alors:<\/strong><br data-start=\"2047\" data-end=\"2050\" \/> Le festival a \u00e9t\u00e9 fond\u00e9 en 1995 dans la Pologne postcommuniste par le Grand Orchestre de la Charit\u00e9 de No\u00ebl, une association \u00e0 but non lucratif profond\u00e9ment ancr\u00e9e dans les causes humanitaires et sanitaires. Il a \u00e9t\u00e9 lanc\u00e9 comme une joyeuse r\u00e9bellion contre l&#39;autoritarisme, en s&#39;appuyant sur la musique, l&#39;\u00e9ducation et la libert\u00e9 d&#39;expression.<\/p>\n<p data-start=\"2453\" data-end=\"3056\" data-is-last-node=\"\" data-is-only-node=\"\"> <strong data-start=\"2453\" data-end=\"2461\">Maintenant:<\/strong><br data-start=\"2461\" data-end=\"2464\" \/> En 2025, cet h\u00e9ritage a \u00e9t\u00e9 attaqu\u00e9 en justice. Des politiciens et des m\u00e9dias de droite ont accus\u00e9 le festival de \u00ab promouvoir des id\u00e9ologies subversives \u00bb apr\u00e8s que des tentes ont accueilli des d\u00e9bats sur les droits LGBTQ+ et l&#39;acc\u00e8s \u00e0 l&#39;avortement. Des l\u00e9gislateurs conservateurs ont menac\u00e9 de refuser toute future autorisation d&#39;utilisation de terrains publics. Les organisateurs ont r\u00e9it\u00e9r\u00e9 leur engagement, affirmant que Pol&#39;and&#39;Rock avait <em data-start=\"2843\" data-end=\"2851\">toujours<\/em> eu pour vocation de faire entendre les voix des personnes marginalis\u00e9es. <\/p>\n<\/div>\n<\/div>\n<\/div>\n<\/div>\n<div class=\"flex min-h-[46px] justify-start\"><\/div>\n<div class=\"mt-3 w-full empty:hidden\">\n<div class=\"text-center\"><\/div>\n<\/div>\n<\/div>\n<\/div>\n<\/article>\n<div class=\"pointer-events-none h-px w-px\" aria-hidden=\"true\" data-edge=\"true\"><\/div>\n<p data-start=\"0\" data-end=\"126\">\n","protected":false},"excerpt":{"rendered":"<p>Les festivals de musique ont toujours \u00e9t\u00e9 des lieux paradoxaux. En apparence, tout est question d&#39;h\u00e9donisme\u00a0: terrains boueux, danses arros\u00e9es de bi\u00e8re, sound systems qui explosent toute la nuit et la perte de sa tente [&hellip;]<\/p>\n","protected":false},"author":90,"featured_media":50660,"comment_status":"closed","ping_status":"closed","sticky":false,"template":"","format":"standard","meta":{"_acf_changed":false,"footnotes":""},"categories":[608],"tags":[1723],"post_formats":[616],"coauthors":[11714],"class_list":["post-48658","post","type-post","status-publish","format-standard","has-post-thumbnail","hentry","category-connecter-les-points","tag-politics-fr","post_formats-articles-fr"],"acf":[],"_links":{"self":[{"href":"https:\/\/www.pulse-z.eu\/fr\/wp-json\/wp\/v2\/posts\/48658","targetHints":{"allow":["GET"]}}],"collection":[{"href":"https:\/\/www.pulse-z.eu\/fr\/wp-json\/wp\/v2\/posts"}],"about":[{"href":"https:\/\/www.pulse-z.eu\/fr\/wp-json\/wp\/v2\/types\/post"}],"author":[{"embeddable":true,"href":"https:\/\/www.pulse-z.eu\/fr\/wp-json\/wp\/v2\/users\/90"}],"replies":[{"embeddable":true,"href":"https:\/\/www.pulse-z.eu\/fr\/wp-json\/wp\/v2\/comments?post=48658"}],"version-history":[{"count":9,"href":"https:\/\/www.pulse-z.eu\/fr\/wp-json\/wp\/v2\/posts\/48658\/revisions"}],"predecessor-version":[{"id":49033,"href":"https:\/\/www.pulse-z.eu\/fr\/wp-json\/wp\/v2\/posts\/48658\/revisions\/49033"}],"wp:featuredmedia":[{"embeddable":true,"href":"https:\/\/www.pulse-z.eu\/fr\/wp-json\/wp\/v2\/media\/50660"}],"wp:attachment":[{"href":"https:\/\/www.pulse-z.eu\/fr\/wp-json\/wp\/v2\/media?parent=48658"}],"wp:term":[{"taxonomy":"category","embeddable":true,"href":"https:\/\/www.pulse-z.eu\/fr\/wp-json\/wp\/v2\/categories?post=48658"},{"taxonomy":"post_tag","embeddable":true,"href":"https:\/\/www.pulse-z.eu\/fr\/wp-json\/wp\/v2\/tags?post=48658"},{"taxonomy":"post_formats","embeddable":true,"href":"https:\/\/www.pulse-z.eu\/fr\/wp-json\/wp\/v2\/post_formats?post=48658"},{"taxonomy":"author","embeddable":true,"href":"https:\/\/www.pulse-z.eu\/fr\/wp-json\/wp\/v2\/coauthors?post=48658"}],"curies":[{"name":"wp","href":"https:\/\/api.w.org\/{rel}","templated":true}]}}