{"id":43371,"date":"2025-09-01T11:34:08","date_gmt":"2025-09-01T11:34:08","guid":{"rendered":"https:\/\/www.pulse-z.eu\/greece-asylum-amendment-cretes-crisis-rule-of-law\/"},"modified":"2025-09-01T14:40:01","modified_gmt":"2025-09-01T14:40:01","slug":"lamendement-sur-lasile-et-la-regression-institutionnelle-en-grece","status":"publish","type":"post","link":"https:\/\/www.pulse-z.eu\/fr\/lamendement-sur-lasile-et-la-regression-institutionnelle-en-grece\/","title":{"rendered":"L&#39;amendement sur l&#39;asile et la r\u00e9gression institutionnelle en Gr\u00e8ce"},"content":{"rendered":"<br \/>\n<h3><b>Un amendement qui divise<\/b><\/h3>\n<p> <span style=\"font-weight: 400;\">Le 11 juillet, le Parlement grec<\/span> <a href=\"https:\/\/www.protothema.gr\/politics\/article\/1667516\/vouli-psifistike-i-tropologia-gia-to-metanasteutiko-me-177-nai\/\" target=\"_blank\" rel=\"noopener\"><span style=\"font-weight: 400;\">a vot\u00e9 \u00e0 177 voix en faveur<\/span><\/a> <span style=\"font-weight: 400;\">de la suspension totale de la proc\u00e9dure d&#39;asile pour les personnes arrivant de Libye, y compris les r\u00e9fugi\u00e9s du<\/span> <a href=\"https:\/\/www.bbc.com\/news\/articles\/cjel2nn22z9o\" target=\"_blank\" rel=\"noopener\"><span style=\"font-weight: 400;\">Soudan<\/span><\/a> <span style=\"font-weight: 400;\">, pays traversant la plus grave crise humanitaire de notre \u00e9poque. Il convient de noter qu&#39;au cours de la p\u00e9riode pr\u00e9c\u00e9dente,<\/span> <a href=\"https:\/\/www.buzzsprout.com\/2375650\/episodes\/17488165\" target=\"_blank\" rel=\"noopener\"><span style=\"font-weight: 400;\">99 %<\/span><\/a> <span style=\"font-weight: 400;\">des demandes d&#39;asile concern\u00e9es avaient \u00e9t\u00e9 accept\u00e9es. Invoquant des raisons de s\u00e9curit\u00e9 nationale et de pr\u00e9vention de l&#39;exploitation des flux migratoires, le cadre l\u00e9gislatif s&#39;est accompagn\u00e9 d&#39;une rh\u00e9torique virulente, illustr\u00e9e par la d\u00e9claration du ministre des Migrations, Thanos Plevris, au Parlement\u00a0:<\/span> <i><span style=\"font-weight: 400;\">\u00ab\u00a0Fini les contes de f\u00e9es sur les m\u00e8res avec leurs nourrissons.\u00a0\u00bb<\/span><\/i> <span style=\"font-weight: 400;\">Le r\u00e8glement concerne \u00e9galement la cr\u00e9ation de nouveaux centres ferm\u00e9s en Cr\u00e8te, provoquant d&#39;intenses troubles politiques et sociaux.<\/span><\/p>\n<p> <span style=\"font-weight: 400;\">Fran\u00e7ais L&#39;opposition a vot\u00e9 contre \u00e0 l&#39;unanimit\u00e9 ou s&#39;est abstenue, tandis que des objections internes ont \u00e9t\u00e9 soulev\u00e9es au sein du parti Nouvelle D\u00e9mocratie (un parti politique de centre-droit en Gr\u00e8ce, align\u00e9 sur le conservatisme lib\u00e9ral et les politiques pro-europ\u00e9ennes). L&#39;ancien pr\u00e9sident du PASOK (parti politique du centre en Gr\u00e8ce, traditionnellement associ\u00e9 \u00e0 la social-d\u00e9mocratie) et professeur de droit constitutionnel,<\/span> <a href=\"https:\/\/www.kathimerini.gr\/politics\/563707861\/venizelos-kata-kyvernisis-gia-metanasteytiko-anepignosti-i-epiklisi-toy-a-15-tis-esda-isodynamei-me-katastasi-poliorkias\/\" target=\"_blank\" rel=\"noopener\"><span style=\"font-weight: 400;\">Evangelos Venizelos<\/span><\/a> <span style=\"font-weight: 400;\">, a \u00e9voqu\u00e9 \u00ab une question de la plus haute importance pour l&#39;existence de l&#39;\u00c9tat de droit \u00bb, affirmant que de telles r\u00e9glementations modifient les principes fondamentaux du droit des r\u00e9fugi\u00e9s et pourraient provoquer de graves r\u00e9actions internationales<\/span> <a href=\"https:\/\/www.kathimerini.gr\/politics\/563707978\/metanasteytiko-i-tropologia-i-paremvasi-venizeloy-kai-oi-antidraseis\/\" target=\"_blank\" rel=\"noopener\"><span style=\"font-weight: 400;\">(4)<\/span><\/a> <span style=\"font-weight: 400;\">;<\/span> <a href=\"https:\/\/www.cnn.gr\/politiki\/story\/485965\/sta-opla-i-antipolitefsi-gia-tin-tropologia-gia-to-asylo-thyellodis-anamenetai-i-synedriasi\" target=\"_blank\" rel=\"noopener\"><span style=\"font-weight: 400;\">(3)<\/span><\/a> <span style=\"font-weight: 400;\">.<\/span><\/p>\n<p> <a href=\"https:\/\/www.kathimerini.gr\/politics\/563707861\/venizelos-kata-kyvernisis-gia-metanasteytiko-anepignosti-i-epiklisi-toy-a-15-tis-esda-isodynamei-me-katastasi-poliorkias\/\" target=\"_blank\" rel=\"noopener\"><span style=\"font-weight: 400;\">Evangelos Venizelos<\/span><\/a> <span style=\"font-weight: 400;\">a averti que l&#39;invocation de l&#39;article 15 de la CEDH, qui pr\u00e9voit la possibilit\u00e9 de restreindre les droits en cas de \u00ab danger public mena\u00e7ant la vie de la nation \u00bb, \u00e9quivaut \u00e0 introduire un \u00ab \u00e9tat de si\u00e8ge \u00bb, soulignant l&#39;incompatibilit\u00e9 de la mesure avec le droit constitutionnel et europ\u00e9en.<\/span><\/p>\n<p> <span style=\"font-weight: 400;\">De m\u00eame, l&#39;avocat et expert en droit des r\u00e9fugi\u00e9s<\/span> <a href=\"https:\/\/www.news247.gr\/ellada\/pos-i-kivernisi-paraviazei-to-diethnes-dikaio-me-tin-tropologia-gia-to-asilo\/\" target=\"_blank\" rel=\"noopener\"><span style=\"font-weight: 400;\">Spyros Apergis<\/span><\/a> <span style=\"font-weight: 400;\">a d\u00e9plor\u00e9 que l&#39;amendement soit contraire aux dispositions fondamentales du droit international des r\u00e9fugi\u00e9s, telles que l&#39;article 33 de la Convention de Gen\u00e8ve et les articles 18 et 19 de la Charte des droits fondamentaux de l&#39;UE, qui n&#39;autorisent aucune d\u00e9rogation, m\u00eame en cas d&#39;urgence. La Commission nationale des droits de l&#39;homme avait d\u00e9j\u00e0 soulign\u00e9 en 2020 que le droit d&#39;asile et le principe de non-refoulement \u00e9taient des droits intangibles, tandis que le Haut-Commissaire des Nations Unies a exprim\u00e9 sa \u00ab grave pr\u00e9occupation \u00bb quant \u00e0 la disposition pr\u00e9voyant le renvoi de personnes sans enregistrement, soulignant qu&#39;il s&#39;agissait d&#39;une violation flagrante du principe de non-refoulement. En outre, la d\u00e9tention g\u00e9n\u00e9ralis\u00e9e des nouveaux arrivants sans \u00e9valuation individuelle ni contr\u00f4le judiciaire viole le droit de l&#39;UE, qui n&#39;autorise la d\u00e9tention administrative que dans des cas strictement limit\u00e9s et non collectivement. Dans ce contexte, l&#39;argument juridique du gouvernement s&#39;effondre sous le poids des engagements internationaux de la Gr\u00e8ce.<\/span><\/p>\n<p> <span style=\"font-weight: 400;\">De son c\u00f4t\u00e9,<\/span> <a href=\"https:\/\/www.amnesty.gr\/news\/press\/article\/29717\/ellada-oi-nees-protaseis-gia-asylo-kai-tis-epistrofes-paraviazoyn-katafora\" target=\"_blank\" rel=\"noopener\"><span style=\"font-weight: 400;\">Amnesty International<\/span><\/a> <span style=\"font-weight: 400;\">a qualifi\u00e9 cet amendement de \u00ab honteux \u00bb et a d\u00e9clar\u00e9 qu&#39;il violait ouvertement le droit international, car il punit les personnes en qu\u00eate de protection en fonction de leur itin\u00e9raire. L&#39;organisation a soulign\u00e9 que le renvoi sans \u00e9valuation pr\u00e9alable est express\u00e9ment interdit et a d\u00e9nonc\u00e9 l&#39;intention de cr\u00e9er un centre de d\u00e9tention en Cr\u00e8te, le qualifiant de possible forme de d\u00e9tention arbitraire, en violation du cadre europ\u00e9en et international.<\/span><\/p>\n<p> La Cr\u00e8te comme nouveau point de passage et pression sur le syst\u00e8me d&#39;accueil <\/p>\n<p><span style=\"font-weight: 400;\">Au cours des deux derni\u00e8res ann\u00e9es, la Cr\u00e8te est devenue un nouveau couloir de migration et de r\u00e9fugi\u00e9s extr\u00eamement dangereux, de plus en plus de personnes tentant de rejoindre la Gr\u00e8ce via la Libye, point de d\u00e9part de l&#39;Adrianna<\/span> <a href=\"https:\/\/www.unhcr.org\/europe\/news\/press-releases\/two-years-tragic-shipwreck-coast-pylos-unhcr-and-iom-call-accountability-and\" target=\"_blank\" rel=\"noopener\"><span style=\"font-weight: 400;\">(naufrage du Pylos)<\/span><\/a> <span style=\"font-weight: 400;\">. La route reliant l&#39;Afrique du Nord \u00e0 la Cr\u00e8te est plus longue, moins surveill\u00e9e et extr\u00eamement dangereuse, ce qui entra\u00eene une augmentation des noyades et des naufrages, mais aussi des arriv\u00e9es dans des points isol\u00e9s de l&#39;\u00eele<\/span> <a href=\"https:\/\/www.dw.com\/el\/%CE%B7-%CE%BD%CE%AD%CE%B1-%CE%B5%CF%80%CE%B9%CE%BA%CE%AF%CE%BD%CE%B4%CF%85%CE%BD%CE%B7-%CF%80%CF%81%CE%BF%CF%83%CF%86%CF%85%CE%B3%CE%B9%CE%BA%CE%AE-%CE%BF%CE%B4%CF%8C%CF%82-%CE%BC%CE%AD%CF%83%CF%89-%CE%BA%CF%81%CE%AE%CF%84%CE%B7%CF%82\/a-63853828\" target=\"_blank\" rel=\"noopener\"><span style=\"font-weight: 400;\">(6)<\/span><\/a> <span style=\"font-weight: 400;\">. La situation s&#39;est aggrav\u00e9e en 2025, les autorit\u00e9s locales affirmant que les arriv\u00e9es sont quotidiennes et que l&#39;\u00eele subit d\u00e9sormais une \u00ab\u00a0pression intense\u00a0\u00bb, notamment depuis fin juin. Malgr\u00e9 les besoins croissants, la Cr\u00e8te ne dispose pas de centre de premier accueil organis\u00e9, de sorte que la plupart des personnes sont transport\u00e9es au hasard ou entass\u00e9es dans des espaces en plein air<\/span> <a href=\"https:\/\/www.kathimerini.gr\/society\/563701945\/ypo-entoni-piesi-i-kriti-logo-tis-ekrixis-ton-metanasteytikon-roon\/\" target=\"_blank\" rel=\"noopener\"><span style=\"font-weight: 400;\">(8)<\/span><\/a> <span style=\"font-weight: 400;\">.<\/span><\/p>\n<p> <span style=\"font-weight: 400;\">Le pr\u00e9sident de l&#39;Union r\u00e9gionale des municipalit\u00e9s de Cr\u00e8te<\/span> <a href=\"https:\/\/www.ertnews.gr\/perifereiakoi-stathmoi\/iraklio\/proedros-ped-kritis-den-einai-dynaton-na-mi-vrethoun-dyo-xoroi-se-olokliri-tin-kriti-oi-dimoi-prepei-na-voithisoun-alla-kai-na-stirixtoun\/\" target=\"_blank\" rel=\"noopener\"><span style=\"font-weight: 400;\">a d\u00e9clar\u00e9<\/span><\/a> <span style=\"font-weight: 400;\">qu&#39;il \u00e9tait<\/span> <i><span style=\"font-weight: 400;\">\u00ab impensable qu&#39;il n&#39;y ait pas deux structures d&#39;h\u00e9bergement sur tout le territoire \u00bb<\/span><\/i> <span style=\"font-weight: 400;\">et a appel\u00e9 les municipalit\u00e9s \u00e0 coop\u00e9rer, soulignant la n\u00e9cessit\u00e9 d&#39;une r\u00e9partition \u00e9quitable et du soutien du gouvernement. Parall\u00e8lement, selon un rapport de<\/span> <a href=\"https:\/\/www.rosa.gr\/prosfygiko\/kriti-sto-eleos-tou-kafsona-ekatontades-prosfyges-kai-metanastes-tous-stoivazoun-se-exoterikous-chorous\/\" target=\"_blank\" rel=\"noopener\"><span style=\"font-weight: 400;\">Rosa.gr,<\/span><\/a> <span style=\"font-weight: 400;\">les arriv\u00e9es ont d\u00e9pass\u00e9 les capacit\u00e9s de gestion, des dizaines de personnes, dont des femmes et des enfants, \u00e9tant laiss\u00e9es expos\u00e9es \u00e0 la chaleur, sans ombre, sans installations sanitaires ni eau. L&#39;autorit\u00e9 portuaire locale a d\u00e9clar\u00e9 que la surveillance du littoral est quasiment impossible en raison de la longueur du littoral et du manque de personnel, tandis que les bateaux arrivent sans contr\u00f4le sur des plages isol\u00e9es.<\/span><\/p>\n<p> Conditions et r\u00e9actions <\/p>\n<p><span style=\"font-weight: 400;\">Les conditions de vie des r\u00e9fugi\u00e9s et des migrants arrivant en Cr\u00e8te sont d\u00e9crites comme inhumaines. Sous une chaleur \u00e9touffante, des centaines de personnes \u2013 dont des nourrissons, des femmes et des personnes \u00e2g\u00e9es \u2013 sont entass\u00e9es dans des espaces ext\u00e9rieurs sans ombre, sans eau potable ni assistance m\u00e9dicale, selon les t\u00e9moignages et les reportages de<\/span> <a href=\"https:\/\/www.rosa.gr\/prosfygiko\/kriti-sto-eleos-tou-kafsona-ekatontades-prosfyges-kai-metanastes-tous-stoivazoun-se-exoterikous-chorous\/\" target=\"_blank\" rel=\"noopener\"><span style=\"font-weight: 400;\">Rosa.gr.<\/span><\/a> <span style=\"font-weight: 400;\">Faute de structures d&#39;h\u00e9bergement, les espaces ext\u00e9rieurs ont \u00e9t\u00e9 transform\u00e9s en abris temporaires, tandis que le traitement r\u00e9serv\u00e9 \u00e0 ces personnes est contraire aux obligations fondamentales de l&#39;\u00c9tat.<\/span><\/p>\n<p> <span style=\"font-weight: 400;\">Cependant, au lieu d&#39;am\u00e9liorer les conditions d&#39;accueil initiales, l&#39;\u00c9tat poursuit la cr\u00e9ation de centres de r\u00e9tention. Comme<\/span> le souligne <a href=\"https:\/\/www.amnesty.gr\/news\/press\/article\/29717\/ellada-oi-nees-protaseis-gia-asylo-kai-tis-epistrofes-paraviazoyn-katafora\" target=\"_blank\" rel=\"noopener\"><span style=\"font-weight: 400;\">Amnesty International<\/span><\/a> <span style=\"font-weight: 400;\">, une telle mesure risque de conduire \u00e0 une d\u00e9tention syst\u00e9matique, arbitraire et punitive, en violation du droit international et europ\u00e9en. La d\u00e9t\u00e9rioration rapide des conditions et l&#39;imposition de politiques r\u00e9pressives t\u00e9moignent d&#39;un glissement dangereux : de la protection des droits humains \u00e0 la gestion des \u00ab flux \u00bb comme une menace.<\/span><\/p>\n<h3><b>Vers un nouvel exemple ou une nouvelle impasse ?<\/b><\/h3>\n<p> <span style=\"font-weight: 400;\">Le nouvel amendement ne semble pas apporter de solution, mais plut\u00f4t une \u00e9volution vers une gestion punitive des migrations. Les objections institutionnelles ne sont pas seulement th\u00e9oriques\u00a0; elles concernent le fondement juridique m\u00eame de l&#39;\u00c9tat de droit. De la rh\u00e9torique de la<\/span> <a href=\"https:\/\/www.protothema.gr\/politics\/article\/1667516\/vouli-psifistike-i-tropologia-gia-to-metanasteutiko-me-177-nai\/\" target=\"_blank\" rel=\"noopener\"><span style=\"font-weight: 400;\">\u00ab\u00a0tol\u00e9rance z\u00e9ro\u00a0\u00bb<\/span><\/a> <span style=\"font-weight: 400;\">adopt\u00e9e par le ministre Plevris \u00e0 l&#39;invocation de l&#39;article 15 de la CEDH, qui, comme<\/span> l&#39;a soulign\u00e9 <a href=\"https:\/\/www.kathimerini.gr\/politics\/563707861\/venizelos-kata-kyvernisis-gia-metanasteytiko-anepignosti-i-epiklisi-toy-a-15-tis-esda-isodynamei-me-katastasi-poliorkias\/\" target=\"_blank\" rel=\"noopener\"><span style=\"font-weight: 400;\">Venizelos<\/span><\/a> <span style=\"font-weight: 400;\">, constitue une dangereuse d\u00e9r\u00e9glementation du droit sous pr\u00e9texte d&#39;\u00ab\u00a0urgence\u00a0\u00bb, les actions du gouvernement aggravent la crise de responsabilit\u00e9.<\/span><\/p>\n<p> <span style=\"font-weight: 400;\">Parall\u00e8lement,<\/span> <a href=\"https:\/\/www.amnesty.gr\/news\/press\/article\/29717\/ellada-oi-nees-protaseis-gia-asylo-kai-tis-epistrofes-paraviazoyn-katafora\" target=\"_blank\" rel=\"noopener\"><span style=\"font-weight: 400;\">Amnesty International<\/span><\/a> <span style=\"font-weight: 400;\">appelle la Commission europ\u00e9enne \u00e0 intervenir, consid\u00e9rant ces d\u00e9cisions comme une \u00ab violation flagrante du droit international \u00bb et une menace pour l&#39;instauration de la d\u00e9tention arbitraire en Cr\u00e8te. Le choix du gouvernement grec de lier les flux \u00e0 l&#39;impasse g\u00e9opolitique en Libye et d&#39;introduire des mesures horizontales massives ignore le c\u0153ur du droit des r\u00e9fugi\u00e9s, \u00e0 savoir l&#39;examen individuel des demandes d&#39;asile et de protection.<\/span><\/p>\n<p> <span style=\"font-weight: 400;\">La v\u00e9ritable question n&#39;est donc pas de savoir si la Gr\u00e8ce est confront\u00e9e \u00e0 un probl\u00e8me de gouvernance de l&#39;asile\u00a0; c&#39;est un axiome. La question cruciale est de savoir si les r\u00e9ponses qu&#39;elle choisit consolideront l&#39;\u00c9tat de droit ou nous conduiront \u00e0 un \u00ab\u00a0\u00e9tat d&#39;exception\u00a0\u00bb permanent sous couvert d&#39;urgence. Au lieu de proposer une solution institutionnelle, cet amendement enferme le pays dans un cycle d&#39;autoritarisme et de l\u00e9galit\u00e9 s\u00e9lective, remettant en cause non seulement ses obligations internationales, mais aussi sa future coh\u00e9sion sociale.<\/span><\/p>\n<h3><span style=\"font-weight: 400;\"><strong>R\u00e9f\u00e9rences<\/strong> :<\/span><\/h3>\n<p> 1. Apergis, S. (11 juillet 2025). <i>Comment le gouvernement viole le droit international avec l&#39;amendement sur l&#39;asile<\/i> . News247. https:\/\/www.news247.gr\/ellada\/pos-i-kivernisi-paraviazei-to-diethnes-dikaio-me-tin-tropologia-gia-to-asilo\/<\/p>\n<p class=\"p1\"> 2. Amnesty International. (11 juillet 2025). <i>Gr\u00e8ce\u00a0: Les nouvelles propositions d\u2019asile et de retour violent de mani\u00e8re flagrante le droit international et punissent les personnes en qu\u00eate de protection<\/i> . https:\/\/www.amnesty.gr\/news\/press\/article\/29717\/ellada-oi-nees-protaseis-gia-asylo-kai-tis-epistrofes-paraviazoyn-katafora<\/p>\n<p class=\"p1\"> 3. Panelli, A. (10 juillet 2025). <i>L&#39;opposition \u00ab\u00a0monte le ton\u00a0\u00bb face \u00e0 l&#39;amendement sur l&#39;asile \u2013 Session houleuse attendue<\/i> . CNN Gr\u00e8ce. https:\/\/www.cnn.gr\/politiki\/story\/485965\/sta-opla-i-antipolitefsi-gia-tin-tropologia-gia-to-asylo-thyellodis-anamenetai-i-synedriasi<\/p>\n<p class=\"p1\"> 4. Salle de presse. (10 juillet 2025). <i>Migration\u00a0: l&#39;amendement, l&#39;intervention de Venizelos et les r\u00e9actions<\/i> . Kathimerini. https:\/\/www.kathimerini.gr\/politics\/563707978\/metanasteytiko-i-tropologia-i-paremvasi-venizeloy-kai-oi-antidraseis\/<\/p>\n<p class=\"p1\"> 5. Salle de presse. (10 juillet 2025). <i>Venizelos contre le gouvernement sur la question migratoire\u00a0: invoquer l\u2019article 15 de la CEDH \u00e9quivaut \u00e0 un \u00ab\u00a0\u00e9tat de si\u00e8ge\u00a0\u00bb<\/i> .<\/p>\n<p class=\"p1\"> 6.Kathimerini. https:\/\/www.kathimerini.gr\/politics\/563707861\/venizelos-kata-kyvernisis-gia-metanasteytiko-anepignosti-i-epiklisi-toy-a-15-tis-esda-isodynamei-me-katastasi-poliorkias\/<\/p>\n<p class=\"p1\"> 7. Kyranoudi, D. (23 novembre 2022). <i>La nouvelle route dangereuse des r\u00e9fugi\u00e9s via la Cr\u00e8te<\/i> . Deutsche Welle. https:\/\/www.dw.com\/el\/\u03b7-\u03bd\u03ad\u03b1-\u03b5\u03c0\u03b9\u03ba\u03af\u03bd\u03b4\u03c5\u03bd\u03b7-\u03c0\u03c1\u03bf\u03c3\u03c6\u03c5\u03b3\u03b9\u03ba\u03ae-\u03bf\u03b4\u03cc\u03c2-\u03bc\u03ad\u03c3\u03c9-\u03ba\u03c1\u03ae\u03c4\u03b7\u03c2\/a-63853828<\/p>\n<p class=\"p1\"> 8. Salle de presse. (juillet 2025). <i>Cr\u00e8te\u00a0: Des centaines de r\u00e9fugi\u00e9s et de migrants \u00e0 la merci de la chaleur \u2013 Entass\u00e9s dans des espaces ouverts<\/i> . Rosa.gr. https:\/\/www.rosa.gr\/prosfygiko\/kriti-sto-eleos-tou-kafsona-ekatontades-prosfyges-kai-metanastes-tous-stoivazoun-se-exoterikous-chorous\/<\/p>\n<p class=\"p1\"> 9. Salle de presse. (7 juillet 2025). <i>La Cr\u00e8te sous forte pression en raison de la forte augmentation des flux migratoires<\/i> . Kathimerini. https:\/\/www.kathimerini.gr\/society\/563701945\/ypo-entoni-piesi-i-kriti-logo-tis-ekrixis-ton-metanasteytikon-roon\/<\/p>\n<p class=\"p1\"> 10. Kalathaki, F. (24 juin 2025). <i>Pr\u00e9sident de l&#39;Union r\u00e9gionale des municipalit\u00e9s de Cr\u00e8te\u00a0: Il est impensable de ne pas trouver deux sites sur l&#39;\u00eele\u00a0\u2013 les municipalit\u00e9s doivent aider et \u00eatre soutenues<\/i> . ERT News. https:\/\/www.ertnews.gr\/perifereiakoi-stathmoi\/iraklio\/proedros-ped-kritis-den-einai-dynaton-na-mi-vrethoun-dyo-xoroi-se-olokliri-tin-kriti-oi-dimoi-prepei-na-voithisoun-alla-kai-na-stirixtoun\/<\/p>\n<p class=\"p1\"> 11. Proto Thema. (11 juillet 2025). <i>L&#39;amendement sur l&#39;asile a \u00e9t\u00e9 adopt\u00e9 par 177 voix \u2013 Plevris\u00a0: Finies les histoires de m\u00e8res avec leurs b\u00e9b\u00e9s<\/i> . Proto Thema. https:\/\/www.protothema.gr\/politics\/article\/1667516\/vouli-psifistike-i-tropologia-gia-to-metanasteutiko-me-177-nai\/<\/p>\n","protected":false},"excerpt":{"rendered":"<p>Un amendement qui divise Le 11 juillet, le Parlement grec a vot\u00e9 \u00e0 177 voix en faveur de la suspension totale de la proc\u00e9dure d&#39;asile pour les personnes arrivant de Libye, y compris les r\u00e9fugi\u00e9s [&hellip;]<\/p>\n","protected":false},"author":355,"featured_media":36741,"comment_status":"closed","ping_status":"closed","sticky":false,"template":"","format":"standard","meta":{"_acf_changed":false,"footnotes":""},"categories":[597,608,675],"tags":[3645,8582,2771,2774,4739,2778,8583,2779,2140,8584,2785,8585,2554,3659,8586],"post_formats":[737],"coauthors":[4037],"class_list":["post-43371","post","type-post","status-publish","format-standard","has-post-thumbnail","hentry","category-actualites","category-connecter-les-points","category-diversite-et-inclusion","tag-amnesty-international-fr","tag-asylum-policy-fr","tag-crete-fr","tag-detention-centers-fr","tag-eu-policy-fr","tag-greece-fr","tag-human-rights-violations-fr","tag-humanitarian-crisis-fr","tag-international-law-fr","tag-libya-route-fr","tag-migration-fr","tag-pylos-shipwreck-fr","tag-refugee-rights-fr","tag-rule-of-law-fr","tag-state-of-exception-fr","post_formats-serie-darticles"],"acf":[],"_links":{"self":[{"href":"https:\/\/www.pulse-z.eu\/fr\/wp-json\/wp\/v2\/posts\/43371","targetHints":{"allow":["GET"]}}],"collection":[{"href":"https:\/\/www.pulse-z.eu\/fr\/wp-json\/wp\/v2\/posts"}],"about":[{"href":"https:\/\/www.pulse-z.eu\/fr\/wp-json\/wp\/v2\/types\/post"}],"author":[{"embeddable":true,"href":"https:\/\/www.pulse-z.eu\/fr\/wp-json\/wp\/v2\/users\/355"}],"replies":[{"embeddable":true,"href":"https:\/\/www.pulse-z.eu\/fr\/wp-json\/wp\/v2\/comments?post=43371"}],"version-history":[{"count":13,"href":"https:\/\/www.pulse-z.eu\/fr\/wp-json\/wp\/v2\/posts\/43371\/revisions"}],"predecessor-version":[{"id":43434,"href":"https:\/\/www.pulse-z.eu\/fr\/wp-json\/wp\/v2\/posts\/43371\/revisions\/43434"}],"wp:featuredmedia":[{"embeddable":true,"href":"https:\/\/www.pulse-z.eu\/fr\/wp-json\/wp\/v2\/media\/36741"}],"wp:attachment":[{"href":"https:\/\/www.pulse-z.eu\/fr\/wp-json\/wp\/v2\/media?parent=43371"}],"wp:term":[{"taxonomy":"category","embeddable":true,"href":"https:\/\/www.pulse-z.eu\/fr\/wp-json\/wp\/v2\/categories?post=43371"},{"taxonomy":"post_tag","embeddable":true,"href":"https:\/\/www.pulse-z.eu\/fr\/wp-json\/wp\/v2\/tags?post=43371"},{"taxonomy":"post_formats","embeddable":true,"href":"https:\/\/www.pulse-z.eu\/fr\/wp-json\/wp\/v2\/post_formats?post=43371"},{"taxonomy":"author","embeddable":true,"href":"https:\/\/www.pulse-z.eu\/fr\/wp-json\/wp\/v2\/coauthors?post=43371"}],"curies":[{"name":"wp","href":"https:\/\/api.w.org\/{rel}","templated":true}]}}