{"id":40909,"date":"2025-08-19T13:50:52","date_gmt":"2025-08-19T13:50:52","guid":{"rendered":"https:\/\/www.pulse-z.eu\/juraj-prevadzkuje-jogu-za-1-euro-inspiroval-ho-pobyt-v-indii\/"},"modified":"2025-08-19T13:50:56","modified_gmt":"2025-08-19T13:50:56","slug":"juraj-propose-des-cours-de-yoga-pour-1-euro-inspire-par-son-sejour-en-inde","status":"publish","type":"post","link":"https:\/\/www.pulse-z.eu\/fr\/juraj-propose-des-cours-de-yoga-pour-1-euro-inspire-par-son-sejour-en-inde\/","title":{"rendered":"Juraj propose des cours de yoga pour 1 euro, inspir\u00e9 par son s\u00e9jour en Inde"},"content":{"rendered":"\n<p><strong><a href=\"https:\/\/www.heartnestretreat.com\/\" target=\"_blank\" rel=\"noopener\">Heartnest Retreat<\/a> est unique en Slovaquie. Vous souvenez-vous du moment o\u00f9 vous avez d\u00e9cid\u00e9 de lancer ce projet\u00a0?<\/strong><\/p>\n<p> Tout a commenc\u00e9 lors de mon troisi\u00e8me voyage en Inde. J&#39;ai remarqu\u00e9 qu&#39;il existait g\u00e9n\u00e9ralement des centres de yoga gratuits dans les villes ou les grands villages. Ils \u00e9taient fr\u00e9quent\u00e9s principalement par des villageois ais\u00e9s ou par des entreprises qui les sponsorisent. C&#39;est pourquoi j&#39;ai d\u00e9cid\u00e9 d&#39;implanter cette id\u00e9e ici, en Slovaquie. Je souhaitais depuis longtemps cr\u00e9er un lieu o\u00f9 l&#39;on pourrait aller gratuitement, sans discrimination. Et ce que j&#39;ai v\u00e9cu en Inde a \u00e9t\u00e9 une grande source d&#39;inspiration pour moi.<\/p>\n<p> <strong>Votre s\u00e9jour en Inde vous a-t-il influenc\u00e9, qu&#39;est-ce que votre derni\u00e8re visite vous a inspir\u00e9 ?<\/strong><br \/> J&#39;y suis all\u00e9e trois fois, et la derni\u00e8re fois, j&#39;ai suivi une formation rigoureuse. C&#39;est l\u00e0 que j&#39;ai compris la diff\u00e9rence entre la perception du yoga \u00e0 l&#39;\u00e9tranger et celle qu&#39;il suscite l\u00e0-bas. Nous pratiquions quatre heures par jour, avec quelques heures de th\u00e9orie, nous nous levions \u00e0 cinq heures du matin et suivions des rituels. C&#39;\u00e9tait \u00e0 Rishikesh, dans l&#39;Himalaya, ville consid\u00e9r\u00e9e comme le berceau du yoga. Tout cela a dur\u00e9 31 jours et ce fut une exp\u00e9rience incroyable. Cela nous a rapproch\u00e9s et m&#39;a donn\u00e9 une immense envie de pratiquer le yoga \u00e0 fond. <\/p>\n<div id=\"attachment_37388\" style=\"width: 1210px\" class=\"wp-caption alignnone\"><img aria-describedby=\"caption-attachment-37388\" loading=\"lazy\" decoding=\"async\" class=\"wp-image-37388\" src=\"https:\/\/www.pulse-z.eu\/wp-content\/uploads\/2025\/08\/Obrazok-WhatsApp-2025-08-04-o-10.08.11_bda11b16-scaled.jpg\" alt=\"\" width=\"1200\" height=\"800\" srcset=\"https:\/\/www.pulse-z.eu\/wp-content\/uploads\/2025\/08\/Obrazok-WhatsApp-2025-08-04-o-10.08.11_bda11b16-scaled.jpg 2560w, https:\/\/www.pulse-z.eu\/wp-content\/uploads\/2025\/08\/Obrazok-WhatsApp-2025-08-04-o-10.08.11_bda11b16-768x512.jpg 768w, https:\/\/www.pulse-z.eu\/wp-content\/uploads\/2025\/08\/Obrazok-WhatsApp-2025-08-04-o-10.08.11_bda11b16-1536x1024.jpg 1536w, https:\/\/www.pulse-z.eu\/wp-content\/uploads\/2025\/08\/Obrazok-WhatsApp-2025-08-04-o-10.08.11_bda11b16-2048x1365.jpg 2048w\" sizes=\"auto, (max-width: 1200px) 100vw, 1200px\" \/><\/p>\n<p id=\"caption-attachment-37388\" class=\"wp-caption-text\"> Photo : Michal Vozar<\/p>\n<\/div>\n<p> <strong>Pouvez-vous me parler des personnes que vous avez rencontr\u00e9es pendant votre s\u00e9jour en Inde\u00a0? S&#39;agissait-il des personnes qui ont \u00e9tudi\u00e9 le yoga avec vous ou des professeurs eux-m\u00eames\u00a0?<\/strong><\/p>\n<p> Il s&#39;agissait principalement de personnes venues de l&#39;\u00e9tranger. Statistiquement, principalement des pays occidentaux les plus riches, mais il y avait aussi beaucoup d&#39;Indiens. Cependant, il s&#39;agissait souvent de personnes qui n&#39;avaient pas pour objectif d&#39;enseigner le yoga, mais souhaitaient approfondir leurs connaissances et leur propre pratique. Personnellement, ce s\u00e9jour m&#39;a donn\u00e9 envie de m&#39;y consacrer 24h\/24 et 7j\/7 et d&#39;introduire ce concept en Slovaquie.<\/p>\n<p> <strong>Comment votre exp\u00e9rience du yoga ou votre s\u00e9jour en Inde a-t-il eu un impact particulier sur votre vie personnelle ?<\/strong><\/p>\n<p> Cela m&#39;a d\u00e9finitivement rendu plus reconnaissant et j&#39;ai commenc\u00e9 \u00e0 appr\u00e9cier davantage les choses et tout ce que j&#39;ai. J&#39;ai vu les conditions de vie des gens l\u00e0-bas. Tout le monde devrait y aller.<\/p>\n<p> <strong>Pour revenir \u00e0 vos d\u00e9buts avec le yoga, o\u00f9 et quand l\u2019avez-vous rencontr\u00e9 pour la premi\u00e8re fois en personne ?<\/strong><\/p>\n<p> J&#39;ai d\u00e9couvert le yoga en Slovaquie avec Fredy Ayisi, l&#39;un des premiers professeurs de yoga du pays. J&#39;ai d\u00e9velopp\u00e9 cette relation depuis l&#39;enfance, jusqu&#39;\u00e0 ce que je d\u00e9cide de m&#39;inscrire \u00e0 mon premier cours il y a environ cinq ans. Depuis, je d\u00e9veloppe mes comp\u00e9tences de mani\u00e8re plus intensive.<\/p>\n<p> <strong>Que signifie le yoga pour vous personnellement et pourquoi avez-vous d\u00e9cid\u00e9 de le combiner avec le travail communautaire ?<\/strong><\/p>\n<p> Quand on traduit le mot <em>\u00ab\u00a0yoga\u00a0\u00bb<\/em> , il signifie <em>\u00ab\u00a0connexion\u00a0\u00bb<\/em> . Dans notre pays, le yoga est souvent per\u00e7u comme un exercice physique, mais en r\u00e9alit\u00e9, c&#39;est un syst\u00e8me complexe de r\u00e8gles de vie. Je pense que le plus important est d&#39;avoir une communaut\u00e9 soud\u00e9e, capable de se soutenir et de se motiver mutuellement. Le yoga ne se r\u00e9sume pas \u00e0 des postures, c&#39;est aussi du mouvement, un travail sur soi et des relations. \u00c0 l&#39;avenir, j&#39;aimerais aussi donner des cours visant \u00e0 collecter des fonds pour des causes caritatives.<\/p>\n<p> <strong>Si vous regardez la diff\u00e9rence entre le yoga en Inde et le n\u00f4tre, quelle est la diff\u00e9rence, que ce soit physiquement ou dans un sens spirituel plus profond ?<\/strong><\/p>\n<p> Je pense que le yoga pratiqu\u00e9 dans notre pays est d\u00e9j\u00e0 tr\u00e8s influenc\u00e9 par les id\u00e9es occidentales sur l&#39;exercice physique et le yoga. En Inde, la perception est compl\u00e8tement diff\u00e9rente\u00a0: l\u00e0-bas, on le consid\u00e8re comme un travail difficile. Ici, on le per\u00e7oit davantage comme un ralentissement et un retour \u00e0 soi. Le syst\u00e8me est \u00e9galement diff\u00e9rent. En Inde, chaque village ou ville poss\u00e8de son propre ashram ou temple hindou, aux activit\u00e9s duquel les riches contribuent et dont ils sont tr\u00e8s fiers. Cependant, les activit\u00e9s de ce temple ne se limitent pas au yoga\u00a0: on y apprend aussi \u00e0 cuisiner et \u00e0 jardiner, et des b\u00e9n\u00e9voles \u00e9trangers y enseignent souvent l&#39;anglais. Le temple distribue notamment de la nourriture gratuitement. <\/p>\n<div id=\"attachment_37372\" style=\"width: 810px\" class=\"wp-caption alignnone\"><img aria-describedby=\"caption-attachment-37372\" loading=\"lazy\" decoding=\"async\" class=\"wp-image-37372\" src=\"https:\/\/www.pulse-z.eu\/wp-content\/uploads\/2025\/08\/20250714_184033-rotated.jpg\" alt=\"\" width=\"800\" height=\"1067\" srcset=\"https:\/\/www.pulse-z.eu\/wp-content\/uploads\/2025\/08\/20250714_184033-rotated.jpg 965w, https:\/\/www.pulse-z.eu\/wp-content\/uploads\/2025\/08\/20250714_184033-768x1024.jpg 768w\" sizes=\"auto, (max-width: 800px) 100vw, 800px\" \/><\/p>\n<p id=\"caption-attachment-37372\" class=\"wp-caption-text\"> Une des heures de Juraj \u00e0 Bratislava<\/p>\n<\/div>\n<p> <strong>Maintenant que nous avons \u00e9voqu\u00e9 les diff\u00e9rences entre les pratiques de yoga, comment d\u00e9cririez-vous votre cours plus pr\u00e9cis\u00e9ment\u00a0? Combinez-vous la dimension spirituelle \u00e0 l&#39;exercice physique\u00a0?<\/strong><\/p>\n<p> J&#39;essaie d&#39;int\u00e9grer une m\u00e9ditation ou une pratique de respiration \u00e0 chaque cours afin que l&#39;exercice ne se limite pas \u00e0 l&#39;exercice physique. Je veille \u00e9galement \u00e0 ne pas commencer trop vite et \u00e0 ce que les participants ne se sentent pas press\u00e9s ou essouffl\u00e9s. Je veux leur laisser le temps de ralentir un peu, de prendre quelques respirations et de rester assis tranquillement une minute avant de commencer l&#39;exercice.<\/p>\n<p> <strong>Lorsque vous avez commenc\u00e9 \u00e0 enseigner le yoga \u00e0 Bratislava, y a-t-il quelque chose qui vous a surpris, positivement ou n\u00e9gativement ?<\/strong><\/p>\n<p> J&#39;ai longtemps eu du mal \u00e0 faire confiance aux gens, et j&#39;ai d\u00e9couvert que la confiance est d\u00e9sormais une valeur s\u00fbre, mais tr\u00e8s difficile \u00e0 gagner. Les gens se m\u00e9fient de la nouveaut\u00e9. Il m&#39;a fallu de longs mois avant que les gens commencent \u00e0 venir en plus grand nombre \u00e0 mes cours. Au d\u00e9but, une ou deux personnes venaient. C&#39;\u00e9tait d\u00e9motivant, mais petit \u00e0 petit, \u00e7a a pris de l&#39;ampleur et maintenant, des groupes entiers viennent.<\/p>\n<p> <strong>Qui vous rend visite le plus souvent ?<\/strong><br \/> Ce sont principalement des \u00e9tudiants et des seniors. Ils me disent souvent qu&#39;ils n&#39;ont pas les moyens de suivre des cours de yoga classiques. Je suis \u00e9galement reconnaissante que nous proposions des cours \u00e0 un euro. Pour beaucoup, nous sommes leur premier contact avec le yoga, car ils ont d\u00e9cid\u00e9 de l&#39;essayer gr\u00e2ce \u00e0 son prix. <\/p>\n<div id=\"attachment_37380\" style=\"width: 1210px\" class=\"wp-caption alignnone\"><img aria-describedby=\"caption-attachment-37380\" loading=\"lazy\" decoding=\"async\" class=\"wp-image-37380\" src=\"https:\/\/www.pulse-z.eu\/wp-content\/uploads\/2025\/08\/Obrazok-WhatsApp-2025-08-04-o-10.08.11_1c098436-scaled.jpg\" alt=\"\" width=\"1200\" height=\"800\" srcset=\"https:\/\/www.pulse-z.eu\/wp-content\/uploads\/2025\/08\/Obrazok-WhatsApp-2025-08-04-o-10.08.11_1c098436-scaled.jpg 2560w, https:\/\/www.pulse-z.eu\/wp-content\/uploads\/2025\/08\/Obrazok-WhatsApp-2025-08-04-o-10.08.11_1c098436-768x512.jpg 768w, https:\/\/www.pulse-z.eu\/wp-content\/uploads\/2025\/08\/Obrazok-WhatsApp-2025-08-04-o-10.08.11_1c098436-1536x1024.jpg 1536w, https:\/\/www.pulse-z.eu\/wp-content\/uploads\/2025\/08\/Obrazok-WhatsApp-2025-08-04-o-10.08.11_1c098436-2048x1365.jpg 2048w\" sizes=\"auto, (max-width: 1200px) 100vw, 1200px\" \/><\/p>\n<p id=\"caption-attachment-37380\" class=\"wp-caption-text\"> Photo : Michal Vozar<\/p>\n<\/div>\n<p> <strong>Vous proposez du yoga symboliquement pour 1 euro et vous essayez en m\u00eame temps de le rendre accessible linguistiquement. Comment parvenez-vous \u00e0 maintenir cette accessibilit\u00e9, non seulement financi\u00e8rement, mais aussi culturellement et linguistiquement\u00a0?<\/strong><\/p>\n<p> Au d\u00e9but de l&#39;ann\u00e9e, nous avons ressenti le besoin de rendre le yoga accessible aux \u00e9trangers \u00e0 Bratislava. Nous avons commenc\u00e9 \u00e0 proposer des cours en russe, car de nombreux Ukrainiens ne parlent pas ukrainien. Apr\u00e8s l&#39;\u00e9t\u00e9, nous pr\u00e9voyons d&#39;inclure des cours d&#39;anglais. La situation financi\u00e8re est difficile, et nous sommes \u00e0 court d&#39;argent pour l&#39;instant.<\/p>\n<p> <strong>Quels sont vos projets pour l\u2019avenir avec le projet ?<\/strong><\/p>\n<p> D\u00e9but ao\u00fbt, nous avons lanc\u00e9 une collecte sur <a href=\"https:\/\/donio.sk\/chceme-otvorit-jogove-studio-kde-budu-hodiny-stat-len-1eur\" target=\"_blank\" rel=\"noopener\">Donio.sk<\/a> afin de r\u00e9colter des fonds pour ouvrir notre propre studio en septembre et poursuivre nos activit\u00e9s apr\u00e8s l&#39;\u00e9t\u00e9. Parall\u00e8lement, j&#39;aimerais \u00e9tendre le concept\u00a0; nous avons \u00e9t\u00e9 contact\u00e9s par des personnes de Ko\u0161ice, \u017dilina, Nitra et de R\u00e9publique tch\u00e8que qui souhaiteraient que nous l&#39;implantions \u00e9galement dans leur r\u00e9gion. Nous n\u00e9gocions actuellement un espace \u00e0 Bratislava, plus pr\u00e9cis\u00e9ment \u00e0 Nov\u00e1 Cvernovka, o\u00f9 nous pourrions poursuivre nos activit\u00e9s apr\u00e8s l&#39;\u00e9t\u00e9.<\/p>\n<p>Heartnest Retreat a \u00e9t\u00e9 fond\u00e9 en 2025 pour faire conna\u00eetre le yoga et la m\u00e9ditation. Dans le monde tr\u00e9pidant d&#39;aujourd&#39;hui, l&#39;association souhaite offrir \u00e0 chacun un havre de paix o\u00f9 trouver un peu de paix. Elle propose des cours de yoga \u00e0 1 euro dans diff\u00e9rents quartiers de Bratislava. Son ambition est de proposer ses services \u00e0 des prix attractifs tout au long de son existence.<\/p>\n","protected":false},"excerpt":{"rendered":"<p>Heartnest Retreat est unique en Slovaquie. Vous souvenez-vous du moment o\u00f9 vous avez d\u00e9cid\u00e9 de lancer ce projet\u00a0? Tout a commenc\u00e9 lors de mon troisi\u00e8me voyage en Inde. J&#39;ai remarqu\u00e9 qu&#39;il existait g\u00e9n\u00e9ralement des centres [&hellip;]<\/p>\n","protected":false},"author":436,"featured_media":42238,"comment_status":"closed","ping_status":"closed","sticky":false,"template":"","format":"standard","meta":{"_acf_changed":false,"footnotes":""},"categories":[608,679],"tags":[7387,7388,7389,7390,7391],"post_formats":[616],"coauthors":[4036],"class_list":["post-40909","post","type-post","status-publish","format-standard","has-post-thumbnail","hentry","category-connecter-les-points","category-jeunesse","tag-heartnest-fr","tag-joga-fr","tag-komunita-fr","tag-projekt-fr","tag-retreat-fr","post_formats-articles-fr"],"acf":[],"_links":{"self":[{"href":"https:\/\/www.pulse-z.eu\/fr\/wp-json\/wp\/v2\/posts\/40909","targetHints":{"allow":["GET"]}}],"collection":[{"href":"https:\/\/www.pulse-z.eu\/fr\/wp-json\/wp\/v2\/posts"}],"about":[{"href":"https:\/\/www.pulse-z.eu\/fr\/wp-json\/wp\/v2\/types\/post"}],"author":[{"embeddable":true,"href":"https:\/\/www.pulse-z.eu\/fr\/wp-json\/wp\/v2\/users\/436"}],"replies":[{"embeddable":true,"href":"https:\/\/www.pulse-z.eu\/fr\/wp-json\/wp\/v2\/comments?post=40909"}],"version-history":[{"count":3,"href":"https:\/\/www.pulse-z.eu\/fr\/wp-json\/wp\/v2\/posts\/40909\/revisions"}],"predecessor-version":[{"id":40929,"href":"https:\/\/www.pulse-z.eu\/fr\/wp-json\/wp\/v2\/posts\/40909\/revisions\/40929"}],"wp:featuredmedia":[{"embeddable":true,"href":"https:\/\/www.pulse-z.eu\/fr\/wp-json\/wp\/v2\/media\/42238"}],"wp:attachment":[{"href":"https:\/\/www.pulse-z.eu\/fr\/wp-json\/wp\/v2\/media?parent=40909"}],"wp:term":[{"taxonomy":"category","embeddable":true,"href":"https:\/\/www.pulse-z.eu\/fr\/wp-json\/wp\/v2\/categories?post=40909"},{"taxonomy":"post_tag","embeddable":true,"href":"https:\/\/www.pulse-z.eu\/fr\/wp-json\/wp\/v2\/tags?post=40909"},{"taxonomy":"post_formats","embeddable":true,"href":"https:\/\/www.pulse-z.eu\/fr\/wp-json\/wp\/v2\/post_formats?post=40909"},{"taxonomy":"author","embeddable":true,"href":"https:\/\/www.pulse-z.eu\/fr\/wp-json\/wp\/v2\/coauthors?post=40909"}],"curies":[{"name":"wp","href":"https:\/\/api.w.org\/{rel}","templated":true}]}}