{"id":27870,"date":"2025-06-29T09:43:48","date_gmt":"2025-06-29T09:43:48","guid":{"rendered":"https:\/\/www.pulse-z.eu\/love-without-permit-budapest-pride-and-the-struggle-for-visibility\/"},"modified":"2025-06-29T09:45:20","modified_gmt":"2025-06-29T09:45:20","slug":"lamour-sans-permis-la-fierte-de-budapest-et-la-lutte-pour-la-visibilite","status":"publish","type":"post","link":"https:\/\/www.pulse-z.eu\/fr\/lamour-sans-permis-la-fierte-de-budapest-et-la-lutte-pour-la-visibilite\/","title":{"rendered":"L&#39;amour sans permis : la fiert\u00e9 de Budapest et la lutte pour la visibilit\u00e9"},"content":{"rendered":"<br \/>\n<h2><b>L&#39;architecture juridique de la prohibition<\/b><\/h2>\n<p> <span style=\"font-weight: 400;\">En 2025, le gouvernement hongrois ne s&#39;est pas content\u00e9 d&#39;interdire une manifestation\u00a0; il a d\u00e9velopp\u00e9 tout un arsenal juridique pour annihiler le droit de la communaut\u00e9 LGBTQI+ \u00e0 exister en public. L&#39;amendement constitutionnel adopt\u00e9 en avril interdit les \u00e9v\u00e9nements publics qui \u00ab<\/span> <a href=\"https:\/\/apnews.com\/article\/government-and-politics-europe-hungary-laws-business-d093db541d1ad00bd4b28bb3a22cdb1b\" target=\"_blank\" rel=\"noopener\"><span style=\"font-weight: 400;\">\u00a0violent les droits des enfants<\/span><\/a><span style=\"font-weight: 400;\">\u00a0\u00bb, \u00e9touffant ainsi toute tentative de visibilit\u00e9 ou de plaidoyer politique des groupes LGBTQIA+. Parall\u00e8lement, l&#39;utilisation de la technologie de reconnaissance faciale (FRT) a \u00e9t\u00e9 institutionnalis\u00e9e comme outil d&#39;identification et de ciblage des citoyens participant \u00e0 des rassemblements ill\u00e9gaux tels que la Budapest Pride, avec des amendes pouvant atteindre 200\u00a0000 forints (environ 546\u00a0$) par participation, des recettes qui devraient \u00eatre revers\u00e9es au m\u00e9canisme public de \u00ab\u00a0protection de l&#39;enfance\u00a0\u00bb<\/span> <a href=\"https:\/\/apnews.com\/article\/hungary-pride-ban-amendment-orban-gay-rights-lgbtq-155ec12cbbde7cc6be0f96adb323de77\" target=\"_blank\" rel=\"noopener\"><span style=\"font-weight: 400;\">(7)<\/span><\/a><span style=\"font-weight: 400;\">\u00a0;<\/span> <a href=\"https:\/\/www.reuters.com\/world\/hungarian-police-ban-budapest-pride-march-2025-06-19\/\" target=\"_blank\" rel=\"noopener\"><span style=\"font-weight: 400;\">(4)<\/span><\/a><span style=\"font-weight: 400;\">\u00a0;<\/span><\/p>\n<p> <span style=\"font-weight: 400;\">Au-del\u00e0 du caract\u00e8re autoritaire de cette l\u00e9gislation, elle est \u00e9galement profond\u00e9ment stigmatisante, comme l\u2019a d\u00e9clar\u00e9 Amnesty International Gr\u00e8ce \u00e0 European Youth Press :<\/span><\/p>\n<p> <i><span style=\"font-weight: 400;\">\u00ab La r\u00e9cente loi anti-Pride est la derni\u00e8re d&#39;une s\u00e9rie de mesures qui ciblent et stigmatisent les individus et les groupes de la communaut\u00e9 LGBTQI+ et tentent de leur retirer des droits pour lesquels les personnes LGBTQI+ se sont battues [\u2026] Il est vital que les autorit\u00e9s hongroises n&#39;imposent pas de restrictions injustifi\u00e9es ni d&#39;interdiction pr\u00e9ventive de la Pride de Budapest\u2026 \u00bb<\/span><\/i><\/p>\n<p> <span style=\"font-weight: 400;\">Malgr\u00e9 les proclamations sur la \u00ab protection des enfants \u00bb, la loi fait partie int\u00e9grante d&#39;une strat\u00e9gie plus large visant \u00e0 criminaliser la dissidence publique. Orb\u00e1n lui-m\u00eame, dans un discours en f\u00e9vrier dernier, a annonc\u00e9 l&#39;interdiction, tandis que le Fidesz au pouvoir (le parti populiste de droite au pouvoir en Hongrie, dirig\u00e9 par Viktor Orb\u00e1n, connu pour son programme nationaliste, socialement conservateur et autoritaire) a promulgu\u00e9 en quelques jours la suspension de la citoyennet\u00e9 pour les binationaux consid\u00e9r\u00e9s comme une \u00ab menace \u00bb pour la souverainet\u00e9 nationale. Cet amendement est le 15e cons\u00e9cutif depuis 2011, lorsqu&#39;Orb\u00e1n a r\u00e9\u00e9crit la constitution hongroise comme il l&#39;entendait<\/span> <a href=\"https:\/\/apnews.com\/article\/hungary-pride-ban-amendment-orban-gay-rights-lgbtq-155ec12cbbde7cc6be0f96adb323de77\" target=\"_blank\" rel=\"noopener\"><span style=\"font-weight: 400;\">(7)<\/span><\/a> <span style=\"font-weight: 400;\">;<\/span> <a href=\"https:\/\/www.theguardian.com\/commentisfree\/2025\/apr\/17\/viktor-orbans-latest-clampdown-bans-budapest-pride-but-he-wont-stop-us-marching\" target=\"_blank\" rel=\"noopener\"><span style=\"font-weight: 400;\">(1)<\/span><\/a> <span style=\"font-weight: 400;\">;<\/span> <a href=\"https:\/\/www.npr.org\/2025\/06\/11\/nx-s1-5430267\/hungary-viktor-orban-lgbtq-protest\" target=\"_blank\" rel=\"noopener\"><span style=\"font-weight: 400;\">(8)<\/span><\/a> <span style=\"font-weight: 400;\">.<\/span><\/p>\n<p> <span style=\"font-weight: 400;\">Plut\u00f4t qu\u2019un cadre juridique neutre, la Hongrie construit une vitrine constitutionnelle d\u2019exclusion : o\u00f9 le genre est d\u00e9fini uniquement comme \u00ab masculin \u00bb et \u00ab f\u00e9minin \u00bb, et le droit de se r\u00e9unir d\u00e9pend de la b\u00e9n\u00e9diction du gouvernement<\/span> <a href=\"https:\/\/apnews.com\/article\/hungary-pride-ban-amendment-orban-gay-rights-lgbtq-155ec12cbbde7cc6be0f96adb323de77\" target=\"_blank\" rel=\"noopener\"><span style=\"font-weight: 400;\">(7)<\/span><\/a> <span style=\"font-weight: 400;\">;<\/span> <a href=\"https:\/\/www.theguardian.com\/world\/2025\/mar\/18\/hungary-bans-pride-events-and-plans-to-use-facial-recognition-to-target-attenders?\" target=\"_blank\" rel=\"noopener\"><span style=\"font-weight: 400;\">(3)<\/span><\/a> <span style=\"font-weight: 400;\">.<\/span><\/p>\n<p> La fiert\u00e9 de Budapest comme symbole politique <\/p>\n<p><span style=\"font-weight: 400;\">Depuis trois d\u00e9cennies, la Pride de Budapest est le plus grand \u00e9v\u00e9nement public annuel de promotion des droits humains en Hongrie. D&#39;une c\u00e9l\u00e9bration de la visibilit\u00e9 et de l&#39;\u00e9galit\u00e9, elle est devenue un test d&#39;endurance face \u00e0 un gouvernement autoritaire. En 2025, au lieu d&#39;une autorisation, les organisateurs ont \u00e9t\u00e9 interdits. La police a invoqu\u00e9 la r\u00e9cente l\u00e9gislation sur la \u00ab protection de l&#39;enfance \u00bb, l&#39;utilisant comme pr\u00e9texte \u00e0 la censure. Bien que le maire lib\u00e9ral Gergely Karasony ait d\u00e9clar\u00e9 que la Pride se d\u00e9roulerait comme un \u00e9v\u00e9nement municipal ne n\u00e9cessitant pas d&#39;autorisation, les autorit\u00e9s ont insist\u00e9 sur l&#39;interdiction. Dans le m\u00eame temps, le gouvernement a utilis\u00e9 les dispositions relatives aux \u00ab atteintes \u00e0 la moralit\u00e9 des mineurs \u00bb comme base l\u00e9gale pour criminaliser la participation \u2013 avec des amendes pouvant aller jusqu&#39;\u00e0 200\u00a0000 forints<\/span> <a href=\"https:\/\/www.theguardian.com\/world\/2025\/jun\/18\/meps-attend-budapest-pride-viktor-orban-hungary-lgbtq\" target=\"_blank\" rel=\"noopener\"><span style=\"font-weight: 400;\">(5)<\/span><\/a> <span style=\"font-weight: 400;\">;<\/span> <a href=\"https:\/\/www.reuters.com\/world\/hungarian-police-ban-budapest-pride-march-2025-06-19\" target=\"_blank\" rel=\"noopener\"><span style=\"font-weight: 400;\">(4)<\/span><\/a> <span style=\"font-weight: 400;\">;<\/span> <a href=\"https:\/\/www.theguardian.com\/commentisfree\/2025\/apr\/17\/viktor-orbans-latest-clampdown-bans-budapest-pride-but-he-wont-stop-us-marching\" target=\"_blank\" rel=\"noopener\"><span style=\"font-weight: 400;\">(1)<\/span><\/a> <span style=\"font-weight: 400;\">.<\/span><\/p>\n<p> <span style=\"font-weight: 400;\">La transformation de la Marche des fiert\u00e9s, d&#39;une marche libre \u00e0 un \u00ab rassemblement ill\u00e9gal \u00bb, s&#39;est accompagn\u00e9e de la menace d&#39;une surveillance par reconnaissance faciale, d\u00e9sormais institutionnalis\u00e9e dans le cadre du dispositif r\u00e9pressif. Comme l&#39;a soulign\u00e9 Amnesty International, dont le bureau grec a \u00e9galement particip\u00e9 \u00e0 la campagne \u00ab Let Pride March \u00bb\u00a0:<\/span><\/p>\n<p> <i><span style=\"font-weight: 400;\">\u00ab On s\u2019attend \u00e0 ce qu\u2019un grand nombre de personnes descendent dans la rue pacifiquement et elles doivent \u00eatre autoris\u00e9es \u00e0 manifester en toute s\u00e9curit\u00e9\u2026 Le d\u00e9fil\u00e9 doit se poursuivre sans entrave et la r\u00e9ponse de la police\u2026 doit \u00eatre pleinement conforme aux droits de l\u2019homme \u00bb.<\/span><\/i> <\/p>\n<div id=\"attachment_27367\" style=\"width: 598px\" class=\"wp-caption aligncenter\"><img aria-describedby=\"caption-attachment-27367\" loading=\"lazy\" decoding=\"async\" class=\" wp-image-27367\" src=\"https:\/\/www.pulse-z.eu\/wp-content\/uploads\/2025\/06\/1000025849-scaled.jpg\" alt=\"\" width=\"588\" height=\"392\" srcset=\"https:\/\/www.pulse-z.eu\/wp-content\/uploads\/2025\/06\/1000025849-scaled.jpg 2560w, https:\/\/www.pulse-z.eu\/wp-content\/uploads\/2025\/06\/1000025849-768x512.jpg 768w, https:\/\/www.pulse-z.eu\/wp-content\/uploads\/2025\/06\/1000025849-1536x1024.jpg 1536w, https:\/\/www.pulse-z.eu\/wp-content\/uploads\/2025\/06\/1000025849-2048x1365.jpg 2048w\" sizes=\"auto, (max-width: 588px) 100vw, 588px\" \/><\/p>\n<p id=\"caption-attachment-27367\" class=\"wp-caption-text\"> Cr\u00e9dit image : Yorgos Karagiorgos.<\/p>\n<\/div>\n<p> <span style=\"font-weight: 400;\">L&#39;interdiction de la Marche des fiert\u00e9s ne doit en aucun cas \u00eatre per\u00e7ue comme un incident de politique interne, mais comme une atteinte directe au cadre juridique et moral europ\u00e9en. L&#39;article 2 du Trait\u00e9 sur l&#39;Union europ\u00e9enne garantit la libert\u00e9 de r\u00e9union et interdit la discrimination. Cette ann\u00e9e, cependant, les organisateurs de la Marche des fiert\u00e9s affirment ouvertement \u00eatre menac\u00e9s de ciblage, de violence et d&#39;\u00e9puisement financier parce qu&#39;ils persistent \u00e0 descendre dans la rue. Comme l&#39;a d\u00e9clar\u00e9 un porte-parole de l&#39;organisation \u00e0 l&#39;AP, l&#39;objectif du gouvernement est de \u00ab\u00a0cr\u00e9er des boucs \u00e9missaires et de faire taire les critiques du r\u00e9gime\u00a0\u00bb<\/span> <a href=\"https:\/\/www.theguardian.com\/world\/2025\/mar\/18\/hungary-bans-pride-events-and-plans-to-use-facial-recognition-to-target-attenders?\" target=\"_blank\" rel=\"noopener\"><span style=\"font-weight: 400;\">(3)<\/span><\/a><span style=\"font-weight: 400;\">\u00a0;<\/span> <a href=\"https:\/\/apnews.com\/article\/orban-government-ban-lgbtq-pride-hungary-d003f20c8444a8611c5cc9db08dc0352\" target=\"_blank\" rel=\"noopener\"><span style=\"font-weight: 400;\">(6)<\/span><\/a><span style=\"font-weight: 400;\">\u00a0;<\/span> <a href=\"https:\/\/www.reuters.com\/world\/europe\/hungarians-keep-up-protests-against-orbans-move-ban-pride-2025-04-01\/\" target=\"_blank\" rel=\"noopener\"><span style=\"font-weight: 400;\">(2)<\/span><\/a> <span style=\"font-weight: 400;\">. Malgr\u00e9 cela, la Marche des fiert\u00e9s ne semble pas perdre de son \u00e9lan, selon une d\u00e9claration de Katalin Cseh, membre de l&#39;opposition hongroise\u00a0:<\/span> <i><span style=\"font-weight: 400;\">\u00ab\u00a0La Commission et le Conseil europ\u00e9ens restent h\u00e9sitants, divis\u00e9s et timides. Il ne s&#39;agit pas seulement d&#39;un \u00e9chec moral, mais d&#39;un \u00e9chec strat\u00e9gique. L&#39;UE est peut-\u00eatre le dernier projet d\u00e9mocratique d&#39;envergure mondiale encore op\u00e9rationnel. Et il est mis \u00e0 l&#39;\u00e9preuve. Alors que le recul d\u00e9mocratique s&#39;acc\u00e9l\u00e8re \u00e0 l&#39;\u00e9chelle mondiale,<\/span><\/i> <span style=\"font-weight: 400;\">l&#39;Europe<\/span> <i><span style=\"font-weight: 400;\">est confront\u00e9e \u00e0 une question simple\u00a0: peut-elle d\u00e9fendre ses propres valeurs\u00a0? Ou va-t-elle c\u00e9der\u00a0?\u00a0\u00bb [\u2026] Si nous ne r\u00e9agissons pas collectivement, publiquement et de mani\u00e8re d\u00e9cisive, nous nous r\u00e9veillerons et constaterons que le tournant autoritaire est complet<\/span><\/i> <a href=\"https:\/\/www.theguardian.com\/commentisfree\/2025\/apr\/17\/viktor-orbans-latest-clampdown-bans-budapest-pride-but-he-wont-stop-us-marching\" target=\"_blank\" rel=\"noopener\"><span style=\"font-weight: 400;\">(1)<\/span><\/a> <span style=\"font-weight: 400;\">.<\/span><\/p>\n<p> Grand fr\u00e8re sur la place <\/p>\n<p><span style=\"font-weight: 400;\">En Hongrie, en 2025, la libert\u00e9 est d\u00e9sormais li\u00e9e aux cam\u00e9ras. Une nouvelle l\u00e9gislation autorise la police \u00e0 utiliser la reconnaissance faciale pour identifier les personnes participant \u00e0 des \u00e9v\u00e9nements \u00ab ill\u00e9gaux \u00bb, comme la Budapest Pride. Cela signifie que la simple participation \u00e0 une manifestation peut entra\u00eener une sanction administrative ou, en pratique, la cr\u00e9ation d&#39;un fichier d&#39;identit\u00e9 id\u00e9ologique. L&#39;utilisation de cette technologie, auparavant r\u00e9serv\u00e9e \u00e0 la recherche de personnes disparues ou de criminels, est d\u00e9sormais \u00e9tendue aux manifestants pacifiques, sous pr\u00e9texte de prot\u00e9ger les enfants<\/span> <a href=\"https:\/\/apnews.com\/article\/hungary-pride-ban-amendment-orban-gay-rights-lgbtq-155ec12cbbde7cc6be0f96adb323de77\" target=\"_blank\" rel=\"noopener\"><span style=\"font-weight: 400;\">(7)<\/span><\/a> <span style=\"font-weight: 400;\">;<\/span> <a href=\"https:\/\/www.theguardian.com\/world\/2025\/mar\/18\/hungary-bans-pride-events-and-plans-to-use-facial-recognition-to-target-attenders?\" target=\"_blank\" rel=\"noopener\"><span style=\"font-weight: 400;\">(3)<\/span><\/a> <span style=\"font-weight: 400;\">;<\/span> <a href=\"https:\/\/www.reuters.com\/world\/europe\/hungarians-keep-up-protests-against-orbans-move-ban-pride-2025-04-01\/\" target=\"_blank\" rel=\"noopener\"><span style=\"font-weight: 400;\">(2)<\/span><\/a> <span style=\"font-weight: 400;\">.<\/span><\/p>\n<p> <span style=\"font-weight: 400;\">Fran\u00e7ais La logique est claire et dangereuse : le contr\u00f4le de la dissidence ne se limite plus au pr\u00e9sent physique mais s&#39;\u00e9tend \u00e0 l&#39;empreinte num\u00e9rique. Comme l&#39;a soulign\u00e9 \u00c1d\u00e1m Remport de l&#39;Union hongroise des libert\u00e9s civiles (HCLU) :<\/span> <i><span style=\"font-weight: 400;\">\u00ab L&#39;un des probl\u00e8mes les plus fondamentaux est son caract\u00e8re invasif, l&#39;ampleur m\u00eame de l&#39;intrusion qui se produit lorsqu&#39;on applique une surveillance de masse \u00e0 une foule \u00bb [\u2026] \u00ab Plus saillant dans ce cas est l&#39;effet sur la libert\u00e9 de r\u00e9union, en particulier l&#39;effet paralysant qui se produit lorsque les gens ont peur de sortir et d&#39;afficher leurs convictions politiques ou id\u00e9ologiques par crainte d&#39;\u00eatre pers\u00e9cut\u00e9s<\/span><\/i> <i><span style=\"font-weight: 400;\">\u00bb<\/span><\/i> <a href=\"https:\/\/apnews.com\/article\/hungary-pride-ban-amendment-orban-gay-rights-lgbtq-155ec12cbbde7cc6be0f96adb323de77\" target=\"_blank\" rel=\"noopener\"><span style=\"font-weight: 400;\">(7)<\/span><\/a> <span style=\"font-weight: 400;\">.<\/span> <\/p>\n<div id=\"attachment_27376\" style=\"width: 658px\" class=\"wp-caption aligncenter\"><img aria-describedby=\"caption-attachment-27376\" loading=\"lazy\" decoding=\"async\" class=\" wp-image-27376\" src=\"https:\/\/www.pulse-z.eu\/wp-content\/uploads\/2025\/06\/Inside-the-NYPD-surveillance-machine-1-1444x710-1.webp\" alt=\"\" width=\"648\" height=\"318\" srcset=\"https:\/\/www.pulse-z.eu\/wp-content\/uploads\/2025\/06\/Inside-the-NYPD-surveillance-machine-1-1444x710-1.webp 1444w, https:\/\/www.pulse-z.eu\/wp-content\/uploads\/2025\/06\/Inside-the-NYPD-surveillance-machine-1-1444x710-1-768x378.webp 768w\" sizes=\"auto, (max-width: 648px) 100vw, 648px\" \/><\/p>\n<p id=\"caption-attachment-27376\" class=\"wp-caption-text\"> \u00a9Photo de Spencer Platt\/Getty Images<\/p>\n<\/div>\n<p> <span style=\"font-weight: 400;\">Dans ce contexte, le concept m\u00eame de libert\u00e9 est d\u00e9form\u00e9. Ce n&#39;est pas seulement votre corps qui est banni de la rue\u00a0: votre d\u00e9sir de vous exprimer est \u00e9galement surveill\u00e9. Amnesty International souligne que la r\u00e9pression de la Marche des fiert\u00e9s et le recours g\u00e9n\u00e9ralis\u00e9 \u00e0 des outils de surveillance s&#39;inscrivent dans un ensemble de violations qui frappent au c\u0153ur du droit de manifester\u00a0:<\/span><\/p>\n<p> <i><span style=\"font-weight: 400;\">Dans un rapport publi\u00e9 en juillet 2024, Amnesty International a recens\u00e9 une s\u00e9rie de tendances et de sch\u00e9mas de restrictions et de violations du droit de manifester dans 21 pays de l&#39;UE. Les manifestations ont \u00e9t\u00e9 un puissant vecteur de changement, et il est important de les prot\u00e9ger.<\/span><\/i><\/p>\n<p> <span style=\"font-weight: 400;\">La Hongrie pr\u00e9sente ainsi un autoritarisme technologiquement outill\u00e9 qui investit non seulement dans la violence, mais aussi dans l&#39;intimidation par la surveillance. L&#39;interdiction de manifester est appliqu\u00e9e non pas \u00e0 coups de matraque, mais \u00e0 l&#39;aide de cam\u00e9ras. Et l&#39;objectif du gouvernement n&#39;est plus seulement de r\u00e9duire au silence, mais d&#39;intimider la m\u00e9moire<\/span> <a href=\"https:\/\/www.theguardian.com\/world\/2025\/mar\/18\/hungary-bans-pride-events-and-plans-to-use-facial-recognition-to-target-attenders?\" target=\"_blank\" rel=\"noopener\"><span style=\"font-weight: 400;\">(3)<\/span><\/a> <span style=\"font-weight: 400;\">;<\/span> <a href=\"https:\/\/www.npr.org\/2025\/06\/11\/nx-s1-5430267\/hungary-viktor-orban-lgbtq-protest\" target=\"_blank\" rel=\"noopener\"><span style=\"font-weight: 400;\">(8)<\/span><\/a> <span style=\"font-weight: 400;\">.<\/span><\/p>\n<h2><b>L\u2019Europe r\u00e9agit \u2013 ou reste silencieuse ?<\/b><\/h2>\n<p> <span style=\"font-weight: 400;\">Lorsque l&#39;interdiction de la marche des fiert\u00e9s de Budapest est devenue une r\u00e9alit\u00e9, tous les regards se sont tourn\u00e9s vers Bruxelles. Gardienne de l&#39;article 2 du Trait\u00e9 sur l&#39;Union europ\u00e9enne, on aurait pu s&#39;attendre \u00e0 une intervention imm\u00e9diate de l&#39;Union europ\u00e9enne. Cependant, la r\u00e9action a \u00e9t\u00e9 la m\u00eame : d\u00e9clarations d&#39;inqui\u00e9tude, \u00ab examen \u00bb juridique, aucune action imm\u00e9diate. Comme l&#39;a judicieusement comment\u00e9 Katalin Cseh,<\/span> <i><span style=\"font-weight: 400;\">\u00ab Bruxelles envisagerait une action en justice \u00ab si n\u00e9cessaire \u00bb, mais n&#39;a pas encore pris de mesures provisoires pour prot\u00e9ger la marche de cette ann\u00e9e, qui aura lieu dans seulement deux mois. Son excuse habituelle \u2013 la n\u00e9cessit\u00e9 d&#39;\u00e9viter une \u00ab ing\u00e9rence politique \u00bb \u2013 n&#39;est plus valable. C&#39;est Orb\u00e1n qui enfreint la loi \u2013 celui qui se lave les pieds sur les trait\u00e9s de l&#39;UE<\/span><\/i> <i><span style=\"font-weight: 400;\">. \u00bb<\/span><\/i> <a href=\"https:\/\/www.theguardian.com\/commentisfree\/2025\/apr\/17\/viktor-orbans-latest-clampdown-bans-budapest-pride-but-he-wont-stop-us-marching\" target=\"_blank\" rel=\"noopener\"><span style=\"font-weight: 400;\">(1<\/span><\/a> <span style=\"font-weight: 400;\">)<\/span> <\/p>\n<\/p>\n<div id=\"attachment_27384\" style=\"width: 725px\" class=\"wp-caption aligncenter\"><img aria-describedby=\"caption-attachment-27384\" loading=\"lazy\" decoding=\"async\" class=\" wp-image-27384\" src=\"https:\/\/www.pulse-z.eu\/wp-content\/uploads\/2025\/06\/202312eca_orban_eu.webp\" alt=\"\" width=\"715\" height=\"477\" srcset=\"https:\/\/www.pulse-z.eu\/wp-content\/uploads\/2025\/06\/202312eca_orban_eu.webp 946w, https:\/\/www.pulse-z.eu\/wp-content\/uploads\/2025\/06\/202312eca_orban_eu-768x512.webp 768w\" sizes=\"auto, (max-width: 715px) 100vw, 715px\" \/><\/p>\n<p id=\"caption-attachment-27384\" class=\"wp-caption-text\"> Le Premier ministre hongrois Viktor Orban avec la pr\u00e9sidente de la Commission europ\u00e9enne Ursula von der Leyen \u00e0 Bruxelles, en Belgique, le 3 f\u00e9vrier 2020. \u00a9 2020 Isopix\/Shutterstock<\/p>\n<\/div>\n<p> <span style=\"font-weight: 400;\">En pratique, la r\u00e9action la plus forte n&#39;est pas venue des institutions, mais des individus\u00a0: des dizaines de d\u00e9put\u00e9s europ\u00e9ens, dont des Verts, des Lib\u00e9raux et des Socialistes, ont annonc\u00e9 qu&#39;ils participeraient \u00e0 la marche de Budapest le 28\u00a0juin, non pas en tant qu&#39;observateurs, mais comme bouclier humain. \u00ab\u00a0Ni l&#39;amour ni la libert\u00e9 ne peuvent \u00eatre interdits\u00a0\u00bb, a d\u00e9clar\u00e9 le maire de la ville, Gergely Karasonyi, appelant \u00e0 ce que la Marche des fiert\u00e9s devienne un \u00e9v\u00e9nement municipal, \u00e9chappant ainsi aux interdictions \u00e9tatiques<\/span> <a href=\"https:\/\/www.theguardian.com\/world\/2025\/jun\/18\/meps-attend-budapest-pride-viktor-orban-hungary-lgbtq\" target=\"_blank\" rel=\"noopener\"><span style=\"font-weight: 400;\">(5)<\/span><\/a> <span style=\"font-weight: 400;\">. Amnesty International Gr\u00e8ce, pour sa part, appelle clairement les institutions europ\u00e9ennes \u00e0 engager sans d\u00e9lai des poursuites judiciaires\u00a0:<\/span><\/p>\n<p> <i><span style=\"font-weight: 400;\">\u00ab La Commission europ\u00e9enne doit agir rapidement\u2026 en demandant des mesures provisoires \u00e0 la Cour de justice de l&#39;Union europ\u00e9enne\u2026 ou en engageant une nouvelle proc\u00e9dure sur la base des r\u00e9cents amendements\u2026 Jusqu&#39;\u00e0 pr\u00e9sent, elle est rest\u00e9e inactive\u2026 Il est temps de sortir de l&#39;impasse. \u00bb<\/span><\/i><\/p>\n<p> <span style=\"font-weight: 400;\">Cependant, les instruments institutionnels \u2013 comme l&#39;article 7, qui permet de retirer le droit de vote \u00e0 un \u00c9tat membre \u2013 restent inactifs. Le probl\u00e8me n&#39;est plus juridique, il est politique\u00a0: l&#39;UE craint d&#39;entrer en conflit avec un dirigeant qui menace ouvertement son unit\u00e9. Ainsi, la sanction pour la Hongrie devient administrative \u2013 jamais constitutionnelle<\/span> <a href=\"https:\/\/www.theguardian.com\/commentisfree\/2025\/apr\/17\/viktor-orbans-latest-clampdown-bans-budapest-pride-but-he-wont-stop-us-marching\" target=\"_blank\" rel=\"noopener\"><span style=\"font-weight: 400;\">(1)<\/span><\/a><span style=\"font-weight: 400;\">\u00a0;<\/span> <a href=\"https:\/\/www.theguardian.com\/world\/2025\/jun\/18\/meps-attend-budapest-pride-viktor-orban-hungary-lgbtq\" target=\"_blank\" rel=\"noopener\"><span style=\"font-weight: 400;\">(5)<\/span><\/a><span style=\"font-weight: 400;\">\u00a0;<\/span> <a href=\"https:\/\/apnews.com\/article\/hungary-pride-ban-amendment-orban-gay-rights-lgbtq-155ec12cbbde7cc6be0f96adb323de77\" target=\"_blank\" rel=\"noopener\"><span style=\"font-weight: 400;\">(7)<\/span><\/a><span style=\"font-weight: 400;\">\u00a0;<\/span><\/p>\n<p> <span style=\"font-weight: 400;\">Et tandis que les drapeaux de l&#39;Union europ\u00e9enne flottent sur chaque ambassade qui a exprim\u00e9 son inqui\u00e9tude, ce qui demeure dans les rues de Budapest, c&#39;est l&#39;incertitude. Si la Marche des fiert\u00e9s peut \u00eatre interdite \u00e0 Budapest, elle peut l&#39;\u00eatre aussi \u00e0 Zagreb, Varsovie, Rome. Le silence devient un pr\u00e9c\u00e9dent. Et le pr\u00e9c\u00e9dent devient la normalit\u00e9.<\/span><\/p>\n<p> Pr\u00e9sence silencieuse, marche ininterrompue <\/p>\n<p><span style=\"font-weight: 400;\">La marche que le gouvernement Orb\u00e1n tente d&#39;interdire n&#39;est pas qu&#39;un simple d\u00e9fil\u00e9. C&#39;est un voyage au c\u0153ur m\u00eame de la d\u00e9mocratie\u00a0: le droit d&#39;exister en public, de s&#39;affirmer, de ne pas avoir honte d&#39;aimer. Lorsque l&#39;\u00c9tat d\u00e9clare l&#39;amour ill\u00e9gal et surveille les manifestations avec des cam\u00e9ras, ce n&#39;est pas seulement une communaut\u00e9 qui est menac\u00e9e\u00a0; c&#39;est le concept m\u00eame de libert\u00e9.<\/span><\/p>\n<p> <span style=\"font-weight: 400;\">Mais quels que soient leurs efforts pour faire taire les voix, ils ne peuvent effacer leur pr\u00e9sence. La mobilisation massive, le soutien international et la r\u00e9sistance croissante montrent que m\u00eame lorsque les voix sont r\u00e9duites au silence, la marche continue. Sans crier, mais avec d\u00e9termination. Sans permission, mais avec dignit\u00e9. Comme l&#39;a dit le maire de Budapest\u00a0: \u00ab\u00a0Ni l&#39;amour ni la libert\u00e9 ne peuvent \u00eatre interdits\u00a0\u00bb<\/span> <a href=\"https:\/\/www.theguardian.com\/world\/2025\/jun\/18\/meps-attend-budapest-pride-viktor-orban-hungary-lgbtq\" target=\"_blank\" rel=\"noopener\"><span style=\"font-weight: 400;\">(5)<\/span><\/a> <span style=\"font-weight: 400;\">.<\/span><\/p>\n<p> <span style=\"font-weight: 400;\">En fin de compte, ce qui est en jeu n&#39;est pas seulement l&#39;issue d&#39;une marche des fiert\u00e9s, mais la capacit\u00e9 m\u00eame de l&#39;Europe \u00e0 en pr\u00e9server le sens. Si l&#39;UE ne peut d\u00e9fendre le droit de r\u00e9union pacifique sur son territoire, que reste-t-il de ses trait\u00e9s\u00a0? Comme le souligne Amnesty International-Gr\u00e8ce\u00a0:<\/span><\/p>\n<p> <i><span style=\"font-weight: 400;\">\u00ab La d\u00e9fense des droits fondamentaux doit se traduire par des actes. La Commission europ\u00e9enne doit agir rapidement. [\u2026] Il est temps de sortir de l&#39;impasse. En tant que d\u00e9fenseurs des droits humains, nous continuerons \u00e0 exiger l&#39;\u00e9galit\u00e9 et \u00e0 lutter pour une vie sans discrimination. \u00bb<\/span><\/i><\/p>\n<p> <span style=\"font-weight: 400;\">Dans les rues de Budapest, o\u00f9 les c\u00e9l\u00e9brations sont interdites cette ann\u00e9e, la simple existence devient un acte de r\u00e9sistance politique. Nul besoin de crier. Il suffit de marcher dans la rue.<\/span><\/p>\n<div id=\"attachment_27392\" style=\"width: 856px\" class=\"wp-caption aligncenter\"><img aria-describedby=\"caption-attachment-27392\" loading=\"lazy\" decoding=\"async\" class=\" wp-image-27392\" src=\"https:\/\/www.pulse-z.eu\/wp-content\/uploads\/2025\/06\/budapest-hungary-lgbtqia-pride-march-across-the-szechenyi-chain-bridge-june-2021.webp\" alt=\"Marche des fiert\u00e9s LGBTQ+ sur le pont \u00e0 cha\u00eenes Sz\u00e9chenyi, Budapest, Hongrie, juin 2021\" width=\"846\" height=\"476\" srcset=\"https:\/\/www.pulse-z.eu\/wp-content\/uploads\/2025\/06\/budapest-hungary-lgbtqia-pride-march-across-the-szechenyi-chain-bridge-june-2021.webp 1245w, https:\/\/www.pulse-z.eu\/wp-content\/uploads\/2025\/06\/budapest-hungary-lgbtqia-pride-march-across-the-szechenyi-chain-bridge-june-2021-768x432.webp 768w\" sizes=\"auto, (max-width: 846px) 100vw, 846px\" \/><\/p>\n<p id=\"caption-attachment-27392\" class=\"wp-caption-text\"> Marche des fiert\u00e9s LGBTQ+ sur le pont \u00e0 cha\u00eenes Sz\u00e9chenyi, Budapest, Hongrie, juin 2021<\/p>\n<\/div>\n<p><strong>R\u00e9f\u00e9rences<\/strong><\/p>\n<p> <span style=\"font-weight: 400;\">1. Cseh, K. (17 avril 2025).<\/span> <i><span style=\"font-weight: 400;\">La derni\u00e8re r\u00e9pression de Viktor Orb\u00e1n interdit la Gay Pride de Budapest \u2013 mais il ne nous emp\u00eachera pas de d\u00e9filer<\/span><\/i> <span style=\"font-weight: 400;\">.<\/span> <i><span style=\"font-weight: 400;\">The Guardian<\/span><\/i> <span style=\"font-weight: 400;\">.<\/span><span style=\"font-weight: 400;\"><br \/><\/span> <a href=\"https:\/\/www.theguardian.com\/commentisfree\/2025\/apr\/17\/viktor-orbans-latest-clampdown-bans-budapest-pride-but-he-wont-stop-us-marching\" target=\"_blank\" rel=\"noopener\"><span style=\"font-weight: 400;\">https:\/\/www.theguardian.com\/commentisfree\/2025\/apr\/17\/viktor-orbans-latest-clampdown-bans-budapest-pride-but-he-wont-stop-us-marching<\/span><\/a><\/p>\n<p> <span style=\"font-weight: 400;\">2. Fenyo, K., et Szakacs, G. (1er avril 2025).<\/span> <i><span style=\"font-weight: 400;\">Les Hongrois poursuivent leurs manifestations contre la d\u00e9cision d&#39;Orban d&#39;interdire la Marche des fiert\u00e9s<\/span><\/i> <span style=\"font-weight: 400;\">.<\/span> <i><span style=\"font-weight: 400;\">Reuters<\/span><\/i> <span style=\"font-weight: 400;\">.<\/span><span style=\"font-weight: 400;\"><br \/><\/span> <a href=\"https:\/\/www.reuters.com\/world\/europe\/hungarians-keep-up-protests-against-orbans-move-ban-pride-2025-04-01\/?utm_source=chatgpt.com\" target=\"_blank\" rel=\"noopener\"><span style=\"font-weight: 400;\">https:\/\/www.reuters.com\/world\/europe\/hungarians-keep-up-protests-against-orbans-move-ban-pride-2025-04-01\/<\/span><\/a><\/p>\n<p> <span style=\"font-weight: 400;\">3. Kassam, A. (18 mars 2025).<\/span> <i><span style=\"font-weight: 400;\">La Hongrie interdit les \u00e9v\u00e9nements de la Pride et pr\u00e9voit d&#39;utiliser la reconnaissance faciale pour cibler les participants<\/span><\/i> <span style=\"font-weight: 400;\">.<\/span> <i><span style=\"font-weight: 400;\">The Guardian<\/span><\/i> <span style=\"font-weight: 400;\">.<\/span><span style=\"font-weight: 400;\"><br \/><\/span> <a href=\"https:\/\/www.theguardian.com\/world\/2025\/mar\/18\/hungary-bans-pride-events-and-plans-to-use-facial-recognition-to-target-attenders?utm_source=chatgpt.com\" target=\"_blank\" rel=\"noopener\"><span style=\"font-weight: 400;\">https:\/\/www.theguardian.com\/world\/2025\/mar\/18\/hungary-bans-pride-events-and-plans-to-use-facial-recognition-to-target-attenders?<\/span><\/a><\/p>\n<p> <span style=\"font-weight: 400;\">4. Komuves, A. (19 juin 2025).<\/span> <i><span style=\"font-weight: 400;\">La police hongroise interdit la marche des fiert\u00e9s de Budapest, invoquant la protection des enfants<\/span><\/i> <span style=\"font-weight: 400;\">.<\/span> <i><span style=\"font-weight: 400;\">Reuters<\/span><\/i> <span style=\"font-weight: 400;\">.<\/span><span style=\"font-weight: 400;\"><br \/><\/span> <a href=\"https:\/\/www.reuters.com\/world\/hungarian-police-ban-budapest-pride-march-2025-06-19\/?utm_source=chatgpt.com\" target=\"_blank\" rel=\"noopener\"><span style=\"font-weight: 400;\">https:\/\/www.reuters.com\/world\/hungarian-police-ban-budapest-pride-march-2025-06-19\/<\/span><\/a><\/p>\n<p> <span style=\"font-weight: 400;\">5. Rankin, J. (18 juin 2025).<\/span> <i><span style=\"font-weight: 400;\">Des dizaines de d\u00e9put\u00e9s europ\u00e9ens participeront \u00e0 la Gay Pride de Budapest en signe de d\u00e9fi \u00e0 Viktor Orb\u00e1n<\/span><\/i> <span style=\"font-weight: 400;\">.<\/span> <i><span style=\"font-weight: 400;\">The Guardian<\/span><\/i> <span style=\"font-weight: 400;\">.<\/span><span style=\"font-weight: 400;\"><br \/><\/span> <a href=\"https:\/\/www.theguardian.com\/world\/2025\/jun\/18\/meps-attend-budapest-pride-viktor-orban-hungary-lgbtq?utm_source=chatgpt.com\" target=\"_blank\" rel=\"noopener\"><span style=\"font-weight: 400;\">https:\/\/www.theguardian.com\/world\/2025\/jun\/18\/meps-attend-budapest-pride-viktor-orban-hungary-lgbtq<\/span><\/a><\/p>\n<p> <span style=\"font-weight: 400;\">6. Spike, J. (17 mars 2025).<\/span> <i><span style=\"font-weight: 400;\">Un nouveau projet de loi anti-LGBTQ+ en Hongrie interdirait les marches des fiert\u00e9s et autoriserait l&#39;utilisation de logiciels de reconnaissance faciale<\/span><\/i> <span style=\"font-weight: 400;\">.<\/span> <i><span style=\"font-weight: 400;\">Associated Press<\/span><\/i> <span style=\"font-weight: 400;\">.<\/span> <a href=\"https:\/\/apnews.com\/article\/orban-government-ban-lgbtq-pride-hungary-d003f20c8444a8611c5cc9db08dc0352\" target=\"_blank\" rel=\"noopener\"><span style=\"font-weight: 400;\">https:\/\/apnews.com\/article\/orban-government-ban-lgbtq-pride-hungary-d003f20c8444a8611c5cc9db08dc0352<\/span><span style=\"font-weight: 400;\"><br \/><\/span><span style=\"font-weight: 400;\"><br \/><\/span><\/a> 7. <span style=\"font-weight: 400;\">Spike, J. (15 avril 2025).<\/span> <i><span style=\"font-weight: 400;\">La Hongrie adopte un amendement constitutionnel interdisant les \u00e9v\u00e9nements publics LGBTQ+, per\u00e7u comme une atteinte majeure aux droits<\/span><\/i> <span style=\"font-weight: 400;\">.<\/span> <i><span style=\"font-weight: 400;\">Associated<\/span><\/i> <i><span style=\"font-weight: 400;\">Press<\/span><\/i> <a href=\"https:\/\/apnews.com\/article\/hungary-pride-ban-amendment-orban-gay-rights-lgbtq-155ec12cbbde7cc6be0f96adb323de77\" target=\"_blank\" rel=\"noopener\"><span style=\"font-weight: 400;\">https:\/\/apnews.com\/article\/hungary-pride-ban-amendment-orban-gay-rights-lgbtq-155ec12cbbde7cc6be0f96adb323de77<\/span><span style=\"font-weight: 400;\"><br \/><\/span><span style=\"font-weight: 400;\"><br \/><\/span><\/a> <span style=\"font-weight: 400;\">8. Associated Press. (11 juin 2025).<\/span> <i><span style=\"font-weight: 400;\">Les Hongrois manifestent leur r\u00e9sistance au gouvernement d&#39;Orb\u00e1n par une grande manifestation<\/span><\/i> <span style=\"font-weight: 400;\">.<\/span> <i><span style=\"font-weight: 400;\">NPR<\/span><\/i> <span style=\"font-weight: 400;\">.<\/span><span style=\"font-weight: 400;\"><br \/><\/span> <a href=\"https:\/\/www.npr.org\/2025\/06\/11\/nx-s1-5430267\/hungary-viktor-orban-lgbtq-protest\" target=\"_blank\" rel=\"noopener\"><span style=\"font-weight: 400;\">https:\/\/www.npr.org\/2025\/06\/11\/nx-s1-5430267\/hungary-viktor-orban-lgbtq-protest<\/span><span style=\"font-weight: 400;\"><br \/><\/span><\/a><\/p>\n","protected":false},"excerpt":{"rendered":"<p>L&#39;architecture juridique de la prohibition En 2025, le gouvernement hongrois ne s&#39;est pas content\u00e9 d&#39;interdire une manifestation\u00a0; il a d\u00e9velopp\u00e9 tout un arsenal juridique pour annihiler le droit de la communaut\u00e9 LGBTQI+ \u00e0 exister en [&hellip;]<\/p>\n","protected":false},"author":355,"featured_media":27864,"comment_status":"closed","ping_status":"closed","sticky":false,"template":"","format":"standard","meta":{"_acf_changed":false,"footnotes":""},"categories":[597,598,608,675,679],"tags":[3645,3646,3647,3648,3649,3650,3651,1160,3652,3653,1397,2551,3654,3655,3656,3657,3658,3659,2790,3660],"post_formats":[616],"coauthors":[],"class_list":["post-27870","post","type-post","status-publish","format-standard","has-post-thumbnail","hentry","category-actualites","category-celebrer-la-diversite","category-connecter-les-points","category-diversite-et-inclusion","category-jeunesse","tag-amnesty-international-fr","tag-authoritarianism-fr","tag-budapest-pride-fr","tag-civil-liberties-fr","tag-democracy-fr","tag-discrimination-fr","tag-eu-values-fr","tag-european-union-fr","tag-facial-recognition-fr","tag-fidesz-fr","tag-freedom-of-expression-fr","tag-human-rights-fr","tag-hungary-fr","tag-lgbtq-rights-fr","tag-peaceful-assembly-fr","tag-political-repression-fr","tag-protest-fr","tag-rule-of-law-fr","tag-surveillance-fr","tag-viktor-orban-fr","post_formats-articles-fr"],"acf":[],"_links":{"self":[{"href":"https:\/\/www.pulse-z.eu\/fr\/wp-json\/wp\/v2\/posts\/27870","targetHints":{"allow":["GET"]}}],"collection":[{"href":"https:\/\/www.pulse-z.eu\/fr\/wp-json\/wp\/v2\/posts"}],"about":[{"href":"https:\/\/www.pulse-z.eu\/fr\/wp-json\/wp\/v2\/types\/post"}],"author":[{"embeddable":true,"href":"https:\/\/www.pulse-z.eu\/fr\/wp-json\/wp\/v2\/users\/355"}],"replies":[{"embeddable":true,"href":"https:\/\/www.pulse-z.eu\/fr\/wp-json\/wp\/v2\/comments?post=27870"}],"version-history":[{"count":3,"href":"https:\/\/www.pulse-z.eu\/fr\/wp-json\/wp\/v2\/posts\/27870\/revisions"}],"predecessor-version":[{"id":27891,"href":"https:\/\/www.pulse-z.eu\/fr\/wp-json\/wp\/v2\/posts\/27870\/revisions\/27891"}],"wp:featuredmedia":[{"embeddable":true,"href":"https:\/\/www.pulse-z.eu\/fr\/wp-json\/wp\/v2\/media\/27864"}],"wp:attachment":[{"href":"https:\/\/www.pulse-z.eu\/fr\/wp-json\/wp\/v2\/media?parent=27870"}],"wp:term":[{"taxonomy":"category","embeddable":true,"href":"https:\/\/www.pulse-z.eu\/fr\/wp-json\/wp\/v2\/categories?post=27870"},{"taxonomy":"post_tag","embeddable":true,"href":"https:\/\/www.pulse-z.eu\/fr\/wp-json\/wp\/v2\/tags?post=27870"},{"taxonomy":"post_formats","embeddable":true,"href":"https:\/\/www.pulse-z.eu\/fr\/wp-json\/wp\/v2\/post_formats?post=27870"},{"taxonomy":"author","embeddable":true,"href":"https:\/\/www.pulse-z.eu\/fr\/wp-json\/wp\/v2\/coauthors?post=27870"}],"curies":[{"name":"wp","href":"https:\/\/api.w.org\/{rel}","templated":true}]}}