{"id":27721,"date":"2025-06-27T17:52:13","date_gmt":"2025-06-27T17:52:13","guid":{"rendered":"https:\/\/www.pulse-z.eu\/power-play-in-the-hague-nato-goes-all-in\/"},"modified":"2025-06-27T17:56:30","modified_gmt":"2025-06-27T17:56:30","slug":"jeu-de-pouvoir-a-la-haye-lotan-mise-tout-sur-elle-meme","status":"publish","type":"post","link":"https:\/\/www.pulse-z.eu\/fr\/jeu-de-pouvoir-a-la-haye-lotan-mise-tout-sur-elle-meme\/","title":{"rendered":"Jeu de pouvoir \u00e0 La Haye : l&#39;OTAN mise tout sur elle-m\u00eame"},"content":{"rendered":"\n<div id=\"attachment_27508\" style=\"width: 160px\" class=\"wp-caption alignnone\"><img aria-describedby=\"caption-attachment-27508\" loading=\"lazy\" decoding=\"async\" class=\"wp-image-27508 size-thumbnail\" src=\"https:\/\/www.pulse-z.eu\/wp-content\/uploads\/2025\/06\/250625d-001-150x150.jpg\" alt=\"\" width=\"150\" height=\"150\" \/><\/p>\n<p id=\"caption-attachment-27508\" class=\"wp-caption-text\"> Le secr\u00e9taire g\u00e9n\u00e9ral de l&#39;OTAN, Mark Rutte, et les chefs d&#39;\u00c9tat et de gouvernement des pays de l&#39;OTAN, Source : OTAN<\/p>\n<\/div>\n<p> <span style=\"font-weight: 400;\">Quel a \u00e9t\u00e9 le principal \u00e9l\u00e9ment que vous avez entendu \u00e0 propos du sommet de l&#39;OTAN qui s&#39;est tenu \u00e0 La Haye les 24 et 25 juin\u00a0? \u00c9tait-ce l&#39;accord conclu entre les dirigeants des pays membres de l&#39;OTAN sur une augmentation du budget de la d\u00e9fense \u00e0 5\u00a0%\u00a0? Ou bien les mesures de s\u00e9curit\u00e9 extr\u00eames, baptis\u00e9es \u00ab<\/span> <a href=\"https:\/\/www.reuters.com\/world\/dutch-launch-operation-orange-shield-keep-nato-summit-safe-2025-06-20\/\" target=\"_blank\" rel=\"noopener\"><span style=\"font-weight: 400;\">\u00a0Bouclier orange\u00a0\u00bb<\/span><\/a> <span style=\"font-weight: 400;\">, qui ont conduit la ville \u00e0 boucler des quartiers entiers, constituant ainsi la<\/span> <a href=\"https:\/\/www.dutchnews.nl\/2025\/06\/nato-summit-will-stretch-dutch-logistical-capacity-to-the-limit\/\" target=\"_blank\" rel=\"noopener\"><span style=\"font-weight: 400;\">plus grande<\/span><\/a> <span style=\"font-weight: 400;\">op\u00e9ration de s\u00e9curit\u00e9 de l&#39;histoire des Pays-Bas\u00a0?<\/span><\/p>\n<p> <span style=\"font-weight: 400;\">Les dirigeants des 32 pays membres de l&#39;OTAN \u00e9taient pr\u00e9sents, dont des repr\u00e9sentants de l&#39;Ukraine et du pr\u00e9sident Zelensky. Le roi Willem-Alexander et la reine Maxima des Pays-Bas<\/span> <a href=\"https:\/\/www.nato.int\/cps\/en\/natohq\/news_236516.htm\" target=\"_blank\" rel=\"noopener\"><span style=\"font-weight: 400;\">ont offert<\/span><\/a> <span style=\"font-weight: 400;\">un d\u00eener convivial aux dirigeants. Parall\u00e8lement \u00e0 ce programme charg\u00e9 de deux jours, les ministres de la D\u00e9fense des pays de l&#39;OTAN ont tenu un d\u00eener de travail.<\/span><\/p>\n<h3> <b>Les d\u00e9penses de d\u00e9fense augmentent<\/b><\/h3>\n<p> <span style=\"font-weight: 400;\">Le principal r\u00e9sultat est l&#39;augmentation du budget de la d\u00e9fense \u00e0 5 % du PIB d&#39;ici 2035. Les pays membres doivent d\u00e9sormais \u00e9laborer des plans annuels pour atteindre cet objectif avec une trajectoire r\u00e9aliste. Pour l&#39;instant,<\/span> <a href=\"https:\/\/dennikn.sk\/4713886\/k-trumpovi-sa-na-samite-spravali-ako-ku-kralovi-ako-jediny-spal-v-palaci-rutte-mu-pochleboval\/?rtm_click=ed3a7337&amp;rtm_source=daily_digest&amp;rtm_medium=email&amp;rtm_campaign=daily_minute_26062025&amp;rtm_content=311081\" target=\"_blank\" rel=\"noopener\"><span style=\"font-weight: 400;\">aucun pays membre ne s&#39;approche<\/span><\/a> <span style=\"font-weight: 400;\">de ce chiffre, le plus proche \u00e9tant la Pologne, qui pr\u00e9voit d&#39;augmenter la part de ses d\u00e9penses de d\u00e9fense dans son PIB \u00e0<\/span> <a href=\"https:\/\/www.euronews.com\/my-europe\/2025\/02\/05\/polands-president-vows-to-spend-47-of-gdp-on-defence-this-year\" target=\"_blank\" rel=\"noopener\"><span style=\"font-weight: 400;\">4,7 %<\/span><\/a> <span style=\"font-weight: 400;\">. Le pr\u00e9sident polonais Donald Tusk<\/span> <a href=\"https:\/\/www.euronews.com\/my-europe\/2025\/02\/05\/polands-president-vows-to-spend-47-of-gdp-on-defence-this-year\" target=\"_blank\" rel=\"noopener\"><span style=\"font-weight: 400;\">a d\u00e9clar\u00e9 que<\/span><\/a> <span style=\"font-weight: 400;\">le flanc oriental devait \u00eatre renforc\u00e9 pour \u00eatre pr\u00eat \u00e0 constituer la premi\u00e8re ligne de protection de l&#39;Europe contre l&#39;agression russe.<\/span><\/p>\n<p> <span style=\"font-weight: 400;\">L&#39;objectif de 5 % est de r\u00e9partir ce montant entre<\/span> <a href=\"https:\/\/www.government.nl\/topics\/nato-summit-2025\/news\/2025\/06\/26\/conclusion-nato-summit\" target=\"_blank\" rel=\"noopener\"><span style=\"font-weight: 400;\">3,5 % pour les d\u00e9penses militaires et 1,5 %<\/span><\/a> <span style=\"font-weight: 400;\">pour les infrastructures li\u00e9es \u00e0 la d\u00e9fense, \u00e0 la cybers\u00e9curit\u00e9 ou aux installations m\u00e9dicales. Les alli\u00e9s europ\u00e9ens esp\u00e8rent que cette mesure apaisera Donald Trump et ses menaces de cesser de soutenir la d\u00e9fense europ\u00e9enne.<\/span><\/p>\n<p> <span style=\"font-weight: 400;\">Qui est le principal responsable de la sous-utilisation des fonds de l&#39;OTAN\u00a0? Cette ann\u00e9e, c&#39;est l&#39;Espagne et son Premier ministre, Pedro S\u00e1nchez, qui<\/span> <a href=\"https:\/\/www.politico.eu\/article\/spain-nato-canada-defense-target-spending-gdp\/\" target=\"_blank\" rel=\"noopener\"><span style=\"font-weight: 400;\">a d\u00e9clar\u00e9<\/span><\/a> <span style=\"font-weight: 400;\">que son pays n&#39;avait pas besoin d&#39;une augmentation budg\u00e9taire de 5\u00a0% du PIB. Il a \u00e9galement<\/span> <a href=\"https:\/\/www.ft.com\/content\/5908b7ed-d971-4bde-9458-3d3193f456fe\" target=\"_blank\" rel=\"noopener\"><span style=\"font-weight: 400;\">remerci\u00e9<\/span><\/a> <span style=\"font-weight: 400;\">les alli\u00e9s d&#39;avoir respect\u00e9 la souverainet\u00e9 de l&#39;Espagne en lui permettant de se retirer de cette d\u00e9cision. La Slovaquie arrive en deuxi\u00e8me position pour contester la d\u00e9cision de l&#39;OTAN,<\/span> <a href=\"https:\/\/www.politico.eu\/article\/spain-nato-canada-defense-target-spending-gdp\/\" target=\"_blank\" rel=\"noopener\"><span style=\"font-weight: 400;\">affirmant que<\/span><\/a> <span style=\"font-weight: 400;\">son pays avait d&#39;autres priorit\u00e9s.<\/span><\/p>\n<p> <span style=\"font-weight: 400;\">S\u00e1nchez a \u00e9galement<\/span> <a href=\"https:\/\/www.lemonde.fr\/en\/international\/article\/2025\/06\/26\/spain-pm-accuses-israel-of-genocide-in-gaza-as-65-more-killed_6742755_4.html\" target=\"_blank\" rel=\"noopener\"><span style=\"font-weight: 400;\">qualifi\u00e9<\/span><\/a> <span style=\"font-weight: 400;\">la guerre \u00e0 Gaza de g\u00e9nocide, \u00e9tant le plus haut responsable de l&#39;UE \u00e0 le faire, suite \u00e0 un rapport de l&#39;UE sur les violations des droits de l&#39;homme par Isra\u00ebl. Il<\/span> <a href=\"https:\/\/www.dw.com\/en\/double-standards-spain-slams-eu-inaction-on-israel-deal\/a-73055177\" target=\"_blank\" rel=\"noopener\"><span style=\"font-weight: 400;\">a critiqu\u00e9<\/span><\/a> <span style=\"font-weight: 400;\">ses coll\u00e8gues europ\u00e9ens pour ne pas avoir suspendu l&#39;accord commercial avec Isra\u00ebl.<\/span><\/p>\n<p> <span style=\"font-weight: 400;\">Le sommet a \u00e9galement r\u00e9it\u00e9r\u00e9 l&#39;<\/span> <a href=\"https:\/\/www.nato.int\/cps\/eu\/natohq\/official_texts_17120.htm\" target=\"_blank\" rel=\"noopener\"><span style=\"font-weight: 400;\">article 5<\/span><\/a> <span style=\"font-weight: 400;\">de la d\u00e9claration de Washington, stipulant qu&#39;une attaque contre un membre constitue une attaque contre tous. La<\/span> <a href=\"https:\/\/www.nato.int\/cps\/en\/natohq\/official_texts_236705.htm\" target=\"_blank\" rel=\"noopener\"><span style=\"font-weight: 400;\">d\u00e9claration<\/span><\/a> <span style=\"font-weight: 400;\">issue du sommet<\/span> <a href=\"https:\/\/dennikn.sk\/minuta\/4714036\/?rtm_click=7a4071ad&amp;rtm_source=daily_digest&amp;rtm_medium=email&amp;rtm_campaign=daily_minute_26062025&amp;rtm_content=311081\" target=\"_blank\" rel=\"noopener\"><span style=\"font-weight: 400;\">promet<\/span><\/a> \u00e9galement <span style=\"font-weight: 400;\">un soutien suppl\u00e9mentaire \u00e0 l&#39;Ukraine, sans toutefois d\u00e9signer directement la Russie comme un agresseur.<\/span><\/p>\n<h3> <b>Op\u00e9ration Bouclier Orange<\/b><\/h3>\n<p> <span style=\"font-weight: 400;\">Les Pays-Bas ont d\u00e9ploy\u00e9 tous leurs moyens\u00a0:<\/span> <a href=\"https:\/\/www.reuters.com\/world\/dutch-launch-operation-orange-shield-keep-nato-summit-safe-2025-06-20\/\" target=\"_blank\" rel=\"noopener\"><span style=\"font-weight: 400;\">h\u00e9licopt\u00e8res de combat, patrouilles maritimes, d\u00e9mineurs, syst\u00e8mes de d\u00e9fense a\u00e9rienne et plus de 10\u00a0000 membres de la police militaire,<\/span><\/a> <span style=\"font-weight: 400;\">tous pr\u00eats \u00e0 prot\u00e9ger les dirigeants se rendant \u00e0 La Haye. Des cl\u00f4tures<\/span> <a href=\"https:\/\/www.euronews.com\/my-europe\/2025\/06\/24\/fences-drones-and-roadblocks-how-the-hague-ramped-up-security-for-nato-summit\" target=\"_blank\" rel=\"noopener\"><span style=\"font-weight: 400;\">ont \u00e9t\u00e9 dress\u00e9es<\/span><\/a> <span style=\"font-weight: 400;\">dans un rayon d&#39;environ 5\u00a0kilom\u00e8tres autour du lieu du sommet et les vols dans un rayon de 16\u00a0kilom\u00e8tres autour de La Haye ont \u00e9t\u00e9 redirig\u00e9s. De plus, pas de Wi-Fi\u00a0; le sommet s&#39;est d\u00e9roul\u00e9 enti\u00e8rement gr\u00e2ce \u00e0 une connexion internet par c\u00e2ble r\u00e9partie sur tout le site.<\/span><\/p>\n<h3> <b>Tous les yeux riv\u00e9s sur Trump<\/b><\/h3>\n<p> <span style=\"font-weight: 400;\">La r\u00e9union principale des dirigeants de l&#39;OTAN aurait \u00e9t\u00e9 raccourcie, le pr\u00e9sident am\u00e9ricain n&#39;appr\u00e9ciant pas les longues r\u00e9unions.<\/span> <a href=\"https:\/\/www.lemonde.fr\/idees\/article\/2025\/06\/25\/jusqu-ou-faut-il-aller-pour-menager-donald-trump-qui-ne-fait-aucun-mystere-de-son-dedain-pour-les-europeens_6615716_3232.html\" target=\"_blank\" rel=\"noopener\"><i><span style=\"font-weight: 400;\">Le Monde<\/span><\/i><\/a> <span style=\"font-weight: 400;\">a reproch\u00e9 aux organisateurs d&#39;avoir tout planifi\u00e9 de mani\u00e8re \u00e0 ce que Donald Trump ne fasse pas de scandale. Un autre moment \u00ab viral \u00bb du sommet s&#39;est produit avant m\u00eame l&#39;arriv\u00e9e de Trump\u00a0: il a publi\u00e9 des messages du secr\u00e9taire g\u00e9n\u00e9ral de l&#39;OTAN et ancien Premier ministre n\u00e9erlandais, Mark Rutte. D\u00e9couvrez le message ci-dessous.<\/span> <\/p>\n<p><img loading=\"lazy\" decoding=\"async\" class=\"alignnone size-full wp-image-27516\" src=\"https:\/\/www.pulse-z.eu\/wp-content\/uploads\/2025\/06\/Screenshot-2025-06-26-172938.png\" alt=\"\" width=\"643\" height=\"364\" \/><\/p>\n<p> <span style=\"font-weight: 400;\">Source :<\/span> <a href=\"https:\/\/www.zdfheute.de\/politik\/ausland\/nato-gipfel-trump-rutte-sms-100.html\" target=\"_blank\" rel=\"noopener\"><span style=\"font-weight: 400;\">V\u00e9rit\u00e9 sociale<\/span><\/a><\/p>\n<h3> <b>Qu&#39;est-ce qui arrive maintenant ?<\/b><\/h3>\n<h3> Comme l&#39;<a href=\"https:\/\/www.theguardian.com\/commentisfree\/2025\/jun\/26\/trump-the-hague-nato-europe-defence\" target=\"_blank\" rel=\"noopener\"><span style=\"font-weight: 400;\">a rapport\u00e9<\/span><\/a> <span style=\"font-weight: 400;\">le Guardian<\/span> <span style=\"font-weight: 400;\">, un nouvel \u00e2ge d&#39;or de l&#39;OTAN est impossible, du moins pas avec Donald Trump au pouvoir. Globalement, les progr\u00e8s sont insuffisants face aux v\u00e9ritables probl\u00e8mes auxquels l&#39;OTAN est confront\u00e9e. Tout d&#39;abord, l&#39;Ukraine, dont les besoins en aide militaire ne peuvent \u00eatre combl\u00e9s par aucun autre pays que les \u00c9tats-Unis. L&#39;objectif de 5 % est-il r\u00e9aliste ? Donald Trump suivra-t-il sa propre voie, emportant avec lui toutes les garanties de s\u00e9curit\u00e9 ? Voyons voir dans quelle mesure la situation \u00e9voluera d&#39;ici le prochain sommet de l&#39;OTAN, l&#39;ann\u00e9e prochaine, en Turquie.<\/span><\/h3>\n","protected":false},"excerpt":{"rendered":"<p>Le secr\u00e9taire g\u00e9n\u00e9ral de l&#39;OTAN, Mark Rutte, et les chefs d&#39;\u00c9tat et de gouvernement des pays de l&#39;OTAN, Source : OTAN Quel a \u00e9t\u00e9 le principal \u00e9l\u00e9ment que vous avez entendu \u00e0 propos du sommet [&hellip;]<\/p>\n","protected":false},"author":356,"featured_media":27510,"comment_status":"closed","ping_status":"closed","sticky":false,"template":"","format":"standard","meta":{"_acf_changed":false,"footnotes":""},"categories":[597],"tags":[3589,1289,3590,3591,3592,3593,1723,3594,3595,2710,3199,902,3596],"post_formats":[616],"coauthors":[],"class_list":["post-27721","post","type-post","status-publish","format-standard","has-post-thumbnail","hentry","category-actualites","tag-budget-fr","tag-defense-fr","tag-gdp-fr","tag-geopolitics-fr","tag-leaders-fr","tag-nato-fr","tag-politics-fr","tag-rutte-fr","tag-spending-fr","tag-summit-fr","tag-trump-fr","tag-ukraine-fr","tag-war-fr","post_formats-articles-fr"],"acf":[],"_links":{"self":[{"href":"https:\/\/www.pulse-z.eu\/fr\/wp-json\/wp\/v2\/posts\/27721","targetHints":{"allow":["GET"]}}],"collection":[{"href":"https:\/\/www.pulse-z.eu\/fr\/wp-json\/wp\/v2\/posts"}],"about":[{"href":"https:\/\/www.pulse-z.eu\/fr\/wp-json\/wp\/v2\/types\/post"}],"author":[{"embeddable":true,"href":"https:\/\/www.pulse-z.eu\/fr\/wp-json\/wp\/v2\/users\/356"}],"replies":[{"embeddable":true,"href":"https:\/\/www.pulse-z.eu\/fr\/wp-json\/wp\/v2\/comments?post=27721"}],"version-history":[{"count":14,"href":"https:\/\/www.pulse-z.eu\/fr\/wp-json\/wp\/v2\/posts\/27721\/revisions"}],"predecessor-version":[{"id":27791,"href":"https:\/\/www.pulse-z.eu\/fr\/wp-json\/wp\/v2\/posts\/27721\/revisions\/27791"}],"wp:featuredmedia":[{"embeddable":true,"href":"https:\/\/www.pulse-z.eu\/fr\/wp-json\/wp\/v2\/media\/27510"}],"wp:attachment":[{"href":"https:\/\/www.pulse-z.eu\/fr\/wp-json\/wp\/v2\/media?parent=27721"}],"wp:term":[{"taxonomy":"category","embeddable":true,"href":"https:\/\/www.pulse-z.eu\/fr\/wp-json\/wp\/v2\/categories?post=27721"},{"taxonomy":"post_tag","embeddable":true,"href":"https:\/\/www.pulse-z.eu\/fr\/wp-json\/wp\/v2\/tags?post=27721"},{"taxonomy":"post_formats","embeddable":true,"href":"https:\/\/www.pulse-z.eu\/fr\/wp-json\/wp\/v2\/post_formats?post=27721"},{"taxonomy":"author","embeddable":true,"href":"https:\/\/www.pulse-z.eu\/fr\/wp-json\/wp\/v2\/coauthors?post=27721"}],"curies":[{"name":"wp","href":"https:\/\/api.w.org\/{rel}","templated":true}]}}