{"id":27530,"date":"2025-06-26T17:38:41","date_gmt":"2025-06-26T17:38:41","guid":{"rendered":"https:\/\/www.pulse-z.eu\/editorial-article-2-new-formats-new-voices-and-a-new-phase-of-engagement\/"},"modified":"2025-06-26T18:58:11","modified_gmt":"2025-06-26T18:58:11","slug":"article-editorial-n-2-nouveaux-formats-nouvelles-voix-et-nouvelle-phase-dengagement","status":"publish","type":"post","link":"https:\/\/www.pulse-z.eu\/fr\/article-editorial-n-2-nouveaux-formats-nouvelles-voix-et-nouvelle-phase-dengagement\/","title":{"rendered":"Article \u00e9ditorial n\u00b0 2 \u2013 Nouveaux formats, nouvelles voix et nouvelle phase d\u2019engagement"},"content":{"rendered":"\n<div id=\"attachment_27599\" style=\"width: 1180px\" class=\"wp-caption alignleft\"><img aria-describedby=\"caption-attachment-27599\" loading=\"lazy\" decoding=\"async\" class=\"size-full wp-image-27599\" src=\"https:\/\/www.pulse-z.eu\/wp-content\/uploads\/2025\/06\/IMG_9490.jpg\" alt=\"\" width=\"1170\" height=\"811\" srcset=\"https:\/\/www.pulse-z.eu\/wp-content\/uploads\/2025\/06\/IMG_9490.jpg 1170w, https:\/\/www.pulse-z.eu\/wp-content\/uploads\/2025\/06\/IMG_9490-768x532.jpg 768w\" sizes=\"auto, (max-width: 1170px) 100vw, 1170px\" \/><\/p>\n<p id=\"caption-attachment-27599\" class=\"wp-caption-text\"> Sel\u00e7uk Demirel \u2013 \u00c9checs<\/p>\n<\/div>\n<p> <span style=\"font-weight: 400;\">Chers lecteurs,<\/span><\/p>\n<p> <span style=\"font-weight: 400;\">L&#39;Europe se retrouve au c\u0153ur d&#39;une nouvelle crise avant m\u00eame que la pr\u00e9c\u00e9dente ne soit r\u00e9solue. Alors que l&#39;invasion russe de l&#39;Ukraine se poursuit et que les espoirs de paix s&#39;estompent, les frappes de grande ampleur entre Isra\u00ebl et l&#39;Iran d\u00e9stabilisent davantage la r\u00e9gion, et l&#39;Europe avec elle. Dans le monde interconnect\u00e9 et le paysage g\u00e9opolitique en constante \u00e9volution d&#39;aujourd&#39;hui, les crises isol\u00e9es sont devenues rares. Nous sommes d\u00e9sormais confront\u00e9s \u00e0 des \u00e9v\u00e9nements en cascade o\u00f9 un conflit en d\u00e9clenche un autre. Par cons\u00e9quent, l&#39;Europe ne peut plus se permettre de concentrer son \u00e9nergie sur elle-m\u00eame.<\/span><\/p>\n<p> <span style=\"font-weight: 400;\">En ces temps troubl\u00e9s, il est crucial de ne pas envisager les \u00e9v\u00e9nements de mani\u00e8re tranch\u00e9e. Accepter les zones grises nous permet d&#39;appr\u00e9hender la complexit\u00e9 et les nuances. Chez PulseZ, nous nous engageons \u00e0 amplifier ce pluralisme, en mettant en lumi\u00e8re la diversit\u00e9 des voix, des perspectives et des \u00e9nergies de l&#39;Europe gr\u00e2ce \u00e0 des formats in\u00e9dits et innovants.<\/span><\/p>\n<p> <span style=\"font-weight: 400;\">\u00c0 partir de ce mois-ci, nous \u00e9largissons notre offre multim\u00e9dia. Attendez-vous \u00e0 d\u00e9couvrir davantage de vid\u00e9os, de podcasts et de contenus ludiques.<\/span><\/p>\n<p> <span style=\"font-weight: 400;\">L&#39;inclusion est l&#39;un de nos principes fondamentaux depuis le premier jour. Mais concr\u00e8tement, qu&#39;est-ce que cela signifie\u00a0? Cr\u00e9er un espace pour ceux qui ne se sentent pas \u00e0 l&#39;aise en anglais, mais qui ont des histoires qui comptent. D\u00e9sormais, chacun peut lire et contribuer \u00e0 des contenus originaux en plusieurs langues, ce qui rapproche encore davantage PulseZ des personnes qu&#39;elle est cens\u00e9e servir. Gr\u00e2ce aux efforts consid\u00e9rables de notre \u00e9quipe, la plateforme #PulseZ est d\u00e9sormais disponible en sept langues suppl\u00e9mentaires\u00a0: roumain, fran\u00e7ais, n\u00e9erlandais, slovaque, italien, polonais et allemand, en plus de l&#39;anglais.<\/span><\/p>\n<p> <span style=\"font-weight: 400;\">Une autre avanc\u00e9e majeure r\u00e9side dans notre engagement \u00e0 mobiliser les jeunes par le biais d&#39;activit\u00e9s de terrain. Nous organisons des \u00e9v\u00e9nements locaux au Portugal, en France, en Belgique, en Gr\u00e8ce et ailleurs, afin d&#39;entrer en contact direct avec les jeunes et d&#39;\u00e9couter leurs voix de pr\u00e8s.<\/span><\/p>\n<p> <span style=\"font-weight: 400;\">Pour soutenir cet objectif, sous l&#39;\u00e9gide de JA Europe et du YMCA, nous avons lanc\u00e9 l&#39;appel \u00e0 propositions PulseZ \u00ab\u00a0Soutien tiers\u00a0\u00bb. Cette initiative vous permet d&#39;organiser vos propres \u00e9v\u00e9nements locaux et de b\u00e9n\u00e9ficier d&#39;un soutien financier. Notre objectif est d&#39;impliquer plus de 3\u00a0000 jeunes de plus de 20 pays de l&#39;UE en tant que contributeurs de contenu et de toucher plus de 500\u00a0000 personnes gr\u00e2ce \u00e0 nos actions de communication. Vous trouverez plus d&#39;informations et les modalit\u00e9s de candidature via<\/span> <a href=\"https:\/\/jaeurope.org\/tenders\/pulse-z-third-party-support-call-for-proposals\/\" target=\"_blank\" rel=\"noopener\"><span style=\"font-weight: 400;\">ce lien<\/span><\/a> <span style=\"font-weight: 400;\">.<\/span><\/p>\n<p> <span style=\"font-weight: 400;\">Apr\u00e8s six mois de succ\u00e8s, PulseZ entre dans une nouvelle phase cruciale. Notre \u00e9quipe s&#39;agrandit, notre dynamique s&#39;acc\u00e9l\u00e8re et notre vision est plus claire que jamais. Dans les mois \u00e0 venir, vous pourrez d\u00e9couvrir davantage d&#39;ateliers, de webinaires, d&#39;histoires captivantes et de contenus de pointe. Gr\u00e2ce \u00e0 votre \u00e9nergie et \u00e0 votre engagement, nous faisons entendre notre voix et, en tant que r\u00e9dacteur en chef, nous sommes ravis de partager avec vous davantage de nos \u00e9crits et contenus.<\/span><\/p>\n<p> <span style=\"font-weight: 400;\">Restez avec nous. Il y a encore beaucoup \u00e0 venir.<\/span><\/p>\n","protected":false},"excerpt":{"rendered":"<p>Sel\u00e7uk Demirel \u2013 \u00c9checs Chers lecteurs, L&#39;Europe se retrouve au c\u0153ur d&#39;une nouvelle crise avant m\u00eame que la pr\u00e9c\u00e9dente ne soit r\u00e9solue. Alors que l&#39;invasion russe de l&#39;Ukraine se poursuit et que les espoirs de [&hellip;]<\/p>\n","protected":false},"author":78,"featured_media":27601,"comment_status":"closed","ping_status":"closed","sticky":false,"template":"","format":"standard","meta":{"_acf_changed":false,"footnotes":""},"categories":[598,566,679],"tags":[],"post_formats":[616],"coauthors":[],"class_list":["post-27530","post","type-post","status-publish","format-standard","has-post-thumbnail","hentry","category-celebrer-la-diversite","category-general-fr","category-jeunesse","post_formats-articles-fr"],"acf":[],"_links":{"self":[{"href":"https:\/\/www.pulse-z.eu\/fr\/wp-json\/wp\/v2\/posts\/27530","targetHints":{"allow":["GET"]}}],"collection":[{"href":"https:\/\/www.pulse-z.eu\/fr\/wp-json\/wp\/v2\/posts"}],"about":[{"href":"https:\/\/www.pulse-z.eu\/fr\/wp-json\/wp\/v2\/types\/post"}],"author":[{"embeddable":true,"href":"https:\/\/www.pulse-z.eu\/fr\/wp-json\/wp\/v2\/users\/78"}],"replies":[{"embeddable":true,"href":"https:\/\/www.pulse-z.eu\/fr\/wp-json\/wp\/v2\/comments?post=27530"}],"version-history":[{"count":15,"href":"https:\/\/www.pulse-z.eu\/fr\/wp-json\/wp\/v2\/posts\/27530\/revisions"}],"predecessor-version":[{"id":27652,"href":"https:\/\/www.pulse-z.eu\/fr\/wp-json\/wp\/v2\/posts\/27530\/revisions\/27652"}],"wp:featuredmedia":[{"embeddable":true,"href":"https:\/\/www.pulse-z.eu\/fr\/wp-json\/wp\/v2\/media\/27601"}],"wp:attachment":[{"href":"https:\/\/www.pulse-z.eu\/fr\/wp-json\/wp\/v2\/media?parent=27530"}],"wp:term":[{"taxonomy":"category","embeddable":true,"href":"https:\/\/www.pulse-z.eu\/fr\/wp-json\/wp\/v2\/categories?post=27530"},{"taxonomy":"post_tag","embeddable":true,"href":"https:\/\/www.pulse-z.eu\/fr\/wp-json\/wp\/v2\/tags?post=27530"},{"taxonomy":"post_formats","embeddable":true,"href":"https:\/\/www.pulse-z.eu\/fr\/wp-json\/wp\/v2\/post_formats?post=27530"},{"taxonomy":"author","embeddable":true,"href":"https:\/\/www.pulse-z.eu\/fr\/wp-json\/wp\/v2\/coauthors?post=27530"}],"curies":[{"name":"wp","href":"https:\/\/api.w.org\/{rel}","templated":true}]}}