{"id":20565,"date":"2025-07-14T10:49:27","date_gmt":"2025-07-14T10:49:27","guid":{"rendered":"https:\/\/www.pulse-z.eu\/?p=20565"},"modified":"2025-07-23T08:52:55","modified_gmt":"2025-07-23T08:52:55","slug":"leurope-vue-de-strasbourg-au-coeur-de-leye-2025-avec-wiktoria-wiklo","status":"publish","type":"post","link":"https:\/\/www.pulse-z.eu\/fr\/leurope-vue-de-strasbourg-au-coeur-de-leye-2025-avec-wiktoria-wiklo\/","title":{"rendered":"L&#39;Europe vue de Strasbourg : au c\u0153ur de l&#39;EYE 2025 avec Wiktoria Wik\u0142o"},"content":{"rendered":"\n<p data-start=\"449\" data-end=\"589\"><img loading=\"lazy\" decoding=\"async\" class=\"alignnone size-full wp-image-20511\" src=\"https:\/\/www.pulse-z.eu\/wp-content\/uploads\/2025\/06\/1-4-JULY-Athens.png\" alt=\"\" width=\"2560\" height=\"1440\" srcset=\"https:\/\/www.pulse-z.eu\/wp-content\/uploads\/2025\/06\/1-4-JULY-Athens.png 2560w, https:\/\/www.pulse-z.eu\/wp-content\/uploads\/2025\/06\/1-4-JULY-Athens-768x432.png 768w, https:\/\/www.pulse-z.eu\/wp-content\/uploads\/2025\/06\/1-4-JULY-Athens-1536x864.png 1536w, https:\/\/www.pulse-z.eu\/wp-content\/uploads\/2025\/06\/1-4-JULY-Athens-2048x1152.png 2048w\" sizes=\"auto, (max-width: 2560px) 100vw, 2560px\" \/><\/p>\n<blockquote>\n<p data-start=\"449\" data-end=\"589\"> \u00ab Beaucoup de jeunes se sentent entendus, mais pas \u00e9cout\u00e9s. Il faut que cela change. \u00bb<br data-start=\"396\" data-end=\"399\" \/> \u2014 Wiktoria Wik\u0142o, conseill\u00e8re jeunesse de Pologne<\/p>\n<\/blockquote>\n<p data-start=\"449\" data-end=\"589\"> <strong>Que signifie se sentir europ\u00e9en ?<\/strong> Pour Wiktoria Wik\u0142o, cela commence par un voyage en bus jusqu&#39;\u00e0 Strasbourg et se termine par une foi renouvel\u00e9e en la d\u00e9mocratie.<\/p>\n<p data-start=\"591\" data-end=\"942\"> \u00c0 seulement 17 ans, <em>Wiktoria est d\u00e9j\u00e0 tr\u00e8s impliqu\u00e9e en politique<\/em> . Elle vit \u00e0 <em>Bielsko-Bia\u0142a,<\/em> une ville du sud <strong>de la Pologne<\/strong> , o\u00f9 elle si\u00e8ge \u00e0 <strong>plusieurs conseils de jeunesse<\/strong> , aux niveaux local, r\u00e9gional et m\u00eame national. Son parcours a d\u00e9but\u00e9 par une \u00e9lection scolaire qui lui a ouvert les portes de <em>la politique locale<\/em> . Aujourd&#39;hui, elle contribue \u00e0 fa\u00e7onner <strong>la politique de jeunesse \u00e0 l&#39;\u00e9chelle nationale<\/strong> .<\/p>\n<p data-start=\"591\" data-end=\"942\"> Plus t\u00f4t ce mois-ci, elle faisait partie des 8\u00a0500 jeunes qui ont particip\u00e9 \u00e0 l&#39; <strong data-start=\"1023\" data-end=\"1053\">\u00e9v\u00e9nement Jeunesse europ\u00e9enne (EYE)<\/strong> au <em>Parlement europ\u00e9en<\/em> . Organis\u00e9 tous les deux ans, l&#39;EYE est le lieu de rencontre entre la jeunesse, la d\u00e9mocratie et l&#39;\u00e9laboration des politiques. L&#39;\u00e9dition de cette ann\u00e9e \u00e9tait la plus importante \u00e0 ce jour, et pour Wiktoria, c&#39;\u00e9tait sa premi\u00e8re.<\/p>\n<h3 data-start=\"1346\" data-end=\"1382\">Un Parlement plein de possibilit\u00e9s <\/h3>\n<p><img loading=\"lazy\" decoding=\"async\" class=\"alignnone size-full wp-image-20535\" src=\"https:\/\/www.pulse-z.eu\/wp-content\/uploads\/2025\/06\/6.png\" alt=\"\" width=\"2560\" height=\"1440\" srcset=\"https:\/\/www.pulse-z.eu\/wp-content\/uploads\/2025\/06\/6.png 2560w, https:\/\/www.pulse-z.eu\/wp-content\/uploads\/2025\/06\/6-768x432.png 768w, https:\/\/www.pulse-z.eu\/wp-content\/uploads\/2025\/06\/6-1536x864.png 1536w, https:\/\/www.pulse-z.eu\/wp-content\/uploads\/2025\/06\/6-2048x1152.png 2048w\" sizes=\"auto, (max-width: 2560px) 100vw, 2560px\" \/> Strasbourg a accueilli les participants avec soleil, contr\u00f4les de s\u00e9curit\u00e9 et une \u00e9nergie collective. Le Village EYE bourdonnait d&#39;activit\u00e9. Mais c&#39;est l&#39;entr\u00e9e dans l&#39; <strong data-start=\"1546\" data-end=\"1559\">H\u00e9micycle<\/strong> , c\u0153ur symbolique du Parlement europ\u00e9en, qui a v\u00e9ritablement marqu\u00e9 Wiktoria.<\/p>\n<blockquote data-start=\"1637\" data-end=\"1755\">\n<p data-start=\"1639\" data-end=\"1755\"> \u00ab J&#39;ai \u00e9t\u00e9 \u00e9mu. En le voyant d&#39;en haut, puis \u00e0 nouveau lors de la s\u00e9ance de cl\u00f4ture\u2026 c&#39;\u00e9tait r\u00e9el. Comme si nous \u00e9tions \u00e0 notre place. \u00bb<\/p>\n<\/blockquote>\n<p data-start=\"1757\" data-end=\"1929\"> Cet \u00e9v\u00e9nement de deux jours a offert bien plus qu&#39;un simple symbole. Les participants ont pu participer <strong>\u00e0 des d\u00e9bats, \u00e9changer des id\u00e9es, explorer des solutions politiques et, surtout, nouer des liens.<\/strong><\/p>\n<h3 data-start=\"1931\" data-end=\"1975\">Apprendre \u00e0 parler la langue de l&#39;Europe <\/h3>\n<p data-start=\"1977\" data-end=\"2163\"><img loading=\"lazy\" decoding=\"async\" class=\"alignnone size-full wp-image-20551\" src=\"https:\/\/www.pulse-z.eu\/wp-content\/uploads\/2025\/06\/8.png\" alt=\"\" width=\"2560\" height=\"1440\" srcset=\"https:\/\/www.pulse-z.eu\/wp-content\/uploads\/2025\/06\/8.png 2560w, https:\/\/www.pulse-z.eu\/wp-content\/uploads\/2025\/06\/8-768x432.png 768w, https:\/\/www.pulse-z.eu\/wp-content\/uploads\/2025\/06\/8-1536x864.png 1536w, https:\/\/www.pulse-z.eu\/wp-content\/uploads\/2025\/06\/8-2048x1152.png 2048w\" sizes=\"auto, (max-width: 2560px) 100vw, 2560px\" \/><\/p>\n<p data-start=\"1977\" data-end=\"2163\"> Wiktoria a particip\u00e9 \u00e0 des ateliers sur <strong>la traduction et le multilinguisme<\/strong> , des comp\u00e9tences qu&#39;elle souhaite d\u00e9velopper avec passion. Elle a rencontr\u00e9 de v\u00e9ritables <strong>interpr\u00e8tes de l&#39;UE<\/strong> et a m\u00eame particip\u00e9 <strong>\u00e0 des exercices de traduction<\/strong> en direct.<\/p>\n<p data-start=\"2298\" data-end=\"2507\"> D&#39;autres s\u00e9ances ont port\u00e9 sur les stages non r\u00e9mun\u00e9r\u00e9s, les salaires \u00e9quitables et l&#39;emploi des jeunes. Wiktoria a particip\u00e9 aux discussions anim\u00e9es par <strong>les d\u00e9put\u00e9s<\/strong> du groupe <strong>S&amp;D<\/strong> et a r\u00e9fl\u00e9chi aux in\u00e9galit\u00e9s r\u00e9elles auxquelles les jeunes sont confront\u00e9s en Europe.<\/p>\n<h3 data-start=\"2509\" data-end=\"2558\">Des milliers de jeunes, une impulsion europ\u00e9enne <\/h3>\n<p><img loading=\"lazy\" decoding=\"async\" class=\"alignnone size-full wp-image-20543\" src=\"https:\/\/www.pulse-z.eu\/wp-content\/uploads\/2025\/06\/7.png\" alt=\"\" width=\"2560\" height=\"1440\" srcset=\"https:\/\/www.pulse-z.eu\/wp-content\/uploads\/2025\/06\/7.png 2560w, https:\/\/www.pulse-z.eu\/wp-content\/uploads\/2025\/06\/7-768x432.png 768w, https:\/\/www.pulse-z.eu\/wp-content\/uploads\/2025\/06\/7-1536x864.png 1536w, https:\/\/www.pulse-z.eu\/wp-content\/uploads\/2025\/06\/7-2048x1152.png 2048w\" sizes=\"auto, (max-width: 2560px) 100vw, 2560px\" \/><\/p>\n<p data-start=\"2560\" data-end=\"2679\"> Il ne s&#39;agissait pas seulement <strong>de politiques et de panels<\/strong> . L&#39;\u00e9v\u00e9nement \u00e9tait plein d&#39;\u00e9nergie, m\u00eame dans les files d&#39;attente sous le <em>soleil de juin<\/em> .<\/p>\n<blockquote data-start=\"2681\" data-end=\"2790\">\n<p data-start=\"2683\" data-end=\"2790\"> \u00ab On a discut\u00e9, plaisant\u00e9, ri du temps que \u00e7a prenait\u2026 mais on <em data-start=\"2750\" data-end=\"2761\">a sympathis\u00e9<\/em> . C&#39;est ce dont je me souviendrai. \u00bb<\/p>\n<\/blockquote>\n<h3 data-start=\"3088\" data-end=\"3121\">Entendus, mais sommes-nous \u00e9cout\u00e9s ?<\/h3>\n<p data-start=\"3123\" data-end=\"3228\"> Lorsqu&#39;on lui demande si elle pense que <strong>les institutions europ\u00e9ennes<\/strong> \u00e9coutent vraiment les jeunes, Wiktoria n&#39;h\u00e9site pas.<\/p>\n<blockquote data-start=\"3230\" data-end=\"3376\">\n<p data-start=\"3232\" data-end=\"3376\"> Je pense qu&#39;ils s&#39;en soucient. Je l&#39;ai constat\u00e9 lors des s\u00e9ances et lorsque la vice-pr\u00e9sidente Pina Picierno a r\u00e9pondu directement \u00e0 nos questions lors de la c\u00e9r\u00e9monie de cl\u00f4ture.<\/p>\n<\/blockquote>\n<p data-start=\"3378\" data-end=\"3419\"> Mais elle est claire : <strong>se soucier des autres ne suffit pas<\/strong> .<\/p>\n<blockquote data-start=\"3421\" data-end=\"3494\">\n<p data-start=\"3423\" data-end=\"3494\"> \u00ab Beaucoup de jeunes se sentent entendus, mais pas \u00e9cout\u00e9s. C&#39;est l\u00e0 le probl\u00e8me. \u00bb<\/p>\n<\/blockquote>\n<p data-start=\"3496\" data-end=\"3663\"> Ce n&#39;est pas <strong>du cynisme<\/strong> . C&#39;est un appel aux institutions pour qu&#39;elles passent de la consultation \u00e0 la co-cr\u00e9ation. Pour qu&#39;elles ne se contentent pas d&#39;accueillir les jeunes <em>, mais qu&#39;elles leur donnent une place \u00e0 la table des discussions<\/em> .<\/p>\n","protected":false},"excerpt":{"rendered":"<p>\u00ab Beaucoup de jeunes se sentent entendus, mais pas \u00e9cout\u00e9s. Il faut que cela change. \u00bb \u2014 Wiktoria Wik\u0142o, conseill\u00e8re jeunesse de Pologne Que signifie se sentir europ\u00e9en ? Pour Wiktoria Wik\u0142o, cela commence par [&hellip;]<\/p>\n","protected":false},"author":66,"featured_media":28005,"comment_status":"closed","ping_status":"closed","sticky":false,"template":"","format":"standard","meta":{"_acf_changed":false,"footnotes":""},"categories":[566],"tags":[1952,859,1953,1160,1954,1955,1725],"post_formats":[736],"coauthors":[3858],"class_list":["post-20565","post","type-post","status-publish","format-standard","has-post-thumbnail","hentry","category-general-fr","tag-education-fr","tag-eu-fr","tag-europe-fr","tag-european-union-fr","tag-eye-fr","tag-skills-fr","tag-youth-fr","post_formats-infographie"],"acf":[],"_links":{"self":[{"href":"https:\/\/www.pulse-z.eu\/fr\/wp-json\/wp\/v2\/posts\/20565","targetHints":{"allow":["GET"]}}],"collection":[{"href":"https:\/\/www.pulse-z.eu\/fr\/wp-json\/wp\/v2\/posts"}],"about":[{"href":"https:\/\/www.pulse-z.eu\/fr\/wp-json\/wp\/v2\/types\/post"}],"author":[{"embeddable":true,"href":"https:\/\/www.pulse-z.eu\/fr\/wp-json\/wp\/v2\/users\/66"}],"replies":[{"embeddable":true,"href":"https:\/\/www.pulse-z.eu\/fr\/wp-json\/wp\/v2\/comments?post=20565"}],"version-history":[{"count":33,"href":"https:\/\/www.pulse-z.eu\/fr\/wp-json\/wp\/v2\/posts\/20565\/revisions"}],"predecessor-version":[{"id":32471,"href":"https:\/\/www.pulse-z.eu\/fr\/wp-json\/wp\/v2\/posts\/20565\/revisions\/32471"}],"wp:featuredmedia":[{"embeddable":true,"href":"https:\/\/www.pulse-z.eu\/fr\/wp-json\/wp\/v2\/media\/28005"}],"wp:attachment":[{"href":"https:\/\/www.pulse-z.eu\/fr\/wp-json\/wp\/v2\/media?parent=20565"}],"wp:term":[{"taxonomy":"category","embeddable":true,"href":"https:\/\/www.pulse-z.eu\/fr\/wp-json\/wp\/v2\/categories?post=20565"},{"taxonomy":"post_tag","embeddable":true,"href":"https:\/\/www.pulse-z.eu\/fr\/wp-json\/wp\/v2\/tags?post=20565"},{"taxonomy":"post_formats","embeddable":true,"href":"https:\/\/www.pulse-z.eu\/fr\/wp-json\/wp\/v2\/post_formats?post=20565"},{"taxonomy":"author","embeddable":true,"href":"https:\/\/www.pulse-z.eu\/fr\/wp-json\/wp\/v2\/coauthors?post=20565"}],"curies":[{"name":"wp","href":"https:\/\/api.w.org\/{rel}","templated":true}]}}