{"id":17409,"date":"2025-06-26T10:42:04","date_gmt":"2025-06-26T10:42:04","guid":{"rendered":"https:\/\/www.pulse-z.eu\/?p=17409"},"modified":"2025-06-26T10:42:10","modified_gmt":"2025-06-26T10:42:10","slug":"nous-ne-mourrons-pas-en-silence-la-bosnie-herzegovine-va-adopter-une-loi-sur-le-feminicide","status":"publish","type":"post","link":"https:\/\/www.pulse-z.eu\/fr\/nous-ne-mourrons-pas-en-silence-la-bosnie-herzegovine-va-adopter-une-loi-sur-le-feminicide\/","title":{"rendered":"Nous ne mourrons pas en silence : la Bosnie-Herz\u00e9govine va adopter une loi sur le f\u00e9minicide"},"content":{"rendered":"\n<p><span style=\"font-weight: 400\">Selon<\/span> <a href=\"https:\/\/www.aa.com.tr\/ba\/balkan\/bih-sedam-%C5%BEena-ubijeno-u-prvih-%C5%A1est-mjeseci-ove-godine\/3282130#:~:text=Prema%20dostupnim%20podacima%2C%20u%20Bosni,slu%C5%BEbene%20evidencije%20femicida%20u%20BiH\" target=\"_blank\" rel=\"noopener\"><span style=\"font-weight: 400\">les donn\u00e9es de l&#39;Agence Anadolu<\/span><\/a> <span style=\"font-weight: 400\">, entre 2013 et 2023, plus de 70 femmes ont \u00e9t\u00e9 assassin\u00e9es en Bosnie-Herz\u00e9govine. En 2024, 13 femmes ont \u00e9t\u00e9 assassin\u00e9es par un proche ou un partenaire masculin. Dans un si petit pays, ces statistiques sont un v\u00e9ritable choc. D&#39;autant plus qu&#39;elles ne reposent sur aucune source unique, certains de ces crimes violents ont pu passer inaper\u00e7us dans les m\u00e9dias.<\/span><\/p>\n<p> <span style=\"font-weight: 400\">Un meurtre particuli\u00e8rement brutal survenu en 2023, o\u00f9 le meurtrier, Nermin Sulejmanovi\u0107, a tu\u00e9 sa femme, Nizama He\u0107imovi\u0107, lors d&#39;une diffusion en direct, a suscit\u00e9 l&#39;indignation nationale. C&#39;est ce qui a motiv\u00e9 \u00ab\u00a0Glas \u017dene\u00a0\u00bb (Voix de femme), une organisation qui se consacre \u00e0 l&#39;aide aux femmes, et ses organisations partenaires, \u00e0 demander une loi contre le f\u00e9minicide. C&#39;est ainsi qu&#39;est n\u00e9e leur campagne \u00ab\u00a0Nous ne mourrons pas en silence\u00a0\u00bb.<\/span><\/p>\n<p> <span style=\"font-weight: 400\">Enfin, le 28 mai 2025, une chambre de l&#39;Assembl\u00e9e parlementaire de Bosnie-Herz\u00e9govine \u2013 la Chambre des repr\u00e9sentants de la F\u00e9d\u00e9ration de Bosnie-Herz\u00e9govine \u2013 a modifi\u00e9 le Code p\u00e9nal afin de reconna\u00eetre le meurtre sexiste comme un crime sp\u00e9cifique et distinct dans cette entit\u00e9. Avec cette nouvelle loi, le meurtre d&#39;une femme est consid\u00e9r\u00e9 comme un meurtre aggrav\u00e9, passible d&#39;une peine minimale de dix ans de prison, voire d&#39;une peine plus lourde si la victime a d\u00e9j\u00e0 subi des violences.<\/span><\/p>\n<p> <span style=\"font-weight: 400\">Le 16 juin 2025, la Chambre des peuples, l\u2019autre chambre, a adopt\u00e9 cet amendement par 45 voix.<\/span><\/p>\n<p> <span style=\"font-weight: 400\">La Bosnie-Herz\u00e9govine \u00e9tant dot\u00e9e d\u2019un des syst\u00e8mes politiques les plus complexes, cet amendement devra \u00eatre d\u00e9finitivement approuv\u00e9 par une Assembl\u00e9e parlementaire o\u00f9 seront pr\u00e9sents des repr\u00e9sentants des deux chambres.<\/span> <\/p>\n<div id=\"attachment_17395\" class=\"wp-caption aligncenter\" style=\"width: 703px\">\n<p><img loading=\"lazy\" decoding=\"async\" class=\"wp-image-17395\" src=\"https:\/\/www.pulse-z.eu\/wp-content\/uploads\/2025\/06\/tingey-injury-law-firm-DZpc4UY8ZtY-unsplash-scaled.jpg\" alt=\"\" width=\"693\" height=\"462\" aria-describedby=\"caption-attachment-17395\" srcset=\"https:\/\/www.pulse-z.eu\/wp-content\/uploads\/2025\/06\/tingey-injury-law-firm-DZpc4UY8ZtY-unsplash-scaled.jpg 2560w, https:\/\/www.pulse-z.eu\/wp-content\/uploads\/2025\/06\/tingey-injury-law-firm-DZpc4UY8ZtY-unsplash-768x512.jpg 768w, https:\/\/www.pulse-z.eu\/wp-content\/uploads\/2025\/06\/tingey-injury-law-firm-DZpc4UY8ZtY-unsplash-1536x1024.jpg 1536w, https:\/\/www.pulse-z.eu\/wp-content\/uploads\/2025\/06\/tingey-injury-law-firm-DZpc4UY8ZtY-unsplash-2048x1365.jpg 2048w\" sizes=\"auto, (max-width: 693px) 100vw, 693px\" \/><\/p>\n<p id=\"caption-attachment-17395\" class=\"wp-caption-text\"> via Unsplash<\/p>\n<\/div>\n<p> <span style=\"font-weight: 400\">Bien que la Bosnie-Herz\u00e9govine ait ratifi\u00e9 en 2013 la Convention d&#39;Istanbul, un trait\u00e9 relatif aux droits humains contre les violences faites aux femmes, elle n&#39;a pas reconnu le meurtre sexiste comme un crime distinct. Auparavant, il \u00e9tait consid\u00e9r\u00e9 comme un meurtre, passible d&#39;une peine pouvant aller jusqu&#39;\u00e0 20 ans de prison, ou comme un \u00ab meurtre aggrav\u00e9 \u00bb avec des peines de 20 \u00e0 45 ans.<\/span><\/p>\n<p> <span style=\"font-weight: 400\">Cependant, la r\u00e9alit\u00e9 de ces ch\u00e2timents \u00e9tait bien diff\u00e9rente. Ces peines \u00e9taient souvent beaucoup plus courtes, ce qui ne dissuadait pas les auteurs de commettre de nouveaux actes de violence.<\/span><\/p>\n<h2>Comment le droit de l\u2019UE se compare-t-il ?<\/h2>\n<p> Comment la violence domestique est-elle abord\u00e9e dans l&#39;UE\u00a0? Le 14\u00a0mai\u00a02024, le Parlement europ\u00e9en et le Conseil de l&#39;Union europ\u00e9enne <a href=\"https:\/\/eur-lex.europa.eu\/eli\/dir\/2024\/1385\/oj\/eng\" target=\"_blank\" rel=\"noopener\">ont adopt\u00e9 une directive<\/a> relative \u00e0 la lutte contre la violence \u00e0 l&#39;\u00e9gard des femmes.<\/p>\n<p> L\u2019objectif de cette directive est d\u2019assurer un niveau de protection pour les femmes dans toute l\u2019Union, car elle criminalise les mutilations g\u00e9nitales f\u00e9minines et le mariage forc\u00e9, ainsi que la cyberviolence telle que le harc\u00e8lement, le partage d\u2019images explicites de la victime sans son consentement, etc.<br \/> La directive met \u00e9galement l\u2019accent sur la pr\u00e9vention de la violence \u00e0 l\u2019\u00e9gard des femmes et sur la protection des femmes, visant \u00e0 garantir qu\u2019elles aient acc\u00e8s aux services de soutien et \u00e0 la justice.<\/p>\n<p> Tous les membres de l\u2019Union devraient adopter cette directive d\u2019ici juin 2027.<br \/> Il est important de noter que les 27 pays de l&#39;UE ne disposent pas de d\u00e9finition juridique du f\u00e9minicide. Cependant, le meurtre bas\u00e9 sur le genre est class\u00e9 de plusieurs mani\u00e8res, notamment en homicide volontaire, en homicide non intentionnel et en homicide involontaire.<\/p>\n<h2><strong>S&#39;unir pour la justice<\/strong><\/h2>\n<p> <span style=\"font-weight: 400\">Cette campagne de Glas \u017dene est un exemple \u00e9loquent de mouvement citoyen r\u00e9ussi. Exasp\u00e9r\u00e9es par la banalisation des violences conjugales dans leur pays, des femmes ont d\u00e9cid\u00e9 de lancer une campagne il y a pr\u00e8s d&#39;un an dans leurs communaut\u00e9s. L&#39;objectif initial \u00e9tait de recueillir 10\u00a0000 signatures au niveau local, avant de b\u00e9n\u00e9ficier d&#39;une reconnaissance nationale l\u00e9gitime.<\/span><\/p>\n<p> <span style=\"font-weight: 400\">Alors que les citoyens bosniaques attendent que le parlement reconnaisse officiellement le f\u00e9minicide dans l\u2019entit\u00e9 f\u00e9d\u00e9rale, c\u2019est le moment id\u00e9al pour appr\u00e9cier ce qu\u2019un groupe de personnes passionn\u00e9es par un changement significatif peut faire.<\/span><\/p>\n","protected":false},"excerpt":{"rendered":"<p>Selon les donn\u00e9es de l&#39;Agence Anadolu , entre 2013 et 2023, plus de 70 femmes ont \u00e9t\u00e9 assassin\u00e9es en Bosnie-Herz\u00e9govine. En 2024, 13 femmes ont \u00e9t\u00e9 assassin\u00e9es par un proche ou un partenaire masculin. Dans [&hellip;]<\/p>\n","protected":false},"author":359,"featured_media":19244,"comment_status":"closed","ping_status":"closed","sticky":false,"template":"","format":"standard","meta":{"_acf_changed":false,"footnotes":""},"categories":[597,608],"tags":[],"post_formats":[616],"coauthors":[],"class_list":["post-17409","post","type-post","status-publish","format-standard","has-post-thumbnail","hentry","category-actualites","category-connecter-les-points","post_formats-articles-fr"],"acf":[],"_links":{"self":[{"href":"https:\/\/www.pulse-z.eu\/fr\/wp-json\/wp\/v2\/posts\/17409","targetHints":{"allow":["GET"]}}],"collection":[{"href":"https:\/\/www.pulse-z.eu\/fr\/wp-json\/wp\/v2\/posts"}],"about":[{"href":"https:\/\/www.pulse-z.eu\/fr\/wp-json\/wp\/v2\/types\/post"}],"author":[{"embeddable":true,"href":"https:\/\/www.pulse-z.eu\/fr\/wp-json\/wp\/v2\/users\/359"}],"replies":[{"embeddable":true,"href":"https:\/\/www.pulse-z.eu\/fr\/wp-json\/wp\/v2\/comments?post=17409"}],"version-history":[{"count":86,"href":"https:\/\/www.pulse-z.eu\/fr\/wp-json\/wp\/v2\/posts\/17409\/revisions"}],"predecessor-version":[{"id":27492,"href":"https:\/\/www.pulse-z.eu\/fr\/wp-json\/wp\/v2\/posts\/17409\/revisions\/27492"}],"wp:featuredmedia":[{"embeddable":true,"href":"https:\/\/www.pulse-z.eu\/fr\/wp-json\/wp\/v2\/media\/19244"}],"wp:attachment":[{"href":"https:\/\/www.pulse-z.eu\/fr\/wp-json\/wp\/v2\/media?parent=17409"}],"wp:term":[{"taxonomy":"category","embeddable":true,"href":"https:\/\/www.pulse-z.eu\/fr\/wp-json\/wp\/v2\/categories?post=17409"},{"taxonomy":"post_tag","embeddable":true,"href":"https:\/\/www.pulse-z.eu\/fr\/wp-json\/wp\/v2\/tags?post=17409"},{"taxonomy":"post_formats","embeddable":true,"href":"https:\/\/www.pulse-z.eu\/fr\/wp-json\/wp\/v2\/post_formats?post=17409"},{"taxonomy":"author","embeddable":true,"href":"https:\/\/www.pulse-z.eu\/fr\/wp-json\/wp\/v2\/coauthors?post=17409"}],"curies":[{"name":"wp","href":"https:\/\/api.w.org\/{rel}","templated":true}]}}