{"id":16871,"date":"2025-06-22T11:55:55","date_gmt":"2025-06-22T11:55:55","guid":{"rendered":"https:\/\/www.pulse-z.eu\/?p=16871"},"modified":"2025-06-22T11:57:01","modified_gmt":"2025-06-22T11:57:01","slug":"du-risque-a-la-resilience-une-reunion-internationale-sur-la-securite-des-journalistes-a-thessalonique-par-licsj","status":"publish","type":"post","link":"https:\/\/www.pulse-z.eu\/fr\/du-risque-a-la-resilience-une-reunion-internationale-sur-la-securite-des-journalistes-a-thessalonique-par-licsj\/","title":{"rendered":"Du risque \u00e0 la r\u00e9silience : une r\u00e9union internationale sur la s\u00e9curit\u00e9 des journalistes \u00e0 Thessalonique par l&#39;ICSJ"},"content":{"rendered":"\n<div id=\"attachment_16817\" class=\"wp-caption aligncenter\" style=\"width: 792px;\">\n<p><img loading=\"lazy\" decoding=\"async\" class=\" wp-image-16817\" src=\"https:\/\/www.pulse-z.eu\/wp-content\/uploads\/2025\/06\/icsj-conference-2025-14-15-06.jpg\" sizes=\"auto, (max-width: 782px) 100vw, 782px\" srcset=\"https:\/\/www.pulse-z.eu\/wp-content\/uploads\/2025\/06\/icsj-conference-2025-14-15-06.jpg 1920w, https:\/\/www.pulse-z.eu\/wp-content\/uploads\/2025\/06\/icsj-conference-2025-14-15-06-768x432.jpg 768w, https:\/\/www.pulse-z.eu\/wp-content\/uploads\/2025\/06\/icsj-conference-2025-14-15-06-1536x864.jpg 1536w\" alt=\"\" width=\"782\" height=\"440\" aria-describedby=\"caption-attachment-16817\" \/><\/p>\n<h6 id=\"caption-attachment-16817\" class=\"wp-caption-text\"> \u00a9ICSJ<\/h6>\n<\/div>\n<h1> <b>Les enjeux de la libert\u00e9 de la presse en 2025<\/b><\/h1>\n<p> <span style=\"font-weight: 400;\">Il est ind\u00e9niable que la libert\u00e9 de la presse est mise \u00e0 rude \u00e9preuve \u00e0 l&#39;\u00e9chelle internationale, des agressions physiques contre des journalistes dans la rue aux poursuites-b\u00e2illons (SLAPPS) et \u00e0 la surveillance num\u00e9rique. La s\u00e9curit\u00e9 des journalistes n&#39;est plus seulement une exigence professionnelle. Elle devient un pilier de la consolidation d\u00e9mocratique et de la responsabilit\u00e9 publique. La nature multiforme de ces menaces exige des r\u00e9ponses complexes, notamment au niveau institutionnel ou par le biais d&#39;un soutien psychologique et juridique.<\/span><\/p>\n<p> <span style=\"font-weight: 400;\">Ce besoin a donn\u00e9 lieu \u00e0 la r\u00e9union internationale de cette ann\u00e9e \u00e0 Thessalonique (14-15 juin 2025), organis\u00e9e par le Centre international pour la s\u00e9curit\u00e9 des journalistes (ICSJ) en collaboration avec le Laboratoire de journalisme de paix de l&#39;Universit\u00e9 Aristote de Thessalonique, le Secr\u00e9tariat g\u00e9n\u00e9ral \u00e0 l&#39;information et \u00e0 la communication, l&#39;Union des r\u00e9dacteurs en chef de Mac\u00e9doine et de Thrace, l&#39;ERT, etc., avec la coop\u00e9ration et le soutien du Repr\u00e9sentant de l&#39;OSCE pour la libert\u00e9 des m\u00e9dias et de l&#39;UNESCO. L&#39;objectif, comme soulign\u00e9 lors de l&#39;ouverture, est la transition \u00ab du risque \u00e0 la r\u00e9silience \u00bb, non seulement comme une rh\u00e9torique abstraite, mais comme une strat\u00e9gie op\u00e9rationnelle fond\u00e9e sur la coop\u00e9ration intersectorielle, l&#39;autonomisation \u00e9ducative et la vigilance institutionnelle.<\/span><\/p>\n<p> <span style=\"font-weight: 400;\">Cette conf\u00e9rence semble avoir servi de forum d\u2019action coordonn\u00e9e, o\u00f9 chercheurs, journalistes, syndicats, avocats et fonctionnaires se sont r\u00e9unis pour construire un \u00e9cosyst\u00e8me journalistique plus r\u00e9silient.<\/span><\/p>\n<\/p>\n<h2> <b>L&#39;ICSJ, p\u00f4le de r\u00e9silience\u00a0: de la recherche \u00e0 l&#39;action<\/b><\/h2>\n<p> <span style=\"font-weight: 400;\">La conf\u00e9rence de Thessalonique a marqu\u00e9 un tournant dans la transformation du CIRS en un organisme international multi-actions. Comme l&#39;a d\u00e9clar\u00e9 le professeur Nikos Panagiotou, directeur du Centre, lors de la conf\u00e9rence\u00a0:<\/span><\/p>\n<p> <span style=\"font-weight: 400;\">\u00ab Cette r\u00e9union marque la transition de l&#39;ICSJ, qui passe d&#39;un centre de connaissances \u00e0 une plateforme de soutien concret. En combinant recherche, collaborations intersectorielles et outils p\u00e9dagogiques, nous apportons un soutien concret aux journalistes travaillant sous pression. \u00bb (Panagiotou, communication personnelle, 15 juin 2025)<\/span><\/p>\n<p> <span style=\"font-weight: 400;\">La vari\u00e9t\u00e9 des sujets abord\u00e9s, notamment la cybers\u00e9curit\u00e9, les impacts psychologiques et les garanties institutionnelles, refl\u00e8te l&#39;\u00e9largissement de la mission du Centre, o\u00f9, selon M. Panagiotou, la n\u00e9cessit\u00e9 de reconna\u00eetre les journalistes comme un bien public est aujourd&#39;hui plus pertinente que jamais :<\/span><\/p>\n<p> <span style=\"font-weight: 400;\">\u00ab L\u2019acc\u00e8s \u00e0 une information fiable doit \u00eatre reconnu comme un bien public. C\u2019est la pierre angulaire de toute grande entreprise d\u00e9mocratique. \u00bb (Panagiotou, communication personnelle, 15 juin 2025)<\/span> <\/p>\n<div id=\"attachment_16825\" class=\"wp-caption aligncenter\" style=\"width: 806px;\">\n<p><img loading=\"lazy\" decoding=\"async\" class=\" wp-image-16825\" src=\"https:\/\/www.pulse-z.eu\/wp-content\/uploads\/2025\/06\/ICSJ_2025_21-scaled.jpg\" sizes=\"auto, (max-width: 796px) 100vw, 796px\" srcset=\"https:\/\/www.pulse-z.eu\/wp-content\/uploads\/2025\/06\/ICSJ_2025_21-scaled.jpg 2560w, https:\/\/www.pulse-z.eu\/wp-content\/uploads\/2025\/06\/ICSJ_2025_21-768x432.jpg 768w, https:\/\/www.pulse-z.eu\/wp-content\/uploads\/2025\/06\/ICSJ_2025_21-1536x864.jpg 1536w, https:\/\/www.pulse-z.eu\/wp-content\/uploads\/2025\/06\/ICSJ_2025_21-2048x1152.jpg 2048w\" alt=\"\" width=\"796\" height=\"448\" aria-describedby=\"caption-attachment-16825\" \/><\/p>\n<h6 id=\"caption-attachment-16825\" class=\"wp-caption-text\"> Directeur de l&#39;ICSJ, Prof. Nikos Panagiotou<br \/> \u00a9ICSJ<\/h6>\n<\/div>\n<p> <span style=\"font-weight: 400;\">La conf\u00e9rence a mis en lumi\u00e8re des initiatives cl\u00e9s qui \u00e9largissent le r\u00f4le international du CIJ et renforcent sa mission intersectorielle. D&#39;une part, une r\u00e9union internationale sp\u00e9cialis\u00e9e consacr\u00e9e au journalisme traumatique est organis\u00e9e dans le but de d\u00e9velopper conjointement des pratiques de soutien psychologique. Cette initiative vise \u00e0 r\u00e9unir des psychologues sp\u00e9cialis\u00e9s, des correspondants de guerre et des r\u00e9dacteurs en chef autour d&#39;une table commune, posant ainsi les bases de pratiques de soutien centr\u00e9es sur le traumatisme.<\/span><\/p>\n<p> <span style=\"font-weight: 400;\">Parall\u00e8lement, comme l&#39;a soulign\u00e9 la professeure Panagiotou, directrice de l&#39;ICSJ,<\/span> <span style=\"font-weight: 400;\">\u00ab de nouvelles collaborations ont \u00e9t\u00e9 nou\u00e9es avec des syndicats de journalistes, des institutions universitaires et des organisations de la soci\u00e9t\u00e9 civile pour co-cr\u00e9er des programmes de formation, des protocoles de s\u00e9curit\u00e9 et des r\u00e9seaux de soutien juridique \u00bb.<\/span> <span style=\"font-weight: 400;\">Les partenariats sont essentiels pour prot\u00e9ger le journalisme par des moyens concrets et des garanties institutionnelles, tant au niveau national qu&#39;international.<\/span><\/p>\n<p> <span style=\"font-weight: 400;\">En outre, un accent particulier est mis sur la participation de la nouvelle g\u00e9n\u00e9ration de journalistes, \u00e0 travers des ateliers interactifs de r\u00e9solution de probl\u00e8mes et d\u2019\u00e9laboration de strat\u00e9gies, la cr\u00e9ativit\u00e9 et la comp\u00e9tence num\u00e9rique des jeunes professionnels constituant le noyau du d\u00e9veloppement de strat\u00e9gies de s\u00e9curit\u00e9 durables.<\/span> <\/p>\n<div id=\"attachment_16833\" class=\"wp-caption aligncenter\" style=\"width: 741px;\">\n<p><img loading=\"lazy\" decoding=\"async\" class=\"wp-image-16833 \" src=\"https:\/\/www.pulse-z.eu\/wp-content\/uploads\/2025\/06\/ICSJ_2025_10-scaled.jpg\" sizes=\"auto, (max-width: 731px) 100vw, 731px\" srcset=\"https:\/\/www.pulse-z.eu\/wp-content\/uploads\/2025\/06\/ICSJ_2025_10-scaled.jpg 2560w, https:\/\/www.pulse-z.eu\/wp-content\/uploads\/2025\/06\/ICSJ_2025_10-768x512.jpg 768w, https:\/\/www.pulse-z.eu\/wp-content\/uploads\/2025\/06\/ICSJ_2025_10-1536x1024.jpg 1536w, https:\/\/www.pulse-z.eu\/wp-content\/uploads\/2025\/06\/ICSJ_2025_10-2048x1365.jpg 2048w\" alt=\"\" width=\"731\" height=\"487\" aria-describedby=\"caption-attachment-16833\" \/><\/p>\n<h6 id=\"caption-attachment-16833\" class=\"wp-caption-text\"> Panel 1\u00a0: Am\u00e9liorer la s\u00e9curit\u00e9 des journalistes\u00a0: politiques nationales, efforts l\u00e9gislatifs et coop\u00e9ration internationale. Mod\u00e9rateur\u00a0: Yannis Kotsifos, directeur, Union des journalistes de Mac\u00e9doine et de Thrace. Intervenants\u00a0: Nikolaos Panagiotou, directeur, ICSJ, professeur, d\u00e9partement de journalisme et de communication, Universit\u00e9 Aristote. Guildo Keel, conseiller principal aupr\u00e8s du Bureau RFoM de l\u2019OSCE. Aikaterini Polyzou, cheffe du d\u00e9partement des m\u00e9dias audiovisuels et d\u2019Internet, Secr\u00e9tariat g\u00e9n\u00e9ral \u00e0 la communication et aux m\u00e9dias. Nedjeljko Rudovic, directeur g\u00e9n\u00e9ral de la Direction des m\u00e9dias du gouvernement du Mont\u00e9n\u00e9gro. \u00a9ICSJ<\/h6>\n<\/div>\n<p> <span style=\"font-weight: 400;\">La revalorisation de la mission du CIJ est scell\u00e9e par sa reconnaissance institutionnelle au niveau international. Son inclusion dans le R\u00e9pertoire mondial des m\u00e9canismes nationaux de s\u00e9curit\u00e9 de l&#39;UNESCO et son r\u00f4le de point de contact national dans la campagne \u00ab\u00a0Journalist Matters\u00a0\u00bb du Conseil de l&#39;Europe sont des \u00e9tapes significatives qui confirment sa position strat\u00e9gique de partenaire national et international pour la protection des journalistes et le renforcement de la libert\u00e9 de la presse <a href=\"https:\/\/www.amna.gr\/mobile\/article\/910906\/Thessaloniki-Apo-ton-kinduno-stin-Anthektikotita\u2014I-asfaleia-ton-dimosiografon-sto-epikentro-diethnous-sunedriou\" target=\"_blank\" rel=\"noopener\">(1)<\/a> .<\/span><\/p>\n<h2> <b>La dimension internationale : UNESCO, OSCE, volont\u00e9 politique<\/b><\/h2>\n<p> <span style=\"font-weight: 400;\">L&#39;un des principaux points forts de la conf\u00e9rence r\u00e9side dans le fait qu&#39;elle n&#39;\u00e9tait pas le fruit d&#39;une initiative nationale unique, mais aussi un point de convergence pour les voix institutionnelles mondiales sur la question de la s\u00e9curit\u00e9 des journalistes. La forte pr\u00e9sence internationale, tant au niveau institutionnel que rh\u00e9torique, a soulign\u00e9 la n\u00e9cessit\u00e9 de garantir la libert\u00e9 de la presse et la s\u00e9curit\u00e9 des journalistes \u2013 deux \u00e9l\u00e9ments qui ne peuvent plus \u00eatre consid\u00e9r\u00e9s comme distincts. Au contraire, ils constituent les fondements de la coh\u00e9sion d\u00e9mocratique et de la responsabilit\u00e9 politique.<\/span><\/p>\n<p> <span style=\"font-weight: 400;\">Tawfik Jelassi, Sous-Directeur g\u00e9n\u00e9ral de l&#39;UNESCO pour la communication et l&#39;information, a particuli\u00e8rement insist\u00e9 sur la triple approche \u00ab\u00a0Pr\u00e9vention \u2013 Protection \u2013 Poursuites\u00a0\u00bb, qui constitue le fondement du Plan d&#39;action des Nations Unies sur la s\u00e9curit\u00e9 des journalistes et la question de l&#39;impunit\u00e9. Avec un discours incisif et bien document\u00e9, il a pr\u00e9sent\u00e9 les derniers rapports de l&#39;Organisation\u00a0:<\/span><\/p>\n<p> <span style=\"font-weight: 400;\">Entre 2022 et 2023, 162 journalistes et professionnels des m\u00e9dias ont \u00e9t\u00e9 tu\u00e9s dans le monde. Cela repr\u00e9sente une augmentation de 38 % par rapport \u00e0 l&#39;exercice biennal pr\u00e9c\u00e9dent. Plus alarmant encore\u00a0: 86\u00a0% de ces crimes restent non \u00e9lucid\u00e9s.<\/span><\/p>\n<p> <span style=\"font-weight: 400;\">Selon Jelassi, la question la plus urgente aujourd&#39;hui est l&#39;adoption de \u00ab\u00a0m\u00e9canismes de protection institutionnels qui ne se limitent pas \u00e0 des formations ponctuelles, mais soient int\u00e9gr\u00e9s aux cultures politiques nationales\u00a0\u00bb. Il a \u00e9galement salu\u00e9 la d\u00e9cision de la Gr\u00e8ce d&#39;accueillir des programmes institutionnels et \u00e9ducatifs tels que l&#39;ICSJ, ajoutant\u00a0:<\/span><\/p>\n<p> <span style=\"font-weight: 400;\">Nous saluons le CIJ pour son leadership dans ce domaine. Son inscription au R\u00e9pertoire mondial des m\u00e9canismes nationaux de s\u00e9curit\u00e9 de l&#39;UNESCO t\u00e9moigne d&#39;un engagement fort envers les normes nationales et internationales de s\u00e9curit\u00e9 des journalistes.<\/span><\/p>\n<p> <span style=\"font-weight: 400;\">Au nom de l&#39;Organisation pour la s\u00e9curit\u00e9 et la coop\u00e9ration en Europe, Jan Braathu, chef de la Mission pour la libert\u00e9 des m\u00e9dias, a envoy\u00e9 un message clair en faveur d&#39;une prise de conscience politique, reconnaissant les menaces croissantes auxquelles sont confront\u00e9s les journalistes dans les \u00c9tats membres de l&#39;OSCE :<\/span><\/p>\n<p> <span style=\"font-weight: 400;\">\u00ab Dans toute la r\u00e9gion de l\u2019OSCE, les journalistes continuent d\u2019\u00eatre confront\u00e9s \u00e0 toute une s\u00e9rie de menaces : ils sont pris pour cible et agress\u00e9s lorsqu\u2019ils couvrent des manifestations, mais ils sont \u00e9galement victimes de mesures de surveillance et de campagnes d\u00e9sobligeantes visant \u00e0 discr\u00e9diter leur r\u00f4le. \u00bb<\/span><\/p>\n<p> <span style=\"font-weight: 400;\">Braathu a particuli\u00e8rement insist\u00e9 sur la coop\u00e9ration institutionnelle avec le CIJ, reconnaissant son importance en tant que lieu de formation et pilier symbolique de la l\u00e9gitimation de la mission journalistique. Il a d\u00e9clar\u00e9 que \u00ab\u00a0la s\u00e9curit\u00e9 des journalistes ne se limite pas \u00e0 leur int\u00e9grit\u00e9 physique. C&#39;est une question de r\u00e9silience d\u00e9mocratique\u00a0\u00bb, concluant ainsi\u00a0:<\/span><\/p>\n<p> <span style=\"font-weight: 400;\">\u00ab Seuls des journalistes s\u00fbrs peuvent contribuer efficacement \u00e0 fournir les informations dont les citoyens ont besoin pour participer \u00e0 la gouvernance d\u00e9mocratique. \u00bb<\/span><\/p>\n<p> <span style=\"font-weight: 400;\">La d\u00e9claration de Tamara Vujovi\u0107, ministre de la Culture et des M\u00e9dias du Mont\u00e9n\u00e9gro, qui compte moins de 650\u00a0000 habitants, compte plus de 200 m\u00e9dias actifs et une sph\u00e8re publique dynamique, bien que souvent polaris\u00e9e, a \u00e9t\u00e9 particuli\u00e8rement int\u00e9ressante. Malgr\u00e9 les obstacles structurels et les d\u00e9fis historiques rencontr\u00e9s dans la r\u00e9gion des Balkans occidentaux, la ministre a soulign\u00e9 la volont\u00e9 politique du gouvernement de cr\u00e9er un environnement institutionnel garantissant la s\u00e9curit\u00e9 et l&#39;ind\u00e9pendance des journalistes.<\/span><\/p>\n<p> <span style=\"font-weight: 400;\">\u00ab Nous ne pouvons pas changer toutes les conditions, mais nous pouvons construire ensemble un syst\u00e8me qui offre la s\u00e9curit\u00e9 \u00e0 ceux qui osent s&#39;exprimer. Nous avons besoin d&#39;institutions, pas seulement de bonnes intentions \u00bb <a href=\"https:\/\/www.amna.gr\/mobile\/article\/910906\/Thessaloniki-Apo-ton-kinduno-stin-Anthektikotita\u2014I-asfaleia-ton-dimosiografon-sto-epikentro-diethnous-sunedriou\" target=\"_blank\" rel=\"noopener\">(1)<\/a><\/span> <span style=\"font-weight: 400;\">.<\/span><\/p>\n<p> <span style=\"font-weight: 400;\">Le ministre a \u00e9galement soulign\u00e9 l&#39;importance de la coop\u00e9ration transfrontali\u00e8re et des outils europ\u00e9ens communs, renfor\u00e7ant la conviction que la s\u00e9curit\u00e9 des journalistes n&#39;est pas seulement un probl\u00e8me pour les \u00ab grandes puissances \u00bb ou les zones de guerre, mais une question europ\u00e9enne commune qui concerne \u00e9galement les d\u00e9mocraties en transition \u2014 o\u00f9 les institutions sont mises \u00e0 l&#39;\u00e9preuve quotidiennement et la protection politique de l&#39;information n&#39;est pas acquise.<\/span><\/p>\n<p> <span style=\"font-weight: 400;\">Le d\u00e9nominateur commun des interventions \u00e9tait la n\u00e9cessit\u00e9 d&#39;acc\u00e9der \u00e0 des donn\u00e9es fiables et de qualit\u00e9 afin de justifier les interventions, de mettre fin \u00e0 l&#39;impunit\u00e9 et de b\u00e2tir des politiques solides. Sur cette base, la coop\u00e9ration intersectorielle et l&#39;institutionnalisation de la responsabilit\u00e9 ont \u00e9t\u00e9 pr\u00e9sent\u00e9es non pas comme une \u00ab ambition \u00bb, mais comme une n\u00e9cessit\u00e9.<\/span><\/p>\n<\/p>\n<h2> <b>Le photojournalisme en premi\u00e8re ligne : traumatisme, r\u00e9silience et vuln\u00e9rabilit\u00e9 humaine<\/b><\/h2>\n<p> <span style=\"font-weight: 400;\">L&#39;un des moments les plus marquants de la conf\u00e9rence a \u00e9t\u00e9 le partage d&#39;exp\u00e9riences des photojournalistes Lefteris Pitarakis et Kostas Tsironis. Forts de nombreuses ann\u00e9es d&#39;exp\u00e9rience dans des zones de crise, allant des zones de guerre aux zones de catastrophes naturelles, ces deux professionnels ont exprim\u00e9 ce qui reste souvent non exprim\u00e9\u00a0: les cons\u00e9quences psychologiques des traumatismes professionnels et la fronti\u00e8re t\u00e9nue entre le r\u00e9alisme de l&#39;objectif et la n\u00e9cessit\u00e9 de survivre de la personne qui se cache derri\u00e8re.<\/span><\/p>\n<p> <span style=\"font-weight: 400;\">Kostas Tsironis, photojournaliste pour l&#39;ANA-MPA (Agence de presse d&#39;Ath\u00e8nes-Mac\u00e9doine), a \u00e9voqu\u00e9 une \u00ab situation bipolaire \u00bb entre les moments d&#39;adr\u00e9naline d&#39;une mission et le retour \u00e0 la normale.<\/span> <span style=\"font-weight: 400;\">\u00ab On couvre des incendies, des crises, des \u00e9v\u00e9nements extr\u00eames\u2026 et puis on rentre chez soi, et c&#39;est comme si de rien n&#39;\u00e9tait. Cette alternance peut perturber l&#39;esprit. \u00bb<\/span> <span style=\"font-weight: 400;\">Sa description de la p\u00e9riode de crise \u00e9conomique en Gr\u00e8ce \u00e9tait profond\u00e9ment personnelle et humaine, avec un point de rupture, celui de l&#39;effondrement mental, qui lui a rappel\u00e9 que<\/span> <span style=\"font-weight: 400;\">\u00ab ni l&#39;alcool ni les substituts ne sont la solution \u00bb.<\/span> <span style=\"font-weight: 400;\">Ce qu&#39;il faut, c&#39;est \u00ab<\/span> <span style=\"font-weight: 400;\">quelqu&#39;un de proche, pr\u00e9sent \u00bb.<\/span> <span style=\"font-weight: 400;\">Parall\u00e8lement, il a exprim\u00e9 avec r\u00e9alisme son pessimisme quant \u00e0 la perspective d&#39;un soutien institutionnel de la part des syndicats respectifs, reconnaissant l&#39;<\/span> <span style=\"font-weight: 400;\">\u00ab \u00e9tat d&#39;esprit dur et r\u00e9sistant \u00bb<\/span> <span style=\"font-weight: 400;\">qui pr\u00e9vaut, souvent au d\u00e9triment de la sant\u00e9 mentale des professionnels des m\u00e9dias.<\/span> <\/p>\n<div id=\"attachment_16977\" class=\"wp-caption aligncenter\" style=\"width: 777px;\">\n<p><img loading=\"lazy\" decoding=\"async\" class=\"wp-image-16977 \" src=\"https:\/\/www.pulse-z.eu\/wp-content\/uploads\/2025\/06\/WhatsApp-Image-2025-06-16-at-16.03.35.jpeg\" sizes=\"auto, (max-width: 767px) 100vw, 767px\" srcset=\"https:\/\/www.pulse-z.eu\/wp-content\/uploads\/2025\/06\/WhatsApp-Image-2025-06-16-at-16.03.35.jpeg 1600w, https:\/\/www.pulse-z.eu\/wp-content\/uploads\/2025\/06\/WhatsApp-Image-2025-06-16-at-16.03.35-768x512.jpeg 768w, https:\/\/www.pulse-z.eu\/wp-content\/uploads\/2025\/06\/WhatsApp-Image-2025-06-16-at-16.03.35-1536x1023.jpeg 1536w\" alt=\"\" width=\"767\" height=\"511\" aria-describedby=\"caption-attachment-16977\" \/><\/p>\n<h6 id=\"caption-attachment-16977\" class=\"wp-caption-text\"> Panel : Frontline Frames : des photojournalistes de renom documentent les conflits, les crises et les situations de crise humaine<br \/> R\u00e9silience<br \/> Mod\u00e9rateur : Ilias Nikezis, directeur ex\u00e9cutif de l&#39;ICSJ<br \/> Intervenants :<br \/> Lefteris Pitarakis, vid\u00e9ojournaliste, Associated Press<br \/> Kostas Tsironis, photojournaliste, Agence de presse ath\u00e9nienne mac\u00e9donienne<br \/> \u00a9ICSJ<\/h6>\n<\/div>\n<p> <span style=\"font-weight: 400;\">Dans le m\u00eame contexte, Lefteris Pitarakis, journaliste photo et vid\u00e9o de l&#39;Associated Press, fort d&#39;une exp\u00e9rience dans des zones de guerre comme l&#39;Afghanistan, la Palestine et l&#39;Irak, a soulign\u00e9 la n\u00e9cessit\u00e9 d&#39;une distanciation consciente\u00a0:<\/span> <span style=\"font-weight: 400;\">\u00ab\u00a0Derri\u00e8re la cam\u00e9ra, il y a une implication professionnelle, et non personnelle.\u00a0\u00bb<\/span> <span style=\"font-weight: 400;\">Il a n\u00e9anmoins reconnu que la pression mentale est constante et que de nombreux coll\u00e8gues ont recours \u00e0 des substances pour faire face au traumatisme\u00a0: \u00ab\u00a0Vous n&#39;avez pas besoin de whisky, vous avez besoin d&#39;eau et de quelqu&#39;un pour vous soutenir.\u00a0\u00bb Sa r\u00e9f\u00e9rence au Centre DART pour le journalisme et les traumatismes \u00e9tait tout aussi significative, soulignant la n\u00e9cessit\u00e9 d&#39;int\u00e9grer ces pratiques de sant\u00e9 mentale dans des cadres plus institutionnels et nationaux.<\/span><\/p>\n<p> <span style=\"font-weight: 400;\">En fin de compte, les deux interventions ont converg\u00e9 vers une v\u00e9rit\u00e9 essentielle\u00a0: la premi\u00e8re \u00e9tape pour traiter un traumatisme n&#39;est pas le traitement, mais la pr\u00e9sence, simplement la pr\u00e9sence. Un rappel humain, simple et essentiel.<\/span><\/p>\n<h2> <b>Un s\u00e9minaire de survie pour les journalistes<\/b><\/h2>\n<p> <span style=\"font-weight: 400;\">Parmi les ateliers pratiques qui se sont distingu\u00e9s lors de la conf\u00e9rence, le s\u00e9minaire de premiers secours pour les journalistes de terrain a \u00e9t\u00e9 l&#39;une des interventions les plus directes et les plus utiles. Con\u00e7u pour r\u00e9pondre aux besoins r\u00e9els des reporters couvrant des manifestations, des zones de guerre ou des catastrophes naturelles, ce s\u00e9minaire a offert des connaissances de base essentielles pour g\u00e9rer les situations d&#39;urgence.<\/span><\/p>\n<p> <span style=\"font-weight: 400;\">Les participants ont \u00e9t\u00e9 form\u00e9s \u00e0 des comp\u00e9tences telles que le traitement des blessures, la r\u00e9animation cardio-pulmonaire, la reconnaissance des sympt\u00f4mes critiques et le transport s\u00e9curitaire des bless\u00e9s, gr\u00e2ce \u00e0 des sc\u00e9narios r\u00e9alistes et des simulations sur site. La plupart des participants ont d\u00e9crit cette exp\u00e9rience comme \u00ab l&#39;une des plus enrichissantes et des plus n\u00e9cessaires que nous ayons jamais v\u00e9cues \u00bb, tandis que plusieurs ont soulign\u00e9 que ce type de formation pratique devrait \u00eatre obligatoire dans les programmes de formation au journalisme ainsi que dans les directives \u00e9ditoriales des m\u00e9dias.<\/span><\/p>\n<p> <span style=\"font-weight: 400;\">L&#39;atelier a renforc\u00e9 la philosophie de la conf\u00e9rence selon laquelle la s\u00e9curit\u00e9 n&#39;est pas seulement une question institutionnelle ou technique, mais aussi une question de pr\u00e9paration quotidienne, de survie et de camaraderie sur le terrain.<\/span> <\/p>\n<div id=\"attachment_16849\" class=\"wp-caption aligncenter\" style=\"width: 720px;\">\n<p><img loading=\"lazy\" decoding=\"async\" class=\" wp-image-16849\" src=\"https:\/\/www.pulse-z.eu\/wp-content\/uploads\/2025\/06\/ICSJ_2025_37-scaled.jpg\" sizes=\"auto, (max-width: 710px) 100vw, 710px\" srcset=\"https:\/\/www.pulse-z.eu\/wp-content\/uploads\/2025\/06\/ICSJ_2025_37-scaled.jpg 2560w, https:\/\/www.pulse-z.eu\/wp-content\/uploads\/2025\/06\/ICSJ_2025_37-768x512.jpg 768w, https:\/\/www.pulse-z.eu\/wp-content\/uploads\/2025\/06\/ICSJ_2025_37-1536x1024.jpg 1536w, https:\/\/www.pulse-z.eu\/wp-content\/uploads\/2025\/06\/ICSJ_2025_37-2048x1365.jpg 2048w\" alt=\"\" width=\"710\" height=\"473\" aria-describedby=\"caption-attachment-16849\" \/><\/p>\n<h6 id=\"caption-attachment-16849\" class=\"wp-caption-text\"> \u00a9ICSJ<\/h6>\n<\/div>\n<h2> <b>Recommandations politiques et le lendemain<\/b><\/h2>\n<p> <span style=\"font-weight: 400;\">\u00c0 la fin de la conf\u00e9rence, il est apparu clairement que la protection des journalistes ne peut se limiter au plaidoyer, mais n\u00e9cessite des interventions structurelles, des cadres de collaboration et une responsabilit\u00e9 politique, afin que la s\u00e9curit\u00e9 soit institutionnalis\u00e9e et mise en \u0153uvre dans la pratique, non pas comme des exceptions mais comme la r\u00e8gle.<\/span><\/p>\n<p> <span style=\"font-weight: 400;\">Comme l&#39;a soulign\u00e9 Nikos Panagiotou, directeur de l&#39;ICSJ,<\/span> <span style=\"font-weight: 400;\">\u00ab cette conf\u00e9rence marque un tournant, passant de l&#39;enregistrement acad\u00e9mique \u00e0 la co-cr\u00e9ation concr\u00e8te de solutions. L&#39;ICSJ n&#39;est pas seulement un p\u00f4le de recherche, c&#39;est un espace de convergence, d&#39;intervention et de prise en charge des acteurs en premi\u00e8re ligne de l&#39;information. \u00bb<\/span> <span style=\"font-weight: 400;\">La participation intersectorielle et les alliances qui ont \u00e9merg\u00e9, a-t-il soulign\u00e9,<\/span> <span style=\"font-weight: 400;\">\u00ab ouvrent la voie \u00e0 la cr\u00e9ation d&#39;outils institutionnels, tant \u00e0 l&#39;int\u00e9rieur qu&#39;\u00e0 l&#39;ext\u00e9rieur des fronti\u00e8res \u00bb.<\/span> <span style=\"font-weight: 400;\">Parall\u00e8lement, la coop\u00e9ration avec les associations de journalistes, les institutions universitaires et les ONG constitue un deuxi\u00e8me pilier d&#39;intervention. Les propositions sp\u00e9cifiques concernent\u00a0:<\/span><\/p>\n<ul>\n<li style=\"font-weight: 400;\"> <span style=\"font-weight: 400;\">Int\u00e9grer des modules de formation \u00e0 la s\u00e9curit\u00e9 dans l&#39;enseignement sup\u00e9rieur<\/span><\/li>\n<li style=\"font-weight: 400;\"> <span style=\"font-weight: 400;\">Cr\u00e9er des r\u00e9seaux communs de soutien juridique pour les journalistes en danger<\/span><\/li>\n<li style=\"font-weight: 400;\"> <span style=\"font-weight: 400;\">Mise en place de protocoles de s\u00e9curit\u00e9 internes au sein des \u00e9quipes \u00e9ditoriales et des organes de presse.<\/span><\/li>\n<\/ul>\n<p> <span style=\"font-weight: 400;\">Un facteur cl\u00e9 est la participation active de la jeune g\u00e9n\u00e9ration, per\u00e7ue non seulement comme une obligation morale, mais aussi comme un levier pratique d&#39;innovation. Les jeunes journalistes ont particip\u00e9 \u00e0 des ateliers interactifs et \u00e0 des processus de co-cr\u00e9ation, proposant, entre autres, des outils d&#39;alerte num\u00e9rique en cas d&#39;attaque ou de surveillance, ainsi que des campagnes d&#39;information entre pairs sur les r\u00e9seaux sociaux.<\/span><\/p>\n<p> <span style=\"font-weight: 400;\">Comme l&#39;a si bien soulign\u00e9 l&#39;ambassadeur Jan Braathu (OSCE),<\/span> <span style=\"font-weight: 400;\">\u00ab seuls des journalistes s\u00fbrs peuvent servir la d\u00e9mocratie. La s\u00e9curit\u00e9 est une condition pr\u00e9alable, pas un privil\u00e8ge. \u00bb<\/span><\/p>\n<p> <span style=\"font-weight: 400;\">La discussion sur la cr\u00e9ation d&#39;un m\u00e9canisme paneurop\u00e9en de surveillance des risques a \u00e9t\u00e9 lanc\u00e9e par des repr\u00e9sentants d&#39;organisations internationales et devrait \u00eatre r\u00e9examin\u00e9e lors de la prochaine conf\u00e9rence. Les travaux se sont conclus par une compr\u00e9hension commune de la possibilit\u00e9 de traduire un engagement collectif en politiques concr\u00e8tes et applicables.<\/span><\/p>\n<p> R\u00e9f\u00e9rences :<\/p>\n<ul>\n<li class=\"p1\"> Agence de presse Ath\u00e8nes-Mac\u00e9donienne. (2025, 14 juin). \u0398\u03b5\u03c3\u03c3\u03b1\u03bb\u03bf\u03bd\u03af\u03ba\u03b7: \u00ab\u0391\u03c0\u03cc \u03c4\u03bf\u03bd \u03ba\u03af\u03bd\u03b4\u03c5\u03bd\u03bf \u03c3\u03c4\u03b7\u03bd \u0391\u03bd\u03b8\u03b5\u03ba\u03c4\u03b9\u03ba\u03cc\u03c4\u03b7\u03c4\u03b1\u00bb \u2013 \u0397 \u03b1\u03c3\u03c6\u03ac\u03bb\u03b5\u03b9\u03b1 \u03c4\u03c9\u03bd \u03b4\u03b7\u03bc\u03bf\u03c3\u03b9\u03bf\u03b3\u03c1\u03ac\u03c6\u03c9\u03bd \u03c3\u03c4\u03bf \u03b5\u03c0\u03af\u03ba\u03b5\u03bd\u03c4\u03c1\u03bf \u03b4\u03b9\u03b5\u03b8\u03bd\u03bf\u03cd\u03c2 \u03c3\u03c5\u03bd\u03b5\u03b4\u03c1\u03af\u03bf\u03c5. https:\/\/www.amna.gr\/mobile\/article\/910906\/Thessaloniki-Apo-ton-kinduno-stin-Anthektikotita\u2014I-asfaleia-ton-dimosiografon-sto-epikentro-diethnous-sunedriou<\/li>\n<li> <span style=\"font-weight: 400;\">ICSJ, Ordre du jour final de la conf\u00e9rence \u00ab Du risque \u00e0 la r\u00e9silience : une approche multidisciplinaire \u00bb<\/span> <a href=\"https:\/\/www.pulse-z.eu\/wp-content\/uploads\/2025\/06\/SAFETY-Agenda-FINAL-12.pdf\">Ordre du jour S\u00c9CURIT\u00c9 FINAL 12<\/a><\/li>\n<\/ul>\n","protected":false},"excerpt":{"rendered":"<p>\u00a9ICSJ Les enjeux de la libert\u00e9 de la presse en 2025 Il est ind\u00e9niable que la libert\u00e9 de la presse est mise \u00e0 rude \u00e9preuve \u00e0 l&#39;\u00e9chelle internationale, des agressions physiques contre des journalistes dans [&hellip;]<\/p>\n","protected":false},"author":355,"featured_media":19829,"comment_status":"closed","ping_status":"closed","sticky":false,"template":"","format":"standard","meta":{"_acf_changed":false,"footnotes":""},"categories":[608],"tags":[1396,1397,1398,1399,1400,1401,1402,1403,1404,1405,1406,1407,1408,1409,1410,1411,1412,1413],"post_formats":[616],"coauthors":[],"class_list":["post-16871","post","type-post","status-publish","format-standard","has-post-thumbnail","hentry","category-connecter-les-points","tag-digital-threats-fr","tag-freedom-of-expression-fr","tag-icsj-fr","tag-international-cooperation-fr","tag-journalist-safety-fr","tag-journalist-wellbeing-fr","tag-media-education-fr","tag-media-policy-fr","tag-media-resilience-fr","tag-newsroom-protocols-fr","tag-osce-fr","tag-photojournalism-fr","tag-press-freedom-fr","tag-public-interest-journalism-fr","tag-slapps-fr","tag-thessaloniki-conference-fr","tag-trauma-journalism-fr","tag-unesco-fr","post_formats-articles-fr"],"acf":[],"_links":{"self":[{"href":"https:\/\/www.pulse-z.eu\/fr\/wp-json\/wp\/v2\/posts\/16871","targetHints":{"allow":["GET"]}}],"collection":[{"href":"https:\/\/www.pulse-z.eu\/fr\/wp-json\/wp\/v2\/posts"}],"about":[{"href":"https:\/\/www.pulse-z.eu\/fr\/wp-json\/wp\/v2\/types\/post"}],"author":[{"embeddable":true,"href":"https:\/\/www.pulse-z.eu\/fr\/wp-json\/wp\/v2\/users\/355"}],"replies":[{"embeddable":true,"href":"https:\/\/www.pulse-z.eu\/fr\/wp-json\/wp\/v2\/comments?post=16871"}],"version-history":[{"count":73,"href":"https:\/\/www.pulse-z.eu\/fr\/wp-json\/wp\/v2\/posts\/16871\/revisions"}],"predecessor-version":[{"id":24856,"href":"https:\/\/www.pulse-z.eu\/fr\/wp-json\/wp\/v2\/posts\/16871\/revisions\/24856"}],"wp:featuredmedia":[{"embeddable":true,"href":"https:\/\/www.pulse-z.eu\/fr\/wp-json\/wp\/v2\/media\/19829"}],"wp:attachment":[{"href":"https:\/\/www.pulse-z.eu\/fr\/wp-json\/wp\/v2\/media?parent=16871"}],"wp:term":[{"taxonomy":"category","embeddable":true,"href":"https:\/\/www.pulse-z.eu\/fr\/wp-json\/wp\/v2\/categories?post=16871"},{"taxonomy":"post_tag","embeddable":true,"href":"https:\/\/www.pulse-z.eu\/fr\/wp-json\/wp\/v2\/tags?post=16871"},{"taxonomy":"post_formats","embeddable":true,"href":"https:\/\/www.pulse-z.eu\/fr\/wp-json\/wp\/v2\/post_formats?post=16871"},{"taxonomy":"author","embeddable":true,"href":"https:\/\/www.pulse-z.eu\/fr\/wp-json\/wp\/v2\/coauthors?post=16871"}],"curies":[{"name":"wp","href":"https:\/\/api.w.org\/{rel}","templated":true}]}}